{"id":3052,"date":"2025-05-07T22:45:23","date_gmt":"2025-05-07T22:45:23","guid":{"rendered":"https:\/\/www.diario21.tv\/noticias\/impactante-hombre-hallado-muerto-en-edificio-de-pamplona-investigacion-en-curso\/"},"modified":"2025-05-07T22:45:24","modified_gmt":"2025-05-07T22:45:24","slug":"impactante-hombre-hallado-muerto-en-edificio-de-pamplona-investigacion-en-curso","status":"publish","type":"post","link":"https:\/\/www.diario21.tv\/noticias\/impactante-hombre-hallado-muerto-en-edificio-de-pamplona-investigacion-en-curso\/","title":{"rendered":"\u00a1Impactante! Hombre hallado muerto en edificio de Pamplona &#8211; Investigaci\u00f3n en curso"},"content":{"rendered":"<h2>Investigaci\u00f3n en Curso por el Homicidio de un Var\u00f3n en un Inmueble de Pamplona<\/h2>\n<p>En Pamplona, la comunidad est\u00e1 en alerta tras el reciente descubrimiento del cuerpo sin vida de un hombre en un complejo residencial, lo que ha desencadenado una investigaci\u00f3n policial por muerte violenta. Las autoridades est\u00e1n trabajando arduamente para esclarecer los hechos que rodean este tr\u00e1gico suceso.<\/p>\n<h3>Detalles del Incidente<\/h3>\n<p>El cuerpo fue encontrado en las primeras horas de la ma\u00f1ana en uno de los apartamentos del edificio. Tras recibir una llamada de emergencia, los servicios de seguridad llegaron al lugar y confirmaron la presencia de un cad\u00e1ver masculino, que mostraba signos evidentes de violencia, lo que inmediatamente sugiri\u00f3 un posible homicidio.<\/p>\n<h3>Identificaci\u00f3n y Autopsia<\/h3>\n<p>El hombre, cuya identidad no se ha divulgado de inmediato a la espera de notificar a sus familiares, est\u00e1 siendo sometido a una autopsia para determinar la causa exacta de la muerte. Esta informaci\u00f3n ser\u00e1 crucial para la investigaci\u00f3n y ayudar\u00e1 a establecer el contexto de los eventos que llevaron a su fallecimiento.<\/p>\n<h3>Respuesta de la Comunidad y Medidas de Seguridad<\/h3>\n<p>La noticia ha causado una considerable conmoci\u00f3n entre los residentes del \u00e1rea, quienes han expresado su preocupaci\u00f3n por la seguridad en la vecindad. En respuesta, las autoridades han incrementado la presencia policial en la zona y est\u00e1n realizando rondas adicionales para asegurar la tranquilidad p\u00fablica y prevenir cualquier incidente adicional.<\/p>\n<h3>Investigaci\u00f3n en Progreso<\/h3>\n<p>La polic\u00eda ha iniciado una investigaci\u00f3n exhaustiva, interrogando a vecinos y posibles testigos que puedan aportar m\u00e1s informaci\u00f3n sobre las circunstancias que rodearon la muerte del hombre. Se est\u00e1n revisando las c\u00e1maras de seguridad del edificio y alrededores para recopilar evidencia que pueda llevar a la captura y condena del o los responsables.<\/p>\n<h3>Llamado a la Colaboraci\u00f3n P\u00fablica<\/h3>\n<p>Las autoridades han hecho un llamado a cualquier persona que tenga informaci\u00f3n relacionada con el caso para que se acerque y colabore con la investigaci\u00f3n. La colaboraci\u00f3n ciudadana puede ser decisiva para resolver este crimen y asegurar que los responsables sean llevados ante la justicia.<\/p>\n<h3>Conclusi\u00f3n<\/h3>\n<p>Este lamentable incidente ha sacudido a la comunidad de Pamplona, dejando un ambiente de incertidumbre y miedo entre los ciudadanos. Sin embargo, la r\u00e1pida respuesta de las autoridades y su compromiso con la seguridad de la comunidad son pasos positivos hacia la resoluci\u00f3n del caso y la restauraci\u00f3n de la paz en el \u00e1rea. La investigaci\u00f3n sigue en curso, y se espera que pr\u00f3ximas actualizaciones arrojen m\u00e1s luz sobre este sombr\u00edo suceso.<\/p>\n\n\n<div class=\"kk-star-ratings kksr-auto kksr-align-left kksr-valign-bottom\"\n    data-payload='{&quot;align&quot;:&quot;left&quot;,&quot;id&quot;:&quot;3052&quot;,&quot;slug&quot;:&quot;default&quot;,&quot;valign&quot;:&quot;bottom&quot;,&quot;ignore&quot;:&quot;&quot;,&quot;reference&quot;:&quot;auto&quot;,&quot;class&quot;:&quot;&quot;,&quot;count&quot;:&quot;0&quot;,&quot;legendonly&quot;:&quot;&quot;,&quot;readonly&quot;:&quot;&quot;,&quot;score&quot;:&quot;0&quot;,&quot;starsonly&quot;:&quot;&quot;,&quot;best&quot;:&quot;5&quot;,&quot;gap&quot;:&quot;5&quot;,&quot;greet&quot;:&quot;Valora este post&quot;,&quot;legend&quot;:&quot;0\\\/5 - (0 votes)&quot;,&quot;size&quot;:&quot;22&quot;,&quot;title&quot;:&quot;\u00a1Impactante! Hombre hallado muerto en edificio de Pamplona - Investigaci\u00f3n en curso&quot;,&quot;width&quot;:&quot;0&quot;,&quot;_legend&quot;:&quot;{score}\\\/{best} - ({count} {votes})&quot;,&quot;font_factor&quot;:&quot;1.25&quot;}'>\n            \n<div class=\"kksr-stars\">\n    \n<div class=\"kksr-stars-inactive\">\n            <div class=\"kksr-star\" data-star=\"1\" style=\"padding-right: 5px\">\n            \n\n<div class=\"kksr-icon\" style=\"width: 22px; height: 22px;\"><\/div>\n        <\/div>\n            <div class=\"kksr-star\" data-star=\"2\" style=\"padding-right: 5px\">\n            \n\n<div class=\"kksr-icon\" style=\"width: 22px; height: 22px;\"><\/div>\n        <\/div>\n            <div class=\"kksr-star\" data-star=\"3\" style=\"padding-right: 5px\">\n            \n\n<div class=\"kksr-icon\" style=\"width: 22px; height: 22px;\"><\/div>\n        <\/div>\n            <div class=\"kksr-star\" data-star=\"4\" style=\"padding-right: 5px\">\n            \n\n<div class=\"kksr-icon\" style=\"width: 22px; height: 22px;\"><\/div>\n        <\/div>\n            <div class=\"kksr-star\" data-star=\"5\" style=\"padding-right: 5px\">\n            \n\n<div class=\"kksr-icon\" style=\"width: 22px; height: 22px;\"><\/div>\n        <\/div>\n    <\/div>\n    \n<div class=\"kksr-stars-active\" style=\"width: 0px;\">\n            <div class=\"kksr-star\" style=\"padding-right: 5px\">\n            \n\n<div class=\"kksr-icon\" style=\"width: 22px; height: 22px;\"><\/div>\n        <\/div>\n            <div class=\"kksr-star\" style=\"padding-right: 5px\">\n            \n\n<div class=\"kksr-icon\" style=\"width: 22px; height: 22px;\"><\/div>\n        <\/div>\n            <div class=\"kksr-star\" style=\"padding-right: 5px\">\n            \n\n<div class=\"kksr-icon\" style=\"width: 22px; height: 22px;\"><\/div>\n        <\/div>\n            <div class=\"kksr-star\" style=\"padding-right: 5px\">\n            \n\n<div class=\"kksr-icon\" style=\"width: 22px; height: 22px;\"><\/div>\n        <\/div>\n            <div class=\"kksr-star\" style=\"padding-right: 5px\">\n            \n\n<div class=\"kksr-icon\" style=\"width: 22px; height: 22px;\"><\/div>\n        <\/div>\n    <\/div>\n<\/div>\n                \n\n<div class=\"kksr-legend\" style=\"font-size: 17.6px;\">\n            <span class=\"kksr-muted\">Valora este post<\/span>\n    <\/div>\n    <\/div>\n","protected":false},"excerpt":{"rendered":"<p>Investigaci\u00f3n en Curso por el Homicidio de un Var\u00f3n en un Inmueble de Pamplona En Pamplona, la comunidad est\u00e1 en alerta tras el reciente descubrimiento del &#8230; <a title=\"\u00a1Impactante! Hombre hallado muerto en edificio de Pamplona &#8211; Investigaci\u00f3n en curso\" class=\"read-more\" href=\"https:\/\/www.diario21.tv\/noticias\/impactante-hombre-hallado-muerto-en-edificio-de-pamplona-investigacion-en-curso\/\" aria-label=\"Leer m\u00e1s sobre \u00a1Impactante! Hombre hallado muerto en edificio de Pamplona &#8211; Investigaci\u00f3n en curso\">Seguir leyendo &rarr;<\/a><\/p>\n","protected":false},"author":20,"featured_media":3053,"comment_status":"open","ping_status":"open","sticky":false,"template":"","format":"standard","meta":{"footnotes":""},"categories":[13],"tags":[],"class_list":["post-3052","post","type-post","status-publish","format-standard","has-post-thumbnail","hentry","category-portada"],"yoast_head":"<!-- This site is optimized with the Yoast SEO plugin v25.6 - https:\/\/yoast.com\/wordpress\/plugins\/seo\/ -->\n<title>\u00a1Impactante! Hombre hallado muerto en edificio de Pamplona - Investigaci\u00f3n en curso - Diario 21<\/title>\n<meta name=\"robots\" content=\"index, follow, max-snippet:-1, max-image-preview:large, max-video-preview:-1\" \/>\n<link rel=\"canonical\" href=\"https:\/\/www.diario21.tv\/noticias\/impactante-hombre-hallado-muerto-en-edificio-de-pamplona-investigacion-en-curso\/\" \/>\n<meta property=\"og:locale\" content=\"es_ES\" \/>\n<meta property=\"og:type\" content=\"article\" \/>\n<meta property=\"og:title\" content=\"\u00a1Impactante! Hombre hallado muerto en edificio de Pamplona - Investigaci\u00f3n en curso - Diario 21\" \/>\n<meta property=\"og:description\" content=\"Investigaci\u00f3n en Curso por el Homicidio de un Var\u00f3n en un Inmueble de Pamplona En Pamplona, la comunidad est\u00e1 en alerta tras el reciente descubrimiento del ... Seguir leyendo &rarr;\" \/>\n<meta property=\"og:url\" content=\"https:\/\/www.diario21.tv\/noticias\/impactante-hombre-hallado-muerto-en-edificio-de-pamplona-investigacion-en-curso\/\" \/>\n<meta property=\"og:site_name\" content=\"Diario 21\" \/>\n<meta property=\"article:published_time\" content=\"2025-05-07T22:45:23+00:00\" \/>\n<meta property=\"article:modified_time\" content=\"2025-05-07T22:45:24+00:00\" \/>\n<meta property=\"og:image\" content=\"https:\/\/www.diario21.tv\/noticias\/wp-content\/uploads\/2025\/05\/\u00a1Impactante-Hombre-hallado-muerto-en-edificio-de-Pamplona-Investigacion.jpg\" \/>\n\t<meta property=\"og:image:width\" content=\"1200\" \/>\n\t<meta property=\"og:image:height\" content=\"840\" \/>\n\t<meta property=\"og:image:type\" content=\"image\/jpeg\" \/>\n<meta name=\"author\" content=\"Juan P\u00e9rez\" \/>\n<meta name=\"twitter:card\" content=\"summary_large_image\" \/>\n<meta name=\"twitter:label1\" content=\"Escrito por\" \/>\n\t<meta name=\"twitter:data1\" content=\"Juan P\u00e9rez\" \/>\n\t<meta name=\"twitter:label2\" content=\"Tiempo de lectura\" \/>\n\t<meta name=\"twitter:data2\" content=\"2 minutos\" \/>\n<script type=\"application\/ld+json\" class=\"yoast-schema-graph\">{\"@context\":\"https:\/\/schema.org\",\"@graph\":[{\"@type\":\"WebPage\",\"@id\":\"https:\/\/www.diario21.tv\/noticias\/impactante-hombre-hallado-muerto-en-edificio-de-pamplona-investigacion-en-curso\/\",\"url\":\"https:\/\/www.diario21.tv\/noticias\/impactante-hombre-hallado-muerto-en-edificio-de-pamplona-investigacion-en-curso\/\",\"name\":\"\u00a1Impactante! Hombre hallado muerto en edificio de Pamplona - Investigaci\u00f3n en curso - Diario 21\",\"isPartOf\":{\"@id\":\"https:\/\/www.diario21.tv\/noticias\/#website\"},\"primaryImageOfPage\":{\"@id\":\"https:\/\/www.diario21.tv\/noticias\/impactante-hombre-hallado-muerto-en-edificio-de-pamplona-investigacion-en-curso\/#primaryimage\"},\"image\":{\"@id\":\"https:\/\/www.diario21.tv\/noticias\/impactante-hombre-hallado-muerto-en-edificio-de-pamplona-investigacion-en-curso\/#primaryimage\"},\"thumbnailUrl\":\"https:\/\/www.diario21.tv\/noticias\/wp-content\/uploads\/2025\/05\/\u00a1Impactante-Hombre-hallado-muerto-en-edificio-de-Pamplona-Investigacion.jpg\",\"datePublished\":\"2025-05-07T22:45:23+00:00\",\"dateModified\":\"2025-05-07T22:45:24+00:00\",\"author\":{\"@id\":\"https:\/\/www.diario21.tv\/noticias\/#\/schema\/person\/dfb778f73814d8f09f302618446a526b\"},\"breadcrumb\":{\"@id\":\"https:\/\/www.diario21.tv\/noticias\/impactante-hombre-hallado-muerto-en-edificio-de-pamplona-investigacion-en-curso\/#breadcrumb\"},\"inLanguage\":\"es-AR\",\"potentialAction\":[{\"@type\":\"ReadAction\",\"target\":[\"https:\/\/www.diario21.tv\/noticias\/impactante-hombre-hallado-muerto-en-edificio-de-pamplona-investigacion-en-curso\/\"]}]},{\"@type\":\"ImageObject\",\"inLanguage\":\"es-AR\",\"@id\":\"https:\/\/www.diario21.tv\/noticias\/impactante-hombre-hallado-muerto-en-edificio-de-pamplona-investigacion-en-curso\/#primaryimage\",\"url\":\"https:\/\/www.diario21.tv\/noticias\/wp-content\/uploads\/2025\/05\/\u00a1Impactante-Hombre-hallado-muerto-en-edificio-de-Pamplona-Investigacion.jpg\",\"contentUrl\":\"https:\/\/www.diario21.tv\/noticias\/wp-content\/uploads\/2025\/05\/\u00a1Impactante-Hombre-hallado-muerto-en-edificio-de-Pamplona-Investigacion.jpg\",\"width\":1200,\"height\":840,\"caption\":\"Investigan la muerte violenta de un hombre en un edificio en Pamplona\"},{\"@type\":\"BreadcrumbList\",\"@id\":\"https:\/\/www.diario21.tv\/noticias\/impactante-hombre-hallado-muerto-en-edificio-de-pamplona-investigacion-en-curso\/#breadcrumb\",\"itemListElement\":[{\"@type\":\"ListItem\",\"position\":1,\"name\":\"Accueil\",\"item\":\"https:\/\/www.diario21.tv\/noticias\/\"},{\"@type\":\"ListItem\",\"position\":2,\"name\":\"\u00a1Impactante! Hombre hallado muerto en edificio de Pamplona &#8211; Investigaci\u00f3n en curso\"}]},{\"@type\":\"WebSite\",\"@id\":\"https:\/\/www.diario21.tv\/noticias\/#website\",\"url\":\"https:\/\/www.diario21.tv\/noticias\/\",\"name\":\"Diario 21\",\"description\":\"\",\"potentialAction\":[{\"@type\":\"SearchAction\",\"target\":{\"@type\":\"EntryPoint\",\"urlTemplate\":\"https:\/\/www.diario21.tv\/noticias\/?s={search_term_string}\"},\"query-input\":{\"@type\":\"PropertyValueSpecification\",\"valueRequired\":true,\"valueName\":\"search_term_string\"}}],\"inLanguage\":\"es-AR\"},{\"@type\":\"Person\",\"@id\":\"https:\/\/www.diario21.tv\/noticias\/#\/schema\/person\/dfb778f73814d8f09f302618446a526b\",\"name\":\"Juan P\u00e9rez\",\"image\":{\"@type\":\"ImageObject\",\"inLanguage\":\"es-AR\",\"@id\":\"https:\/\/www.diario21.tv\/noticias\/#\/schema\/person\/image\/\",\"url\":\"https:\/\/secure.gravatar.com\/avatar\/c478a405bd10621167f4c3167cc770f5?s=96&d=mm&r=g\",\"contentUrl\":\"https:\/\/secure.gravatar.com\/avatar\/c478a405bd10621167f4c3167cc770f5?s=96&d=mm&r=g\",\"caption\":\"Juan P\u00e9rez\"},\"description\":\"Juan P\u00e9rez es el redactor en jefe de Diario 21. Con m\u00e1s de 10 a\u00f1os de experiencia en el periodismo, se especializa en pol\u00edtica nacional y an\u00e1lisis socioecon\u00f3mico. Su enfoque cr\u00edtico y riguroso aporta una perspectiva \u00fanica a cada art\u00edculo.\",\"sameAs\":[\"https:\/\/www.diario21.tv\/noticias\/\"],\"url\":\"https:\/\/www.diario21.tv\/noticias\/author\/juan-perez\/\"}]}<\/script>\n<!-- \/ Yoast SEO plugin. -->","yoast_head_json":{"title":"\u00a1Impactante! Hombre hallado muerto en edificio de Pamplona - Investigaci\u00f3n en curso - Diario 21","robots":{"index":"index","follow":"follow","max-snippet":"max-snippet:-1","max-image-preview":"max-image-preview:large","max-video-preview":"max-video-preview:-1"},"canonical":"https:\/\/www.diario21.tv\/noticias\/impactante-hombre-hallado-muerto-en-edificio-de-pamplona-investigacion-en-curso\/","og_locale":"es_ES","og_type":"article","og_title":"\u00a1Impactante! Hombre hallado muerto en edificio de Pamplona - Investigaci\u00f3n en curso - Diario 21","og_description":"Investigaci\u00f3n en Curso por el Homicidio de un Var\u00f3n en un Inmueble de Pamplona En Pamplona, la comunidad est\u00e1 en alerta tras el reciente descubrimiento del ... Seguir leyendo &rarr;","og_url":"https:\/\/www.diario21.tv\/noticias\/impactante-hombre-hallado-muerto-en-edificio-de-pamplona-investigacion-en-curso\/","og_site_name":"Diario 21","article_published_time":"2025-05-07T22:45:23+00:00","article_modified_time":"2025-05-07T22:45:24+00:00","og_image":[{"width":1200,"height":840,"url":"https:\/\/www.diario21.tv\/noticias\/wp-content\/uploads\/2025\/05\/\u00a1Impactante-Hombre-hallado-muerto-en-edificio-de-Pamplona-Investigacion.jpg","type":"image\/jpeg"}],"author":"Juan P\u00e9rez","twitter_card":"summary_large_image","twitter_misc":{"Escrito por":"Juan P\u00e9rez","Tiempo de lectura":"2 minutos"},"schema":{"@context":"https:\/\/schema.org","@graph":[{"@type":"WebPage","@id":"https:\/\/www.diario21.tv\/noticias\/impactante-hombre-hallado-muerto-en-edificio-de-pamplona-investigacion-en-curso\/","url":"https:\/\/www.diario21.tv\/noticias\/impactante-hombre-hallado-muerto-en-edificio-de-pamplona-investigacion-en-curso\/","name":"\u00a1Impactante! Hombre hallado muerto en edificio de Pamplona - Investigaci\u00f3n en curso - Diario 21","isPartOf":{"@id":"https:\/\/www.diario21.tv\/noticias\/#website"},"primaryImageOfPage":{"@id":"https:\/\/www.diario21.tv\/noticias\/impactante-hombre-hallado-muerto-en-edificio-de-pamplona-investigacion-en-curso\/#primaryimage"},"image":{"@id":"https:\/\/www.diario21.tv\/noticias\/impactante-hombre-hallado-muerto-en-edificio-de-pamplona-investigacion-en-curso\/#primaryimage"},"thumbnailUrl":"https:\/\/www.diario21.tv\/noticias\/wp-content\/uploads\/2025\/05\/\u00a1Impactante-Hombre-hallado-muerto-en-edificio-de-Pamplona-Investigacion.jpg","datePublished":"2025-05-07T22:45:23+00:00","dateModified":"2025-05-07T22:45:24+00:00","author":{"@id":"https:\/\/www.diario21.tv\/noticias\/#\/schema\/person\/dfb778f73814d8f09f302618446a526b"},"breadcrumb":{"@id":"https:\/\/www.diario21.tv\/noticias\/impactante-hombre-hallado-muerto-en-edificio-de-pamplona-investigacion-en-curso\/#breadcrumb"},"inLanguage":"es-AR","potentialAction":[{"@type":"ReadAction","target":["https:\/\/www.diario21.tv\/noticias\/impactante-hombre-hallado-muerto-en-edificio-de-pamplona-investigacion-en-curso\/"]}]},{"@type":"ImageObject","inLanguage":"es-AR","@id":"https:\/\/www.diario21.tv\/noticias\/impactante-hombre-hallado-muerto-en-edificio-de-pamplona-investigacion-en-curso\/#primaryimage","url":"https:\/\/www.diario21.tv\/noticias\/wp-content\/uploads\/2025\/05\/\u00a1Impactante-Hombre-hallado-muerto-en-edificio-de-Pamplona-Investigacion.jpg","contentUrl":"https:\/\/www.diario21.tv\/noticias\/wp-content\/uploads\/2025\/05\/\u00a1Impactante-Hombre-hallado-muerto-en-edificio-de-Pamplona-Investigacion.jpg","width":1200,"height":840,"caption":"Investigan la muerte violenta de un hombre en un edificio en Pamplona"},{"@type":"BreadcrumbList","@id":"https:\/\/www.diario21.tv\/noticias\/impactante-hombre-hallado-muerto-en-edificio-de-pamplona-investigacion-en-curso\/#breadcrumb","itemListElement":[{"@type":"ListItem","position":1,"name":"Accueil","item":"https:\/\/www.diario21.tv\/noticias\/"},{"@type":"ListItem","position":2,"name":"\u00a1Impactante! Hombre hallado muerto en edificio de Pamplona &#8211; Investigaci\u00f3n en curso"}]},{"@type":"WebSite","@id":"https:\/\/www.diario21.tv\/noticias\/#website","url":"https:\/\/www.diario21.tv\/noticias\/","name":"Diario 21","description":"","potentialAction":[{"@type":"SearchAction","target":{"@type":"EntryPoint","urlTemplate":"https:\/\/www.diario21.tv\/noticias\/?s={search_term_string}"},"query-input":{"@type":"PropertyValueSpecification","valueRequired":true,"valueName":"search_term_string"}}],"inLanguage":"es-AR"},{"@type":"Person","@id":"https:\/\/www.diario21.tv\/noticias\/#\/schema\/person\/dfb778f73814d8f09f302618446a526b","name":"Juan P\u00e9rez","image":{"@type":"ImageObject","inLanguage":"es-AR","@id":"https:\/\/www.diario21.tv\/noticias\/#\/schema\/person\/image\/","url":"https:\/\/secure.gravatar.com\/avatar\/c478a405bd10621167f4c3167cc770f5?s=96&d=mm&r=g","contentUrl":"https:\/\/secure.gravatar.com\/avatar\/c478a405bd10621167f4c3167cc770f5?s=96&d=mm&r=g","caption":"Juan P\u00e9rez"},"description":"Juan P\u00e9rez es el redactor en jefe de Diario 21. Con m\u00e1s de 10 a\u00f1os de experiencia en el periodismo, se especializa en pol\u00edtica nacional y an\u00e1lisis socioecon\u00f3mico. Su enfoque cr\u00edtico y riguroso aporta una perspectiva \u00fanica a cada art\u00edculo.","sameAs":["https:\/\/www.diario21.tv\/noticias\/"],"url":"https:\/\/www.diario21.tv\/noticias\/author\/juan-perez\/"}]}},"_links":{"self":[{"href":"https:\/\/www.diario21.tv\/noticias\/wp-json\/wp\/v2\/posts\/3052"}],"collection":[{"href":"https:\/\/www.diario21.tv\/noticias\/wp-json\/wp\/v2\/posts"}],"about":[{"href":"https:\/\/www.diario21.tv\/noticias\/wp-json\/wp\/v2\/types\/post"}],"author":[{"embeddable":true,"href":"https:\/\/www.diario21.tv\/noticias\/wp-json\/wp\/v2\/users\/20"}],"replies":[{"embeddable":true,"href":"https:\/\/www.diario21.tv\/noticias\/wp-json\/wp\/v2\/comments?post=3052"}],"version-history":[{"count":1,"href":"https:\/\/www.diario21.tv\/noticias\/wp-json\/wp\/v2\/posts\/3052\/revisions"}],"predecessor-version":[{"id":3054,"href":"https:\/\/www.diario21.tv\/noticias\/wp-json\/wp\/v2\/posts\/3052\/revisions\/3054"}],"wp:featuredmedia":[{"embeddable":true,"href":"https:\/\/www.diario21.tv\/noticias\/wp-json\/wp\/v2\/media\/3053"}],"wp:attachment":[{"href":"https:\/\/www.diario21.tv\/noticias\/wp-json\/wp\/v2\/media?parent=3052"}],"wp:term":[{"taxonomy":"category","embeddable":true,"href":"https:\/\/www.diario21.tv\/noticias\/wp-json\/wp\/v2\/categories?post=3052"},{"taxonomy":"post_tag","embeddable":true,"href":"https:\/\/www.diario21.tv\/noticias\/wp-json\/wp\/v2\/tags?post=3052"}],"curies":[{"name":"wp","href":"https:\/\/api.w.org\/{rel}","templated":true}]}}