{"id":3049,"date":"2025-05-07T16:29:08","date_gmt":"2025-05-07T16:29:08","guid":{"rendered":"https:\/\/www.diario21.tv\/noticias\/alta-velocidad-madrid-sevilla-restablecida-mas-de-10-000-pasajeros-liberados-tras-caos\/"},"modified":"2025-05-07T16:29:09","modified_gmt":"2025-05-07T16:29:09","slug":"alta-velocidad-madrid-sevilla-restablecida-mas-de-10-000-pasajeros-liberados-tras-caos","status":"publish","type":"post","link":"https:\/\/www.diario21.tv\/noticias\/alta-velocidad-madrid-sevilla-restablecida-mas-de-10-000-pasajeros-liberados-tras-caos\/","title":{"rendered":"\u00a1Alta Velocidad Madrid-Sevilla Restablecida! M\u00e1s de 10.000 pasajeros liberados tras caos."},"content":{"rendered":"<h2>La Red de Alta Velocidad Madrid-Sevilla Restablecida Tras Incidente que Afect\u00f3 a Miles de Pasajeros<\/h2>\n<p>Tras un considerable contratiempo que dej\u00f3 a m\u00e1s de 10,000 pasajeros sin poder continuar sus viajes, la l\u00ednea de alta velocidad que conecta Madrid con Sevilla ya est\u00e1 operativa de nuevo en su totalidad. Este incidente, que caus\u00f3 grandes demoras y trastornos en uno de los tramos m\u00e1s transitados de Espa\u00f1a, finalmente se ha resuelto.<\/p>\n<h3>Restauraci\u00f3n del Servicio<\/h3>\n<p>Despu\u00e9s de intensos trabajos para solucionar los problemas t\u00e9cnicos que interrumpieron el servicio, las autoridades ferroviarias anunciaron que la conexi\u00f3n entre las dos ciudades ha sido completamente restaurada. Este anuncio ha venido como un alivio para los miles de viajeros que regularmente dependen de esta ruta para sus desplazamientos entre la capital espa\u00f1ola y la capital andaluza.<\/p>\n<h3>Impacto del Incidente<\/h3>\n<p>El incidente no solo provoc\u00f3 retrasos significativos en los horarios de los trenes, sino que tambi\u00e9n afect\u00f3 a unos 10,000 viajeros que se vieron atrapados sin poder avanzar hacia su destino. Las estaciones se llenaron de pasajeros esperando ansiosamente noticias, mientras que las l\u00edneas de atenci\u00f3n al cliente se saturaron de llamadas buscando informaci\u00f3n y soluciones alternativas.<\/p>\n<h3>Respuesta y Medidas Tomadas<\/h3>\n<p>En respuesta a la situaci\u00f3n, se implementaron medidas de emergencia para gestionar la multitud de afectados. Autobuses adicionales y otros medios de transporte se organizaron para ayudar a aliviar la situaci\u00f3n y transportar a los pasajeros a sus destinos finales mientras se trabajaba en la reparaci\u00f3n de la l\u00ednea. Adem\u00e1s, las autoridades ofrecieron disculpas por los inconvenientes causados y prometieron revisar sus protocolos para asegurar una respuesta m\u00e1s eficaz en futuras emergencias.<\/p>\n<h3>Reacciones de los Pasajeros<\/h3>\n<p>Entre los afectados, la frustraci\u00f3n fue palpable, aunque muchos expresaron su alivio cuando se restableci\u00f3 el servicio. Algunos pasajeros alabaron las gestiones de las autoridades para remediar la situaci\u00f3n, mientras que otros criticaron la falta de informaci\u00f3n y la lentitud de la respuesta inicial.<\/p>\n<h3>Conclusiones y Futuras Previsiones<\/h3>\n<p>Con la l\u00ednea de alta velocidad nuevamente en funcionamiento, se espera que el tr\u00e1fico ferroviario entre Madrid y Sevilla vuelva a la normalidad. Este incidente ha servido como un recordatorio cr\u00edtico sobre la importancia de mantener y revisar constantemente la infraestructura cr\u00edtica para evitar futuras disrupciones. Las autoridades han reiterado su compromiso con la seguridad y la fiabilidad del transporte ferroviario en Espa\u00f1a, enfatizando que continuar\u00e1n trabajando para mejorar la experiencia de viaje de todos los pasajeros.<\/p>\n\n\n<div class=\"kk-star-ratings kksr-auto kksr-align-left kksr-valign-bottom\"\n    data-payload='{&quot;align&quot;:&quot;left&quot;,&quot;id&quot;:&quot;3049&quot;,&quot;slug&quot;:&quot;default&quot;,&quot;valign&quot;:&quot;bottom&quot;,&quot;ignore&quot;:&quot;&quot;,&quot;reference&quot;:&quot;auto&quot;,&quot;class&quot;:&quot;&quot;,&quot;count&quot;:&quot;0&quot;,&quot;legendonly&quot;:&quot;&quot;,&quot;readonly&quot;:&quot;&quot;,&quot;score&quot;:&quot;0&quot;,&quot;starsonly&quot;:&quot;&quot;,&quot;best&quot;:&quot;5&quot;,&quot;gap&quot;:&quot;5&quot;,&quot;greet&quot;:&quot;Valora este post&quot;,&quot;legend&quot;:&quot;0\\\/5 - (0 votes)&quot;,&quot;size&quot;:&quot;22&quot;,&quot;title&quot;:&quot;\u00a1Alta Velocidad Madrid-Sevilla Restablecida! M\u00e1s de 10.000 pasajeros liberados tras caos.&quot;,&quot;width&quot;:&quot;0&quot;,&quot;_legend&quot;:&quot;{score}\\\/{best} - ({count} {votes})&quot;,&quot;font_factor&quot;:&quot;1.25&quot;}'>\n            \n<div class=\"kksr-stars\">\n    \n<div class=\"kksr-stars-inactive\">\n            <div class=\"kksr-star\" data-star=\"1\" style=\"padding-right: 5px\">\n            \n\n<div class=\"kksr-icon\" style=\"width: 22px; height: 22px;\"><\/div>\n        <\/div>\n            <div class=\"kksr-star\" data-star=\"2\" style=\"padding-right: 5px\">\n            \n\n<div class=\"kksr-icon\" style=\"width: 22px; height: 22px;\"><\/div>\n        <\/div>\n            <div class=\"kksr-star\" data-star=\"3\" style=\"padding-right: 5px\">\n            \n\n<div class=\"kksr-icon\" style=\"width: 22px; height: 22px;\"><\/div>\n        <\/div>\n            <div class=\"kksr-star\" data-star=\"4\" style=\"padding-right: 5px\">\n            \n\n<div class=\"kksr-icon\" style=\"width: 22px; height: 22px;\"><\/div>\n        <\/div>\n            <div class=\"kksr-star\" data-star=\"5\" style=\"padding-right: 5px\">\n            \n\n<div class=\"kksr-icon\" style=\"width: 22px; height: 22px;\"><\/div>\n        <\/div>\n    <\/div>\n    \n<div class=\"kksr-stars-active\" style=\"width: 0px;\">\n            <div class=\"kksr-star\" style=\"padding-right: 5px\">\n            \n\n<div class=\"kksr-icon\" style=\"width: 22px; height: 22px;\"><\/div>\n        <\/div>\n            <div class=\"kksr-star\" style=\"padding-right: 5px\">\n            \n\n<div class=\"kksr-icon\" style=\"width: 22px; height: 22px;\"><\/div>\n        <\/div>\n            <div class=\"kksr-star\" style=\"padding-right: 5px\">\n            \n\n<div class=\"kksr-icon\" style=\"width: 22px; height: 22px;\"><\/div>\n        <\/div>\n            <div class=\"kksr-star\" style=\"padding-right: 5px\">\n            \n\n<div class=\"kksr-icon\" style=\"width: 22px; height: 22px;\"><\/div>\n        <\/div>\n            <div class=\"kksr-star\" style=\"padding-right: 5px\">\n            \n\n<div class=\"kksr-icon\" style=\"width: 22px; height: 22px;\"><\/div>\n        <\/div>\n    <\/div>\n<\/div>\n                \n\n<div class=\"kksr-legend\" style=\"font-size: 17.6px;\">\n            <span class=\"kksr-muted\">Valora este post<\/span>\n    <\/div>\n    <\/div>\n","protected":false},"excerpt":{"rendered":"<p>La Red de Alta Velocidad Madrid-Sevilla Restablecida Tras Incidente que Afect\u00f3 a Miles de Pasajeros Tras un considerable contratiempo que dej\u00f3 a m\u00e1s de 10,000 pasajeros &#8230; <a title=\"\u00a1Alta Velocidad Madrid-Sevilla Restablecida! M\u00e1s de 10.000 pasajeros liberados tras caos.\" class=\"read-more\" href=\"https:\/\/www.diario21.tv\/noticias\/alta-velocidad-madrid-sevilla-restablecida-mas-de-10-000-pasajeros-liberados-tras-caos\/\" aria-label=\"Leer m\u00e1s sobre \u00a1Alta Velocidad Madrid-Sevilla Restablecida! M\u00e1s de 10.000 pasajeros liberados tras caos.\">Seguir leyendo &rarr;<\/a><\/p>\n","protected":false},"author":20,"featured_media":3050,"comment_status":"open","ping_status":"open","sticky":false,"template":"","format":"standard","meta":{"footnotes":""},"categories":[13],"tags":[],"class_list":["post-3049","post","type-post","status-publish","format-standard","has-post-thumbnail","hentry","category-portada"],"yoast_head":"<!-- This site is optimized with the Yoast SEO plugin v25.6 - https:\/\/yoast.com\/wordpress\/plugins\/seo\/ -->\n<title>\u00a1Alta Velocidad Madrid-Sevilla Restablecida! M\u00e1s de 10.000 pasajeros liberados tras caos. - Diario 21<\/title>\n<meta name=\"robots\" content=\"index, follow, max-snippet:-1, max-image-preview:large, max-video-preview:-1\" \/>\n<link rel=\"canonical\" href=\"https:\/\/www.diario21.tv\/noticias\/alta-velocidad-madrid-sevilla-restablecida-mas-de-10-000-pasajeros-liberados-tras-caos\/\" \/>\n<meta property=\"og:locale\" content=\"es_ES\" \/>\n<meta property=\"og:type\" content=\"article\" \/>\n<meta property=\"og:title\" content=\"\u00a1Alta Velocidad Madrid-Sevilla Restablecida! M\u00e1s de 10.000 pasajeros liberados tras caos. - Diario 21\" \/>\n<meta property=\"og:description\" content=\"La Red de Alta Velocidad Madrid-Sevilla Restablecida Tras Incidente que Afect\u00f3 a Miles de Pasajeros Tras un considerable contratiempo que dej\u00f3 a m\u00e1s de 10,000 pasajeros ... Seguir leyendo &rarr;\" \/>\n<meta property=\"og:url\" content=\"https:\/\/www.diario21.tv\/noticias\/alta-velocidad-madrid-sevilla-restablecida-mas-de-10-000-pasajeros-liberados-tras-caos\/\" \/>\n<meta property=\"og:site_name\" content=\"Diario 21\" \/>\n<meta property=\"article:published_time\" content=\"2025-05-07T16:29:08+00:00\" \/>\n<meta property=\"article:modified_time\" content=\"2025-05-07T16:29:09+00:00\" \/>\n<meta property=\"og:image\" content=\"https:\/\/www.diario21.tv\/noticias\/wp-content\/uploads\/2025\/05\/\u00a1Alta-Velocidad-Madrid-Sevilla-Restablecida-Mas-de-10000-pasajeros-liberados-tras.jpg\" \/>\n\t<meta property=\"og:image:width\" content=\"1200\" \/>\n\t<meta property=\"og:image:height\" content=\"840\" \/>\n\t<meta property=\"og:image:type\" content=\"image\/jpeg\" \/>\n<meta name=\"author\" content=\"Juan P\u00e9rez\" \/>\n<meta name=\"twitter:card\" content=\"summary_large_image\" \/>\n<meta name=\"twitter:label1\" content=\"Escrito por\" \/>\n\t<meta name=\"twitter:data1\" content=\"Juan P\u00e9rez\" \/>\n\t<meta name=\"twitter:label2\" content=\"Tiempo de lectura\" \/>\n\t<meta name=\"twitter:data2\" content=\"2 minutos\" \/>\n<script type=\"application\/ld+json\" class=\"yoast-schema-graph\">{\"@context\":\"https:\/\/schema.org\",\"@graph\":[{\"@type\":\"WebPage\",\"@id\":\"https:\/\/www.diario21.tv\/noticias\/alta-velocidad-madrid-sevilla-restablecida-mas-de-10-000-pasajeros-liberados-tras-caos\/\",\"url\":\"https:\/\/www.diario21.tv\/noticias\/alta-velocidad-madrid-sevilla-restablecida-mas-de-10-000-pasajeros-liberados-tras-caos\/\",\"name\":\"\u00a1Alta Velocidad Madrid-Sevilla Restablecida! M\u00e1s de 10.000 pasajeros liberados tras caos. - Diario 21\",\"isPartOf\":{\"@id\":\"https:\/\/www.diario21.tv\/noticias\/#website\"},\"primaryImageOfPage\":{\"@id\":\"https:\/\/www.diario21.tv\/noticias\/alta-velocidad-madrid-sevilla-restablecida-mas-de-10-000-pasajeros-liberados-tras-caos\/#primaryimage\"},\"image\":{\"@id\":\"https:\/\/www.diario21.tv\/noticias\/alta-velocidad-madrid-sevilla-restablecida-mas-de-10-000-pasajeros-liberados-tras-caos\/#primaryimage\"},\"thumbnailUrl\":\"https:\/\/www.diario21.tv\/noticias\/wp-content\/uploads\/2025\/05\/\u00a1Alta-Velocidad-Madrid-Sevilla-Restablecida-Mas-de-10000-pasajeros-liberados-tras.jpg\",\"datePublished\":\"2025-05-07T16:29:08+00:00\",\"dateModified\":\"2025-05-07T16:29:09+00:00\",\"author\":{\"@id\":\"https:\/\/www.diario21.tv\/noticias\/#\/schema\/person\/dfb778f73814d8f09f302618446a526b\"},\"breadcrumb\":{\"@id\":\"https:\/\/www.diario21.tv\/noticias\/alta-velocidad-madrid-sevilla-restablecida-mas-de-10-000-pasajeros-liberados-tras-caos\/#breadcrumb\"},\"inLanguage\":\"es-AR\",\"potentialAction\":[{\"@type\":\"ReadAction\",\"target\":[\"https:\/\/www.diario21.tv\/noticias\/alta-velocidad-madrid-sevilla-restablecida-mas-de-10-000-pasajeros-liberados-tras-caos\/\"]}]},{\"@type\":\"ImageObject\",\"inLanguage\":\"es-AR\",\"@id\":\"https:\/\/www.diario21.tv\/noticias\/alta-velocidad-madrid-sevilla-restablecida-mas-de-10-000-pasajeros-liberados-tras-caos\/#primaryimage\",\"url\":\"https:\/\/www.diario21.tv\/noticias\/wp-content\/uploads\/2025\/05\/\u00a1Alta-Velocidad-Madrid-Sevilla-Restablecida-Mas-de-10000-pasajeros-liberados-tras.jpg\",\"contentUrl\":\"https:\/\/www.diario21.tv\/noticias\/wp-content\/uploads\/2025\/05\/\u00a1Alta-Velocidad-Madrid-Sevilla-Restablecida-Mas-de-10000-pasajeros-liberados-tras.jpg\",\"width\":1200,\"height\":840,\"caption\":\"La l\u00ednea de alta velocidad entre Madrid y Sevilla funciona en su totalidad tras dejar m\u00e1s de 10.000 viajeros atrapados\"},{\"@type\":\"BreadcrumbList\",\"@id\":\"https:\/\/www.diario21.tv\/noticias\/alta-velocidad-madrid-sevilla-restablecida-mas-de-10-000-pasajeros-liberados-tras-caos\/#breadcrumb\",\"itemListElement\":[{\"@type\":\"ListItem\",\"position\":1,\"name\":\"Accueil\",\"item\":\"https:\/\/www.diario21.tv\/noticias\/\"},{\"@type\":\"ListItem\",\"position\":2,\"name\":\"\u00a1Alta Velocidad Madrid-Sevilla Restablecida! M\u00e1s de 10.000 pasajeros liberados tras caos.\"}]},{\"@type\":\"WebSite\",\"@id\":\"https:\/\/www.diario21.tv\/noticias\/#website\",\"url\":\"https:\/\/www.diario21.tv\/noticias\/\",\"name\":\"Diario 21\",\"description\":\"\",\"potentialAction\":[{\"@type\":\"SearchAction\",\"target\":{\"@type\":\"EntryPoint\",\"urlTemplate\":\"https:\/\/www.diario21.tv\/noticias\/?s={search_term_string}\"},\"query-input\":{\"@type\":\"PropertyValueSpecification\",\"valueRequired\":true,\"valueName\":\"search_term_string\"}}],\"inLanguage\":\"es-AR\"},{\"@type\":\"Person\",\"@id\":\"https:\/\/www.diario21.tv\/noticias\/#\/schema\/person\/dfb778f73814d8f09f302618446a526b\",\"name\":\"Juan P\u00e9rez\",\"image\":{\"@type\":\"ImageObject\",\"inLanguage\":\"es-AR\",\"@id\":\"https:\/\/www.diario21.tv\/noticias\/#\/schema\/person\/image\/\",\"url\":\"https:\/\/secure.gravatar.com\/avatar\/c478a405bd10621167f4c3167cc770f5?s=96&d=mm&r=g\",\"contentUrl\":\"https:\/\/secure.gravatar.com\/avatar\/c478a405bd10621167f4c3167cc770f5?s=96&d=mm&r=g\",\"caption\":\"Juan P\u00e9rez\"},\"description\":\"Juan P\u00e9rez es el redactor en jefe de Diario 21. Con m\u00e1s de 10 a\u00f1os de experiencia en el periodismo, se especializa en pol\u00edtica nacional y an\u00e1lisis socioecon\u00f3mico. Su enfoque cr\u00edtico y riguroso aporta una perspectiva \u00fanica a cada art\u00edculo.\",\"sameAs\":[\"https:\/\/www.diario21.tv\/noticias\/\"],\"url\":\"https:\/\/www.diario21.tv\/noticias\/author\/juan-perez\/\"}]}<\/script>\n<!-- \/ Yoast SEO plugin. -->","yoast_head_json":{"title":"\u00a1Alta Velocidad Madrid-Sevilla Restablecida! M\u00e1s de 10.000 pasajeros liberados tras caos. - Diario 21","robots":{"index":"index","follow":"follow","max-snippet":"max-snippet:-1","max-image-preview":"max-image-preview:large","max-video-preview":"max-video-preview:-1"},"canonical":"https:\/\/www.diario21.tv\/noticias\/alta-velocidad-madrid-sevilla-restablecida-mas-de-10-000-pasajeros-liberados-tras-caos\/","og_locale":"es_ES","og_type":"article","og_title":"\u00a1Alta Velocidad Madrid-Sevilla Restablecida! M\u00e1s de 10.000 pasajeros liberados tras caos. - Diario 21","og_description":"La Red de Alta Velocidad Madrid-Sevilla Restablecida Tras Incidente que Afect\u00f3 a Miles de Pasajeros Tras un considerable contratiempo que dej\u00f3 a m\u00e1s de 10,000 pasajeros ... Seguir leyendo &rarr;","og_url":"https:\/\/www.diario21.tv\/noticias\/alta-velocidad-madrid-sevilla-restablecida-mas-de-10-000-pasajeros-liberados-tras-caos\/","og_site_name":"Diario 21","article_published_time":"2025-05-07T16:29:08+00:00","article_modified_time":"2025-05-07T16:29:09+00:00","og_image":[{"width":1200,"height":840,"url":"https:\/\/www.diario21.tv\/noticias\/wp-content\/uploads\/2025\/05\/\u00a1Alta-Velocidad-Madrid-Sevilla-Restablecida-Mas-de-10000-pasajeros-liberados-tras.jpg","type":"image\/jpeg"}],"author":"Juan P\u00e9rez","twitter_card":"summary_large_image","twitter_misc":{"Escrito por":"Juan P\u00e9rez","Tiempo de lectura":"2 minutos"},"schema":{"@context":"https:\/\/schema.org","@graph":[{"@type":"WebPage","@id":"https:\/\/www.diario21.tv\/noticias\/alta-velocidad-madrid-sevilla-restablecida-mas-de-10-000-pasajeros-liberados-tras-caos\/","url":"https:\/\/www.diario21.tv\/noticias\/alta-velocidad-madrid-sevilla-restablecida-mas-de-10-000-pasajeros-liberados-tras-caos\/","name":"\u00a1Alta Velocidad Madrid-Sevilla Restablecida! M\u00e1s de 10.000 pasajeros liberados tras caos. - Diario 21","isPartOf":{"@id":"https:\/\/www.diario21.tv\/noticias\/#website"},"primaryImageOfPage":{"@id":"https:\/\/www.diario21.tv\/noticias\/alta-velocidad-madrid-sevilla-restablecida-mas-de-10-000-pasajeros-liberados-tras-caos\/#primaryimage"},"image":{"@id":"https:\/\/www.diario21.tv\/noticias\/alta-velocidad-madrid-sevilla-restablecida-mas-de-10-000-pasajeros-liberados-tras-caos\/#primaryimage"},"thumbnailUrl":"https:\/\/www.diario21.tv\/noticias\/wp-content\/uploads\/2025\/05\/\u00a1Alta-Velocidad-Madrid-Sevilla-Restablecida-Mas-de-10000-pasajeros-liberados-tras.jpg","datePublished":"2025-05-07T16:29:08+00:00","dateModified":"2025-05-07T16:29:09+00:00","author":{"@id":"https:\/\/www.diario21.tv\/noticias\/#\/schema\/person\/dfb778f73814d8f09f302618446a526b"},"breadcrumb":{"@id":"https:\/\/www.diario21.tv\/noticias\/alta-velocidad-madrid-sevilla-restablecida-mas-de-10-000-pasajeros-liberados-tras-caos\/#breadcrumb"},"inLanguage":"es-AR","potentialAction":[{"@type":"ReadAction","target":["https:\/\/www.diario21.tv\/noticias\/alta-velocidad-madrid-sevilla-restablecida-mas-de-10-000-pasajeros-liberados-tras-caos\/"]}]},{"@type":"ImageObject","inLanguage":"es-AR","@id":"https:\/\/www.diario21.tv\/noticias\/alta-velocidad-madrid-sevilla-restablecida-mas-de-10-000-pasajeros-liberados-tras-caos\/#primaryimage","url":"https:\/\/www.diario21.tv\/noticias\/wp-content\/uploads\/2025\/05\/\u00a1Alta-Velocidad-Madrid-Sevilla-Restablecida-Mas-de-10000-pasajeros-liberados-tras.jpg","contentUrl":"https:\/\/www.diario21.tv\/noticias\/wp-content\/uploads\/2025\/05\/\u00a1Alta-Velocidad-Madrid-Sevilla-Restablecida-Mas-de-10000-pasajeros-liberados-tras.jpg","width":1200,"height":840,"caption":"La l\u00ednea de alta velocidad entre Madrid y Sevilla funciona en su totalidad tras dejar m\u00e1s de 10.000 viajeros atrapados"},{"@type":"BreadcrumbList","@id":"https:\/\/www.diario21.tv\/noticias\/alta-velocidad-madrid-sevilla-restablecida-mas-de-10-000-pasajeros-liberados-tras-caos\/#breadcrumb","itemListElement":[{"@type":"ListItem","position":1,"name":"Accueil","item":"https:\/\/www.diario21.tv\/noticias\/"},{"@type":"ListItem","position":2,"name":"\u00a1Alta Velocidad Madrid-Sevilla Restablecida! M\u00e1s de 10.000 pasajeros liberados tras caos."}]},{"@type":"WebSite","@id":"https:\/\/www.diario21.tv\/noticias\/#website","url":"https:\/\/www.diario21.tv\/noticias\/","name":"Diario 21","description":"","potentialAction":[{"@type":"SearchAction","target":{"@type":"EntryPoint","urlTemplate":"https:\/\/www.diario21.tv\/noticias\/?s={search_term_string}"},"query-input":{"@type":"PropertyValueSpecification","valueRequired":true,"valueName":"search_term_string"}}],"inLanguage":"es-AR"},{"@type":"Person","@id":"https:\/\/www.diario21.tv\/noticias\/#\/schema\/person\/dfb778f73814d8f09f302618446a526b","name":"Juan P\u00e9rez","image":{"@type":"ImageObject","inLanguage":"es-AR","@id":"https:\/\/www.diario21.tv\/noticias\/#\/schema\/person\/image\/","url":"https:\/\/secure.gravatar.com\/avatar\/c478a405bd10621167f4c3167cc770f5?s=96&d=mm&r=g","contentUrl":"https:\/\/secure.gravatar.com\/avatar\/c478a405bd10621167f4c3167cc770f5?s=96&d=mm&r=g","caption":"Juan P\u00e9rez"},"description":"Juan P\u00e9rez es el redactor en jefe de Diario 21. Con m\u00e1s de 10 a\u00f1os de experiencia en el periodismo, se especializa en pol\u00edtica nacional y an\u00e1lisis socioecon\u00f3mico. Su enfoque cr\u00edtico y riguroso aporta una perspectiva \u00fanica a cada art\u00edculo.","sameAs":["https:\/\/www.diario21.tv\/noticias\/"],"url":"https:\/\/www.diario21.tv\/noticias\/author\/juan-perez\/"}]}},"_links":{"self":[{"href":"https:\/\/www.diario21.tv\/noticias\/wp-json\/wp\/v2\/posts\/3049"}],"collection":[{"href":"https:\/\/www.diario21.tv\/noticias\/wp-json\/wp\/v2\/posts"}],"about":[{"href":"https:\/\/www.diario21.tv\/noticias\/wp-json\/wp\/v2\/types\/post"}],"author":[{"embeddable":true,"href":"https:\/\/www.diario21.tv\/noticias\/wp-json\/wp\/v2\/users\/20"}],"replies":[{"embeddable":true,"href":"https:\/\/www.diario21.tv\/noticias\/wp-json\/wp\/v2\/comments?post=3049"}],"version-history":[{"count":1,"href":"https:\/\/www.diario21.tv\/noticias\/wp-json\/wp\/v2\/posts\/3049\/revisions"}],"predecessor-version":[{"id":3051,"href":"https:\/\/www.diario21.tv\/noticias\/wp-json\/wp\/v2\/posts\/3049\/revisions\/3051"}],"wp:featuredmedia":[{"embeddable":true,"href":"https:\/\/www.diario21.tv\/noticias\/wp-json\/wp\/v2\/media\/3050"}],"wp:attachment":[{"href":"https:\/\/www.diario21.tv\/noticias\/wp-json\/wp\/v2\/media?parent=3049"}],"wp:term":[{"taxonomy":"category","embeddable":true,"href":"https:\/\/www.diario21.tv\/noticias\/wp-json\/wp\/v2\/categories?post=3049"},{"taxonomy":"post_tag","embeddable":true,"href":"https:\/\/www.diario21.tv\/noticias\/wp-json\/wp\/v2\/tags?post=3049"}],"curies":[{"name":"wp","href":"https:\/\/api.w.org\/{rel}","templated":true}]}}