{"id":3046,"date":"2025-05-07T10:22:59","date_gmt":"2025-05-07T10:22:59","guid":{"rendered":"https:\/\/www.diario21.tv\/noticias\/atencion-133-cardenales-llegan-a-roma-para-elegir-al-proximo-papa\/"},"modified":"2025-05-07T10:23:00","modified_gmt":"2025-05-07T10:23:00","slug":"atencion-133-cardenales-llegan-a-roma-para-elegir-al-proximo-papa","status":"publish","type":"post","link":"https:\/\/www.diario21.tv\/noticias\/atencion-133-cardenales-llegan-a-roma-para-elegir-al-proximo-papa\/","title":{"rendered":"\u00a1Atenci\u00f3n! 133 cardenales llegan a Roma para elegir al pr\u00f3ximo Papa"},"content":{"rendered":"<h2>Llegada de los 133 Cardenales a Roma<\/h2>\n<p>Los 133 cardenales encargados de la elecci\u00f3n del pr\u00f3ximo Papa ya se encuentran en Roma. Este grupo de altos prelados de la Iglesia Cat\u00f3lica ha llegado de diversas partes del mundo y se reunir\u00e1 en el pr\u00f3ximo c\u00f3nclave para decidir qui\u00e9n ser\u00e1 el sucesor del Papa actual.<\/p>\n<h3>Preparativos para el C\u00f3nclave<\/h3>\n<p>La llegada de los cardenales a la Ciudad Eterna marca el inicio de una serie de preparativos meticulosos en el Vaticano. Cada detalle es cuidadosamente planeado, desde la log\u00edstica de las reuniones hasta los procedimientos de votaci\u00f3n que se seguir\u00e1n en la Capilla Sixtina, el lugar donde se llevar\u00e1 a cabo el c\u00f3nclave.<\/p>\n<p>Durante este per\u00edodo, los cardenales participar\u00e1n en m\u00faltiples discusiones y reuniones que no solo sirven para reflexionar sobre las necesidades de la Iglesia, sino tambi\u00e9n para evaluar las cualidades y capacidades del pr\u00f3ximo l\u00edder del Vaticano.<\/p>\n<h3>El Proceso de Elecci\u00f3n<\/h3>\n<p>El proceso de elecci\u00f3n es sumamente riguroso y est\u00e1 envuelto en tradici\u00f3n. Los cardenales, que deben ser menores de 80 a\u00f1os para tener derecho a votar, se encierran en la Capilla Sixtina, donde cada uno de ellos, en profunda reflexi\u00f3n y oraci\u00f3n, deposita su voto. Este proceso se repite varias veces al d\u00eda hasta que uno de los candidatos alcanza una mayor\u00eda de dos tercios.<\/p>\n<p>La elecci\u00f3n de un nuevo Papa es un evento de gran significado para los fieles cat\u00f3licos alrededor del mundo y suele atraer la atenci\u00f3n de millones de personas que esperan con expectativa el resultado.<\/p>\n<h3>Impacto y Expectativas<\/h3>\n<p>La decisi\u00f3n que tomen estos 133 cardenales no solo determinar\u00e1 la direcci\u00f3n futura de la Iglesia Cat\u00f3lica, sino que tambi\u00e9n influir\u00e1 en su relaci\u00f3n con otras comunidades religiosas y laicos a nivel global. La elecci\u00f3n de un Papa lleva consigo la esperanza de renovaci\u00f3n y unidad dentro de la Iglesia, a la vez que enfrenta los desaf\u00edos contempor\u00e1neos que impactan a sus m\u00e1s de mil millones de seguidores en todo el mundo.<\/p>\n<p>Toda la comunidad cat\u00f3lica y muchos observadores externos est\u00e1n ahora pendientes de este importante evento, esperando que el nuevo Papa pueda guiar a la Iglesia con sabidur\u00eda y compasi\u00f3n en los a\u00f1os venideros.<\/p>\n\n\n<div class=\"kk-star-ratings kksr-auto kksr-align-left kksr-valign-bottom\"\n    data-payload='{&quot;align&quot;:&quot;left&quot;,&quot;id&quot;:&quot;3046&quot;,&quot;slug&quot;:&quot;default&quot;,&quot;valign&quot;:&quot;bottom&quot;,&quot;ignore&quot;:&quot;&quot;,&quot;reference&quot;:&quot;auto&quot;,&quot;class&quot;:&quot;&quot;,&quot;count&quot;:&quot;0&quot;,&quot;legendonly&quot;:&quot;&quot;,&quot;readonly&quot;:&quot;&quot;,&quot;score&quot;:&quot;0&quot;,&quot;starsonly&quot;:&quot;&quot;,&quot;best&quot;:&quot;5&quot;,&quot;gap&quot;:&quot;5&quot;,&quot;greet&quot;:&quot;Valora este post&quot;,&quot;legend&quot;:&quot;0\\\/5 - (0 votes)&quot;,&quot;size&quot;:&quot;22&quot;,&quot;title&quot;:&quot;\u00a1Atenci\u00f3n! 133 cardenales llegan a Roma para elegir al pr\u00f3ximo Papa&quot;,&quot;width&quot;:&quot;0&quot;,&quot;_legend&quot;:&quot;{score}\\\/{best} - ({count} {votes})&quot;,&quot;font_factor&quot;:&quot;1.25&quot;}'>\n            \n<div class=\"kksr-stars\">\n    \n<div class=\"kksr-stars-inactive\">\n            <div class=\"kksr-star\" data-star=\"1\" style=\"padding-right: 5px\">\n            \n\n<div class=\"kksr-icon\" style=\"width: 22px; height: 22px;\"><\/div>\n        <\/div>\n            <div class=\"kksr-star\" data-star=\"2\" style=\"padding-right: 5px\">\n            \n\n<div class=\"kksr-icon\" style=\"width: 22px; height: 22px;\"><\/div>\n        <\/div>\n            <div class=\"kksr-star\" data-star=\"3\" style=\"padding-right: 5px\">\n            \n\n<div class=\"kksr-icon\" style=\"width: 22px; height: 22px;\"><\/div>\n        <\/div>\n            <div class=\"kksr-star\" data-star=\"4\" style=\"padding-right: 5px\">\n            \n\n<div class=\"kksr-icon\" style=\"width: 22px; height: 22px;\"><\/div>\n        <\/div>\n            <div class=\"kksr-star\" data-star=\"5\" style=\"padding-right: 5px\">\n            \n\n<div class=\"kksr-icon\" style=\"width: 22px; height: 22px;\"><\/div>\n        <\/div>\n    <\/div>\n    \n<div class=\"kksr-stars-active\" style=\"width: 0px;\">\n            <div class=\"kksr-star\" style=\"padding-right: 5px\">\n            \n\n<div class=\"kksr-icon\" style=\"width: 22px; height: 22px;\"><\/div>\n        <\/div>\n            <div class=\"kksr-star\" style=\"padding-right: 5px\">\n            \n\n<div class=\"kksr-icon\" style=\"width: 22px; height: 22px;\"><\/div>\n        <\/div>\n            <div class=\"kksr-star\" style=\"padding-right: 5px\">\n            \n\n<div class=\"kksr-icon\" style=\"width: 22px; height: 22px;\"><\/div>\n        <\/div>\n            <div class=\"kksr-star\" style=\"padding-right: 5px\">\n            \n\n<div class=\"kksr-icon\" style=\"width: 22px; height: 22px;\"><\/div>\n        <\/div>\n            <div class=\"kksr-star\" style=\"padding-right: 5px\">\n            \n\n<div class=\"kksr-icon\" style=\"width: 22px; height: 22px;\"><\/div>\n        <\/div>\n    <\/div>\n<\/div>\n                \n\n<div class=\"kksr-legend\" style=\"font-size: 17.6px;\">\n            <span class=\"kksr-muted\">Valora este post<\/span>\n    <\/div>\n    <\/div>\n","protected":false},"excerpt":{"rendered":"<p>Llegada de los 133 Cardenales a Roma Los 133 cardenales encargados de la elecci\u00f3n del pr\u00f3ximo Papa ya se encuentran en Roma. Este grupo de altos &#8230; <a title=\"\u00a1Atenci\u00f3n! 133 cardenales llegan a Roma para elegir al pr\u00f3ximo Papa\" class=\"read-more\" href=\"https:\/\/www.diario21.tv\/noticias\/atencion-133-cardenales-llegan-a-roma-para-elegir-al-proximo-papa\/\" aria-label=\"Leer m\u00e1s sobre \u00a1Atenci\u00f3n! 133 cardenales llegan a Roma para elegir al pr\u00f3ximo Papa\">Seguir leyendo &rarr;<\/a><\/p>\n","protected":false},"author":20,"featured_media":3047,"comment_status":"open","ping_status":"open","sticky":false,"template":"","format":"standard","meta":{"footnotes":""},"categories":[13],"tags":[],"class_list":["post-3046","post","type-post","status-publish","format-standard","has-post-thumbnail","hentry","category-portada"],"yoast_head":"<!-- This site is optimized with the Yoast SEO plugin v25.6 - https:\/\/yoast.com\/wordpress\/plugins\/seo\/ -->\n<title>\u00a1Atenci\u00f3n! 133 cardenales llegan a Roma para elegir al pr\u00f3ximo Papa - Diario 21<\/title>\n<meta name=\"robots\" content=\"index, follow, max-snippet:-1, max-image-preview:large, max-video-preview:-1\" \/>\n<link rel=\"canonical\" href=\"https:\/\/www.diario21.tv\/noticias\/atencion-133-cardenales-llegan-a-roma-para-elegir-al-proximo-papa\/\" \/>\n<meta property=\"og:locale\" content=\"es_ES\" \/>\n<meta property=\"og:type\" content=\"article\" \/>\n<meta property=\"og:title\" content=\"\u00a1Atenci\u00f3n! 133 cardenales llegan a Roma para elegir al pr\u00f3ximo Papa - Diario 21\" \/>\n<meta property=\"og:description\" content=\"Llegada de los 133 Cardenales a Roma Los 133 cardenales encargados de la elecci\u00f3n del pr\u00f3ximo Papa ya se encuentran en Roma. Este grupo de altos ... Seguir leyendo &rarr;\" \/>\n<meta property=\"og:url\" content=\"https:\/\/www.diario21.tv\/noticias\/atencion-133-cardenales-llegan-a-roma-para-elegir-al-proximo-papa\/\" \/>\n<meta property=\"og:site_name\" content=\"Diario 21\" \/>\n<meta property=\"article:published_time\" content=\"2025-05-07T10:22:59+00:00\" \/>\n<meta property=\"article:modified_time\" content=\"2025-05-07T10:23:00+00:00\" \/>\n<meta property=\"og:image\" content=\"https:\/\/www.diario21.tv\/noticias\/wp-content\/uploads\/2025\/05\/\u00a1Atencion-133-cardenales-llegan-a-Roma-para-elegir-al-proximo.jpg\" \/>\n\t<meta property=\"og:image:width\" content=\"1200\" \/>\n\t<meta property=\"og:image:height\" content=\"840\" \/>\n\t<meta property=\"og:image:type\" content=\"image\/jpeg\" \/>\n<meta name=\"author\" content=\"Juan P\u00e9rez\" \/>\n<meta name=\"twitter:card\" content=\"summary_large_image\" \/>\n<meta name=\"twitter:label1\" content=\"Escrito por\" \/>\n\t<meta name=\"twitter:data1\" content=\"Juan P\u00e9rez\" \/>\n\t<meta name=\"twitter:label2\" content=\"Tiempo de lectura\" \/>\n\t<meta name=\"twitter:data2\" content=\"2 minutos\" \/>\n<script type=\"application\/ld+json\" class=\"yoast-schema-graph\">{\"@context\":\"https:\/\/schema.org\",\"@graph\":[{\"@type\":\"WebPage\",\"@id\":\"https:\/\/www.diario21.tv\/noticias\/atencion-133-cardenales-llegan-a-roma-para-elegir-al-proximo-papa\/\",\"url\":\"https:\/\/www.diario21.tv\/noticias\/atencion-133-cardenales-llegan-a-roma-para-elegir-al-proximo-papa\/\",\"name\":\"\u00a1Atenci\u00f3n! 133 cardenales llegan a Roma para elegir al pr\u00f3ximo Papa - Diario 21\",\"isPartOf\":{\"@id\":\"https:\/\/www.diario21.tv\/noticias\/#website\"},\"primaryImageOfPage\":{\"@id\":\"https:\/\/www.diario21.tv\/noticias\/atencion-133-cardenales-llegan-a-roma-para-elegir-al-proximo-papa\/#primaryimage\"},\"image\":{\"@id\":\"https:\/\/www.diario21.tv\/noticias\/atencion-133-cardenales-llegan-a-roma-para-elegir-al-proximo-papa\/#primaryimage\"},\"thumbnailUrl\":\"https:\/\/www.diario21.tv\/noticias\/wp-content\/uploads\/2025\/05\/\u00a1Atencion-133-cardenales-llegan-a-Roma-para-elegir-al-proximo.jpg\",\"datePublished\":\"2025-05-07T10:22:59+00:00\",\"dateModified\":\"2025-05-07T10:23:00+00:00\",\"author\":{\"@id\":\"https:\/\/www.diario21.tv\/noticias\/#\/schema\/person\/dfb778f73814d8f09f302618446a526b\"},\"breadcrumb\":{\"@id\":\"https:\/\/www.diario21.tv\/noticias\/atencion-133-cardenales-llegan-a-roma-para-elegir-al-proximo-papa\/#breadcrumb\"},\"inLanguage\":\"es-AR\",\"potentialAction\":[{\"@type\":\"ReadAction\",\"target\":[\"https:\/\/www.diario21.tv\/noticias\/atencion-133-cardenales-llegan-a-roma-para-elegir-al-proximo-papa\/\"]}]},{\"@type\":\"ImageObject\",\"inLanguage\":\"es-AR\",\"@id\":\"https:\/\/www.diario21.tv\/noticias\/atencion-133-cardenales-llegan-a-roma-para-elegir-al-proximo-papa\/#primaryimage\",\"url\":\"https:\/\/www.diario21.tv\/noticias\/wp-content\/uploads\/2025\/05\/\u00a1Atencion-133-cardenales-llegan-a-Roma-para-elegir-al-proximo.jpg\",\"contentUrl\":\"https:\/\/www.diario21.tv\/noticias\/wp-content\/uploads\/2025\/05\/\u00a1Atencion-133-cardenales-llegan-a-Roma-para-elegir-al-proximo.jpg\",\"width\":1200,\"height\":840,\"caption\":\"Ya est\u00e1n en Roma los 133 cardenales que elegir\u00e1n al nuevo Papa\"},{\"@type\":\"BreadcrumbList\",\"@id\":\"https:\/\/www.diario21.tv\/noticias\/atencion-133-cardenales-llegan-a-roma-para-elegir-al-proximo-papa\/#breadcrumb\",\"itemListElement\":[{\"@type\":\"ListItem\",\"position\":1,\"name\":\"Accueil\",\"item\":\"https:\/\/www.diario21.tv\/noticias\/\"},{\"@type\":\"ListItem\",\"position\":2,\"name\":\"\u00a1Atenci\u00f3n! 133 cardenales llegan a Roma para elegir al pr\u00f3ximo Papa\"}]},{\"@type\":\"WebSite\",\"@id\":\"https:\/\/www.diario21.tv\/noticias\/#website\",\"url\":\"https:\/\/www.diario21.tv\/noticias\/\",\"name\":\"Diario 21\",\"description\":\"\",\"potentialAction\":[{\"@type\":\"SearchAction\",\"target\":{\"@type\":\"EntryPoint\",\"urlTemplate\":\"https:\/\/www.diario21.tv\/noticias\/?s={search_term_string}\"},\"query-input\":{\"@type\":\"PropertyValueSpecification\",\"valueRequired\":true,\"valueName\":\"search_term_string\"}}],\"inLanguage\":\"es-AR\"},{\"@type\":\"Person\",\"@id\":\"https:\/\/www.diario21.tv\/noticias\/#\/schema\/person\/dfb778f73814d8f09f302618446a526b\",\"name\":\"Juan P\u00e9rez\",\"image\":{\"@type\":\"ImageObject\",\"inLanguage\":\"es-AR\",\"@id\":\"https:\/\/www.diario21.tv\/noticias\/#\/schema\/person\/image\/\",\"url\":\"https:\/\/secure.gravatar.com\/avatar\/c478a405bd10621167f4c3167cc770f5?s=96&d=mm&r=g\",\"contentUrl\":\"https:\/\/secure.gravatar.com\/avatar\/c478a405bd10621167f4c3167cc770f5?s=96&d=mm&r=g\",\"caption\":\"Juan P\u00e9rez\"},\"description\":\"Juan P\u00e9rez es el redactor en jefe de Diario 21. Con m\u00e1s de 10 a\u00f1os de experiencia en el periodismo, se especializa en pol\u00edtica nacional y an\u00e1lisis socioecon\u00f3mico. Su enfoque cr\u00edtico y riguroso aporta una perspectiva \u00fanica a cada art\u00edculo.\",\"sameAs\":[\"https:\/\/www.diario21.tv\/noticias\/\"],\"url\":\"https:\/\/www.diario21.tv\/noticias\/author\/juan-perez\/\"}]}<\/script>\n<!-- \/ Yoast SEO plugin. -->","yoast_head_json":{"title":"\u00a1Atenci\u00f3n! 133 cardenales llegan a Roma para elegir al pr\u00f3ximo Papa - Diario 21","robots":{"index":"index","follow":"follow","max-snippet":"max-snippet:-1","max-image-preview":"max-image-preview:large","max-video-preview":"max-video-preview:-1"},"canonical":"https:\/\/www.diario21.tv\/noticias\/atencion-133-cardenales-llegan-a-roma-para-elegir-al-proximo-papa\/","og_locale":"es_ES","og_type":"article","og_title":"\u00a1Atenci\u00f3n! 133 cardenales llegan a Roma para elegir al pr\u00f3ximo Papa - Diario 21","og_description":"Llegada de los 133 Cardenales a Roma Los 133 cardenales encargados de la elecci\u00f3n del pr\u00f3ximo Papa ya se encuentran en Roma. Este grupo de altos ... Seguir leyendo &rarr;","og_url":"https:\/\/www.diario21.tv\/noticias\/atencion-133-cardenales-llegan-a-roma-para-elegir-al-proximo-papa\/","og_site_name":"Diario 21","article_published_time":"2025-05-07T10:22:59+00:00","article_modified_time":"2025-05-07T10:23:00+00:00","og_image":[{"width":1200,"height":840,"url":"https:\/\/www.diario21.tv\/noticias\/wp-content\/uploads\/2025\/05\/\u00a1Atencion-133-cardenales-llegan-a-Roma-para-elegir-al-proximo.jpg","type":"image\/jpeg"}],"author":"Juan P\u00e9rez","twitter_card":"summary_large_image","twitter_misc":{"Escrito por":"Juan P\u00e9rez","Tiempo de lectura":"2 minutos"},"schema":{"@context":"https:\/\/schema.org","@graph":[{"@type":"WebPage","@id":"https:\/\/www.diario21.tv\/noticias\/atencion-133-cardenales-llegan-a-roma-para-elegir-al-proximo-papa\/","url":"https:\/\/www.diario21.tv\/noticias\/atencion-133-cardenales-llegan-a-roma-para-elegir-al-proximo-papa\/","name":"\u00a1Atenci\u00f3n! 133 cardenales llegan a Roma para elegir al pr\u00f3ximo Papa - Diario 21","isPartOf":{"@id":"https:\/\/www.diario21.tv\/noticias\/#website"},"primaryImageOfPage":{"@id":"https:\/\/www.diario21.tv\/noticias\/atencion-133-cardenales-llegan-a-roma-para-elegir-al-proximo-papa\/#primaryimage"},"image":{"@id":"https:\/\/www.diario21.tv\/noticias\/atencion-133-cardenales-llegan-a-roma-para-elegir-al-proximo-papa\/#primaryimage"},"thumbnailUrl":"https:\/\/www.diario21.tv\/noticias\/wp-content\/uploads\/2025\/05\/\u00a1Atencion-133-cardenales-llegan-a-Roma-para-elegir-al-proximo.jpg","datePublished":"2025-05-07T10:22:59+00:00","dateModified":"2025-05-07T10:23:00+00:00","author":{"@id":"https:\/\/www.diario21.tv\/noticias\/#\/schema\/person\/dfb778f73814d8f09f302618446a526b"},"breadcrumb":{"@id":"https:\/\/www.diario21.tv\/noticias\/atencion-133-cardenales-llegan-a-roma-para-elegir-al-proximo-papa\/#breadcrumb"},"inLanguage":"es-AR","potentialAction":[{"@type":"ReadAction","target":["https:\/\/www.diario21.tv\/noticias\/atencion-133-cardenales-llegan-a-roma-para-elegir-al-proximo-papa\/"]}]},{"@type":"ImageObject","inLanguage":"es-AR","@id":"https:\/\/www.diario21.tv\/noticias\/atencion-133-cardenales-llegan-a-roma-para-elegir-al-proximo-papa\/#primaryimage","url":"https:\/\/www.diario21.tv\/noticias\/wp-content\/uploads\/2025\/05\/\u00a1Atencion-133-cardenales-llegan-a-Roma-para-elegir-al-proximo.jpg","contentUrl":"https:\/\/www.diario21.tv\/noticias\/wp-content\/uploads\/2025\/05\/\u00a1Atencion-133-cardenales-llegan-a-Roma-para-elegir-al-proximo.jpg","width":1200,"height":840,"caption":"Ya est\u00e1n en Roma los 133 cardenales que elegir\u00e1n al nuevo Papa"},{"@type":"BreadcrumbList","@id":"https:\/\/www.diario21.tv\/noticias\/atencion-133-cardenales-llegan-a-roma-para-elegir-al-proximo-papa\/#breadcrumb","itemListElement":[{"@type":"ListItem","position":1,"name":"Accueil","item":"https:\/\/www.diario21.tv\/noticias\/"},{"@type":"ListItem","position":2,"name":"\u00a1Atenci\u00f3n! 133 cardenales llegan a Roma para elegir al pr\u00f3ximo Papa"}]},{"@type":"WebSite","@id":"https:\/\/www.diario21.tv\/noticias\/#website","url":"https:\/\/www.diario21.tv\/noticias\/","name":"Diario 21","description":"","potentialAction":[{"@type":"SearchAction","target":{"@type":"EntryPoint","urlTemplate":"https:\/\/www.diario21.tv\/noticias\/?s={search_term_string}"},"query-input":{"@type":"PropertyValueSpecification","valueRequired":true,"valueName":"search_term_string"}}],"inLanguage":"es-AR"},{"@type":"Person","@id":"https:\/\/www.diario21.tv\/noticias\/#\/schema\/person\/dfb778f73814d8f09f302618446a526b","name":"Juan P\u00e9rez","image":{"@type":"ImageObject","inLanguage":"es-AR","@id":"https:\/\/www.diario21.tv\/noticias\/#\/schema\/person\/image\/","url":"https:\/\/secure.gravatar.com\/avatar\/c478a405bd10621167f4c3167cc770f5?s=96&d=mm&r=g","contentUrl":"https:\/\/secure.gravatar.com\/avatar\/c478a405bd10621167f4c3167cc770f5?s=96&d=mm&r=g","caption":"Juan P\u00e9rez"},"description":"Juan P\u00e9rez es el redactor en jefe de Diario 21. Con m\u00e1s de 10 a\u00f1os de experiencia en el periodismo, se especializa en pol\u00edtica nacional y an\u00e1lisis socioecon\u00f3mico. Su enfoque cr\u00edtico y riguroso aporta una perspectiva \u00fanica a cada art\u00edculo.","sameAs":["https:\/\/www.diario21.tv\/noticias\/"],"url":"https:\/\/www.diario21.tv\/noticias\/author\/juan-perez\/"}]}},"_links":{"self":[{"href":"https:\/\/www.diario21.tv\/noticias\/wp-json\/wp\/v2\/posts\/3046"}],"collection":[{"href":"https:\/\/www.diario21.tv\/noticias\/wp-json\/wp\/v2\/posts"}],"about":[{"href":"https:\/\/www.diario21.tv\/noticias\/wp-json\/wp\/v2\/types\/post"}],"author":[{"embeddable":true,"href":"https:\/\/www.diario21.tv\/noticias\/wp-json\/wp\/v2\/users\/20"}],"replies":[{"embeddable":true,"href":"https:\/\/www.diario21.tv\/noticias\/wp-json\/wp\/v2\/comments?post=3046"}],"version-history":[{"count":1,"href":"https:\/\/www.diario21.tv\/noticias\/wp-json\/wp\/v2\/posts\/3046\/revisions"}],"predecessor-version":[{"id":3048,"href":"https:\/\/www.diario21.tv\/noticias\/wp-json\/wp\/v2\/posts\/3046\/revisions\/3048"}],"wp:featuredmedia":[{"embeddable":true,"href":"https:\/\/www.diario21.tv\/noticias\/wp-json\/wp\/v2\/media\/3047"}],"wp:attachment":[{"href":"https:\/\/www.diario21.tv\/noticias\/wp-json\/wp\/v2\/media?parent=3046"}],"wp:term":[{"taxonomy":"category","embeddable":true,"href":"https:\/\/www.diario21.tv\/noticias\/wp-json\/wp\/v2\/categories?post=3046"},{"taxonomy":"post_tag","embeddable":true,"href":"https:\/\/www.diario21.tv\/noticias\/wp-json\/wp\/v2\/tags?post=3046"}],"curies":[{"name":"wp","href":"https:\/\/api.w.org\/{rel}","templated":true}]}}