{"id":3037,"date":"2025-05-06T16:16:53","date_gmt":"2025-05-06T16:16:53","guid":{"rendered":"https:\/\/www.diario21.tv\/noticias\/escandalo-en-asturias-anulan-condena-de-10-anos-al-padre-chus-acusado-de-ofrecer-drogas-por-sexo\/"},"modified":"2025-05-06T16:16:54","modified_gmt":"2025-05-06T16:16:54","slug":"escandalo-en-asturias-anulan-condena-de-10-anos-al-padre-chus-acusado-de-ofrecer-drogas-por-sexo","status":"publish","type":"post","link":"https:\/\/www.diario21.tv\/noticias\/escandalo-en-asturias-anulan-condena-de-10-anos-al-padre-chus-acusado-de-ofrecer-drogas-por-sexo\/","title":{"rendered":"\u00a1Esc\u00e1ndalo en Asturias! Anulan condena de 10 a\u00f1os al &#8216;padre Chus&#8217; acusado de ofrecer drogas por sexo"},"content":{"rendered":"<h2>El Tribunal de Asturias Revoca Sentencia de Diez A\u00f1os al &#8216;Padre Chus&#8217;<\/h2>\n<p>En un giro reciente en los eventos judiciales, el tribunal de Asturias ha revocado la sentencia que impon\u00eda diez a\u00f1os de prisi\u00f3n a un hombre conocido como &#8216;Padre Chus&#8217;. La acusaci\u00f3n inicial contra esta figura religiosa inclu\u00eda ofrecimientos de sustancias estupefacientes a menores con el fin de obtener favores sexuales.<\/p>\n<h3>Detalles del Caso<\/h3>\n<p>El caso que involucra al &#8216;Padre Chus&#8217; se ha destacado por su naturaleza delicada y las implicaciones \u00e9ticas y legales que conlleva. Seg\u00fan los informes, se aleg\u00f3 que el acusado hab\u00eda ofrecido drogas a j\u00f3venes a cambio de actos sexuales, un acto que provoc\u00f3 una gran alarma tanto en la comunidad como en las autoridades locales.<\/p>\n<p>El tribunal inicialmente hab\u00eda decidido una condena severa, reflejando la gravedad de los cr\u00edmenes imputados. Sin embargo, recientes deliberaciones y revisiones de las evidencias presentadas llevaron a la conclusi\u00f3n de que exist\u00edan suficientes dudas sobre la veracidad de las acusaciones como para justificar la anulaci\u00f3n de la condena.<\/p>\n<h3>Implicaciones de la Revocaci\u00f3n<\/h3>\n<p>La decisi\u00f3n de anular la condena no implica necesariamente la inocencia del &#8216;Padre Chus&#8217;, sino que refleja las complejidades y desaf\u00edos que enfrenta el sistema judicial al tratar casos de esta naturaleza. Este desarrollo subraya la importancia de revisar cuidadosamente las evidencias y garantizar que los derechos de todas las partes involucradas sean respetados y protegidos.<\/p>\n<p>La comunidad ha reaccionado de manera variada a esta noticia. Mientras algunos creen en la posible inocencia del acusado, otros est\u00e1n preocupados por las implicaciones de la revocaci\u00f3n de una sentencia en un caso tan grave. La decisi\u00f3n ha resaltado, adem\u00e1s, la necesidad de pol\u00edticas y procedimientos robustos para manejar acusaciones que involucran a menores y figuras de autoridad.<\/p>\n<h3>Pr\u00f3ximos Pasos<\/h3>\n<p>Con la anulaci\u00f3n de la condena, el caso podr\u00eda ser reconsiderado o reevaluado para determinar los pasos a seguir. Esto podr\u00eda incluir nuevas investigaciones o un nuevo juicio, dependiendo de lo que determinen las autoridades judiciales. Lo que es claro es que el caso del &#8216;Padre Chus&#8217; sigue siendo de alto inter\u00e9s y sigue bajo escrutinio tanto por parte de la justicia como de la opini\u00f3n p\u00fablica.<\/p>\n<p>En conclusi\u00f3n, la revocaci\u00f3n de la sentencia a diez a\u00f1os de c\u00e1rcel para el &#8216;Padre Chus&#8217; marca un momento significativo en el sistema de justicia de Asturias. Pone de manifiesto la din\u00e1mica y los desaf\u00edos del proceso legal, especialmente en casos que involucran vulnerabilidades y delitos sensibles. Este caso continuar\u00e1 siendo seguido de cerca, ya que tiene implicaciones profundas para la justicia y la manera en que se trata a las figuras de autoridad en situaciones controvertidas.<\/p>\n\n\n<div class=\"kk-star-ratings kksr-auto kksr-align-left kksr-valign-bottom\"\n    data-payload='{&quot;align&quot;:&quot;left&quot;,&quot;id&quot;:&quot;3037&quot;,&quot;slug&quot;:&quot;default&quot;,&quot;valign&quot;:&quot;bottom&quot;,&quot;ignore&quot;:&quot;&quot;,&quot;reference&quot;:&quot;auto&quot;,&quot;class&quot;:&quot;&quot;,&quot;count&quot;:&quot;0&quot;,&quot;legendonly&quot;:&quot;&quot;,&quot;readonly&quot;:&quot;&quot;,&quot;score&quot;:&quot;0&quot;,&quot;starsonly&quot;:&quot;&quot;,&quot;best&quot;:&quot;5&quot;,&quot;gap&quot;:&quot;5&quot;,&quot;greet&quot;:&quot;Valora este post&quot;,&quot;legend&quot;:&quot;0\\\/5 - (0 votes)&quot;,&quot;size&quot;:&quot;22&quot;,&quot;title&quot;:&quot;\u00a1Esc\u00e1ndalo en Asturias! Anulan condena de 10 a\u00f1os al \\u0026#039;padre Chus\\u0026#039; acusado de ofrecer drogas por sexo&quot;,&quot;width&quot;:&quot;0&quot;,&quot;_legend&quot;:&quot;{score}\\\/{best} - ({count} {votes})&quot;,&quot;font_factor&quot;:&quot;1.25&quot;}'>\n            \n<div class=\"kksr-stars\">\n    \n<div class=\"kksr-stars-inactive\">\n            <div class=\"kksr-star\" data-star=\"1\" style=\"padding-right: 5px\">\n            \n\n<div class=\"kksr-icon\" style=\"width: 22px; height: 22px;\"><\/div>\n        <\/div>\n            <div class=\"kksr-star\" data-star=\"2\" style=\"padding-right: 5px\">\n            \n\n<div class=\"kksr-icon\" style=\"width: 22px; height: 22px;\"><\/div>\n        <\/div>\n            <div class=\"kksr-star\" data-star=\"3\" style=\"padding-right: 5px\">\n            \n\n<div class=\"kksr-icon\" style=\"width: 22px; height: 22px;\"><\/div>\n        <\/div>\n            <div class=\"kksr-star\" data-star=\"4\" style=\"padding-right: 5px\">\n            \n\n<div class=\"kksr-icon\" style=\"width: 22px; height: 22px;\"><\/div>\n        <\/div>\n            <div class=\"kksr-star\" data-star=\"5\" style=\"padding-right: 5px\">\n            \n\n<div class=\"kksr-icon\" style=\"width: 22px; height: 22px;\"><\/div>\n        <\/div>\n    <\/div>\n    \n<div class=\"kksr-stars-active\" style=\"width: 0px;\">\n            <div class=\"kksr-star\" style=\"padding-right: 5px\">\n            \n\n<div class=\"kksr-icon\" style=\"width: 22px; height: 22px;\"><\/div>\n        <\/div>\n            <div class=\"kksr-star\" style=\"padding-right: 5px\">\n            \n\n<div class=\"kksr-icon\" style=\"width: 22px; height: 22px;\"><\/div>\n        <\/div>\n            <div class=\"kksr-star\" style=\"padding-right: 5px\">\n            \n\n<div class=\"kksr-icon\" style=\"width: 22px; height: 22px;\"><\/div>\n        <\/div>\n            <div class=\"kksr-star\" style=\"padding-right: 5px\">\n            \n\n<div class=\"kksr-icon\" style=\"width: 22px; height: 22px;\"><\/div>\n        <\/div>\n            <div class=\"kksr-star\" style=\"padding-right: 5px\">\n            \n\n<div class=\"kksr-icon\" style=\"width: 22px; height: 22px;\"><\/div>\n        <\/div>\n    <\/div>\n<\/div>\n                \n\n<div class=\"kksr-legend\" style=\"font-size: 17.6px;\">\n            <span class=\"kksr-muted\">Valora este post<\/span>\n    <\/div>\n    <\/div>\n","protected":false},"excerpt":{"rendered":"<p>El Tribunal de Asturias Revoca Sentencia de Diez A\u00f1os al &#8216;Padre Chus&#8217; En un giro reciente en los eventos judiciales, el tribunal de Asturias ha revocado &#8230; <a title=\"\u00a1Esc\u00e1ndalo en Asturias! Anulan condena de 10 a\u00f1os al &#8216;padre Chus&#8217; acusado de ofrecer drogas por sexo\" class=\"read-more\" href=\"https:\/\/www.diario21.tv\/noticias\/escandalo-en-asturias-anulan-condena-de-10-anos-al-padre-chus-acusado-de-ofrecer-drogas-por-sexo\/\" aria-label=\"Leer m\u00e1s sobre \u00a1Esc\u00e1ndalo en Asturias! Anulan condena de 10 a\u00f1os al &#8216;padre Chus&#8217; acusado de ofrecer drogas por sexo\">Seguir leyendo &rarr;<\/a><\/p>\n","protected":false},"author":20,"featured_media":3038,"comment_status":"open","ping_status":"open","sticky":false,"template":"","format":"standard","meta":{"footnotes":""},"categories":[13],"tags":[],"class_list":["post-3037","post","type-post","status-publish","format-standard","has-post-thumbnail","hentry","category-portada"],"yoast_head":"<!-- This site is optimized with the Yoast SEO plugin v25.6 - https:\/\/yoast.com\/wordpress\/plugins\/seo\/ -->\n<title>\u00a1Esc\u00e1ndalo en Asturias! Anulan condena de 10 a\u00f1os al &#039;padre Chus&#039; acusado de ofrecer drogas por sexo - Diario 21<\/title>\n<meta name=\"robots\" content=\"index, follow, max-snippet:-1, max-image-preview:large, max-video-preview:-1\" \/>\n<link rel=\"canonical\" href=\"https:\/\/www.diario21.tv\/noticias\/escandalo-en-asturias-anulan-condena-de-10-anos-al-padre-chus-acusado-de-ofrecer-drogas-por-sexo\/\" \/>\n<meta property=\"og:locale\" content=\"es_ES\" \/>\n<meta property=\"og:type\" content=\"article\" \/>\n<meta property=\"og:title\" content=\"\u00a1Esc\u00e1ndalo en Asturias! Anulan condena de 10 a\u00f1os al &#039;padre Chus&#039; acusado de ofrecer drogas por sexo - Diario 21\" \/>\n<meta property=\"og:description\" content=\"El Tribunal de Asturias Revoca Sentencia de Diez A\u00f1os al &#8216;Padre Chus&#8217; En un giro reciente en los eventos judiciales, el tribunal de Asturias ha revocado ... Seguir leyendo &rarr;\" \/>\n<meta property=\"og:url\" content=\"https:\/\/www.diario21.tv\/noticias\/escandalo-en-asturias-anulan-condena-de-10-anos-al-padre-chus-acusado-de-ofrecer-drogas-por-sexo\/\" \/>\n<meta property=\"og:site_name\" content=\"Diario 21\" \/>\n<meta property=\"article:published_time\" content=\"2025-05-06T16:16:53+00:00\" \/>\n<meta property=\"article:modified_time\" content=\"2025-05-06T16:16:54+00:00\" \/>\n<meta property=\"og:image\" content=\"https:\/\/www.diario21.tv\/noticias\/wp-content\/uploads\/2025\/05\/\u00a1Escandalo-en-Asturias-Anulan-condena-de-10-anos-al-padre.jpg\" \/>\n\t<meta property=\"og:image:width\" content=\"1200\" \/>\n\t<meta property=\"og:image:height\" content=\"840\" \/>\n\t<meta property=\"og:image:type\" content=\"image\/jpeg\" \/>\n<meta name=\"author\" content=\"Juan P\u00e9rez\" \/>\n<meta name=\"twitter:card\" content=\"summary_large_image\" \/>\n<meta name=\"twitter:label1\" content=\"Escrito por\" \/>\n\t<meta name=\"twitter:data1\" content=\"Juan P\u00e9rez\" \/>\n\t<meta name=\"twitter:label2\" content=\"Tiempo de lectura\" \/>\n\t<meta name=\"twitter:data2\" content=\"2 minutos\" \/>\n<script type=\"application\/ld+json\" class=\"yoast-schema-graph\">{\"@context\":\"https:\/\/schema.org\",\"@graph\":[{\"@type\":\"WebPage\",\"@id\":\"https:\/\/www.diario21.tv\/noticias\/escandalo-en-asturias-anulan-condena-de-10-anos-al-padre-chus-acusado-de-ofrecer-drogas-por-sexo\/\",\"url\":\"https:\/\/www.diario21.tv\/noticias\/escandalo-en-asturias-anulan-condena-de-10-anos-al-padre-chus-acusado-de-ofrecer-drogas-por-sexo\/\",\"name\":\"\u00a1Esc\u00e1ndalo en Asturias! Anulan condena de 10 a\u00f1os al 'padre Chus' acusado de ofrecer drogas por sexo - Diario 21\",\"isPartOf\":{\"@id\":\"https:\/\/www.diario21.tv\/noticias\/#website\"},\"primaryImageOfPage\":{\"@id\":\"https:\/\/www.diario21.tv\/noticias\/escandalo-en-asturias-anulan-condena-de-10-anos-al-padre-chus-acusado-de-ofrecer-drogas-por-sexo\/#primaryimage\"},\"image\":{\"@id\":\"https:\/\/www.diario21.tv\/noticias\/escandalo-en-asturias-anulan-condena-de-10-anos-al-padre-chus-acusado-de-ofrecer-drogas-por-sexo\/#primaryimage\"},\"thumbnailUrl\":\"https:\/\/www.diario21.tv\/noticias\/wp-content\/uploads\/2025\/05\/\u00a1Escandalo-en-Asturias-Anulan-condena-de-10-anos-al-padre.jpg\",\"datePublished\":\"2025-05-06T16:16:53+00:00\",\"dateModified\":\"2025-05-06T16:16:54+00:00\",\"author\":{\"@id\":\"https:\/\/www.diario21.tv\/noticias\/#\/schema\/person\/dfb778f73814d8f09f302618446a526b\"},\"breadcrumb\":{\"@id\":\"https:\/\/www.diario21.tv\/noticias\/escandalo-en-asturias-anulan-condena-de-10-anos-al-padre-chus-acusado-de-ofrecer-drogas-por-sexo\/#breadcrumb\"},\"inLanguage\":\"es-AR\",\"potentialAction\":[{\"@type\":\"ReadAction\",\"target\":[\"https:\/\/www.diario21.tv\/noticias\/escandalo-en-asturias-anulan-condena-de-10-anos-al-padre-chus-acusado-de-ofrecer-drogas-por-sexo\/\"]}]},{\"@type\":\"ImageObject\",\"inLanguage\":\"es-AR\",\"@id\":\"https:\/\/www.diario21.tv\/noticias\/escandalo-en-asturias-anulan-condena-de-10-anos-al-padre-chus-acusado-de-ofrecer-drogas-por-sexo\/#primaryimage\",\"url\":\"https:\/\/www.diario21.tv\/noticias\/wp-content\/uploads\/2025\/05\/\u00a1Escandalo-en-Asturias-Anulan-condena-de-10-anos-al-padre.jpg\",\"contentUrl\":\"https:\/\/www.diario21.tv\/noticias\/wp-content\/uploads\/2025\/05\/\u00a1Escandalo-en-Asturias-Anulan-condena-de-10-anos-al-padre.jpg\",\"width\":1200,\"height\":840,\"caption\":\"La justicia asturiana anula la condena de diez a\u00f1os de c\u00e1rcel al &amp;#039;padre Chus&amp;#039; por ofrecer droga a menores a cambio de sexo\"},{\"@type\":\"BreadcrumbList\",\"@id\":\"https:\/\/www.diario21.tv\/noticias\/escandalo-en-asturias-anulan-condena-de-10-anos-al-padre-chus-acusado-de-ofrecer-drogas-por-sexo\/#breadcrumb\",\"itemListElement\":[{\"@type\":\"ListItem\",\"position\":1,\"name\":\"Accueil\",\"item\":\"https:\/\/www.diario21.tv\/noticias\/\"},{\"@type\":\"ListItem\",\"position\":2,\"name\":\"\u00a1Esc\u00e1ndalo en Asturias! Anulan condena de 10 a\u00f1os al &#8216;padre Chus&#8217; acusado de ofrecer drogas por sexo\"}]},{\"@type\":\"WebSite\",\"@id\":\"https:\/\/www.diario21.tv\/noticias\/#website\",\"url\":\"https:\/\/www.diario21.tv\/noticias\/\",\"name\":\"Diario 21\",\"description\":\"\",\"potentialAction\":[{\"@type\":\"SearchAction\",\"target\":{\"@type\":\"EntryPoint\",\"urlTemplate\":\"https:\/\/www.diario21.tv\/noticias\/?s={search_term_string}\"},\"query-input\":{\"@type\":\"PropertyValueSpecification\",\"valueRequired\":true,\"valueName\":\"search_term_string\"}}],\"inLanguage\":\"es-AR\"},{\"@type\":\"Person\",\"@id\":\"https:\/\/www.diario21.tv\/noticias\/#\/schema\/person\/dfb778f73814d8f09f302618446a526b\",\"name\":\"Juan P\u00e9rez\",\"image\":{\"@type\":\"ImageObject\",\"inLanguage\":\"es-AR\",\"@id\":\"https:\/\/www.diario21.tv\/noticias\/#\/schema\/person\/image\/\",\"url\":\"https:\/\/secure.gravatar.com\/avatar\/c478a405bd10621167f4c3167cc770f5?s=96&d=mm&r=g\",\"contentUrl\":\"https:\/\/secure.gravatar.com\/avatar\/c478a405bd10621167f4c3167cc770f5?s=96&d=mm&r=g\",\"caption\":\"Juan P\u00e9rez\"},\"description\":\"Juan P\u00e9rez es el redactor en jefe de Diario 21. Con m\u00e1s de 10 a\u00f1os de experiencia en el periodismo, se especializa en pol\u00edtica nacional y an\u00e1lisis socioecon\u00f3mico. Su enfoque cr\u00edtico y riguroso aporta una perspectiva \u00fanica a cada art\u00edculo.\",\"sameAs\":[\"https:\/\/www.diario21.tv\/noticias\/\"],\"url\":\"https:\/\/www.diario21.tv\/noticias\/author\/juan-perez\/\"}]}<\/script>\n<!-- \/ Yoast SEO plugin. -->","yoast_head_json":{"title":"\u00a1Esc\u00e1ndalo en Asturias! Anulan condena de 10 a\u00f1os al 'padre Chus' acusado de ofrecer drogas por sexo - Diario 21","robots":{"index":"index","follow":"follow","max-snippet":"max-snippet:-1","max-image-preview":"max-image-preview:large","max-video-preview":"max-video-preview:-1"},"canonical":"https:\/\/www.diario21.tv\/noticias\/escandalo-en-asturias-anulan-condena-de-10-anos-al-padre-chus-acusado-de-ofrecer-drogas-por-sexo\/","og_locale":"es_ES","og_type":"article","og_title":"\u00a1Esc\u00e1ndalo en Asturias! Anulan condena de 10 a\u00f1os al 'padre Chus' acusado de ofrecer drogas por sexo - Diario 21","og_description":"El Tribunal de Asturias Revoca Sentencia de Diez A\u00f1os al &#8216;Padre Chus&#8217; En un giro reciente en los eventos judiciales, el tribunal de Asturias ha revocado ... Seguir leyendo &rarr;","og_url":"https:\/\/www.diario21.tv\/noticias\/escandalo-en-asturias-anulan-condena-de-10-anos-al-padre-chus-acusado-de-ofrecer-drogas-por-sexo\/","og_site_name":"Diario 21","article_published_time":"2025-05-06T16:16:53+00:00","article_modified_time":"2025-05-06T16:16:54+00:00","og_image":[{"width":1200,"height":840,"url":"https:\/\/www.diario21.tv\/noticias\/wp-content\/uploads\/2025\/05\/\u00a1Escandalo-en-Asturias-Anulan-condena-de-10-anos-al-padre.jpg","type":"image\/jpeg"}],"author":"Juan P\u00e9rez","twitter_card":"summary_large_image","twitter_misc":{"Escrito por":"Juan P\u00e9rez","Tiempo de lectura":"2 minutos"},"schema":{"@context":"https:\/\/schema.org","@graph":[{"@type":"WebPage","@id":"https:\/\/www.diario21.tv\/noticias\/escandalo-en-asturias-anulan-condena-de-10-anos-al-padre-chus-acusado-de-ofrecer-drogas-por-sexo\/","url":"https:\/\/www.diario21.tv\/noticias\/escandalo-en-asturias-anulan-condena-de-10-anos-al-padre-chus-acusado-de-ofrecer-drogas-por-sexo\/","name":"\u00a1Esc\u00e1ndalo en Asturias! Anulan condena de 10 a\u00f1os al 'padre Chus' acusado de ofrecer drogas por sexo - Diario 21","isPartOf":{"@id":"https:\/\/www.diario21.tv\/noticias\/#website"},"primaryImageOfPage":{"@id":"https:\/\/www.diario21.tv\/noticias\/escandalo-en-asturias-anulan-condena-de-10-anos-al-padre-chus-acusado-de-ofrecer-drogas-por-sexo\/#primaryimage"},"image":{"@id":"https:\/\/www.diario21.tv\/noticias\/escandalo-en-asturias-anulan-condena-de-10-anos-al-padre-chus-acusado-de-ofrecer-drogas-por-sexo\/#primaryimage"},"thumbnailUrl":"https:\/\/www.diario21.tv\/noticias\/wp-content\/uploads\/2025\/05\/\u00a1Escandalo-en-Asturias-Anulan-condena-de-10-anos-al-padre.jpg","datePublished":"2025-05-06T16:16:53+00:00","dateModified":"2025-05-06T16:16:54+00:00","author":{"@id":"https:\/\/www.diario21.tv\/noticias\/#\/schema\/person\/dfb778f73814d8f09f302618446a526b"},"breadcrumb":{"@id":"https:\/\/www.diario21.tv\/noticias\/escandalo-en-asturias-anulan-condena-de-10-anos-al-padre-chus-acusado-de-ofrecer-drogas-por-sexo\/#breadcrumb"},"inLanguage":"es-AR","potentialAction":[{"@type":"ReadAction","target":["https:\/\/www.diario21.tv\/noticias\/escandalo-en-asturias-anulan-condena-de-10-anos-al-padre-chus-acusado-de-ofrecer-drogas-por-sexo\/"]}]},{"@type":"ImageObject","inLanguage":"es-AR","@id":"https:\/\/www.diario21.tv\/noticias\/escandalo-en-asturias-anulan-condena-de-10-anos-al-padre-chus-acusado-de-ofrecer-drogas-por-sexo\/#primaryimage","url":"https:\/\/www.diario21.tv\/noticias\/wp-content\/uploads\/2025\/05\/\u00a1Escandalo-en-Asturias-Anulan-condena-de-10-anos-al-padre.jpg","contentUrl":"https:\/\/www.diario21.tv\/noticias\/wp-content\/uploads\/2025\/05\/\u00a1Escandalo-en-Asturias-Anulan-condena-de-10-anos-al-padre.jpg","width":1200,"height":840,"caption":"La justicia asturiana anula la condena de diez a\u00f1os de c\u00e1rcel al &amp;#039;padre Chus&amp;#039; por ofrecer droga a menores a cambio de sexo"},{"@type":"BreadcrumbList","@id":"https:\/\/www.diario21.tv\/noticias\/escandalo-en-asturias-anulan-condena-de-10-anos-al-padre-chus-acusado-de-ofrecer-drogas-por-sexo\/#breadcrumb","itemListElement":[{"@type":"ListItem","position":1,"name":"Accueil","item":"https:\/\/www.diario21.tv\/noticias\/"},{"@type":"ListItem","position":2,"name":"\u00a1Esc\u00e1ndalo en Asturias! Anulan condena de 10 a\u00f1os al &#8216;padre Chus&#8217; acusado de ofrecer drogas por sexo"}]},{"@type":"WebSite","@id":"https:\/\/www.diario21.tv\/noticias\/#website","url":"https:\/\/www.diario21.tv\/noticias\/","name":"Diario 21","description":"","potentialAction":[{"@type":"SearchAction","target":{"@type":"EntryPoint","urlTemplate":"https:\/\/www.diario21.tv\/noticias\/?s={search_term_string}"},"query-input":{"@type":"PropertyValueSpecification","valueRequired":true,"valueName":"search_term_string"}}],"inLanguage":"es-AR"},{"@type":"Person","@id":"https:\/\/www.diario21.tv\/noticias\/#\/schema\/person\/dfb778f73814d8f09f302618446a526b","name":"Juan P\u00e9rez","image":{"@type":"ImageObject","inLanguage":"es-AR","@id":"https:\/\/www.diario21.tv\/noticias\/#\/schema\/person\/image\/","url":"https:\/\/secure.gravatar.com\/avatar\/c478a405bd10621167f4c3167cc770f5?s=96&d=mm&r=g","contentUrl":"https:\/\/secure.gravatar.com\/avatar\/c478a405bd10621167f4c3167cc770f5?s=96&d=mm&r=g","caption":"Juan P\u00e9rez"},"description":"Juan P\u00e9rez es el redactor en jefe de Diario 21. Con m\u00e1s de 10 a\u00f1os de experiencia en el periodismo, se especializa en pol\u00edtica nacional y an\u00e1lisis socioecon\u00f3mico. Su enfoque cr\u00edtico y riguroso aporta una perspectiva \u00fanica a cada art\u00edculo.","sameAs":["https:\/\/www.diario21.tv\/noticias\/"],"url":"https:\/\/www.diario21.tv\/noticias\/author\/juan-perez\/"}]}},"_links":{"self":[{"href":"https:\/\/www.diario21.tv\/noticias\/wp-json\/wp\/v2\/posts\/3037"}],"collection":[{"href":"https:\/\/www.diario21.tv\/noticias\/wp-json\/wp\/v2\/posts"}],"about":[{"href":"https:\/\/www.diario21.tv\/noticias\/wp-json\/wp\/v2\/types\/post"}],"author":[{"embeddable":true,"href":"https:\/\/www.diario21.tv\/noticias\/wp-json\/wp\/v2\/users\/20"}],"replies":[{"embeddable":true,"href":"https:\/\/www.diario21.tv\/noticias\/wp-json\/wp\/v2\/comments?post=3037"}],"version-history":[{"count":1,"href":"https:\/\/www.diario21.tv\/noticias\/wp-json\/wp\/v2\/posts\/3037\/revisions"}],"predecessor-version":[{"id":3039,"href":"https:\/\/www.diario21.tv\/noticias\/wp-json\/wp\/v2\/posts\/3037\/revisions\/3039"}],"wp:featuredmedia":[{"embeddable":true,"href":"https:\/\/www.diario21.tv\/noticias\/wp-json\/wp\/v2\/media\/3038"}],"wp:attachment":[{"href":"https:\/\/www.diario21.tv\/noticias\/wp-json\/wp\/v2\/media?parent=3037"}],"wp:term":[{"taxonomy":"category","embeddable":true,"href":"https:\/\/www.diario21.tv\/noticias\/wp-json\/wp\/v2\/categories?post=3037"},{"taxonomy":"post_tag","embeddable":true,"href":"https:\/\/www.diario21.tv\/noticias\/wp-json\/wp\/v2\/tags?post=3037"}],"curies":[{"name":"wp","href":"https:\/\/api.w.org\/{rel}","templated":true}]}}