{"id":3034,"date":"2025-05-06T10:13:22","date_gmt":"2025-05-06T10:13:22","guid":{"rendered":"https:\/\/www.diario21.tv\/noticias\/impactante-hombre-arrestado-por-asesinato-a-tiros-en-murcia\/"},"modified":"2025-05-06T10:13:23","modified_gmt":"2025-05-06T10:13:23","slug":"impactante-hombre-arrestado-por-asesinato-a-tiros-en-murcia","status":"publish","type":"post","link":"https:\/\/www.diario21.tv\/noticias\/impactante-hombre-arrestado-por-asesinato-a-tiros-en-murcia\/","title":{"rendered":"\u00a1Impactante! Hombre arrestado por asesinato a tiros en Murcia"},"content":{"rendered":"<h2>Arresto en Murcia por Homicidio a Balazos<\/h2>\n<p>En un reciente suceso que ha conmocionado a la comunidad de un peque\u00f1o pueblo en Murcia, las autoridades han procedido a la detenci\u00f3n de un individuo acusado de asesinar a otro hombre utilizando un arma de fuego. El incidente, que tuvo lugar en la tranquilidad de esta localidad, ha dejado a los residentes en estado de shock y preocupaci\u00f3n por el aumento de la violencia.<\/p>\n<h3>Detalles del Incidente<\/h3>\n<p>El tr\u00e1gico evento ocurri\u00f3 durante las \u00faltimas horas del d\u00eda, cuando se reportaron disparos que alarmaron a los vecinos del \u00e1rea. Seg\u00fan informes preliminares de la polic\u00eda, tras recibir varias llamadas de emergencia, las fuerzas de seguridad se movilizaron r\u00e1pidamente al lugar de los hechos. Al llegar, encontraron a un hombre gravemente herido por impactos de bala.<\/p>\n<p>A pesar de los esfuerzos de los servicios m\u00e9dicos por salvarle la vida, la v\u00edctima fue declarada muerta en el sitio debido a la gravedad de sus heridas. El \u00e1rea fue acordonada inmediatamente mientras se iniciaba una investigaci\u00f3n exhaustiva para esclarecer las circunstancias que rodearon el suceso.<\/p>\n<h3>La Captura del Sospechoso<\/h3>\n<p>La r\u00e1pida acci\u00f3n de la polic\u00eda llev\u00f3 a la identificaci\u00f3n y arresto del sospechoso, quien fue encontrado en las inmediaciones del lugar del crimen. El detenido, cuya identidad no ha sido revelada por motivos legales, est\u00e1 siendo interrogado por las autoridades. Se espera que en los pr\u00f3ximos d\u00edas se lleven a cabo m\u00e1s averiguaciones que puedan determinar el motivo del homicidio y si exist\u00edan previas rencillas entre el agresor y la v\u00edctima.<\/p>\n<h3>Reacciones de la Comunidad<\/h3>\n<p>La noticia del asesinato ha generado una ola de reacciones entre los habitantes del pueblo, quienes expresan su temor y consternaci\u00f3n por un acto tan violento ocurrido en su comunidad. Muchos han pedido a las autoridades m\u00e1s medidas de seguridad y vigilancia para prevenir futuros incidentes y garantizar la paz en el \u00e1rea.<\/p>\n<h3>Investigaci\u00f3n en Curso<\/h3>\n<p>Por el momento, la investigaci\u00f3n sigue en curso y se est\u00e1n llevando a cabo diversas diligencias para recopilar m\u00e1s evidencias que ayuden a esclarecer completamente este lamentable suceso. La polic\u00eda ha hecho un llamado a cualquier persona que tenga informaci\u00f3n que pueda contribuir al caso para que se acerque y colabore con las autoridades.<\/p>\n<p>Este tr\u00e1gico incidente ha recordado a la comunidad la importancia de la colaboraci\u00f3n ciudadana y la vigilancia constante para mantener la seguridad y el bienestar de todos los residentes.<\/p>\n\n\n<div class=\"kk-star-ratings kksr-auto kksr-align-left kksr-valign-bottom\"\n    data-payload='{&quot;align&quot;:&quot;left&quot;,&quot;id&quot;:&quot;3034&quot;,&quot;slug&quot;:&quot;default&quot;,&quot;valign&quot;:&quot;bottom&quot;,&quot;ignore&quot;:&quot;&quot;,&quot;reference&quot;:&quot;auto&quot;,&quot;class&quot;:&quot;&quot;,&quot;count&quot;:&quot;0&quot;,&quot;legendonly&quot;:&quot;&quot;,&quot;readonly&quot;:&quot;&quot;,&quot;score&quot;:&quot;0&quot;,&quot;starsonly&quot;:&quot;&quot;,&quot;best&quot;:&quot;5&quot;,&quot;gap&quot;:&quot;5&quot;,&quot;greet&quot;:&quot;Valora este post&quot;,&quot;legend&quot;:&quot;0\\\/5 - (0 votes)&quot;,&quot;size&quot;:&quot;22&quot;,&quot;title&quot;:&quot;\u00a1Impactante! Hombre arrestado por asesinato a tiros en Murcia&quot;,&quot;width&quot;:&quot;0&quot;,&quot;_legend&quot;:&quot;{score}\\\/{best} - ({count} {votes})&quot;,&quot;font_factor&quot;:&quot;1.25&quot;}'>\n            \n<div class=\"kksr-stars\">\n    \n<div class=\"kksr-stars-inactive\">\n            <div class=\"kksr-star\" data-star=\"1\" style=\"padding-right: 5px\">\n            \n\n<div class=\"kksr-icon\" style=\"width: 22px; height: 22px;\"><\/div>\n        <\/div>\n            <div class=\"kksr-star\" data-star=\"2\" style=\"padding-right: 5px\">\n            \n\n<div class=\"kksr-icon\" style=\"width: 22px; height: 22px;\"><\/div>\n        <\/div>\n            <div class=\"kksr-star\" data-star=\"3\" style=\"padding-right: 5px\">\n            \n\n<div class=\"kksr-icon\" style=\"width: 22px; height: 22px;\"><\/div>\n        <\/div>\n            <div class=\"kksr-star\" data-star=\"4\" style=\"padding-right: 5px\">\n            \n\n<div class=\"kksr-icon\" style=\"width: 22px; height: 22px;\"><\/div>\n        <\/div>\n            <div class=\"kksr-star\" data-star=\"5\" style=\"padding-right: 5px\">\n            \n\n<div class=\"kksr-icon\" style=\"width: 22px; height: 22px;\"><\/div>\n        <\/div>\n    <\/div>\n    \n<div class=\"kksr-stars-active\" style=\"width: 0px;\">\n            <div class=\"kksr-star\" style=\"padding-right: 5px\">\n            \n\n<div class=\"kksr-icon\" style=\"width: 22px; height: 22px;\"><\/div>\n        <\/div>\n            <div class=\"kksr-star\" style=\"padding-right: 5px\">\n            \n\n<div class=\"kksr-icon\" style=\"width: 22px; height: 22px;\"><\/div>\n        <\/div>\n            <div class=\"kksr-star\" style=\"padding-right: 5px\">\n            \n\n<div class=\"kksr-icon\" style=\"width: 22px; height: 22px;\"><\/div>\n        <\/div>\n            <div class=\"kksr-star\" style=\"padding-right: 5px\">\n            \n\n<div class=\"kksr-icon\" style=\"width: 22px; height: 22px;\"><\/div>\n        <\/div>\n            <div class=\"kksr-star\" style=\"padding-right: 5px\">\n            \n\n<div class=\"kksr-icon\" style=\"width: 22px; height: 22px;\"><\/div>\n        <\/div>\n    <\/div>\n<\/div>\n                \n\n<div class=\"kksr-legend\" style=\"font-size: 17.6px;\">\n            <span class=\"kksr-muted\">Valora este post<\/span>\n    <\/div>\n    <\/div>\n","protected":false},"excerpt":{"rendered":"<p>Arresto en Murcia por Homicidio a Balazos En un reciente suceso que ha conmocionado a la comunidad de un peque\u00f1o pueblo en Murcia, las autoridades han &#8230; <a title=\"\u00a1Impactante! Hombre arrestado por asesinato a tiros en Murcia\" class=\"read-more\" href=\"https:\/\/www.diario21.tv\/noticias\/impactante-hombre-arrestado-por-asesinato-a-tiros-en-murcia\/\" aria-label=\"Leer m\u00e1s sobre \u00a1Impactante! Hombre arrestado por asesinato a tiros en Murcia\">Seguir leyendo &rarr;<\/a><\/p>\n","protected":false},"author":20,"featured_media":3035,"comment_status":"open","ping_status":"open","sticky":false,"template":"","format":"standard","meta":{"footnotes":""},"categories":[13],"tags":[],"class_list":["post-3034","post","type-post","status-publish","format-standard","has-post-thumbnail","hentry","category-portada"],"yoast_head":"<!-- This site is optimized with the Yoast SEO plugin v25.6 - https:\/\/yoast.com\/wordpress\/plugins\/seo\/ -->\n<title>\u00a1Impactante! Hombre arrestado por asesinato a tiros en Murcia - Diario 21<\/title>\n<meta name=\"robots\" content=\"index, follow, max-snippet:-1, max-image-preview:large, max-video-preview:-1\" \/>\n<link rel=\"canonical\" href=\"https:\/\/www.diario21.tv\/noticias\/impactante-hombre-arrestado-por-asesinato-a-tiros-en-murcia\/\" \/>\n<meta property=\"og:locale\" content=\"es_ES\" \/>\n<meta property=\"og:type\" content=\"article\" \/>\n<meta property=\"og:title\" content=\"\u00a1Impactante! Hombre arrestado por asesinato a tiros en Murcia - Diario 21\" \/>\n<meta property=\"og:description\" content=\"Arresto en Murcia por Homicidio a Balazos En un reciente suceso que ha conmocionado a la comunidad de un peque\u00f1o pueblo en Murcia, las autoridades han ... Seguir leyendo &rarr;\" \/>\n<meta property=\"og:url\" content=\"https:\/\/www.diario21.tv\/noticias\/impactante-hombre-arrestado-por-asesinato-a-tiros-en-murcia\/\" \/>\n<meta property=\"og:site_name\" content=\"Diario 21\" \/>\n<meta property=\"article:published_time\" content=\"2025-05-06T10:13:22+00:00\" \/>\n<meta property=\"article:modified_time\" content=\"2025-05-06T10:13:23+00:00\" \/>\n<meta property=\"og:image\" content=\"https:\/\/www.diario21.tv\/noticias\/wp-content\/uploads\/2025\/05\/\u00a1Impactante-Hombre-arrestado-por-asesinato-a-tiros-en-Murcia.jpg\" \/>\n\t<meta property=\"og:image:width\" content=\"1200\" \/>\n\t<meta property=\"og:image:height\" content=\"840\" \/>\n\t<meta property=\"og:image:type\" content=\"image\/jpeg\" \/>\n<meta name=\"author\" content=\"Juan P\u00e9rez\" \/>\n<meta name=\"twitter:card\" content=\"summary_large_image\" \/>\n<meta name=\"twitter:label1\" content=\"Escrito por\" \/>\n\t<meta name=\"twitter:data1\" content=\"Juan P\u00e9rez\" \/>\n\t<meta name=\"twitter:label2\" content=\"Tiempo de lectura\" \/>\n\t<meta name=\"twitter:data2\" content=\"2 minutos\" \/>\n<script type=\"application\/ld+json\" class=\"yoast-schema-graph\">{\"@context\":\"https:\/\/schema.org\",\"@graph\":[{\"@type\":\"WebPage\",\"@id\":\"https:\/\/www.diario21.tv\/noticias\/impactante-hombre-arrestado-por-asesinato-a-tiros-en-murcia\/\",\"url\":\"https:\/\/www.diario21.tv\/noticias\/impactante-hombre-arrestado-por-asesinato-a-tiros-en-murcia\/\",\"name\":\"\u00a1Impactante! Hombre arrestado por asesinato a tiros en Murcia - Diario 21\",\"isPartOf\":{\"@id\":\"https:\/\/www.diario21.tv\/noticias\/#website\"},\"primaryImageOfPage\":{\"@id\":\"https:\/\/www.diario21.tv\/noticias\/impactante-hombre-arrestado-por-asesinato-a-tiros-en-murcia\/#primaryimage\"},\"image\":{\"@id\":\"https:\/\/www.diario21.tv\/noticias\/impactante-hombre-arrestado-por-asesinato-a-tiros-en-murcia\/#primaryimage\"},\"thumbnailUrl\":\"https:\/\/www.diario21.tv\/noticias\/wp-content\/uploads\/2025\/05\/\u00a1Impactante-Hombre-arrestado-por-asesinato-a-tiros-en-Murcia.jpg\",\"datePublished\":\"2025-05-06T10:13:22+00:00\",\"dateModified\":\"2025-05-06T10:13:23+00:00\",\"author\":{\"@id\":\"https:\/\/www.diario21.tv\/noticias\/#\/schema\/person\/dfb778f73814d8f09f302618446a526b\"},\"breadcrumb\":{\"@id\":\"https:\/\/www.diario21.tv\/noticias\/impactante-hombre-arrestado-por-asesinato-a-tiros-en-murcia\/#breadcrumb\"},\"inLanguage\":\"es-AR\",\"potentialAction\":[{\"@type\":\"ReadAction\",\"target\":[\"https:\/\/www.diario21.tv\/noticias\/impactante-hombre-arrestado-por-asesinato-a-tiros-en-murcia\/\"]}]},{\"@type\":\"ImageObject\",\"inLanguage\":\"es-AR\",\"@id\":\"https:\/\/www.diario21.tv\/noticias\/impactante-hombre-arrestado-por-asesinato-a-tiros-en-murcia\/#primaryimage\",\"url\":\"https:\/\/www.diario21.tv\/noticias\/wp-content\/uploads\/2025\/05\/\u00a1Impactante-Hombre-arrestado-por-asesinato-a-tiros-en-Murcia.jpg\",\"contentUrl\":\"https:\/\/www.diario21.tv\/noticias\/wp-content\/uploads\/2025\/05\/\u00a1Impactante-Hombre-arrestado-por-asesinato-a-tiros-en-Murcia.jpg\",\"width\":1200,\"height\":840,\"caption\":\"Detienen a un hombre por matar a otro a tiros en un pueblo de Murcia\"},{\"@type\":\"BreadcrumbList\",\"@id\":\"https:\/\/www.diario21.tv\/noticias\/impactante-hombre-arrestado-por-asesinato-a-tiros-en-murcia\/#breadcrumb\",\"itemListElement\":[{\"@type\":\"ListItem\",\"position\":1,\"name\":\"Accueil\",\"item\":\"https:\/\/www.diario21.tv\/noticias\/\"},{\"@type\":\"ListItem\",\"position\":2,\"name\":\"\u00a1Impactante! Hombre arrestado por asesinato a tiros en Murcia\"}]},{\"@type\":\"WebSite\",\"@id\":\"https:\/\/www.diario21.tv\/noticias\/#website\",\"url\":\"https:\/\/www.diario21.tv\/noticias\/\",\"name\":\"Diario 21\",\"description\":\"\",\"potentialAction\":[{\"@type\":\"SearchAction\",\"target\":{\"@type\":\"EntryPoint\",\"urlTemplate\":\"https:\/\/www.diario21.tv\/noticias\/?s={search_term_string}\"},\"query-input\":{\"@type\":\"PropertyValueSpecification\",\"valueRequired\":true,\"valueName\":\"search_term_string\"}}],\"inLanguage\":\"es-AR\"},{\"@type\":\"Person\",\"@id\":\"https:\/\/www.diario21.tv\/noticias\/#\/schema\/person\/dfb778f73814d8f09f302618446a526b\",\"name\":\"Juan P\u00e9rez\",\"image\":{\"@type\":\"ImageObject\",\"inLanguage\":\"es-AR\",\"@id\":\"https:\/\/www.diario21.tv\/noticias\/#\/schema\/person\/image\/\",\"url\":\"https:\/\/secure.gravatar.com\/avatar\/c478a405bd10621167f4c3167cc770f5?s=96&d=mm&r=g\",\"contentUrl\":\"https:\/\/secure.gravatar.com\/avatar\/c478a405bd10621167f4c3167cc770f5?s=96&d=mm&r=g\",\"caption\":\"Juan P\u00e9rez\"},\"description\":\"Juan P\u00e9rez es el redactor en jefe de Diario 21. Con m\u00e1s de 10 a\u00f1os de experiencia en el periodismo, se especializa en pol\u00edtica nacional y an\u00e1lisis socioecon\u00f3mico. Su enfoque cr\u00edtico y riguroso aporta una perspectiva \u00fanica a cada art\u00edculo.\",\"sameAs\":[\"https:\/\/www.diario21.tv\/noticias\/\"],\"url\":\"https:\/\/www.diario21.tv\/noticias\/author\/juan-perez\/\"}]}<\/script>\n<!-- \/ Yoast SEO plugin. -->","yoast_head_json":{"title":"\u00a1Impactante! Hombre arrestado por asesinato a tiros en Murcia - Diario 21","robots":{"index":"index","follow":"follow","max-snippet":"max-snippet:-1","max-image-preview":"max-image-preview:large","max-video-preview":"max-video-preview:-1"},"canonical":"https:\/\/www.diario21.tv\/noticias\/impactante-hombre-arrestado-por-asesinato-a-tiros-en-murcia\/","og_locale":"es_ES","og_type":"article","og_title":"\u00a1Impactante! Hombre arrestado por asesinato a tiros en Murcia - Diario 21","og_description":"Arresto en Murcia por Homicidio a Balazos En un reciente suceso que ha conmocionado a la comunidad de un peque\u00f1o pueblo en Murcia, las autoridades han ... Seguir leyendo &rarr;","og_url":"https:\/\/www.diario21.tv\/noticias\/impactante-hombre-arrestado-por-asesinato-a-tiros-en-murcia\/","og_site_name":"Diario 21","article_published_time":"2025-05-06T10:13:22+00:00","article_modified_time":"2025-05-06T10:13:23+00:00","og_image":[{"width":1200,"height":840,"url":"https:\/\/www.diario21.tv\/noticias\/wp-content\/uploads\/2025\/05\/\u00a1Impactante-Hombre-arrestado-por-asesinato-a-tiros-en-Murcia.jpg","type":"image\/jpeg"}],"author":"Juan P\u00e9rez","twitter_card":"summary_large_image","twitter_misc":{"Escrito por":"Juan P\u00e9rez","Tiempo de lectura":"2 minutos"},"schema":{"@context":"https:\/\/schema.org","@graph":[{"@type":"WebPage","@id":"https:\/\/www.diario21.tv\/noticias\/impactante-hombre-arrestado-por-asesinato-a-tiros-en-murcia\/","url":"https:\/\/www.diario21.tv\/noticias\/impactante-hombre-arrestado-por-asesinato-a-tiros-en-murcia\/","name":"\u00a1Impactante! Hombre arrestado por asesinato a tiros en Murcia - Diario 21","isPartOf":{"@id":"https:\/\/www.diario21.tv\/noticias\/#website"},"primaryImageOfPage":{"@id":"https:\/\/www.diario21.tv\/noticias\/impactante-hombre-arrestado-por-asesinato-a-tiros-en-murcia\/#primaryimage"},"image":{"@id":"https:\/\/www.diario21.tv\/noticias\/impactante-hombre-arrestado-por-asesinato-a-tiros-en-murcia\/#primaryimage"},"thumbnailUrl":"https:\/\/www.diario21.tv\/noticias\/wp-content\/uploads\/2025\/05\/\u00a1Impactante-Hombre-arrestado-por-asesinato-a-tiros-en-Murcia.jpg","datePublished":"2025-05-06T10:13:22+00:00","dateModified":"2025-05-06T10:13:23+00:00","author":{"@id":"https:\/\/www.diario21.tv\/noticias\/#\/schema\/person\/dfb778f73814d8f09f302618446a526b"},"breadcrumb":{"@id":"https:\/\/www.diario21.tv\/noticias\/impactante-hombre-arrestado-por-asesinato-a-tiros-en-murcia\/#breadcrumb"},"inLanguage":"es-AR","potentialAction":[{"@type":"ReadAction","target":["https:\/\/www.diario21.tv\/noticias\/impactante-hombre-arrestado-por-asesinato-a-tiros-en-murcia\/"]}]},{"@type":"ImageObject","inLanguage":"es-AR","@id":"https:\/\/www.diario21.tv\/noticias\/impactante-hombre-arrestado-por-asesinato-a-tiros-en-murcia\/#primaryimage","url":"https:\/\/www.diario21.tv\/noticias\/wp-content\/uploads\/2025\/05\/\u00a1Impactante-Hombre-arrestado-por-asesinato-a-tiros-en-Murcia.jpg","contentUrl":"https:\/\/www.diario21.tv\/noticias\/wp-content\/uploads\/2025\/05\/\u00a1Impactante-Hombre-arrestado-por-asesinato-a-tiros-en-Murcia.jpg","width":1200,"height":840,"caption":"Detienen a un hombre por matar a otro a tiros en un pueblo de Murcia"},{"@type":"BreadcrumbList","@id":"https:\/\/www.diario21.tv\/noticias\/impactante-hombre-arrestado-por-asesinato-a-tiros-en-murcia\/#breadcrumb","itemListElement":[{"@type":"ListItem","position":1,"name":"Accueil","item":"https:\/\/www.diario21.tv\/noticias\/"},{"@type":"ListItem","position":2,"name":"\u00a1Impactante! Hombre arrestado por asesinato a tiros en Murcia"}]},{"@type":"WebSite","@id":"https:\/\/www.diario21.tv\/noticias\/#website","url":"https:\/\/www.diario21.tv\/noticias\/","name":"Diario 21","description":"","potentialAction":[{"@type":"SearchAction","target":{"@type":"EntryPoint","urlTemplate":"https:\/\/www.diario21.tv\/noticias\/?s={search_term_string}"},"query-input":{"@type":"PropertyValueSpecification","valueRequired":true,"valueName":"search_term_string"}}],"inLanguage":"es-AR"},{"@type":"Person","@id":"https:\/\/www.diario21.tv\/noticias\/#\/schema\/person\/dfb778f73814d8f09f302618446a526b","name":"Juan P\u00e9rez","image":{"@type":"ImageObject","inLanguage":"es-AR","@id":"https:\/\/www.diario21.tv\/noticias\/#\/schema\/person\/image\/","url":"https:\/\/secure.gravatar.com\/avatar\/c478a405bd10621167f4c3167cc770f5?s=96&d=mm&r=g","contentUrl":"https:\/\/secure.gravatar.com\/avatar\/c478a405bd10621167f4c3167cc770f5?s=96&d=mm&r=g","caption":"Juan P\u00e9rez"},"description":"Juan P\u00e9rez es el redactor en jefe de Diario 21. Con m\u00e1s de 10 a\u00f1os de experiencia en el periodismo, se especializa en pol\u00edtica nacional y an\u00e1lisis socioecon\u00f3mico. Su enfoque cr\u00edtico y riguroso aporta una perspectiva \u00fanica a cada art\u00edculo.","sameAs":["https:\/\/www.diario21.tv\/noticias\/"],"url":"https:\/\/www.diario21.tv\/noticias\/author\/juan-perez\/"}]}},"_links":{"self":[{"href":"https:\/\/www.diario21.tv\/noticias\/wp-json\/wp\/v2\/posts\/3034"}],"collection":[{"href":"https:\/\/www.diario21.tv\/noticias\/wp-json\/wp\/v2\/posts"}],"about":[{"href":"https:\/\/www.diario21.tv\/noticias\/wp-json\/wp\/v2\/types\/post"}],"author":[{"embeddable":true,"href":"https:\/\/www.diario21.tv\/noticias\/wp-json\/wp\/v2\/users\/20"}],"replies":[{"embeddable":true,"href":"https:\/\/www.diario21.tv\/noticias\/wp-json\/wp\/v2\/comments?post=3034"}],"version-history":[{"count":1,"href":"https:\/\/www.diario21.tv\/noticias\/wp-json\/wp\/v2\/posts\/3034\/revisions"}],"predecessor-version":[{"id":3036,"href":"https:\/\/www.diario21.tv\/noticias\/wp-json\/wp\/v2\/posts\/3034\/revisions\/3036"}],"wp:featuredmedia":[{"embeddable":true,"href":"https:\/\/www.diario21.tv\/noticias\/wp-json\/wp\/v2\/media\/3035"}],"wp:attachment":[{"href":"https:\/\/www.diario21.tv\/noticias\/wp-json\/wp\/v2\/media?parent=3034"}],"wp:term":[{"taxonomy":"category","embeddable":true,"href":"https:\/\/www.diario21.tv\/noticias\/wp-json\/wp\/v2\/categories?post=3034"},{"taxonomy":"post_tag","embeddable":true,"href":"https:\/\/www.diario21.tv\/noticias\/wp-json\/wp\/v2\/tags?post=3034"}],"curies":[{"name":"wp","href":"https:\/\/api.w.org\/{rel}","templated":true}]}}