{"id":3031,"date":"2025-05-06T04:00:34","date_gmt":"2025-05-06T04:00:34","guid":{"rendered":"https:\/\/www.diario21.tv\/noticias\/impactante-la-mitad-de-los-profesores-enfrentan-insultos-y-agresiones-de-alumnos\/"},"modified":"2025-05-06T04:00:35","modified_gmt":"2025-05-06T04:00:35","slug":"impactante-la-mitad-de-los-profesores-enfrentan-insultos-y-agresiones-de-alumnos","status":"publish","type":"post","link":"https:\/\/www.diario21.tv\/noticias\/impactante-la-mitad-de-los-profesores-enfrentan-insultos-y-agresiones-de-alumnos\/","title":{"rendered":"\u00a1Impactante! La mitad de los profesores enfrentan insultos y agresiones de alumnos"},"content":{"rendered":"<h2>El Acoso y la Violencia hacia los Docentes en el Aula<\/h2>\n<p>En los \u00faltimos tiempos, se ha observado un aumento preocupante de los casos de violencia y acoso hacia los profesores en los centros educativos. Seg\u00fan estudios recientes, aproximadamente el 50% de los docentes ha experimentado alguna forma de insulto, amenaza o agresi\u00f3n f\u00edsica por parte de sus estudiantes. Este fen\u00f3meno no solo representa un problema de disciplina escolar, sino que tambi\u00e9n refleja un deterioro en la relaci\u00f3n entre alumnos y profesores, afectando negativamente el ambiente educativo.<\/p>\n<h3>Tipos de Incidentes Reportados<\/h3>\n<p>Los incidentes var\u00edan en gravedad desde insultos verbales y amenazas hasta agresiones f\u00edsicas m\u00e1s graves. Algunos educadores han reportado ser objeto de burlas y palabras ofensivas durante la clase, mientras que otros han enfrentado situaciones m\u00e1s intimidantes como amenazas directas a su integridad f\u00edsica. En casos extremos, ha habido reportes de profesores que han sido f\u00edsicamente atacados por sus alumnos. Estas experiencias no solo afectan la salud mental y emocional de los docentes, sino que tambi\u00e9n comprometen su capacidad para ense\u00f1ar efectivamente.<\/p>\n<h3>Impacto en el Ambiente Educativo<\/h3>\n<p>La presencia de violencia en las aulas crea un ambiente de miedo y ansiedad, no solo para los profesores sino tambi\u00e9n para otros estudiantes que son testigos de estos actos. Esto puede llevar a una disminuci\u00f3n en la calidad de la educaci\u00f3n, ya que el foco se desplaza de la ense\u00f1anza y el aprendizaje hacia la gesti\u00f3n de la conducta disruptiva. Adem\u00e1s, los profesores que se sienten amenazados y no apoyados probablemente tengan una menor motivaci\u00f3n y compromiso con su trabajo, lo que puede resultar en altas tasas de ausentismo y una alta rotaci\u00f3n de personal.<\/p>\n<h3>Respuestas Institucionales<\/h3>\n<p>Frente a esta problem\u00e1tica, muchas instituciones educativas han empezado a implementar pol\u00edticas m\u00e1s estrictas para manejar la disciplina escolar y proteger a los docentes. Estas medidas incluyen la implementaci\u00f3n de c\u00f3digos de conducta claros para los estudiantes, la formaci\u00f3n de los docentes en t\u00e9cnicas de manejo de la conducta y la creaci\u00f3n de sistemas de apoyo donde los profesores pueden reportar incidentes y recibir asesoramiento. Sin embargo, a\u00fan queda mucho por hacer para asegurar que los ambientes educativos sean seguros y propicios para la ense\u00f1anza y el aprendizaje.<\/p>\n<h3>Conclusiones<\/h3>\n<p>La violencia y el acoso hacia los profesores son indicativos de problemas m\u00e1s profundos en el sistema educativo y en la sociedad en general. Abordar estos problemas requiere un enfoque hol\u00edstico que incluya no solo pol\u00edticas disciplinarias m\u00e1s estrictas, sino tambi\u00e9n un enfoque en la educaci\u00f3n emocional y social de los estudiantes, para fomentar el respeto y la empat\u00eda desde una edad temprana. Solo a trav\u00e9s de un compromiso conjunto entre educadores, padres, administradores y la comunidad en general, se podr\u00e1 crear un ambiente educativo que sea verdaderamente seguro y enriquecedor para todos.<\/p>\n\n\n<div class=\"kk-star-ratings kksr-auto kksr-align-left kksr-valign-bottom\"\n    data-payload='{&quot;align&quot;:&quot;left&quot;,&quot;id&quot;:&quot;3031&quot;,&quot;slug&quot;:&quot;default&quot;,&quot;valign&quot;:&quot;bottom&quot;,&quot;ignore&quot;:&quot;&quot;,&quot;reference&quot;:&quot;auto&quot;,&quot;class&quot;:&quot;&quot;,&quot;count&quot;:&quot;0&quot;,&quot;legendonly&quot;:&quot;&quot;,&quot;readonly&quot;:&quot;&quot;,&quot;score&quot;:&quot;0&quot;,&quot;starsonly&quot;:&quot;&quot;,&quot;best&quot;:&quot;5&quot;,&quot;gap&quot;:&quot;5&quot;,&quot;greet&quot;:&quot;Valora este post&quot;,&quot;legend&quot;:&quot;0\\\/5 - (0 votes)&quot;,&quot;size&quot;:&quot;22&quot;,&quot;title&quot;:&quot;\u00a1Impactante! La mitad de los profesores enfrentan insultos y agresiones de alumnos&quot;,&quot;width&quot;:&quot;0&quot;,&quot;_legend&quot;:&quot;{score}\\\/{best} - ({count} {votes})&quot;,&quot;font_factor&quot;:&quot;1.25&quot;}'>\n            \n<div class=\"kksr-stars\">\n    \n<div class=\"kksr-stars-inactive\">\n            <div class=\"kksr-star\" data-star=\"1\" style=\"padding-right: 5px\">\n            \n\n<div class=\"kksr-icon\" style=\"width: 22px; height: 22px;\"><\/div>\n        <\/div>\n            <div class=\"kksr-star\" data-star=\"2\" style=\"padding-right: 5px\">\n            \n\n<div class=\"kksr-icon\" style=\"width: 22px; height: 22px;\"><\/div>\n        <\/div>\n            <div class=\"kksr-star\" data-star=\"3\" style=\"padding-right: 5px\">\n            \n\n<div class=\"kksr-icon\" style=\"width: 22px; height: 22px;\"><\/div>\n        <\/div>\n            <div class=\"kksr-star\" data-star=\"4\" style=\"padding-right: 5px\">\n            \n\n<div class=\"kksr-icon\" style=\"width: 22px; height: 22px;\"><\/div>\n        <\/div>\n            <div class=\"kksr-star\" data-star=\"5\" style=\"padding-right: 5px\">\n            \n\n<div class=\"kksr-icon\" style=\"width: 22px; height: 22px;\"><\/div>\n        <\/div>\n    <\/div>\n    \n<div class=\"kksr-stars-active\" style=\"width: 0px;\">\n            <div class=\"kksr-star\" style=\"padding-right: 5px\">\n            \n\n<div class=\"kksr-icon\" style=\"width: 22px; height: 22px;\"><\/div>\n        <\/div>\n            <div class=\"kksr-star\" style=\"padding-right: 5px\">\n            \n\n<div class=\"kksr-icon\" style=\"width: 22px; height: 22px;\"><\/div>\n        <\/div>\n            <div class=\"kksr-star\" style=\"padding-right: 5px\">\n            \n\n<div class=\"kksr-icon\" style=\"width: 22px; height: 22px;\"><\/div>\n        <\/div>\n            <div class=\"kksr-star\" style=\"padding-right: 5px\">\n            \n\n<div class=\"kksr-icon\" style=\"width: 22px; height: 22px;\"><\/div>\n        <\/div>\n            <div class=\"kksr-star\" style=\"padding-right: 5px\">\n            \n\n<div class=\"kksr-icon\" style=\"width: 22px; height: 22px;\"><\/div>\n        <\/div>\n    <\/div>\n<\/div>\n                \n\n<div class=\"kksr-legend\" style=\"font-size: 17.6px;\">\n            <span class=\"kksr-muted\">Valora este post<\/span>\n    <\/div>\n    <\/div>\n","protected":false},"excerpt":{"rendered":"<p>El Acoso y la Violencia hacia los Docentes en el Aula En los \u00faltimos tiempos, se ha observado un aumento preocupante de los casos de violencia &#8230; <a title=\"\u00a1Impactante! La mitad de los profesores enfrentan insultos y agresiones de alumnos\" class=\"read-more\" href=\"https:\/\/www.diario21.tv\/noticias\/impactante-la-mitad-de-los-profesores-enfrentan-insultos-y-agresiones-de-alumnos\/\" aria-label=\"Leer m\u00e1s sobre \u00a1Impactante! La mitad de los profesores enfrentan insultos y agresiones de alumnos\">Seguir leyendo &rarr;<\/a><\/p>\n","protected":false},"author":20,"featured_media":3032,"comment_status":"open","ping_status":"open","sticky":false,"template":"","format":"standard","meta":{"footnotes":""},"categories":[13],"tags":[],"class_list":["post-3031","post","type-post","status-publish","format-standard","has-post-thumbnail","hentry","category-portada"],"yoast_head":"<!-- This site is optimized with the Yoast SEO plugin v25.6 - https:\/\/yoast.com\/wordpress\/plugins\/seo\/ -->\n<title>\u00a1Impactante! La mitad de los profesores enfrentan insultos y agresiones de alumnos - Diario 21<\/title>\n<meta name=\"robots\" content=\"index, follow, max-snippet:-1, max-image-preview:large, max-video-preview:-1\" \/>\n<link rel=\"canonical\" href=\"https:\/\/www.diario21.tv\/noticias\/impactante-la-mitad-de-los-profesores-enfrentan-insultos-y-agresiones-de-alumnos\/\" \/>\n<meta property=\"og:locale\" content=\"es_ES\" \/>\n<meta property=\"og:type\" content=\"article\" \/>\n<meta property=\"og:title\" content=\"\u00a1Impactante! La mitad de los profesores enfrentan insultos y agresiones de alumnos - Diario 21\" \/>\n<meta property=\"og:description\" content=\"El Acoso y la Violencia hacia los Docentes en el Aula En los \u00faltimos tiempos, se ha observado un aumento preocupante de los casos de violencia ... Seguir leyendo &rarr;\" \/>\n<meta property=\"og:url\" content=\"https:\/\/www.diario21.tv\/noticias\/impactante-la-mitad-de-los-profesores-enfrentan-insultos-y-agresiones-de-alumnos\/\" \/>\n<meta property=\"og:site_name\" content=\"Diario 21\" \/>\n<meta property=\"article:published_time\" content=\"2025-05-06T04:00:34+00:00\" \/>\n<meta property=\"article:modified_time\" content=\"2025-05-06T04:00:35+00:00\" \/>\n<meta property=\"og:image\" content=\"https:\/\/www.diario21.tv\/noticias\/wp-content\/uploads\/2025\/05\/\u00a1Impactante-La-mitad-de-los-profesores-enfrentan-insultos-y-agresiones.JPG\" \/>\n\t<meta property=\"og:image:width\" content=\"800\" \/>\n\t<meta property=\"og:image:height\" content=\"533\" \/>\n\t<meta property=\"og:image:type\" content=\"image\/jpeg\" \/>\n<meta name=\"author\" content=\"Juan P\u00e9rez\" \/>\n<meta name=\"twitter:card\" content=\"summary_large_image\" \/>\n<meta name=\"twitter:label1\" content=\"Escrito por\" \/>\n\t<meta name=\"twitter:data1\" content=\"Juan P\u00e9rez\" \/>\n\t<meta name=\"twitter:label2\" content=\"Tiempo de lectura\" \/>\n\t<meta name=\"twitter:data2\" content=\"2 minutos\" \/>\n<script type=\"application\/ld+json\" class=\"yoast-schema-graph\">{\"@context\":\"https:\/\/schema.org\",\"@graph\":[{\"@type\":\"WebPage\",\"@id\":\"https:\/\/www.diario21.tv\/noticias\/impactante-la-mitad-de-los-profesores-enfrentan-insultos-y-agresiones-de-alumnos\/\",\"url\":\"https:\/\/www.diario21.tv\/noticias\/impactante-la-mitad-de-los-profesores-enfrentan-insultos-y-agresiones-de-alumnos\/\",\"name\":\"\u00a1Impactante! La mitad de los profesores enfrentan insultos y agresiones de alumnos - Diario 21\",\"isPartOf\":{\"@id\":\"https:\/\/www.diario21.tv\/noticias\/#website\"},\"primaryImageOfPage\":{\"@id\":\"https:\/\/www.diario21.tv\/noticias\/impactante-la-mitad-de-los-profesores-enfrentan-insultos-y-agresiones-de-alumnos\/#primaryimage\"},\"image\":{\"@id\":\"https:\/\/www.diario21.tv\/noticias\/impactante-la-mitad-de-los-profesores-enfrentan-insultos-y-agresiones-de-alumnos\/#primaryimage\"},\"thumbnailUrl\":\"https:\/\/www.diario21.tv\/noticias\/wp-content\/uploads\/2025\/05\/\u00a1Impactante-La-mitad-de-los-profesores-enfrentan-insultos-y-agresiones.JPG\",\"datePublished\":\"2025-05-06T04:00:34+00:00\",\"dateModified\":\"2025-05-06T04:00:35+00:00\",\"author\":{\"@id\":\"https:\/\/www.diario21.tv\/noticias\/#\/schema\/person\/dfb778f73814d8f09f302618446a526b\"},\"breadcrumb\":{\"@id\":\"https:\/\/www.diario21.tv\/noticias\/impactante-la-mitad-de-los-profesores-enfrentan-insultos-y-agresiones-de-alumnos\/#breadcrumb\"},\"inLanguage\":\"es-AR\",\"potentialAction\":[{\"@type\":\"ReadAction\",\"target\":[\"https:\/\/www.diario21.tv\/noticias\/impactante-la-mitad-de-los-profesores-enfrentan-insultos-y-agresiones-de-alumnos\/\"]}]},{\"@type\":\"ImageObject\",\"inLanguage\":\"es-AR\",\"@id\":\"https:\/\/www.diario21.tv\/noticias\/impactante-la-mitad-de-los-profesores-enfrentan-insultos-y-agresiones-de-alumnos\/#primaryimage\",\"url\":\"https:\/\/www.diario21.tv\/noticias\/wp-content\/uploads\/2025\/05\/\u00a1Impactante-La-mitad-de-los-profesores-enfrentan-insultos-y-agresiones.JPG\",\"contentUrl\":\"https:\/\/www.diario21.tv\/noticias\/wp-content\/uploads\/2025\/05\/\u00a1Impactante-La-mitad-de-los-profesores-enfrentan-insultos-y-agresiones.JPG\",\"width\":800,\"height\":533,\"caption\":\"La mitad de profesores ha sufrido insultos, amenazas o agresiones de sus alumnos\"},{\"@type\":\"BreadcrumbList\",\"@id\":\"https:\/\/www.diario21.tv\/noticias\/impactante-la-mitad-de-los-profesores-enfrentan-insultos-y-agresiones-de-alumnos\/#breadcrumb\",\"itemListElement\":[{\"@type\":\"ListItem\",\"position\":1,\"name\":\"Accueil\",\"item\":\"https:\/\/www.diario21.tv\/noticias\/\"},{\"@type\":\"ListItem\",\"position\":2,\"name\":\"\u00a1Impactante! La mitad de los profesores enfrentan insultos y agresiones de alumnos\"}]},{\"@type\":\"WebSite\",\"@id\":\"https:\/\/www.diario21.tv\/noticias\/#website\",\"url\":\"https:\/\/www.diario21.tv\/noticias\/\",\"name\":\"Diario 21\",\"description\":\"\",\"potentialAction\":[{\"@type\":\"SearchAction\",\"target\":{\"@type\":\"EntryPoint\",\"urlTemplate\":\"https:\/\/www.diario21.tv\/noticias\/?s={search_term_string}\"},\"query-input\":{\"@type\":\"PropertyValueSpecification\",\"valueRequired\":true,\"valueName\":\"search_term_string\"}}],\"inLanguage\":\"es-AR\"},{\"@type\":\"Person\",\"@id\":\"https:\/\/www.diario21.tv\/noticias\/#\/schema\/person\/dfb778f73814d8f09f302618446a526b\",\"name\":\"Juan P\u00e9rez\",\"image\":{\"@type\":\"ImageObject\",\"inLanguage\":\"es-AR\",\"@id\":\"https:\/\/www.diario21.tv\/noticias\/#\/schema\/person\/image\/\",\"url\":\"https:\/\/secure.gravatar.com\/avatar\/c478a405bd10621167f4c3167cc770f5?s=96&d=mm&r=g\",\"contentUrl\":\"https:\/\/secure.gravatar.com\/avatar\/c478a405bd10621167f4c3167cc770f5?s=96&d=mm&r=g\",\"caption\":\"Juan P\u00e9rez\"},\"description\":\"Juan P\u00e9rez es el redactor en jefe de Diario 21. Con m\u00e1s de 10 a\u00f1os de experiencia en el periodismo, se especializa en pol\u00edtica nacional y an\u00e1lisis socioecon\u00f3mico. Su enfoque cr\u00edtico y riguroso aporta una perspectiva \u00fanica a cada art\u00edculo.\",\"sameAs\":[\"https:\/\/www.diario21.tv\/noticias\/\"],\"url\":\"https:\/\/www.diario21.tv\/noticias\/author\/juan-perez\/\"}]}<\/script>\n<!-- \/ Yoast SEO plugin. -->","yoast_head_json":{"title":"\u00a1Impactante! La mitad de los profesores enfrentan insultos y agresiones de alumnos - Diario 21","robots":{"index":"index","follow":"follow","max-snippet":"max-snippet:-1","max-image-preview":"max-image-preview:large","max-video-preview":"max-video-preview:-1"},"canonical":"https:\/\/www.diario21.tv\/noticias\/impactante-la-mitad-de-los-profesores-enfrentan-insultos-y-agresiones-de-alumnos\/","og_locale":"es_ES","og_type":"article","og_title":"\u00a1Impactante! La mitad de los profesores enfrentan insultos y agresiones de alumnos - Diario 21","og_description":"El Acoso y la Violencia hacia los Docentes en el Aula En los \u00faltimos tiempos, se ha observado un aumento preocupante de los casos de violencia ... Seguir leyendo &rarr;","og_url":"https:\/\/www.diario21.tv\/noticias\/impactante-la-mitad-de-los-profesores-enfrentan-insultos-y-agresiones-de-alumnos\/","og_site_name":"Diario 21","article_published_time":"2025-05-06T04:00:34+00:00","article_modified_time":"2025-05-06T04:00:35+00:00","og_image":[{"width":800,"height":533,"url":"https:\/\/www.diario21.tv\/noticias\/wp-content\/uploads\/2025\/05\/\u00a1Impactante-La-mitad-de-los-profesores-enfrentan-insultos-y-agresiones.JPG","type":"image\/jpeg"}],"author":"Juan P\u00e9rez","twitter_card":"summary_large_image","twitter_misc":{"Escrito por":"Juan P\u00e9rez","Tiempo de lectura":"2 minutos"},"schema":{"@context":"https:\/\/schema.org","@graph":[{"@type":"WebPage","@id":"https:\/\/www.diario21.tv\/noticias\/impactante-la-mitad-de-los-profesores-enfrentan-insultos-y-agresiones-de-alumnos\/","url":"https:\/\/www.diario21.tv\/noticias\/impactante-la-mitad-de-los-profesores-enfrentan-insultos-y-agresiones-de-alumnos\/","name":"\u00a1Impactante! La mitad de los profesores enfrentan insultos y agresiones de alumnos - Diario 21","isPartOf":{"@id":"https:\/\/www.diario21.tv\/noticias\/#website"},"primaryImageOfPage":{"@id":"https:\/\/www.diario21.tv\/noticias\/impactante-la-mitad-de-los-profesores-enfrentan-insultos-y-agresiones-de-alumnos\/#primaryimage"},"image":{"@id":"https:\/\/www.diario21.tv\/noticias\/impactante-la-mitad-de-los-profesores-enfrentan-insultos-y-agresiones-de-alumnos\/#primaryimage"},"thumbnailUrl":"https:\/\/www.diario21.tv\/noticias\/wp-content\/uploads\/2025\/05\/\u00a1Impactante-La-mitad-de-los-profesores-enfrentan-insultos-y-agresiones.JPG","datePublished":"2025-05-06T04:00:34+00:00","dateModified":"2025-05-06T04:00:35+00:00","author":{"@id":"https:\/\/www.diario21.tv\/noticias\/#\/schema\/person\/dfb778f73814d8f09f302618446a526b"},"breadcrumb":{"@id":"https:\/\/www.diario21.tv\/noticias\/impactante-la-mitad-de-los-profesores-enfrentan-insultos-y-agresiones-de-alumnos\/#breadcrumb"},"inLanguage":"es-AR","potentialAction":[{"@type":"ReadAction","target":["https:\/\/www.diario21.tv\/noticias\/impactante-la-mitad-de-los-profesores-enfrentan-insultos-y-agresiones-de-alumnos\/"]}]},{"@type":"ImageObject","inLanguage":"es-AR","@id":"https:\/\/www.diario21.tv\/noticias\/impactante-la-mitad-de-los-profesores-enfrentan-insultos-y-agresiones-de-alumnos\/#primaryimage","url":"https:\/\/www.diario21.tv\/noticias\/wp-content\/uploads\/2025\/05\/\u00a1Impactante-La-mitad-de-los-profesores-enfrentan-insultos-y-agresiones.JPG","contentUrl":"https:\/\/www.diario21.tv\/noticias\/wp-content\/uploads\/2025\/05\/\u00a1Impactante-La-mitad-de-los-profesores-enfrentan-insultos-y-agresiones.JPG","width":800,"height":533,"caption":"La mitad de profesores ha sufrido insultos, amenazas o agresiones de sus alumnos"},{"@type":"BreadcrumbList","@id":"https:\/\/www.diario21.tv\/noticias\/impactante-la-mitad-de-los-profesores-enfrentan-insultos-y-agresiones-de-alumnos\/#breadcrumb","itemListElement":[{"@type":"ListItem","position":1,"name":"Accueil","item":"https:\/\/www.diario21.tv\/noticias\/"},{"@type":"ListItem","position":2,"name":"\u00a1Impactante! La mitad de los profesores enfrentan insultos y agresiones de alumnos"}]},{"@type":"WebSite","@id":"https:\/\/www.diario21.tv\/noticias\/#website","url":"https:\/\/www.diario21.tv\/noticias\/","name":"Diario 21","description":"","potentialAction":[{"@type":"SearchAction","target":{"@type":"EntryPoint","urlTemplate":"https:\/\/www.diario21.tv\/noticias\/?s={search_term_string}"},"query-input":{"@type":"PropertyValueSpecification","valueRequired":true,"valueName":"search_term_string"}}],"inLanguage":"es-AR"},{"@type":"Person","@id":"https:\/\/www.diario21.tv\/noticias\/#\/schema\/person\/dfb778f73814d8f09f302618446a526b","name":"Juan P\u00e9rez","image":{"@type":"ImageObject","inLanguage":"es-AR","@id":"https:\/\/www.diario21.tv\/noticias\/#\/schema\/person\/image\/","url":"https:\/\/secure.gravatar.com\/avatar\/c478a405bd10621167f4c3167cc770f5?s=96&d=mm&r=g","contentUrl":"https:\/\/secure.gravatar.com\/avatar\/c478a405bd10621167f4c3167cc770f5?s=96&d=mm&r=g","caption":"Juan P\u00e9rez"},"description":"Juan P\u00e9rez es el redactor en jefe de Diario 21. Con m\u00e1s de 10 a\u00f1os de experiencia en el periodismo, se especializa en pol\u00edtica nacional y an\u00e1lisis socioecon\u00f3mico. Su enfoque cr\u00edtico y riguroso aporta una perspectiva \u00fanica a cada art\u00edculo.","sameAs":["https:\/\/www.diario21.tv\/noticias\/"],"url":"https:\/\/www.diario21.tv\/noticias\/author\/juan-perez\/"}]}},"_links":{"self":[{"href":"https:\/\/www.diario21.tv\/noticias\/wp-json\/wp\/v2\/posts\/3031"}],"collection":[{"href":"https:\/\/www.diario21.tv\/noticias\/wp-json\/wp\/v2\/posts"}],"about":[{"href":"https:\/\/www.diario21.tv\/noticias\/wp-json\/wp\/v2\/types\/post"}],"author":[{"embeddable":true,"href":"https:\/\/www.diario21.tv\/noticias\/wp-json\/wp\/v2\/users\/20"}],"replies":[{"embeddable":true,"href":"https:\/\/www.diario21.tv\/noticias\/wp-json\/wp\/v2\/comments?post=3031"}],"version-history":[{"count":1,"href":"https:\/\/www.diario21.tv\/noticias\/wp-json\/wp\/v2\/posts\/3031\/revisions"}],"predecessor-version":[{"id":3033,"href":"https:\/\/www.diario21.tv\/noticias\/wp-json\/wp\/v2\/posts\/3031\/revisions\/3033"}],"wp:featuredmedia":[{"embeddable":true,"href":"https:\/\/www.diario21.tv\/noticias\/wp-json\/wp\/v2\/media\/3032"}],"wp:attachment":[{"href":"https:\/\/www.diario21.tv\/noticias\/wp-json\/wp\/v2\/media?parent=3031"}],"wp:term":[{"taxonomy":"category","embeddable":true,"href":"https:\/\/www.diario21.tv\/noticias\/wp-json\/wp\/v2\/categories?post=3031"},{"taxonomy":"post_tag","embeddable":true,"href":"https:\/\/www.diario21.tv\/noticias\/wp-json\/wp\/v2\/tags?post=3031"}],"curies":[{"name":"wp","href":"https:\/\/api.w.org\/{rel}","templated":true}]}}