{"id":2995,"date":"2025-05-02T21:25:00","date_gmt":"2025-05-02T21:25:00","guid":{"rendered":"https:\/\/www.diario21.tv\/noticias\/ataque-a-menores-la-indignacion-de-padres-por-gestacion-subrogada\/"},"modified":"2025-05-02T21:25:00","modified_gmt":"2025-05-02T21:25:00","slug":"ataque-a-menores-la-indignacion-de-padres-por-gestacion-subrogada","status":"publish","type":"post","link":"https:\/\/www.diario21.tv\/noticias\/ataque-a-menores-la-indignacion-de-padres-por-gestacion-subrogada\/","title":{"rendered":"Ataque a menores: la indignaci\u00f3n de padres por gestaci\u00f3n subrogada"},"content":{"rendered":"<h2>Cr\u00edticas de Padres y Madres en Procesos de Gestaci\u00f3n Subrogada<\/h2>\n<p>Los progenitores que optan por la gestaci\u00f3n subrogada a menudo se enfrentan a cr\u00edticas y cuestionamientos sobre su decisi\u00f3n, especialmente en lo que respecta al bienestar y los derechos de los menores involucrados. Muchos de ellos, sin embargo, defienden su elecci\u00f3n argumentando que es una forma v\u00e1lida y amorosa de formar una familia.<\/p>\n<h3>El Impacto en los Ni\u00f1os<\/h3>\n<p>Algunos cr\u00edticos sostienen que la gestaci\u00f3n subrogada puede tener implicaciones negativas para los ni\u00f1os nacidos a trav\u00e9s de este m\u00e9todo, planteando dudas sobre la identidad y el sentido de pertenencia. Sin embargo, los padres por gestaci\u00f3n subrogada argumentan que el amor y el cuidado que proporcionan no difieren de los de otros padres. Aseguran que la transparencia respecto al origen del ni\u00f1o y el respeto por todas las partes involucradas son claves en el proceso.<\/p>\n<h3>La Legislaci\u00f3n y la \u00c9tica<\/h3>\n<p>La gestaci\u00f3n subrogada es un tema de intenso debate legal y \u00e9tico. En algunas regiones, est\u00e1 completamente prohibida, mientras que en otras se permite bajo ciertas condiciones. Los padres mediante este m\u00e9todo frecuentemente se encuentran en medio de un campo minado legal, luchando no solo por la aceptaci\u00f3n social, sino tambi\u00e9n por la seguridad jur\u00eddica de su estructura familiar.<\/p>\n<h3>La Perspectiva de los Padres<\/h3>\n<p>Los padres y madres que eligen la gestaci\u00f3n subrogada frecuentemente hablan sobre el largo y a menudo doloroso camino que han recorrido debido a problemas de infertilidad o condiciones m\u00e9dicas que les impiden llevar a cabo un embarazo tradicional. Para muchos, la gestaci\u00f3n subrogada representa una esperanza y una soluci\u00f3n a su deseo de tener hijos.<\/p>\n<h3>La Voz de los Cr\u00edticos<\/h3>\n<p>Los detractores de la gestaci\u00f3n subrogada argumentan que este m\u00e9todo convierte el proceso de nacimiento en una transacci\u00f3n comercial y puede explotar a las mujeres que eligen ser madres subrogadas. Adem\u00e1s, se\u00f1alan el posible conflicto emocional para la madre subrogada al separarse del ni\u00f1o al nacer.<\/p>\n<h3>Conclusi\u00f3n<\/h3>\n<p>En resumen, mientras que la gestaci\u00f3n subrogada sigue siendo un tema divisivo, los padres que se deciden por este camino insisten en que su principal motivaci\u00f3n es el amor y el deseo de ser padres, similar a cualquier otra familia. La discusi\u00f3n sobre si este m\u00e9todo deber\u00eda ser m\u00e1s ampliamente aceptado contin\u00faa, destacando la necesidad de un di\u00e1logo m\u00e1s profundo y comprensivo sobre la \u00e9tica, la legalidad y el impacto emocional en todas las partes involucradas.<\/p>\n\n\n<div class=\"kk-star-ratings kksr-auto kksr-align-left kksr-valign-bottom\"\n    data-payload='{&quot;align&quot;:&quot;left&quot;,&quot;id&quot;:&quot;2995&quot;,&quot;slug&quot;:&quot;default&quot;,&quot;valign&quot;:&quot;bottom&quot;,&quot;ignore&quot;:&quot;&quot;,&quot;reference&quot;:&quot;auto&quot;,&quot;class&quot;:&quot;&quot;,&quot;count&quot;:&quot;0&quot;,&quot;legendonly&quot;:&quot;&quot;,&quot;readonly&quot;:&quot;&quot;,&quot;score&quot;:&quot;0&quot;,&quot;starsonly&quot;:&quot;&quot;,&quot;best&quot;:&quot;5&quot;,&quot;gap&quot;:&quot;5&quot;,&quot;greet&quot;:&quot;Valora este post&quot;,&quot;legend&quot;:&quot;0\\\/5 - (0 votes)&quot;,&quot;size&quot;:&quot;22&quot;,&quot;title&quot;:&quot;Ataque a menores: la indignaci\u00f3n de padres por gestaci\u00f3n subrogada&quot;,&quot;width&quot;:&quot;0&quot;,&quot;_legend&quot;:&quot;{score}\\\/{best} - ({count} {votes})&quot;,&quot;font_factor&quot;:&quot;1.25&quot;}'>\n            \n<div class=\"kksr-stars\">\n    \n<div class=\"kksr-stars-inactive\">\n            <div class=\"kksr-star\" data-star=\"1\" style=\"padding-right: 5px\">\n            \n\n<div class=\"kksr-icon\" style=\"width: 22px; height: 22px;\"><\/div>\n        <\/div>\n            <div class=\"kksr-star\" data-star=\"2\" style=\"padding-right: 5px\">\n            \n\n<div class=\"kksr-icon\" style=\"width: 22px; height: 22px;\"><\/div>\n        <\/div>\n            <div class=\"kksr-star\" data-star=\"3\" style=\"padding-right: 5px\">\n            \n\n<div class=\"kksr-icon\" style=\"width: 22px; height: 22px;\"><\/div>\n        <\/div>\n            <div class=\"kksr-star\" data-star=\"4\" style=\"padding-right: 5px\">\n            \n\n<div class=\"kksr-icon\" style=\"width: 22px; height: 22px;\"><\/div>\n        <\/div>\n            <div class=\"kksr-star\" data-star=\"5\" style=\"padding-right: 5px\">\n            \n\n<div class=\"kksr-icon\" style=\"width: 22px; height: 22px;\"><\/div>\n        <\/div>\n    <\/div>\n    \n<div class=\"kksr-stars-active\" style=\"width: 0px;\">\n            <div class=\"kksr-star\" style=\"padding-right: 5px\">\n            \n\n<div class=\"kksr-icon\" style=\"width: 22px; height: 22px;\"><\/div>\n        <\/div>\n            <div class=\"kksr-star\" style=\"padding-right: 5px\">\n            \n\n<div class=\"kksr-icon\" style=\"width: 22px; height: 22px;\"><\/div>\n        <\/div>\n            <div class=\"kksr-star\" style=\"padding-right: 5px\">\n            \n\n<div class=\"kksr-icon\" style=\"width: 22px; height: 22px;\"><\/div>\n        <\/div>\n            <div class=\"kksr-star\" style=\"padding-right: 5px\">\n            \n\n<div class=\"kksr-icon\" style=\"width: 22px; height: 22px;\"><\/div>\n        <\/div>\n            <div class=\"kksr-star\" style=\"padding-right: 5px\">\n            \n\n<div class=\"kksr-icon\" style=\"width: 22px; height: 22px;\"><\/div>\n        <\/div>\n    <\/div>\n<\/div>\n                \n\n<div class=\"kksr-legend\" style=\"font-size: 17.6px;\">\n            <span class=\"kksr-muted\">Valora este post<\/span>\n    <\/div>\n    <\/div>\n","protected":false},"excerpt":{"rendered":"<p>Cr\u00edticas de Padres y Madres en Procesos de Gestaci\u00f3n Subrogada Los progenitores que optan por la gestaci\u00f3n subrogada a menudo se enfrentan a cr\u00edticas y cuestionamientos &#8230; <a title=\"Ataque a menores: la indignaci\u00f3n de padres por gestaci\u00f3n subrogada\" class=\"read-more\" href=\"https:\/\/www.diario21.tv\/noticias\/ataque-a-menores-la-indignacion-de-padres-por-gestacion-subrogada\/\" aria-label=\"Leer m\u00e1s sobre Ataque a menores: la indignaci\u00f3n de padres por gestaci\u00f3n subrogada\">Seguir leyendo &rarr;<\/a><\/p>\n","protected":false},"author":20,"featured_media":2996,"comment_status":"open","ping_status":"open","sticky":false,"template":"","format":"standard","meta":{"footnotes":""},"categories":[13],"tags":[],"class_list":["post-2995","post","type-post","status-publish","format-standard","has-post-thumbnail","hentry","category-portada"],"yoast_head":"<!-- This site is optimized with the Yoast SEO plugin v25.6 - https:\/\/yoast.com\/wordpress\/plugins\/seo\/ -->\n<title>Ataque a menores: la indignaci\u00f3n de padres por gestaci\u00f3n subrogada - Diario 21<\/title>\n<meta name=\"robots\" content=\"index, follow, max-snippet:-1, max-image-preview:large, max-video-preview:-1\" \/>\n<link rel=\"canonical\" href=\"https:\/\/www.diario21.tv\/noticias\/ataque-a-menores-la-indignacion-de-padres-por-gestacion-subrogada\/\" \/>\n<meta property=\"og:locale\" content=\"es_ES\" \/>\n<meta property=\"og:type\" content=\"article\" \/>\n<meta property=\"og:title\" content=\"Ataque a menores: la indignaci\u00f3n de padres por gestaci\u00f3n subrogada - Diario 21\" \/>\n<meta property=\"og:description\" content=\"Cr\u00edticas de Padres y Madres en Procesos de Gestaci\u00f3n Subrogada Los progenitores que optan por la gestaci\u00f3n subrogada a menudo se enfrentan a cr\u00edticas y cuestionamientos ... Seguir leyendo &rarr;\" \/>\n<meta property=\"og:url\" content=\"https:\/\/www.diario21.tv\/noticias\/ataque-a-menores-la-indignacion-de-padres-por-gestacion-subrogada\/\" \/>\n<meta property=\"og:site_name\" content=\"Diario 21\" \/>\n<meta property=\"article:published_time\" content=\"2025-05-02T21:25:00+00:00\" \/>\n<meta property=\"og:image\" content=\"https:\/\/www.diario21.tv\/noticias\/wp-content\/uploads\/2025\/05\/Ataque-a-menores-la-indignacion-de-padres-por-gestacion-subrogada.JPG\" \/>\n\t<meta property=\"og:image:width\" content=\"1200\" \/>\n\t<meta property=\"og:image:height\" content=\"840\" \/>\n\t<meta property=\"og:image:type\" content=\"image\/jpeg\" \/>\n<meta name=\"author\" content=\"Juan P\u00e9rez\" \/>\n<meta name=\"twitter:card\" content=\"summary_large_image\" \/>\n<meta name=\"twitter:label1\" content=\"Escrito por\" \/>\n\t<meta name=\"twitter:data1\" content=\"Juan P\u00e9rez\" \/>\n\t<meta name=\"twitter:label2\" content=\"Tiempo de lectura\" \/>\n\t<meta name=\"twitter:data2\" content=\"2 minutos\" \/>\n<script type=\"application\/ld+json\" class=\"yoast-schema-graph\">{\"@context\":\"https:\/\/schema.org\",\"@graph\":[{\"@type\":\"WebPage\",\"@id\":\"https:\/\/www.diario21.tv\/noticias\/ataque-a-menores-la-indignacion-de-padres-por-gestacion-subrogada\/\",\"url\":\"https:\/\/www.diario21.tv\/noticias\/ataque-a-menores-la-indignacion-de-padres-por-gestacion-subrogada\/\",\"name\":\"Ataque a menores: la indignaci\u00f3n de padres por gestaci\u00f3n subrogada - Diario 21\",\"isPartOf\":{\"@id\":\"https:\/\/www.diario21.tv\/noticias\/#website\"},\"primaryImageOfPage\":{\"@id\":\"https:\/\/www.diario21.tv\/noticias\/ataque-a-menores-la-indignacion-de-padres-por-gestacion-subrogada\/#primaryimage\"},\"image\":{\"@id\":\"https:\/\/www.diario21.tv\/noticias\/ataque-a-menores-la-indignacion-de-padres-por-gestacion-subrogada\/#primaryimage\"},\"thumbnailUrl\":\"https:\/\/www.diario21.tv\/noticias\/wp-content\/uploads\/2025\/05\/Ataque-a-menores-la-indignacion-de-padres-por-gestacion-subrogada.JPG\",\"datePublished\":\"2025-05-02T21:25:00+00:00\",\"author\":{\"@id\":\"https:\/\/www.diario21.tv\/noticias\/#\/schema\/person\/dfb778f73814d8f09f302618446a526b\"},\"breadcrumb\":{\"@id\":\"https:\/\/www.diario21.tv\/noticias\/ataque-a-menores-la-indignacion-de-padres-por-gestacion-subrogada\/#breadcrumb\"},\"inLanguage\":\"es-AR\",\"potentialAction\":[{\"@type\":\"ReadAction\",\"target\":[\"https:\/\/www.diario21.tv\/noticias\/ataque-a-menores-la-indignacion-de-padres-por-gestacion-subrogada\/\"]}]},{\"@type\":\"ImageObject\",\"inLanguage\":\"es-AR\",\"@id\":\"https:\/\/www.diario21.tv\/noticias\/ataque-a-menores-la-indignacion-de-padres-por-gestacion-subrogada\/#primaryimage\",\"url\":\"https:\/\/www.diario21.tv\/noticias\/wp-content\/uploads\/2025\/05\/Ataque-a-menores-la-indignacion-de-padres-por-gestacion-subrogada.JPG\",\"contentUrl\":\"https:\/\/www.diario21.tv\/noticias\/wp-content\/uploads\/2025\/05\/Ataque-a-menores-la-indignacion-de-padres-por-gestacion-subrogada.JPG\",\"width\":1200,\"height\":840,\"caption\":\"\u00abEs un ataque a los menores\u00bb, dicen los padres y madres por gestaci\u00f3n subrogada\"},{\"@type\":\"BreadcrumbList\",\"@id\":\"https:\/\/www.diario21.tv\/noticias\/ataque-a-menores-la-indignacion-de-padres-por-gestacion-subrogada\/#breadcrumb\",\"itemListElement\":[{\"@type\":\"ListItem\",\"position\":1,\"name\":\"Accueil\",\"item\":\"https:\/\/www.diario21.tv\/noticias\/\"},{\"@type\":\"ListItem\",\"position\":2,\"name\":\"Ataque a menores: la indignaci\u00f3n de padres por gestaci\u00f3n subrogada\"}]},{\"@type\":\"WebSite\",\"@id\":\"https:\/\/www.diario21.tv\/noticias\/#website\",\"url\":\"https:\/\/www.diario21.tv\/noticias\/\",\"name\":\"Diario 21\",\"description\":\"\",\"potentialAction\":[{\"@type\":\"SearchAction\",\"target\":{\"@type\":\"EntryPoint\",\"urlTemplate\":\"https:\/\/www.diario21.tv\/noticias\/?s={search_term_string}\"},\"query-input\":{\"@type\":\"PropertyValueSpecification\",\"valueRequired\":true,\"valueName\":\"search_term_string\"}}],\"inLanguage\":\"es-AR\"},{\"@type\":\"Person\",\"@id\":\"https:\/\/www.diario21.tv\/noticias\/#\/schema\/person\/dfb778f73814d8f09f302618446a526b\",\"name\":\"Juan P\u00e9rez\",\"image\":{\"@type\":\"ImageObject\",\"inLanguage\":\"es-AR\",\"@id\":\"https:\/\/www.diario21.tv\/noticias\/#\/schema\/person\/image\/\",\"url\":\"https:\/\/secure.gravatar.com\/avatar\/c478a405bd10621167f4c3167cc770f5?s=96&d=mm&r=g\",\"contentUrl\":\"https:\/\/secure.gravatar.com\/avatar\/c478a405bd10621167f4c3167cc770f5?s=96&d=mm&r=g\",\"caption\":\"Juan P\u00e9rez\"},\"description\":\"Juan P\u00e9rez es el redactor en jefe de Diario 21. Con m\u00e1s de 10 a\u00f1os de experiencia en el periodismo, se especializa en pol\u00edtica nacional y an\u00e1lisis socioecon\u00f3mico. Su enfoque cr\u00edtico y riguroso aporta una perspectiva \u00fanica a cada art\u00edculo.\",\"sameAs\":[\"https:\/\/www.diario21.tv\/noticias\/\"],\"url\":\"https:\/\/www.diario21.tv\/noticias\/author\/juan-perez\/\"}]}<\/script>\n<!-- \/ Yoast SEO plugin. -->","yoast_head_json":{"title":"Ataque a menores: la indignaci\u00f3n de padres por gestaci\u00f3n subrogada - Diario 21","robots":{"index":"index","follow":"follow","max-snippet":"max-snippet:-1","max-image-preview":"max-image-preview:large","max-video-preview":"max-video-preview:-1"},"canonical":"https:\/\/www.diario21.tv\/noticias\/ataque-a-menores-la-indignacion-de-padres-por-gestacion-subrogada\/","og_locale":"es_ES","og_type":"article","og_title":"Ataque a menores: la indignaci\u00f3n de padres por gestaci\u00f3n subrogada - Diario 21","og_description":"Cr\u00edticas de Padres y Madres en Procesos de Gestaci\u00f3n Subrogada Los progenitores que optan por la gestaci\u00f3n subrogada a menudo se enfrentan a cr\u00edticas y cuestionamientos ... Seguir leyendo &rarr;","og_url":"https:\/\/www.diario21.tv\/noticias\/ataque-a-menores-la-indignacion-de-padres-por-gestacion-subrogada\/","og_site_name":"Diario 21","article_published_time":"2025-05-02T21:25:00+00:00","og_image":[{"width":1200,"height":840,"url":"https:\/\/www.diario21.tv\/noticias\/wp-content\/uploads\/2025\/05\/Ataque-a-menores-la-indignacion-de-padres-por-gestacion-subrogada.JPG","type":"image\/jpeg"}],"author":"Juan P\u00e9rez","twitter_card":"summary_large_image","twitter_misc":{"Escrito por":"Juan P\u00e9rez","Tiempo de lectura":"2 minutos"},"schema":{"@context":"https:\/\/schema.org","@graph":[{"@type":"WebPage","@id":"https:\/\/www.diario21.tv\/noticias\/ataque-a-menores-la-indignacion-de-padres-por-gestacion-subrogada\/","url":"https:\/\/www.diario21.tv\/noticias\/ataque-a-menores-la-indignacion-de-padres-por-gestacion-subrogada\/","name":"Ataque a menores: la indignaci\u00f3n de padres por gestaci\u00f3n subrogada - Diario 21","isPartOf":{"@id":"https:\/\/www.diario21.tv\/noticias\/#website"},"primaryImageOfPage":{"@id":"https:\/\/www.diario21.tv\/noticias\/ataque-a-menores-la-indignacion-de-padres-por-gestacion-subrogada\/#primaryimage"},"image":{"@id":"https:\/\/www.diario21.tv\/noticias\/ataque-a-menores-la-indignacion-de-padres-por-gestacion-subrogada\/#primaryimage"},"thumbnailUrl":"https:\/\/www.diario21.tv\/noticias\/wp-content\/uploads\/2025\/05\/Ataque-a-menores-la-indignacion-de-padres-por-gestacion-subrogada.JPG","datePublished":"2025-05-02T21:25:00+00:00","author":{"@id":"https:\/\/www.diario21.tv\/noticias\/#\/schema\/person\/dfb778f73814d8f09f302618446a526b"},"breadcrumb":{"@id":"https:\/\/www.diario21.tv\/noticias\/ataque-a-menores-la-indignacion-de-padres-por-gestacion-subrogada\/#breadcrumb"},"inLanguage":"es-AR","potentialAction":[{"@type":"ReadAction","target":["https:\/\/www.diario21.tv\/noticias\/ataque-a-menores-la-indignacion-de-padres-por-gestacion-subrogada\/"]}]},{"@type":"ImageObject","inLanguage":"es-AR","@id":"https:\/\/www.diario21.tv\/noticias\/ataque-a-menores-la-indignacion-de-padres-por-gestacion-subrogada\/#primaryimage","url":"https:\/\/www.diario21.tv\/noticias\/wp-content\/uploads\/2025\/05\/Ataque-a-menores-la-indignacion-de-padres-por-gestacion-subrogada.JPG","contentUrl":"https:\/\/www.diario21.tv\/noticias\/wp-content\/uploads\/2025\/05\/Ataque-a-menores-la-indignacion-de-padres-por-gestacion-subrogada.JPG","width":1200,"height":840,"caption":"\u00abEs un ataque a los menores\u00bb, dicen los padres y madres por gestaci\u00f3n subrogada"},{"@type":"BreadcrumbList","@id":"https:\/\/www.diario21.tv\/noticias\/ataque-a-menores-la-indignacion-de-padres-por-gestacion-subrogada\/#breadcrumb","itemListElement":[{"@type":"ListItem","position":1,"name":"Accueil","item":"https:\/\/www.diario21.tv\/noticias\/"},{"@type":"ListItem","position":2,"name":"Ataque a menores: la indignaci\u00f3n de padres por gestaci\u00f3n subrogada"}]},{"@type":"WebSite","@id":"https:\/\/www.diario21.tv\/noticias\/#website","url":"https:\/\/www.diario21.tv\/noticias\/","name":"Diario 21","description":"","potentialAction":[{"@type":"SearchAction","target":{"@type":"EntryPoint","urlTemplate":"https:\/\/www.diario21.tv\/noticias\/?s={search_term_string}"},"query-input":{"@type":"PropertyValueSpecification","valueRequired":true,"valueName":"search_term_string"}}],"inLanguage":"es-AR"},{"@type":"Person","@id":"https:\/\/www.diario21.tv\/noticias\/#\/schema\/person\/dfb778f73814d8f09f302618446a526b","name":"Juan P\u00e9rez","image":{"@type":"ImageObject","inLanguage":"es-AR","@id":"https:\/\/www.diario21.tv\/noticias\/#\/schema\/person\/image\/","url":"https:\/\/secure.gravatar.com\/avatar\/c478a405bd10621167f4c3167cc770f5?s=96&d=mm&r=g","contentUrl":"https:\/\/secure.gravatar.com\/avatar\/c478a405bd10621167f4c3167cc770f5?s=96&d=mm&r=g","caption":"Juan P\u00e9rez"},"description":"Juan P\u00e9rez es el redactor en jefe de Diario 21. Con m\u00e1s de 10 a\u00f1os de experiencia en el periodismo, se especializa en pol\u00edtica nacional y an\u00e1lisis socioecon\u00f3mico. Su enfoque cr\u00edtico y riguroso aporta una perspectiva \u00fanica a cada art\u00edculo.","sameAs":["https:\/\/www.diario21.tv\/noticias\/"],"url":"https:\/\/www.diario21.tv\/noticias\/author\/juan-perez\/"}]}},"_links":{"self":[{"href":"https:\/\/www.diario21.tv\/noticias\/wp-json\/wp\/v2\/posts\/2995"}],"collection":[{"href":"https:\/\/www.diario21.tv\/noticias\/wp-json\/wp\/v2\/posts"}],"about":[{"href":"https:\/\/www.diario21.tv\/noticias\/wp-json\/wp\/v2\/types\/post"}],"author":[{"embeddable":true,"href":"https:\/\/www.diario21.tv\/noticias\/wp-json\/wp\/v2\/users\/20"}],"replies":[{"embeddable":true,"href":"https:\/\/www.diario21.tv\/noticias\/wp-json\/wp\/v2\/comments?post=2995"}],"version-history":[{"count":1,"href":"https:\/\/www.diario21.tv\/noticias\/wp-json\/wp\/v2\/posts\/2995\/revisions"}],"predecessor-version":[{"id":2997,"href":"https:\/\/www.diario21.tv\/noticias\/wp-json\/wp\/v2\/posts\/2995\/revisions\/2997"}],"wp:featuredmedia":[{"embeddable":true,"href":"https:\/\/www.diario21.tv\/noticias\/wp-json\/wp\/v2\/media\/2996"}],"wp:attachment":[{"href":"https:\/\/www.diario21.tv\/noticias\/wp-json\/wp\/v2\/media?parent=2995"}],"wp:term":[{"taxonomy":"category","embeddable":true,"href":"https:\/\/www.diario21.tv\/noticias\/wp-json\/wp\/v2\/categories?post=2995"},{"taxonomy":"post_tag","embeddable":true,"href":"https:\/\/www.diario21.tv\/noticias\/wp-json\/wp\/v2\/tags?post=2995"}],"curies":[{"name":"wp","href":"https:\/\/api.w.org\/{rel}","templated":true}]}}