{"id":2992,"date":"2025-05-02T15:21:21","date_gmt":"2025-05-02T15:21:21","guid":{"rendered":"https:\/\/www.diario21.tv\/noticias\/gobierno-impone-nuevas-reglas-para-inscribir-bebes-de-gestacion-subrogada\/"},"modified":"2025-05-02T15:21:22","modified_gmt":"2025-05-02T15:21:22","slug":"gobierno-impone-nuevas-reglas-para-inscribir-bebes-de-gestacion-subrogada","status":"publish","type":"post","link":"https:\/\/www.diario21.tv\/noticias\/gobierno-impone-nuevas-reglas-para-inscribir-bebes-de-gestacion-subrogada\/","title":{"rendered":"Gobierno impone nuevas reglas para inscribir beb\u00e9s de gestaci\u00f3n subrogada"},"content":{"rendered":"<h2>Normativa gubernamental sobre el registro de ni\u00f1os nacidos mediante gestaci\u00f3n subrogada<\/h2>\n<p>En un reciente movimiento normativo, el Gobierno ha implementado nuevas reglas que afectan el proceso de registro de los infantes nacidos a trav\u00e9s de la gestaci\u00f3n subrogada. Este cambio busca regularizar y estandarizar los procedimientos que involucran la inscripci\u00f3n oficial de estos ni\u00f1os en el registro civil.<\/p>\n<h3>Detalles de la nueva regulaci\u00f3n<\/h3>\n<p>La nueva pol\u00edtica establece un marco legal claro para las familias que optan por la gestaci\u00f3n subrogada como m\u00e9todo para tener hijos. A partir de ahora, los padres deber\u00e1n presentar una serie de documentos que demuestren la legalidad del proceso y aseguren el cumplimiento de todas las normativas vigentes en relaci\u00f3n con la gestaci\u00f3n subrogada.<\/p>\n<p>Uno de los requisitos principales es la presentaci\u00f3n de un contrato de gestaci\u00f3n subrogada, debidamente legalizado, que deber\u00e1 ser aprobado por las autoridades competentes antes de proceder con cualquier tr\u00e1mite de registro. Adem\u00e1s, se solicitar\u00e1 una confirmaci\u00f3n m\u00e9dica de que el proceso se ha llevado a cabo en condiciones que respetan tanto la salud de la madre gestante como la del beb\u00e9.<\/p>\n<h3>Impacto en las familias<\/h3>\n<p>Esta regulaci\u00f3n tiene un impacto significativo en las familias que deciden seguir el camino de la gestaci\u00f3n subrogada. Al requerir documentaci\u00f3n detallada y espec\u00edfica, el Gobierno busca proteger los derechos de todas las partes involucradas, especialmente los de los menores.<\/p>\n<p>Las familias deben ahora asegurarse de que todos los aspectos legales est\u00e1n cubiertos antes de iniciar el proceso de gestaci\u00f3n subrogada. Esto incluye la elecci\u00f3n de agencias y cl\u00ednicas que cumplan rigurosamente con las normas nacionales e internacionales, proporcionando as\u00ed un marco seguro y regulado para la gestaci\u00f3n subrogada.<\/p>\n<h3>Reacciones y opiniones<\/h3>\n<p>La comunidad ha tenido reacciones mixtas frente a esta nueva regulaci\u00f3n. Algunos sectores aplauden la iniciativa del Gobierno por proporcionar un entorno m\u00e1s seguro y regulado para la gestaci\u00f3n subrogada, argumentando que esto aumenta la transparencia y la protecci\u00f3n legal para todas las partes.<\/p>\n<p>Sin embargo, otros critican que las nuevas normas podr\u00edan complicar a\u00fan m\u00e1s el proceso de gestaci\u00f3n subrogada, posiblemente haciendo que sea m\u00e1s dif\u00edcil y costoso para las familas que ya enfrentan numerosos desaf\u00edos en su deseo de tener hijos mediante este m\u00e9todo.<\/p>\n<h3>Conclusi\u00f3n<\/h3>\n<p>La nueva normativa sobre la inscripci\u00f3n de beb\u00e9s nacidos por gestaci\u00f3n subrogada es un paso importante para asegurar que el proceso se maneje con los m\u00e1s altos est\u00e1ndares de \u00e9tica y legalidad. Aunque presenta nuevos desaf\u00edos y requisitos para las familias, tambi\u00e9n ofrece una estructura m\u00e1s clara y segura. Con el tiempo, se espera que estas medidas faciliten un mejor entendimiento y manejo de la gestaci\u00f3n subrogada en el pa\u00eds.<\/p>\n\n\n<div class=\"kk-star-ratings kksr-auto kksr-align-left kksr-valign-bottom\"\n    data-payload='{&quot;align&quot;:&quot;left&quot;,&quot;id&quot;:&quot;2992&quot;,&quot;slug&quot;:&quot;default&quot;,&quot;valign&quot;:&quot;bottom&quot;,&quot;ignore&quot;:&quot;&quot;,&quot;reference&quot;:&quot;auto&quot;,&quot;class&quot;:&quot;&quot;,&quot;count&quot;:&quot;0&quot;,&quot;legendonly&quot;:&quot;&quot;,&quot;readonly&quot;:&quot;&quot;,&quot;score&quot;:&quot;0&quot;,&quot;starsonly&quot;:&quot;&quot;,&quot;best&quot;:&quot;5&quot;,&quot;gap&quot;:&quot;5&quot;,&quot;greet&quot;:&quot;Valora este post&quot;,&quot;legend&quot;:&quot;0\\\/5 - (0 votes)&quot;,&quot;size&quot;:&quot;22&quot;,&quot;title&quot;:&quot;Gobierno impone nuevas reglas para inscribir beb\u00e9s de gestaci\u00f3n subrogada&quot;,&quot;width&quot;:&quot;0&quot;,&quot;_legend&quot;:&quot;{score}\\\/{best} - ({count} {votes})&quot;,&quot;font_factor&quot;:&quot;1.25&quot;}'>\n            \n<div class=\"kksr-stars\">\n    \n<div class=\"kksr-stars-inactive\">\n            <div class=\"kksr-star\" data-star=\"1\" style=\"padding-right: 5px\">\n            \n\n<div class=\"kksr-icon\" style=\"width: 22px; height: 22px;\"><\/div>\n        <\/div>\n            <div class=\"kksr-star\" data-star=\"2\" style=\"padding-right: 5px\">\n            \n\n<div class=\"kksr-icon\" style=\"width: 22px; height: 22px;\"><\/div>\n        <\/div>\n            <div class=\"kksr-star\" data-star=\"3\" style=\"padding-right: 5px\">\n            \n\n<div class=\"kksr-icon\" style=\"width: 22px; height: 22px;\"><\/div>\n        <\/div>\n            <div class=\"kksr-star\" data-star=\"4\" style=\"padding-right: 5px\">\n            \n\n<div class=\"kksr-icon\" style=\"width: 22px; height: 22px;\"><\/div>\n        <\/div>\n            <div class=\"kksr-star\" data-star=\"5\" style=\"padding-right: 5px\">\n            \n\n<div class=\"kksr-icon\" style=\"width: 22px; height: 22px;\"><\/div>\n        <\/div>\n    <\/div>\n    \n<div class=\"kksr-stars-active\" style=\"width: 0px;\">\n            <div class=\"kksr-star\" style=\"padding-right: 5px\">\n            \n\n<div class=\"kksr-icon\" style=\"width: 22px; height: 22px;\"><\/div>\n        <\/div>\n            <div class=\"kksr-star\" style=\"padding-right: 5px\">\n            \n\n<div class=\"kksr-icon\" style=\"width: 22px; height: 22px;\"><\/div>\n        <\/div>\n            <div class=\"kksr-star\" style=\"padding-right: 5px\">\n            \n\n<div class=\"kksr-icon\" style=\"width: 22px; height: 22px;\"><\/div>\n        <\/div>\n            <div class=\"kksr-star\" style=\"padding-right: 5px\">\n            \n\n<div class=\"kksr-icon\" style=\"width: 22px; height: 22px;\"><\/div>\n        <\/div>\n            <div class=\"kksr-star\" style=\"padding-right: 5px\">\n            \n\n<div class=\"kksr-icon\" style=\"width: 22px; height: 22px;\"><\/div>\n        <\/div>\n    <\/div>\n<\/div>\n                \n\n<div class=\"kksr-legend\" style=\"font-size: 17.6px;\">\n            <span class=\"kksr-muted\">Valora este post<\/span>\n    <\/div>\n    <\/div>\n","protected":false},"excerpt":{"rendered":"<p>Normativa gubernamental sobre el registro de ni\u00f1os nacidos mediante gestaci\u00f3n subrogada En un reciente movimiento normativo, el Gobierno ha implementado nuevas reglas que afectan el proceso &#8230; <a title=\"Gobierno impone nuevas reglas para inscribir beb\u00e9s de gestaci\u00f3n subrogada\" class=\"read-more\" href=\"https:\/\/www.diario21.tv\/noticias\/gobierno-impone-nuevas-reglas-para-inscribir-bebes-de-gestacion-subrogada\/\" aria-label=\"Leer m\u00e1s sobre Gobierno impone nuevas reglas para inscribir beb\u00e9s de gestaci\u00f3n subrogada\">Seguir leyendo &rarr;<\/a><\/p>\n","protected":false},"author":20,"featured_media":2993,"comment_status":"open","ping_status":"open","sticky":false,"template":"","format":"standard","meta":{"footnotes":""},"categories":[13],"tags":[],"class_list":["post-2992","post","type-post","status-publish","format-standard","has-post-thumbnail","hentry","category-portada"],"yoast_head":"<!-- This site is optimized with the Yoast SEO plugin v25.6 - https:\/\/yoast.com\/wordpress\/plugins\/seo\/ -->\n<title>Gobierno impone nuevas reglas para inscribir beb\u00e9s de gestaci\u00f3n subrogada - Diario 21<\/title>\n<meta name=\"robots\" content=\"index, follow, max-snippet:-1, max-image-preview:large, max-video-preview:-1\" \/>\n<link rel=\"canonical\" href=\"https:\/\/www.diario21.tv\/noticias\/gobierno-impone-nuevas-reglas-para-inscribir-bebes-de-gestacion-subrogada\/\" \/>\n<meta property=\"og:locale\" content=\"es_ES\" \/>\n<meta property=\"og:type\" content=\"article\" \/>\n<meta property=\"og:title\" content=\"Gobierno impone nuevas reglas para inscribir beb\u00e9s de gestaci\u00f3n subrogada - Diario 21\" \/>\n<meta property=\"og:description\" content=\"Normativa gubernamental sobre el registro de ni\u00f1os nacidos mediante gestaci\u00f3n subrogada En un reciente movimiento normativo, el Gobierno ha implementado nuevas reglas que afectan el proceso ... Seguir leyendo &rarr;\" \/>\n<meta property=\"og:url\" content=\"https:\/\/www.diario21.tv\/noticias\/gobierno-impone-nuevas-reglas-para-inscribir-bebes-de-gestacion-subrogada\/\" \/>\n<meta property=\"og:site_name\" content=\"Diario 21\" \/>\n<meta property=\"article:published_time\" content=\"2025-05-02T15:21:21+00:00\" \/>\n<meta property=\"article:modified_time\" content=\"2025-05-02T15:21:22+00:00\" \/>\n<meta property=\"og:image\" content=\"https:\/\/www.diario21.tv\/noticias\/wp-content\/uploads\/2025\/05\/Gobierno-impone-nuevas-reglas-para-inscribir-bebes-de-gestacion-subrogada.jpg\" \/>\n\t<meta property=\"og:image:width\" content=\"1200\" \/>\n\t<meta property=\"og:image:height\" content=\"840\" \/>\n\t<meta property=\"og:image:type\" content=\"image\/jpeg\" \/>\n<meta name=\"author\" content=\"Juan P\u00e9rez\" \/>\n<meta name=\"twitter:card\" content=\"summary_large_image\" \/>\n<meta name=\"twitter:label1\" content=\"Escrito por\" \/>\n\t<meta name=\"twitter:data1\" content=\"Juan P\u00e9rez\" \/>\n\t<meta name=\"twitter:label2\" content=\"Tiempo de lectura\" \/>\n\t<meta name=\"twitter:data2\" content=\"2 minutos\" \/>\n<script type=\"application\/ld+json\" class=\"yoast-schema-graph\">{\"@context\":\"https:\/\/schema.org\",\"@graph\":[{\"@type\":\"WebPage\",\"@id\":\"https:\/\/www.diario21.tv\/noticias\/gobierno-impone-nuevas-reglas-para-inscribir-bebes-de-gestacion-subrogada\/\",\"url\":\"https:\/\/www.diario21.tv\/noticias\/gobierno-impone-nuevas-reglas-para-inscribir-bebes-de-gestacion-subrogada\/\",\"name\":\"Gobierno impone nuevas reglas para inscribir beb\u00e9s de gestaci\u00f3n subrogada - Diario 21\",\"isPartOf\":{\"@id\":\"https:\/\/www.diario21.tv\/noticias\/#website\"},\"primaryImageOfPage\":{\"@id\":\"https:\/\/www.diario21.tv\/noticias\/gobierno-impone-nuevas-reglas-para-inscribir-bebes-de-gestacion-subrogada\/#primaryimage\"},\"image\":{\"@id\":\"https:\/\/www.diario21.tv\/noticias\/gobierno-impone-nuevas-reglas-para-inscribir-bebes-de-gestacion-subrogada\/#primaryimage\"},\"thumbnailUrl\":\"https:\/\/www.diario21.tv\/noticias\/wp-content\/uploads\/2025\/05\/Gobierno-impone-nuevas-reglas-para-inscribir-bebes-de-gestacion-subrogada.jpg\",\"datePublished\":\"2025-05-02T15:21:21+00:00\",\"dateModified\":\"2025-05-02T15:21:22+00:00\",\"author\":{\"@id\":\"https:\/\/www.diario21.tv\/noticias\/#\/schema\/person\/dfb778f73814d8f09f302618446a526b\"},\"breadcrumb\":{\"@id\":\"https:\/\/www.diario21.tv\/noticias\/gobierno-impone-nuevas-reglas-para-inscribir-bebes-de-gestacion-subrogada\/#breadcrumb\"},\"inLanguage\":\"es-AR\",\"potentialAction\":[{\"@type\":\"ReadAction\",\"target\":[\"https:\/\/www.diario21.tv\/noticias\/gobierno-impone-nuevas-reglas-para-inscribir-bebes-de-gestacion-subrogada\/\"]}]},{\"@type\":\"ImageObject\",\"inLanguage\":\"es-AR\",\"@id\":\"https:\/\/www.diario21.tv\/noticias\/gobierno-impone-nuevas-reglas-para-inscribir-bebes-de-gestacion-subrogada\/#primaryimage\",\"url\":\"https:\/\/www.diario21.tv\/noticias\/wp-content\/uploads\/2025\/05\/Gobierno-impone-nuevas-reglas-para-inscribir-bebes-de-gestacion-subrogada.jpg\",\"contentUrl\":\"https:\/\/www.diario21.tv\/noticias\/wp-content\/uploads\/2025\/05\/Gobierno-impone-nuevas-reglas-para-inscribir-bebes-de-gestacion-subrogada.jpg\",\"width\":1200,\"height\":840,\"caption\":\"El Gobierno regula la inscripci\u00f3n de los beb\u00e9s por gestaci\u00f3n subrogada\"},{\"@type\":\"BreadcrumbList\",\"@id\":\"https:\/\/www.diario21.tv\/noticias\/gobierno-impone-nuevas-reglas-para-inscribir-bebes-de-gestacion-subrogada\/#breadcrumb\",\"itemListElement\":[{\"@type\":\"ListItem\",\"position\":1,\"name\":\"Accueil\",\"item\":\"https:\/\/www.diario21.tv\/noticias\/\"},{\"@type\":\"ListItem\",\"position\":2,\"name\":\"Gobierno impone nuevas reglas para inscribir beb\u00e9s de gestaci\u00f3n subrogada\"}]},{\"@type\":\"WebSite\",\"@id\":\"https:\/\/www.diario21.tv\/noticias\/#website\",\"url\":\"https:\/\/www.diario21.tv\/noticias\/\",\"name\":\"Diario 21\",\"description\":\"\",\"potentialAction\":[{\"@type\":\"SearchAction\",\"target\":{\"@type\":\"EntryPoint\",\"urlTemplate\":\"https:\/\/www.diario21.tv\/noticias\/?s={search_term_string}\"},\"query-input\":{\"@type\":\"PropertyValueSpecification\",\"valueRequired\":true,\"valueName\":\"search_term_string\"}}],\"inLanguage\":\"es-AR\"},{\"@type\":\"Person\",\"@id\":\"https:\/\/www.diario21.tv\/noticias\/#\/schema\/person\/dfb778f73814d8f09f302618446a526b\",\"name\":\"Juan P\u00e9rez\",\"image\":{\"@type\":\"ImageObject\",\"inLanguage\":\"es-AR\",\"@id\":\"https:\/\/www.diario21.tv\/noticias\/#\/schema\/person\/image\/\",\"url\":\"https:\/\/secure.gravatar.com\/avatar\/c478a405bd10621167f4c3167cc770f5?s=96&d=mm&r=g\",\"contentUrl\":\"https:\/\/secure.gravatar.com\/avatar\/c478a405bd10621167f4c3167cc770f5?s=96&d=mm&r=g\",\"caption\":\"Juan P\u00e9rez\"},\"description\":\"Juan P\u00e9rez es el redactor en jefe de Diario 21. Con m\u00e1s de 10 a\u00f1os de experiencia en el periodismo, se especializa en pol\u00edtica nacional y an\u00e1lisis socioecon\u00f3mico. Su enfoque cr\u00edtico y riguroso aporta una perspectiva \u00fanica a cada art\u00edculo.\",\"sameAs\":[\"https:\/\/www.diario21.tv\/noticias\/\"],\"url\":\"https:\/\/www.diario21.tv\/noticias\/author\/juan-perez\/\"}]}<\/script>\n<!-- \/ Yoast SEO plugin. -->","yoast_head_json":{"title":"Gobierno impone nuevas reglas para inscribir beb\u00e9s de gestaci\u00f3n subrogada - Diario 21","robots":{"index":"index","follow":"follow","max-snippet":"max-snippet:-1","max-image-preview":"max-image-preview:large","max-video-preview":"max-video-preview:-1"},"canonical":"https:\/\/www.diario21.tv\/noticias\/gobierno-impone-nuevas-reglas-para-inscribir-bebes-de-gestacion-subrogada\/","og_locale":"es_ES","og_type":"article","og_title":"Gobierno impone nuevas reglas para inscribir beb\u00e9s de gestaci\u00f3n subrogada - Diario 21","og_description":"Normativa gubernamental sobre el registro de ni\u00f1os nacidos mediante gestaci\u00f3n subrogada En un reciente movimiento normativo, el Gobierno ha implementado nuevas reglas que afectan el proceso ... Seguir leyendo &rarr;","og_url":"https:\/\/www.diario21.tv\/noticias\/gobierno-impone-nuevas-reglas-para-inscribir-bebes-de-gestacion-subrogada\/","og_site_name":"Diario 21","article_published_time":"2025-05-02T15:21:21+00:00","article_modified_time":"2025-05-02T15:21:22+00:00","og_image":[{"width":1200,"height":840,"url":"https:\/\/www.diario21.tv\/noticias\/wp-content\/uploads\/2025\/05\/Gobierno-impone-nuevas-reglas-para-inscribir-bebes-de-gestacion-subrogada.jpg","type":"image\/jpeg"}],"author":"Juan P\u00e9rez","twitter_card":"summary_large_image","twitter_misc":{"Escrito por":"Juan P\u00e9rez","Tiempo de lectura":"2 minutos"},"schema":{"@context":"https:\/\/schema.org","@graph":[{"@type":"WebPage","@id":"https:\/\/www.diario21.tv\/noticias\/gobierno-impone-nuevas-reglas-para-inscribir-bebes-de-gestacion-subrogada\/","url":"https:\/\/www.diario21.tv\/noticias\/gobierno-impone-nuevas-reglas-para-inscribir-bebes-de-gestacion-subrogada\/","name":"Gobierno impone nuevas reglas para inscribir beb\u00e9s de gestaci\u00f3n subrogada - Diario 21","isPartOf":{"@id":"https:\/\/www.diario21.tv\/noticias\/#website"},"primaryImageOfPage":{"@id":"https:\/\/www.diario21.tv\/noticias\/gobierno-impone-nuevas-reglas-para-inscribir-bebes-de-gestacion-subrogada\/#primaryimage"},"image":{"@id":"https:\/\/www.diario21.tv\/noticias\/gobierno-impone-nuevas-reglas-para-inscribir-bebes-de-gestacion-subrogada\/#primaryimage"},"thumbnailUrl":"https:\/\/www.diario21.tv\/noticias\/wp-content\/uploads\/2025\/05\/Gobierno-impone-nuevas-reglas-para-inscribir-bebes-de-gestacion-subrogada.jpg","datePublished":"2025-05-02T15:21:21+00:00","dateModified":"2025-05-02T15:21:22+00:00","author":{"@id":"https:\/\/www.diario21.tv\/noticias\/#\/schema\/person\/dfb778f73814d8f09f302618446a526b"},"breadcrumb":{"@id":"https:\/\/www.diario21.tv\/noticias\/gobierno-impone-nuevas-reglas-para-inscribir-bebes-de-gestacion-subrogada\/#breadcrumb"},"inLanguage":"es-AR","potentialAction":[{"@type":"ReadAction","target":["https:\/\/www.diario21.tv\/noticias\/gobierno-impone-nuevas-reglas-para-inscribir-bebes-de-gestacion-subrogada\/"]}]},{"@type":"ImageObject","inLanguage":"es-AR","@id":"https:\/\/www.diario21.tv\/noticias\/gobierno-impone-nuevas-reglas-para-inscribir-bebes-de-gestacion-subrogada\/#primaryimage","url":"https:\/\/www.diario21.tv\/noticias\/wp-content\/uploads\/2025\/05\/Gobierno-impone-nuevas-reglas-para-inscribir-bebes-de-gestacion-subrogada.jpg","contentUrl":"https:\/\/www.diario21.tv\/noticias\/wp-content\/uploads\/2025\/05\/Gobierno-impone-nuevas-reglas-para-inscribir-bebes-de-gestacion-subrogada.jpg","width":1200,"height":840,"caption":"El Gobierno regula la inscripci\u00f3n de los beb\u00e9s por gestaci\u00f3n subrogada"},{"@type":"BreadcrumbList","@id":"https:\/\/www.diario21.tv\/noticias\/gobierno-impone-nuevas-reglas-para-inscribir-bebes-de-gestacion-subrogada\/#breadcrumb","itemListElement":[{"@type":"ListItem","position":1,"name":"Accueil","item":"https:\/\/www.diario21.tv\/noticias\/"},{"@type":"ListItem","position":2,"name":"Gobierno impone nuevas reglas para inscribir beb\u00e9s de gestaci\u00f3n subrogada"}]},{"@type":"WebSite","@id":"https:\/\/www.diario21.tv\/noticias\/#website","url":"https:\/\/www.diario21.tv\/noticias\/","name":"Diario 21","description":"","potentialAction":[{"@type":"SearchAction","target":{"@type":"EntryPoint","urlTemplate":"https:\/\/www.diario21.tv\/noticias\/?s={search_term_string}"},"query-input":{"@type":"PropertyValueSpecification","valueRequired":true,"valueName":"search_term_string"}}],"inLanguage":"es-AR"},{"@type":"Person","@id":"https:\/\/www.diario21.tv\/noticias\/#\/schema\/person\/dfb778f73814d8f09f302618446a526b","name":"Juan P\u00e9rez","image":{"@type":"ImageObject","inLanguage":"es-AR","@id":"https:\/\/www.diario21.tv\/noticias\/#\/schema\/person\/image\/","url":"https:\/\/secure.gravatar.com\/avatar\/c478a405bd10621167f4c3167cc770f5?s=96&d=mm&r=g","contentUrl":"https:\/\/secure.gravatar.com\/avatar\/c478a405bd10621167f4c3167cc770f5?s=96&d=mm&r=g","caption":"Juan P\u00e9rez"},"description":"Juan P\u00e9rez es el redactor en jefe de Diario 21. Con m\u00e1s de 10 a\u00f1os de experiencia en el periodismo, se especializa en pol\u00edtica nacional y an\u00e1lisis socioecon\u00f3mico. Su enfoque cr\u00edtico y riguroso aporta una perspectiva \u00fanica a cada art\u00edculo.","sameAs":["https:\/\/www.diario21.tv\/noticias\/"],"url":"https:\/\/www.diario21.tv\/noticias\/author\/juan-perez\/"}]}},"_links":{"self":[{"href":"https:\/\/www.diario21.tv\/noticias\/wp-json\/wp\/v2\/posts\/2992"}],"collection":[{"href":"https:\/\/www.diario21.tv\/noticias\/wp-json\/wp\/v2\/posts"}],"about":[{"href":"https:\/\/www.diario21.tv\/noticias\/wp-json\/wp\/v2\/types\/post"}],"author":[{"embeddable":true,"href":"https:\/\/www.diario21.tv\/noticias\/wp-json\/wp\/v2\/users\/20"}],"replies":[{"embeddable":true,"href":"https:\/\/www.diario21.tv\/noticias\/wp-json\/wp\/v2\/comments?post=2992"}],"version-history":[{"count":1,"href":"https:\/\/www.diario21.tv\/noticias\/wp-json\/wp\/v2\/posts\/2992\/revisions"}],"predecessor-version":[{"id":2994,"href":"https:\/\/www.diario21.tv\/noticias\/wp-json\/wp\/v2\/posts\/2992\/revisions\/2994"}],"wp:featuredmedia":[{"embeddable":true,"href":"https:\/\/www.diario21.tv\/noticias\/wp-json\/wp\/v2\/media\/2993"}],"wp:attachment":[{"href":"https:\/\/www.diario21.tv\/noticias\/wp-json\/wp\/v2\/media?parent=2992"}],"wp:term":[{"taxonomy":"category","embeddable":true,"href":"https:\/\/www.diario21.tv\/noticias\/wp-json\/wp\/v2\/categories?post=2992"},{"taxonomy":"post_tag","embeddable":true,"href":"https:\/\/www.diario21.tv\/noticias\/wp-json\/wp\/v2\/tags?post=2992"}],"curies":[{"name":"wp","href":"https:\/\/api.w.org\/{rel}","templated":true}]}}