{"id":299,"date":"2024-09-09T11:00:04","date_gmt":"2024-09-09T11:00:04","guid":{"rendered":"https:\/\/www.diario21.tv\/noticias\/?p=299"},"modified":"2024-09-09T11:58:04","modified_gmt":"2024-09-09T11:58:04","slug":"que-ventana-te-atrae-instintivamente-lo-que-revela-sobre-tu-personalidad","status":"publish","type":"post","link":"https:\/\/www.diario21.tv\/noticias\/que-ventana-te-atrae-instintivamente-lo-que-revela-sobre-tu-personalidad\/","title":{"rendered":"\u00bfQu\u00e9 ventana te atrae instintivamente? Lo que revela sobre tu personalidad"},"content":{"rendered":"<p>\u00bfAlguna vez te has preguntado qu\u00e9 revelan tus preferencias m\u00e1s instintivas sobre tu verdadera esencia? Hoy te invito a un viaje introspectivo a trav\u00e9s de la elecci\u00f3n de una ventana. S\u00ed, una ventana. Al fin y al cabo, las ventanas son puertas hacia dos mundos, y la que m\u00e1s te atrae puede decir mucho sobre qui\u00e9n eres en lo m\u00e1s profundo. \u00bfListo para abrir esa ventana a tu alma? \u00a1Vamos a descubrirlo!<\/p>\n<p><!--more--><\/p>\n<h2>Ventana n\u00famero 1: El Refugio de la Introspecci\u00f3n<\/h2>\n<p>Si tus ojos se sienten atra\u00eddos de inmediato por la ventana n\u00famero uno, formas parte de un grupo de personas introspectivas que encuentran consuelo en la soledad. Disfrutas el fluir de tus pensamientos y el tiempo a solas no te pesa. Esto no significa que est\u00e9s cerrado a los dem\u00e1s, de hecho, tienes un coraz\u00f3n lleno de bondad y te incomoda cualquier tipo de falsedad o enga\u00f1o. Tu br\u00fajula moral es la integridad, y nunca comprometes tus valores. En un mundo a veces ca\u00f3tico, eres un faro de sinceridad y justicia.<\/p>\n<h2>Ventana n\u00famero 2: El Nido Familiar<\/h2>\n<p>Si la ventana n\u00famero dos te llama la atenci\u00f3n, es porque la <a href=\"https:\/\/www.diario21.tv\/noticias\/este-hombre-descubre-un-tesoro-familiar-de-80-anos-gracias-a-un-mapa-dibujado-por-su-padre\/\">familia<\/a> es el centro de tu vida. Te sientes pleno cuando cuidas de los tuyos, brind\u00e1ndoles amor y apoyo como un jardinero que cuida sus plantas. Tu sensibilidad es un regalo, y tu integridad moral es evidente para quienes te rodean. Eres esa roca firme en la que tus seres queridos siempre pueden confiar.<\/p>\n<h2>Ventana n\u00famero 3: El Esp\u00edritu Libre<\/h2>\n<p>Si sientes una conexi\u00f3n con la ventana n\u00famero tres, eres una persona espont\u00e1nea que abraza la vida con libertad y alegr\u00eda. Las preocupaciones y el estr\u00e9s no se adhieren a ti; los dejas pasar como el agua corre sobre las piedras. Tu entusiasmo por la vida te impulsa a explorar, descubrir y disfrutar plenamente del presente. Eres un verdadero amante de los placeres de la vida, y esa energ\u00eda positiva es contagiosa para quienes te rodean.<\/p>\n<h2>Ventana n\u00famero 4: La Creatividad Original<\/h2>\n<p>Si la ventana n\u00famero cuatro es la que m\u00e1s resuena contigo, eres alguien \u00fanico, que abraza su originalidad con valent\u00eda. Tienes un alma sensible, una llama creativa que arde dentro de ti, y una inclinaci\u00f3n natural por el romance y el arte. Tu optimismo es tu gran fortaleza, permiti\u00e9ndote encontrar luz incluso en los momentos m\u00e1s oscuros. Eres esa persona que siempre ve el vaso medio lleno, y esa perspectiva te distingue de los dem\u00e1s.<\/p>\n<h2>Ventana n\u00famero 5: La Mariposa Social<\/h2>\n<p>Finalmente, si la ventana n\u00famero cinco es tu elecci\u00f3n, eres una persona profundamente social, atra\u00edda por las interacciones humanas. Te encanta conocer gente nueva, crear conexiones y compartir experiencias. Tu carisma natural facilita estas interacciones, y tu manera clara de ver la vida te ayuda a tomar decisiones con confianza. La honestidad es tu se\u00f1a de identidad, y tu integridad es incuestionable.<\/p>\n<h2>En conclusi\u00f3n<\/h2>\n<p>Queridos lectores, este peque\u00f1o viaje por las ventanas de la <a href=\"https:\/\/www.diario21.tv\/noticias\/soledad-y-personalidad-6-rasgos-que-hacen-de-los-solitarios-seres-extraordinarios\/\">personalidad<\/a> ha sido una forma divertida y ligera de explorar qui\u00e9nes somos. Espero que esta reflexi\u00f3n te haya permitido descubrir algo nuevo sobre ti mismo, o al menos te haya sacado una sonrisa. Porque, despu\u00e9s de todo, conocerse a uno mismo es un gran paso hacia la felicidad y el bienestar. \u00a1Hasta la pr\u00f3xima aventura introspectiva!<\/p>\n\n\n<div class=\"kk-star-ratings kksr-auto kksr-align-left kksr-valign-bottom\"\n    data-payload='{&quot;align&quot;:&quot;left&quot;,&quot;id&quot;:&quot;299&quot;,&quot;slug&quot;:&quot;default&quot;,&quot;valign&quot;:&quot;bottom&quot;,&quot;ignore&quot;:&quot;&quot;,&quot;reference&quot;:&quot;auto&quot;,&quot;class&quot;:&quot;&quot;,&quot;count&quot;:&quot;0&quot;,&quot;legendonly&quot;:&quot;&quot;,&quot;readonly&quot;:&quot;&quot;,&quot;score&quot;:&quot;0&quot;,&quot;starsonly&quot;:&quot;&quot;,&quot;best&quot;:&quot;5&quot;,&quot;gap&quot;:&quot;5&quot;,&quot;greet&quot;:&quot;Valora este post&quot;,&quot;legend&quot;:&quot;0\\\/5 - (0 votes)&quot;,&quot;size&quot;:&quot;22&quot;,&quot;title&quot;:&quot;\u00bfQu\u00e9 ventana te atrae instintivamente? Lo que revela sobre tu personalidad&quot;,&quot;width&quot;:&quot;0&quot;,&quot;_legend&quot;:&quot;{score}\\\/{best} - ({count} {votes})&quot;,&quot;font_factor&quot;:&quot;1.25&quot;}'>\n            \n<div class=\"kksr-stars\">\n    \n<div class=\"kksr-stars-inactive\">\n            <div class=\"kksr-star\" data-star=\"1\" style=\"padding-right: 5px\">\n            \n\n<div class=\"kksr-icon\" style=\"width: 22px; height: 22px;\"><\/div>\n        <\/div>\n            <div class=\"kksr-star\" data-star=\"2\" style=\"padding-right: 5px\">\n            \n\n<div class=\"kksr-icon\" style=\"width: 22px; height: 22px;\"><\/div>\n        <\/div>\n            <div class=\"kksr-star\" data-star=\"3\" style=\"padding-right: 5px\">\n            \n\n<div class=\"kksr-icon\" style=\"width: 22px; height: 22px;\"><\/div>\n        <\/div>\n            <div class=\"kksr-star\" data-star=\"4\" style=\"padding-right: 5px\">\n            \n\n<div class=\"kksr-icon\" style=\"width: 22px; height: 22px;\"><\/div>\n        <\/div>\n            <div class=\"kksr-star\" data-star=\"5\" style=\"padding-right: 5px\">\n            \n\n<div class=\"kksr-icon\" style=\"width: 22px; height: 22px;\"><\/div>\n        <\/div>\n    <\/div>\n    \n<div class=\"kksr-stars-active\" style=\"width: 0px;\">\n            <div class=\"kksr-star\" style=\"padding-right: 5px\">\n            \n\n<div class=\"kksr-icon\" style=\"width: 22px; height: 22px;\"><\/div>\n        <\/div>\n            <div class=\"kksr-star\" style=\"padding-right: 5px\">\n            \n\n<div class=\"kksr-icon\" style=\"width: 22px; height: 22px;\"><\/div>\n        <\/div>\n            <div class=\"kksr-star\" style=\"padding-right: 5px\">\n            \n\n<div class=\"kksr-icon\" style=\"width: 22px; height: 22px;\"><\/div>\n        <\/div>\n            <div class=\"kksr-star\" style=\"padding-right: 5px\">\n            \n\n<div class=\"kksr-icon\" style=\"width: 22px; height: 22px;\"><\/div>\n        <\/div>\n            <div class=\"kksr-star\" style=\"padding-right: 5px\">\n            \n\n<div class=\"kksr-icon\" style=\"width: 22px; height: 22px;\"><\/div>\n        <\/div>\n    <\/div>\n<\/div>\n                \n\n<div class=\"kksr-legend\" style=\"font-size: 17.6px;\">\n            <span class=\"kksr-muted\">Valora este post<\/span>\n    <\/div>\n    <\/div>\n","protected":false},"excerpt":{"rendered":"<p>\u00bfAlguna vez te has preguntado qu\u00e9 revelan tus preferencias m\u00e1s instintivas sobre tu verdadera esencia? Hoy te invito a un viaje introspectivo a trav\u00e9s de la &#8230; <a title=\"\u00bfQu\u00e9 ventana te atrae instintivamente? Lo que revela sobre tu personalidad\" class=\"read-more\" href=\"https:\/\/www.diario21.tv\/noticias\/que-ventana-te-atrae-instintivamente-lo-que-revela-sobre-tu-personalidad\/\" aria-label=\"Leer m\u00e1s sobre \u00bfQu\u00e9 ventana te atrae instintivamente? Lo que revela sobre tu personalidad\">Seguir leyendo &rarr;<\/a><\/p>\n","protected":false},"author":16,"featured_media":300,"comment_status":"open","ping_status":"open","sticky":false,"template":"","format":"standard","meta":{"footnotes":""},"categories":[12],"tags":[],"class_list":["post-299","post","type-post","status-publish","format-standard","has-post-thumbnail","hentry","category-tendencia"],"yoast_head":"<!-- This site is optimized with the Yoast SEO plugin v25.6 - https:\/\/yoast.com\/wordpress\/plugins\/seo\/ -->\n<title>\u00bfQu\u00e9 ventana te atrae instintivamente? Lo que revela sobre tu personalidad - Diario 21<\/title>\n<meta name=\"robots\" content=\"index, follow, max-snippet:-1, max-image-preview:large, max-video-preview:-1\" \/>\n<link rel=\"canonical\" href=\"https:\/\/www.diario21.tv\/noticias\/que-ventana-te-atrae-instintivamente-lo-que-revela-sobre-tu-personalidad\/\" \/>\n<meta property=\"og:locale\" content=\"es_ES\" \/>\n<meta property=\"og:type\" content=\"article\" \/>\n<meta property=\"og:title\" content=\"\u00bfQu\u00e9 ventana te atrae instintivamente? Lo que revela sobre tu personalidad - Diario 21\" \/>\n<meta property=\"og:description\" content=\"\u00bfAlguna vez te has preguntado qu\u00e9 revelan tus preferencias m\u00e1s instintivas sobre tu verdadera esencia? Hoy te invito a un viaje introspectivo a trav\u00e9s de la ... Seguir leyendo &rarr;\" \/>\n<meta property=\"og:url\" content=\"https:\/\/www.diario21.tv\/noticias\/que-ventana-te-atrae-instintivamente-lo-que-revela-sobre-tu-personalidad\/\" \/>\n<meta property=\"og:site_name\" content=\"Diario 21\" \/>\n<meta property=\"article:published_time\" content=\"2024-09-09T11:00:04+00:00\" \/>\n<meta property=\"article:modified_time\" content=\"2024-09-09T11:58:04+00:00\" \/>\n<meta property=\"og:image\" content=\"https:\/\/www.diario21.tv\/noticias\/wp-content\/uploads\/2024\/09\/prueba-de-personalidad-1.jpg\" \/>\n\t<meta property=\"og:image:width\" content=\"1200\" \/>\n\t<meta property=\"og:image:height\" content=\"673\" \/>\n\t<meta property=\"og:image:type\" content=\"image\/jpeg\" \/>\n<meta name=\"author\" content=\"Diario 21\" \/>\n<meta name=\"twitter:card\" content=\"summary_large_image\" \/>\n<meta name=\"twitter:label1\" content=\"Escrito por\" \/>\n\t<meta name=\"twitter:data1\" content=\"Diario 21\" \/>\n\t<meta name=\"twitter:label2\" content=\"Tiempo de lectura\" \/>\n\t<meta name=\"twitter:data2\" content=\"3 minutos\" \/>\n<script type=\"application\/ld+json\" class=\"yoast-schema-graph\">{\"@context\":\"https:\/\/schema.org\",\"@graph\":[{\"@type\":\"WebPage\",\"@id\":\"https:\/\/www.diario21.tv\/noticias\/que-ventana-te-atrae-instintivamente-lo-que-revela-sobre-tu-personalidad\/\",\"url\":\"https:\/\/www.diario21.tv\/noticias\/que-ventana-te-atrae-instintivamente-lo-que-revela-sobre-tu-personalidad\/\",\"name\":\"\u00bfQu\u00e9 ventana te atrae instintivamente? Lo que revela sobre tu personalidad - Diario 21\",\"isPartOf\":{\"@id\":\"https:\/\/www.diario21.tv\/noticias\/#website\"},\"primaryImageOfPage\":{\"@id\":\"https:\/\/www.diario21.tv\/noticias\/que-ventana-te-atrae-instintivamente-lo-que-revela-sobre-tu-personalidad\/#primaryimage\"},\"image\":{\"@id\":\"https:\/\/www.diario21.tv\/noticias\/que-ventana-te-atrae-instintivamente-lo-que-revela-sobre-tu-personalidad\/#primaryimage\"},\"thumbnailUrl\":\"https:\/\/www.diario21.tv\/noticias\/wp-content\/uploads\/2024\/09\/prueba-de-personalidad-1.jpg\",\"datePublished\":\"2024-09-09T11:00:04+00:00\",\"dateModified\":\"2024-09-09T11:58:04+00:00\",\"author\":{\"@id\":\"https:\/\/www.diario21.tv\/noticias\/#\/schema\/person\/7de9d6205bd3da5b7f01f5cffb18d715\"},\"breadcrumb\":{\"@id\":\"https:\/\/www.diario21.tv\/noticias\/que-ventana-te-atrae-instintivamente-lo-que-revela-sobre-tu-personalidad\/#breadcrumb\"},\"inLanguage\":\"es-AR\",\"potentialAction\":[{\"@type\":\"ReadAction\",\"target\":[\"https:\/\/www.diario21.tv\/noticias\/que-ventana-te-atrae-instintivamente-lo-que-revela-sobre-tu-personalidad\/\"]}]},{\"@type\":\"ImageObject\",\"inLanguage\":\"es-AR\",\"@id\":\"https:\/\/www.diario21.tv\/noticias\/que-ventana-te-atrae-instintivamente-lo-que-revela-sobre-tu-personalidad\/#primaryimage\",\"url\":\"https:\/\/www.diario21.tv\/noticias\/wp-content\/uploads\/2024\/09\/prueba-de-personalidad-1.jpg\",\"contentUrl\":\"https:\/\/www.diario21.tv\/noticias\/wp-content\/uploads\/2024\/09\/prueba-de-personalidad-1.jpg\",\"width\":1200,\"height\":673,\"caption\":\"\u00bfQu\u00e9 ventana te atrae instintivamente? Lo que revela sobre tu personalidad\"},{\"@type\":\"BreadcrumbList\",\"@id\":\"https:\/\/www.diario21.tv\/noticias\/que-ventana-te-atrae-instintivamente-lo-que-revela-sobre-tu-personalidad\/#breadcrumb\",\"itemListElement\":[{\"@type\":\"ListItem\",\"position\":1,\"name\":\"Accueil\",\"item\":\"https:\/\/www.diario21.tv\/noticias\/\"},{\"@type\":\"ListItem\",\"position\":2,\"name\":\"\u00bfQu\u00e9 ventana te atrae instintivamente? Lo que revela sobre tu personalidad\"}]},{\"@type\":\"WebSite\",\"@id\":\"https:\/\/www.diario21.tv\/noticias\/#website\",\"url\":\"https:\/\/www.diario21.tv\/noticias\/\",\"name\":\"Diario 21\",\"description\":\"\",\"potentialAction\":[{\"@type\":\"SearchAction\",\"target\":{\"@type\":\"EntryPoint\",\"urlTemplate\":\"https:\/\/www.diario21.tv\/noticias\/?s={search_term_string}\"},\"query-input\":{\"@type\":\"PropertyValueSpecification\",\"valueRequired\":true,\"valueName\":\"search_term_string\"}}],\"inLanguage\":\"es-AR\"},{\"@type\":\"Person\",\"@id\":\"https:\/\/www.diario21.tv\/noticias\/#\/schema\/person\/7de9d6205bd3da5b7f01f5cffb18d715\",\"name\":\"Diario 21\",\"image\":{\"@type\":\"ImageObject\",\"inLanguage\":\"es-AR\",\"@id\":\"https:\/\/www.diario21.tv\/noticias\/#\/schema\/person\/image\/\",\"url\":\"https:\/\/secure.gravatar.com\/avatar\/d1d5e764b940c8e5990284cabcd5dea9?s=96&d=mm&r=g\",\"contentUrl\":\"https:\/\/secure.gravatar.com\/avatar\/d1d5e764b940c8e5990284cabcd5dea9?s=96&d=mm&r=g\",\"caption\":\"Diario 21\"},\"url\":\"https:\/\/www.diario21.tv\/noticias\/author\/diario-21\/\"}]}<\/script>\n<!-- \/ Yoast SEO plugin. -->","yoast_head_json":{"title":"\u00bfQu\u00e9 ventana te atrae instintivamente? Lo que revela sobre tu personalidad - Diario 21","robots":{"index":"index","follow":"follow","max-snippet":"max-snippet:-1","max-image-preview":"max-image-preview:large","max-video-preview":"max-video-preview:-1"},"canonical":"https:\/\/www.diario21.tv\/noticias\/que-ventana-te-atrae-instintivamente-lo-que-revela-sobre-tu-personalidad\/","og_locale":"es_ES","og_type":"article","og_title":"\u00bfQu\u00e9 ventana te atrae instintivamente? Lo que revela sobre tu personalidad - Diario 21","og_description":"\u00bfAlguna vez te has preguntado qu\u00e9 revelan tus preferencias m\u00e1s instintivas sobre tu verdadera esencia? Hoy te invito a un viaje introspectivo a trav\u00e9s de la ... Seguir leyendo &rarr;","og_url":"https:\/\/www.diario21.tv\/noticias\/que-ventana-te-atrae-instintivamente-lo-que-revela-sobre-tu-personalidad\/","og_site_name":"Diario 21","article_published_time":"2024-09-09T11:00:04+00:00","article_modified_time":"2024-09-09T11:58:04+00:00","og_image":[{"width":1200,"height":673,"url":"https:\/\/www.diario21.tv\/noticias\/wp-content\/uploads\/2024\/09\/prueba-de-personalidad-1.jpg","type":"image\/jpeg"}],"author":"Diario 21","twitter_card":"summary_large_image","twitter_misc":{"Escrito por":"Diario 21","Tiempo de lectura":"3 minutos"},"schema":{"@context":"https:\/\/schema.org","@graph":[{"@type":"WebPage","@id":"https:\/\/www.diario21.tv\/noticias\/que-ventana-te-atrae-instintivamente-lo-que-revela-sobre-tu-personalidad\/","url":"https:\/\/www.diario21.tv\/noticias\/que-ventana-te-atrae-instintivamente-lo-que-revela-sobre-tu-personalidad\/","name":"\u00bfQu\u00e9 ventana te atrae instintivamente? Lo que revela sobre tu personalidad - Diario 21","isPartOf":{"@id":"https:\/\/www.diario21.tv\/noticias\/#website"},"primaryImageOfPage":{"@id":"https:\/\/www.diario21.tv\/noticias\/que-ventana-te-atrae-instintivamente-lo-que-revela-sobre-tu-personalidad\/#primaryimage"},"image":{"@id":"https:\/\/www.diario21.tv\/noticias\/que-ventana-te-atrae-instintivamente-lo-que-revela-sobre-tu-personalidad\/#primaryimage"},"thumbnailUrl":"https:\/\/www.diario21.tv\/noticias\/wp-content\/uploads\/2024\/09\/prueba-de-personalidad-1.jpg","datePublished":"2024-09-09T11:00:04+00:00","dateModified":"2024-09-09T11:58:04+00:00","author":{"@id":"https:\/\/www.diario21.tv\/noticias\/#\/schema\/person\/7de9d6205bd3da5b7f01f5cffb18d715"},"breadcrumb":{"@id":"https:\/\/www.diario21.tv\/noticias\/que-ventana-te-atrae-instintivamente-lo-que-revela-sobre-tu-personalidad\/#breadcrumb"},"inLanguage":"es-AR","potentialAction":[{"@type":"ReadAction","target":["https:\/\/www.diario21.tv\/noticias\/que-ventana-te-atrae-instintivamente-lo-que-revela-sobre-tu-personalidad\/"]}]},{"@type":"ImageObject","inLanguage":"es-AR","@id":"https:\/\/www.diario21.tv\/noticias\/que-ventana-te-atrae-instintivamente-lo-que-revela-sobre-tu-personalidad\/#primaryimage","url":"https:\/\/www.diario21.tv\/noticias\/wp-content\/uploads\/2024\/09\/prueba-de-personalidad-1.jpg","contentUrl":"https:\/\/www.diario21.tv\/noticias\/wp-content\/uploads\/2024\/09\/prueba-de-personalidad-1.jpg","width":1200,"height":673,"caption":"\u00bfQu\u00e9 ventana te atrae instintivamente? Lo que revela sobre tu personalidad"},{"@type":"BreadcrumbList","@id":"https:\/\/www.diario21.tv\/noticias\/que-ventana-te-atrae-instintivamente-lo-que-revela-sobre-tu-personalidad\/#breadcrumb","itemListElement":[{"@type":"ListItem","position":1,"name":"Accueil","item":"https:\/\/www.diario21.tv\/noticias\/"},{"@type":"ListItem","position":2,"name":"\u00bfQu\u00e9 ventana te atrae instintivamente? Lo que revela sobre tu personalidad"}]},{"@type":"WebSite","@id":"https:\/\/www.diario21.tv\/noticias\/#website","url":"https:\/\/www.diario21.tv\/noticias\/","name":"Diario 21","description":"","potentialAction":[{"@type":"SearchAction","target":{"@type":"EntryPoint","urlTemplate":"https:\/\/www.diario21.tv\/noticias\/?s={search_term_string}"},"query-input":{"@type":"PropertyValueSpecification","valueRequired":true,"valueName":"search_term_string"}}],"inLanguage":"es-AR"},{"@type":"Person","@id":"https:\/\/www.diario21.tv\/noticias\/#\/schema\/person\/7de9d6205bd3da5b7f01f5cffb18d715","name":"Diario 21","image":{"@type":"ImageObject","inLanguage":"es-AR","@id":"https:\/\/www.diario21.tv\/noticias\/#\/schema\/person\/image\/","url":"https:\/\/secure.gravatar.com\/avatar\/d1d5e764b940c8e5990284cabcd5dea9?s=96&d=mm&r=g","contentUrl":"https:\/\/secure.gravatar.com\/avatar\/d1d5e764b940c8e5990284cabcd5dea9?s=96&d=mm&r=g","caption":"Diario 21"},"url":"https:\/\/www.diario21.tv\/noticias\/author\/diario-21\/"}]}},"_links":{"self":[{"href":"https:\/\/www.diario21.tv\/noticias\/wp-json\/wp\/v2\/posts\/299"}],"collection":[{"href":"https:\/\/www.diario21.tv\/noticias\/wp-json\/wp\/v2\/posts"}],"about":[{"href":"https:\/\/www.diario21.tv\/noticias\/wp-json\/wp\/v2\/types\/post"}],"author":[{"embeddable":true,"href":"https:\/\/www.diario21.tv\/noticias\/wp-json\/wp\/v2\/users\/16"}],"replies":[{"embeddable":true,"href":"https:\/\/www.diario21.tv\/noticias\/wp-json\/wp\/v2\/comments?post=299"}],"version-history":[{"count":1,"href":"https:\/\/www.diario21.tv\/noticias\/wp-json\/wp\/v2\/posts\/299\/revisions"}],"predecessor-version":[{"id":301,"href":"https:\/\/www.diario21.tv\/noticias\/wp-json\/wp\/v2\/posts\/299\/revisions\/301"}],"wp:featuredmedia":[{"embeddable":true,"href":"https:\/\/www.diario21.tv\/noticias\/wp-json\/wp\/v2\/media\/300"}],"wp:attachment":[{"href":"https:\/\/www.diario21.tv\/noticias\/wp-json\/wp\/v2\/media?parent=299"}],"wp:term":[{"taxonomy":"category","embeddable":true,"href":"https:\/\/www.diario21.tv\/noticias\/wp-json\/wp\/v2\/categories?post=299"},{"taxonomy":"post_tag","embeddable":true,"href":"https:\/\/www.diario21.tv\/noticias\/wp-json\/wp\/v2\/tags?post=299"}],"curies":[{"name":"wp","href":"https:\/\/api.w.org\/{rel}","templated":true}]}}