{"id":2965,"date":"2025-04-30T02:31:54","date_gmt":"2025-04-30T02:31:54","guid":{"rendered":"https:\/\/www.diario21.tv\/noticias\/tragedia-en-cordoba-joven-de-18-anos-muere-atrapado-en-montacargas-de-salon-de-celebraciones\/"},"modified":"2025-04-30T02:31:54","modified_gmt":"2025-04-30T02:31:54","slug":"tragedia-en-cordoba-joven-de-18-anos-muere-atrapado-en-montacargas-de-salon-de-celebraciones","status":"publish","type":"post","link":"https:\/\/www.diario21.tv\/noticias\/tragedia-en-cordoba-joven-de-18-anos-muere-atrapado-en-montacargas-de-salon-de-celebraciones\/","title":{"rendered":"Tragedia en C\u00f3rdoba: Joven de 18 a\u00f1os muere atrapado en montacargas de sal\u00f3n de celebraciones"},"content":{"rendered":"<h2>Fallece Adolescente de 18 A\u00f1os en un Accidente con un Montacargas en C\u00f3rdoba<\/h2>\n<p>Un tr\u00e1gico suceso ha conmocionado a la comunidad de C\u00f3rdoba tras la muerte de un joven de 18 a\u00f1os, quien perdi\u00f3 la vida al quedar atrapado en un montacargas ubicado en un sal\u00f3n de eventos. El incidente ocurri\u00f3 mientras el joven, cuya identidad no ha sido revelada, se encontraba trabajando en el lugar.<\/p>\n<h3>Detalles del Accidente<\/h3>\n<p>Seg\u00fan los informes preliminares de las autoridades locales, el accidente tuvo lugar en la tarde del s\u00e1bado en un conocido sal\u00f3n de celebraciones de la ciudad. El joven, empleado del sal\u00f3n, estaba utilizando el montacargas para transportar diversos materiales necesarios para un evento programado. Por razones que a\u00fan est\u00e1n bajo investigaci\u00f3n, el adolescente qued\u00f3 atrapado por el mecanismo del montacargas, lo que le caus\u00f3 heridas mortales.<\/p>\n<h3>Respuesta de Emergencia<\/h3>\n<p>Inmediatamente despu\u00e9s de que ocurri\u00f3 el accidente, compa\u00f1eros de trabajo y otros presentes en el lugar intentaron auxiliar al joven, pero a pesar de sus esfuerzos, las complicaciones fueron demasiado severas. Los servicios de emergencia llegaron r\u00e1pidamente al lugar, pero lamentablemente, solo pudieron confirmar el fallecimiento del joven debido a la gravedad de sus lesiones.<\/p>\n<h3>Investigaci\u00f3n en Curso<\/h3>\n<p>La polic\u00eda de C\u00f3rdoba ha iniciado una investigaci\u00f3n exhaustiva para determinar las circunstancias exactas que llevaron al fatal accidente. Se est\u00e1 llevando a cabo una revisi\u00f3n de las medidas de seguridad del sal\u00f3n de celebraciones, as\u00ed como del funcionamiento y mantenimiento del montacargas involucrado. El objetivo es esclarecer si hubo negligencia o si se violaron normativas de seguridad laboral que pudieron haber prevenido este lamentable suceso.<\/p>\n<h3>Reacciones y Consecuencias<\/h3>\n<p>La noticia de la muerte del joven ha generado una profunda tristeza en la comunidad y entre los conocidos y familiares del fallecido. Representantes del sal\u00f3n de celebraciones han expresado su consternaci\u00f3n y han prometido colaborar con las autoridades en todo lo necesario para esclarecer los hechos. Adem\u00e1s, han anunciado que revisar\u00e1n y fortalecer\u00e1n sus protocolos de seguridad para evitar que tragedias como esta se repitan en el futuro.<\/p>\n<p>Este incidente ha puesto de relieve la importancia de la adherencia estricta a las normativas de seguridad en el uso de maquinaria pesada, especialmente en entornos laborales donde el riesgo de accidentes es considerable. La comunidad espera que este tr\u00e1gico evento sirva para reforzar las medidas de seguridad y protecci\u00f3n para los trabajadores en la regi\u00f3n.<\/p>\n\n\n<div class=\"kk-star-ratings kksr-auto kksr-align-left kksr-valign-bottom\"\n    data-payload='{&quot;align&quot;:&quot;left&quot;,&quot;id&quot;:&quot;2965&quot;,&quot;slug&quot;:&quot;default&quot;,&quot;valign&quot;:&quot;bottom&quot;,&quot;ignore&quot;:&quot;&quot;,&quot;reference&quot;:&quot;auto&quot;,&quot;class&quot;:&quot;&quot;,&quot;count&quot;:&quot;0&quot;,&quot;legendonly&quot;:&quot;&quot;,&quot;readonly&quot;:&quot;&quot;,&quot;score&quot;:&quot;0&quot;,&quot;starsonly&quot;:&quot;&quot;,&quot;best&quot;:&quot;5&quot;,&quot;gap&quot;:&quot;5&quot;,&quot;greet&quot;:&quot;Valora este post&quot;,&quot;legend&quot;:&quot;0\\\/5 - (0 votes)&quot;,&quot;size&quot;:&quot;22&quot;,&quot;title&quot;:&quot;Tragedia en C\u00f3rdoba: Joven de 18 a\u00f1os muere atrapado en montacargas de sal\u00f3n de celebraciones&quot;,&quot;width&quot;:&quot;0&quot;,&quot;_legend&quot;:&quot;{score}\\\/{best} - ({count} {votes})&quot;,&quot;font_factor&quot;:&quot;1.25&quot;}'>\n            \n<div class=\"kksr-stars\">\n    \n<div class=\"kksr-stars-inactive\">\n            <div class=\"kksr-star\" data-star=\"1\" style=\"padding-right: 5px\">\n            \n\n<div class=\"kksr-icon\" style=\"width: 22px; height: 22px;\"><\/div>\n        <\/div>\n            <div class=\"kksr-star\" data-star=\"2\" style=\"padding-right: 5px\">\n            \n\n<div class=\"kksr-icon\" style=\"width: 22px; height: 22px;\"><\/div>\n        <\/div>\n            <div class=\"kksr-star\" data-star=\"3\" style=\"padding-right: 5px\">\n            \n\n<div class=\"kksr-icon\" style=\"width: 22px; height: 22px;\"><\/div>\n        <\/div>\n            <div class=\"kksr-star\" data-star=\"4\" style=\"padding-right: 5px\">\n            \n\n<div class=\"kksr-icon\" style=\"width: 22px; height: 22px;\"><\/div>\n        <\/div>\n            <div class=\"kksr-star\" data-star=\"5\" style=\"padding-right: 5px\">\n            \n\n<div class=\"kksr-icon\" style=\"width: 22px; height: 22px;\"><\/div>\n        <\/div>\n    <\/div>\n    \n<div class=\"kksr-stars-active\" style=\"width: 0px;\">\n            <div class=\"kksr-star\" style=\"padding-right: 5px\">\n            \n\n<div class=\"kksr-icon\" style=\"width: 22px; height: 22px;\"><\/div>\n        <\/div>\n            <div class=\"kksr-star\" style=\"padding-right: 5px\">\n            \n\n<div class=\"kksr-icon\" style=\"width: 22px; height: 22px;\"><\/div>\n        <\/div>\n            <div class=\"kksr-star\" style=\"padding-right: 5px\">\n            \n\n<div class=\"kksr-icon\" style=\"width: 22px; height: 22px;\"><\/div>\n        <\/div>\n            <div class=\"kksr-star\" style=\"padding-right: 5px\">\n            \n\n<div class=\"kksr-icon\" style=\"width: 22px; height: 22px;\"><\/div>\n        <\/div>\n            <div class=\"kksr-star\" style=\"padding-right: 5px\">\n            \n\n<div class=\"kksr-icon\" style=\"width: 22px; height: 22px;\"><\/div>\n        <\/div>\n    <\/div>\n<\/div>\n                \n\n<div class=\"kksr-legend\" style=\"font-size: 17.6px;\">\n            <span class=\"kksr-muted\">Valora este post<\/span>\n    <\/div>\n    <\/div>\n","protected":false},"excerpt":{"rendered":"<p>Fallece Adolescente de 18 A\u00f1os en un Accidente con un Montacargas en C\u00f3rdoba Un tr\u00e1gico suceso ha conmocionado a la comunidad de C\u00f3rdoba tras la muerte &#8230; <a title=\"Tragedia en C\u00f3rdoba: Joven de 18 a\u00f1os muere atrapado en montacargas de sal\u00f3n de celebraciones\" class=\"read-more\" href=\"https:\/\/www.diario21.tv\/noticias\/tragedia-en-cordoba-joven-de-18-anos-muere-atrapado-en-montacargas-de-salon-de-celebraciones\/\" aria-label=\"Leer m\u00e1s sobre Tragedia en C\u00f3rdoba: Joven de 18 a\u00f1os muere atrapado en montacargas de sal\u00f3n de celebraciones\">Seguir leyendo &rarr;<\/a><\/p>\n","protected":false},"author":20,"featured_media":2966,"comment_status":"open","ping_status":"open","sticky":false,"template":"","format":"standard","meta":{"footnotes":""},"categories":[13],"tags":[],"class_list":["post-2965","post","type-post","status-publish","format-standard","has-post-thumbnail","hentry","category-portada"],"yoast_head":"<!-- This site is optimized with the Yoast SEO plugin v25.6 - https:\/\/yoast.com\/wordpress\/plugins\/seo\/ -->\n<title>Tragedia en C\u00f3rdoba: Joven de 18 a\u00f1os muere atrapado en montacargas de sal\u00f3n de celebraciones - Diario 21<\/title>\n<meta name=\"robots\" content=\"index, follow, max-snippet:-1, max-image-preview:large, max-video-preview:-1\" \/>\n<link rel=\"canonical\" href=\"https:\/\/www.diario21.tv\/noticias\/tragedia-en-cordoba-joven-de-18-anos-muere-atrapado-en-montacargas-de-salon-de-celebraciones\/\" \/>\n<meta property=\"og:locale\" content=\"es_ES\" \/>\n<meta property=\"og:type\" content=\"article\" \/>\n<meta property=\"og:title\" content=\"Tragedia en C\u00f3rdoba: Joven de 18 a\u00f1os muere atrapado en montacargas de sal\u00f3n de celebraciones - Diario 21\" \/>\n<meta property=\"og:description\" content=\"Fallece Adolescente de 18 A\u00f1os en un Accidente con un Montacargas en C\u00f3rdoba Un tr\u00e1gico suceso ha conmocionado a la comunidad de C\u00f3rdoba tras la muerte ... Seguir leyendo &rarr;\" \/>\n<meta property=\"og:url\" content=\"https:\/\/www.diario21.tv\/noticias\/tragedia-en-cordoba-joven-de-18-anos-muere-atrapado-en-montacargas-de-salon-de-celebraciones\/\" \/>\n<meta property=\"og:site_name\" content=\"Diario 21\" \/>\n<meta property=\"article:published_time\" content=\"2025-04-30T02:31:54+00:00\" \/>\n<meta property=\"og:image\" content=\"https:\/\/www.diario21.tv\/noticias\/wp-content\/uploads\/2025\/04\/Tragedia-en-Cordoba-Joven-de-18-anos-muere-atrapado-en.jpg\" \/>\n\t<meta property=\"og:image:width\" content=\"1200\" \/>\n\t<meta property=\"og:image:height\" content=\"835\" \/>\n\t<meta property=\"og:image:type\" content=\"image\/jpeg\" \/>\n<meta name=\"author\" content=\"Juan P\u00e9rez\" \/>\n<meta name=\"twitter:card\" content=\"summary_large_image\" \/>\n<meta name=\"twitter:label1\" content=\"Escrito por\" \/>\n\t<meta name=\"twitter:data1\" content=\"Juan P\u00e9rez\" \/>\n\t<meta name=\"twitter:label2\" content=\"Tiempo de lectura\" \/>\n\t<meta name=\"twitter:data2\" content=\"2 minutos\" \/>\n<script type=\"application\/ld+json\" class=\"yoast-schema-graph\">{\"@context\":\"https:\/\/schema.org\",\"@graph\":[{\"@type\":\"WebPage\",\"@id\":\"https:\/\/www.diario21.tv\/noticias\/tragedia-en-cordoba-joven-de-18-anos-muere-atrapado-en-montacargas-de-salon-de-celebraciones\/\",\"url\":\"https:\/\/www.diario21.tv\/noticias\/tragedia-en-cordoba-joven-de-18-anos-muere-atrapado-en-montacargas-de-salon-de-celebraciones\/\",\"name\":\"Tragedia en C\u00f3rdoba: Joven de 18 a\u00f1os muere atrapado en montacargas de sal\u00f3n de celebraciones - Diario 21\",\"isPartOf\":{\"@id\":\"https:\/\/www.diario21.tv\/noticias\/#website\"},\"primaryImageOfPage\":{\"@id\":\"https:\/\/www.diario21.tv\/noticias\/tragedia-en-cordoba-joven-de-18-anos-muere-atrapado-en-montacargas-de-salon-de-celebraciones\/#primaryimage\"},\"image\":{\"@id\":\"https:\/\/www.diario21.tv\/noticias\/tragedia-en-cordoba-joven-de-18-anos-muere-atrapado-en-montacargas-de-salon-de-celebraciones\/#primaryimage\"},\"thumbnailUrl\":\"https:\/\/www.diario21.tv\/noticias\/wp-content\/uploads\/2025\/04\/Tragedia-en-Cordoba-Joven-de-18-anos-muere-atrapado-en.jpg\",\"datePublished\":\"2025-04-30T02:31:54+00:00\",\"author\":{\"@id\":\"https:\/\/www.diario21.tv\/noticias\/#\/schema\/person\/dfb778f73814d8f09f302618446a526b\"},\"breadcrumb\":{\"@id\":\"https:\/\/www.diario21.tv\/noticias\/tragedia-en-cordoba-joven-de-18-anos-muere-atrapado-en-montacargas-de-salon-de-celebraciones\/#breadcrumb\"},\"inLanguage\":\"es-AR\",\"potentialAction\":[{\"@type\":\"ReadAction\",\"target\":[\"https:\/\/www.diario21.tv\/noticias\/tragedia-en-cordoba-joven-de-18-anos-muere-atrapado-en-montacargas-de-salon-de-celebraciones\/\"]}]},{\"@type\":\"ImageObject\",\"inLanguage\":\"es-AR\",\"@id\":\"https:\/\/www.diario21.tv\/noticias\/tragedia-en-cordoba-joven-de-18-anos-muere-atrapado-en-montacargas-de-salon-de-celebraciones\/#primaryimage\",\"url\":\"https:\/\/www.diario21.tv\/noticias\/wp-content\/uploads\/2025\/04\/Tragedia-en-Cordoba-Joven-de-18-anos-muere-atrapado-en.jpg\",\"contentUrl\":\"https:\/\/www.diario21.tv\/noticias\/wp-content\/uploads\/2025\/04\/Tragedia-en-Cordoba-Joven-de-18-anos-muere-atrapado-en.jpg\",\"width\":1200,\"height\":835,\"caption\":\"Muere un joven de 18 a\u00f1os al quedar atrapado en un montacargas de un sal\u00f3n de celebraciones en C\u00f3rdoba\"},{\"@type\":\"BreadcrumbList\",\"@id\":\"https:\/\/www.diario21.tv\/noticias\/tragedia-en-cordoba-joven-de-18-anos-muere-atrapado-en-montacargas-de-salon-de-celebraciones\/#breadcrumb\",\"itemListElement\":[{\"@type\":\"ListItem\",\"position\":1,\"name\":\"Accueil\",\"item\":\"https:\/\/www.diario21.tv\/noticias\/\"},{\"@type\":\"ListItem\",\"position\":2,\"name\":\"Tragedia en C\u00f3rdoba: Joven de 18 a\u00f1os muere atrapado en montacargas de sal\u00f3n de celebraciones\"}]},{\"@type\":\"WebSite\",\"@id\":\"https:\/\/www.diario21.tv\/noticias\/#website\",\"url\":\"https:\/\/www.diario21.tv\/noticias\/\",\"name\":\"Diario 21\",\"description\":\"\",\"potentialAction\":[{\"@type\":\"SearchAction\",\"target\":{\"@type\":\"EntryPoint\",\"urlTemplate\":\"https:\/\/www.diario21.tv\/noticias\/?s={search_term_string}\"},\"query-input\":{\"@type\":\"PropertyValueSpecification\",\"valueRequired\":true,\"valueName\":\"search_term_string\"}}],\"inLanguage\":\"es-AR\"},{\"@type\":\"Person\",\"@id\":\"https:\/\/www.diario21.tv\/noticias\/#\/schema\/person\/dfb778f73814d8f09f302618446a526b\",\"name\":\"Juan P\u00e9rez\",\"image\":{\"@type\":\"ImageObject\",\"inLanguage\":\"es-AR\",\"@id\":\"https:\/\/www.diario21.tv\/noticias\/#\/schema\/person\/image\/\",\"url\":\"https:\/\/secure.gravatar.com\/avatar\/c478a405bd10621167f4c3167cc770f5?s=96&d=mm&r=g\",\"contentUrl\":\"https:\/\/secure.gravatar.com\/avatar\/c478a405bd10621167f4c3167cc770f5?s=96&d=mm&r=g\",\"caption\":\"Juan P\u00e9rez\"},\"description\":\"Juan P\u00e9rez es el redactor en jefe de Diario 21. Con m\u00e1s de 10 a\u00f1os de experiencia en el periodismo, se especializa en pol\u00edtica nacional y an\u00e1lisis socioecon\u00f3mico. Su enfoque cr\u00edtico y riguroso aporta una perspectiva \u00fanica a cada art\u00edculo.\",\"sameAs\":[\"https:\/\/www.diario21.tv\/noticias\/\"],\"url\":\"https:\/\/www.diario21.tv\/noticias\/author\/juan-perez\/\"}]}<\/script>\n<!-- \/ Yoast SEO plugin. -->","yoast_head_json":{"title":"Tragedia en C\u00f3rdoba: Joven de 18 a\u00f1os muere atrapado en montacargas de sal\u00f3n de celebraciones - Diario 21","robots":{"index":"index","follow":"follow","max-snippet":"max-snippet:-1","max-image-preview":"max-image-preview:large","max-video-preview":"max-video-preview:-1"},"canonical":"https:\/\/www.diario21.tv\/noticias\/tragedia-en-cordoba-joven-de-18-anos-muere-atrapado-en-montacargas-de-salon-de-celebraciones\/","og_locale":"es_ES","og_type":"article","og_title":"Tragedia en C\u00f3rdoba: Joven de 18 a\u00f1os muere atrapado en montacargas de sal\u00f3n de celebraciones - Diario 21","og_description":"Fallece Adolescente de 18 A\u00f1os en un Accidente con un Montacargas en C\u00f3rdoba Un tr\u00e1gico suceso ha conmocionado a la comunidad de C\u00f3rdoba tras la muerte ... Seguir leyendo &rarr;","og_url":"https:\/\/www.diario21.tv\/noticias\/tragedia-en-cordoba-joven-de-18-anos-muere-atrapado-en-montacargas-de-salon-de-celebraciones\/","og_site_name":"Diario 21","article_published_time":"2025-04-30T02:31:54+00:00","og_image":[{"width":1200,"height":835,"url":"https:\/\/www.diario21.tv\/noticias\/wp-content\/uploads\/2025\/04\/Tragedia-en-Cordoba-Joven-de-18-anos-muere-atrapado-en.jpg","type":"image\/jpeg"}],"author":"Juan P\u00e9rez","twitter_card":"summary_large_image","twitter_misc":{"Escrito por":"Juan P\u00e9rez","Tiempo de lectura":"2 minutos"},"schema":{"@context":"https:\/\/schema.org","@graph":[{"@type":"WebPage","@id":"https:\/\/www.diario21.tv\/noticias\/tragedia-en-cordoba-joven-de-18-anos-muere-atrapado-en-montacargas-de-salon-de-celebraciones\/","url":"https:\/\/www.diario21.tv\/noticias\/tragedia-en-cordoba-joven-de-18-anos-muere-atrapado-en-montacargas-de-salon-de-celebraciones\/","name":"Tragedia en C\u00f3rdoba: Joven de 18 a\u00f1os muere atrapado en montacargas de sal\u00f3n de celebraciones - Diario 21","isPartOf":{"@id":"https:\/\/www.diario21.tv\/noticias\/#website"},"primaryImageOfPage":{"@id":"https:\/\/www.diario21.tv\/noticias\/tragedia-en-cordoba-joven-de-18-anos-muere-atrapado-en-montacargas-de-salon-de-celebraciones\/#primaryimage"},"image":{"@id":"https:\/\/www.diario21.tv\/noticias\/tragedia-en-cordoba-joven-de-18-anos-muere-atrapado-en-montacargas-de-salon-de-celebraciones\/#primaryimage"},"thumbnailUrl":"https:\/\/www.diario21.tv\/noticias\/wp-content\/uploads\/2025\/04\/Tragedia-en-Cordoba-Joven-de-18-anos-muere-atrapado-en.jpg","datePublished":"2025-04-30T02:31:54+00:00","author":{"@id":"https:\/\/www.diario21.tv\/noticias\/#\/schema\/person\/dfb778f73814d8f09f302618446a526b"},"breadcrumb":{"@id":"https:\/\/www.diario21.tv\/noticias\/tragedia-en-cordoba-joven-de-18-anos-muere-atrapado-en-montacargas-de-salon-de-celebraciones\/#breadcrumb"},"inLanguage":"es-AR","potentialAction":[{"@type":"ReadAction","target":["https:\/\/www.diario21.tv\/noticias\/tragedia-en-cordoba-joven-de-18-anos-muere-atrapado-en-montacargas-de-salon-de-celebraciones\/"]}]},{"@type":"ImageObject","inLanguage":"es-AR","@id":"https:\/\/www.diario21.tv\/noticias\/tragedia-en-cordoba-joven-de-18-anos-muere-atrapado-en-montacargas-de-salon-de-celebraciones\/#primaryimage","url":"https:\/\/www.diario21.tv\/noticias\/wp-content\/uploads\/2025\/04\/Tragedia-en-Cordoba-Joven-de-18-anos-muere-atrapado-en.jpg","contentUrl":"https:\/\/www.diario21.tv\/noticias\/wp-content\/uploads\/2025\/04\/Tragedia-en-Cordoba-Joven-de-18-anos-muere-atrapado-en.jpg","width":1200,"height":835,"caption":"Muere un joven de 18 a\u00f1os al quedar atrapado en un montacargas de un sal\u00f3n de celebraciones en C\u00f3rdoba"},{"@type":"BreadcrumbList","@id":"https:\/\/www.diario21.tv\/noticias\/tragedia-en-cordoba-joven-de-18-anos-muere-atrapado-en-montacargas-de-salon-de-celebraciones\/#breadcrumb","itemListElement":[{"@type":"ListItem","position":1,"name":"Accueil","item":"https:\/\/www.diario21.tv\/noticias\/"},{"@type":"ListItem","position":2,"name":"Tragedia en C\u00f3rdoba: Joven de 18 a\u00f1os muere atrapado en montacargas de sal\u00f3n de celebraciones"}]},{"@type":"WebSite","@id":"https:\/\/www.diario21.tv\/noticias\/#website","url":"https:\/\/www.diario21.tv\/noticias\/","name":"Diario 21","description":"","potentialAction":[{"@type":"SearchAction","target":{"@type":"EntryPoint","urlTemplate":"https:\/\/www.diario21.tv\/noticias\/?s={search_term_string}"},"query-input":{"@type":"PropertyValueSpecification","valueRequired":true,"valueName":"search_term_string"}}],"inLanguage":"es-AR"},{"@type":"Person","@id":"https:\/\/www.diario21.tv\/noticias\/#\/schema\/person\/dfb778f73814d8f09f302618446a526b","name":"Juan P\u00e9rez","image":{"@type":"ImageObject","inLanguage":"es-AR","@id":"https:\/\/www.diario21.tv\/noticias\/#\/schema\/person\/image\/","url":"https:\/\/secure.gravatar.com\/avatar\/c478a405bd10621167f4c3167cc770f5?s=96&d=mm&r=g","contentUrl":"https:\/\/secure.gravatar.com\/avatar\/c478a405bd10621167f4c3167cc770f5?s=96&d=mm&r=g","caption":"Juan P\u00e9rez"},"description":"Juan P\u00e9rez es el redactor en jefe de Diario 21. Con m\u00e1s de 10 a\u00f1os de experiencia en el periodismo, se especializa en pol\u00edtica nacional y an\u00e1lisis socioecon\u00f3mico. Su enfoque cr\u00edtico y riguroso aporta una perspectiva \u00fanica a cada art\u00edculo.","sameAs":["https:\/\/www.diario21.tv\/noticias\/"],"url":"https:\/\/www.diario21.tv\/noticias\/author\/juan-perez\/"}]}},"_links":{"self":[{"href":"https:\/\/www.diario21.tv\/noticias\/wp-json\/wp\/v2\/posts\/2965"}],"collection":[{"href":"https:\/\/www.diario21.tv\/noticias\/wp-json\/wp\/v2\/posts"}],"about":[{"href":"https:\/\/www.diario21.tv\/noticias\/wp-json\/wp\/v2\/types\/post"}],"author":[{"embeddable":true,"href":"https:\/\/www.diario21.tv\/noticias\/wp-json\/wp\/v2\/users\/20"}],"replies":[{"embeddable":true,"href":"https:\/\/www.diario21.tv\/noticias\/wp-json\/wp\/v2\/comments?post=2965"}],"version-history":[{"count":1,"href":"https:\/\/www.diario21.tv\/noticias\/wp-json\/wp\/v2\/posts\/2965\/revisions"}],"predecessor-version":[{"id":2967,"href":"https:\/\/www.diario21.tv\/noticias\/wp-json\/wp\/v2\/posts\/2965\/revisions\/2967"}],"wp:featuredmedia":[{"embeddable":true,"href":"https:\/\/www.diario21.tv\/noticias\/wp-json\/wp\/v2\/media\/2966"}],"wp:attachment":[{"href":"https:\/\/www.diario21.tv\/noticias\/wp-json\/wp\/v2\/media?parent=2965"}],"wp:term":[{"taxonomy":"category","embeddable":true,"href":"https:\/\/www.diario21.tv\/noticias\/wp-json\/wp\/v2\/categories?post=2965"},{"taxonomy":"post_tag","embeddable":true,"href":"https:\/\/www.diario21.tv\/noticias\/wp-json\/wp\/v2\/tags?post=2965"}],"curies":[{"name":"wp","href":"https:\/\/api.w.org\/{rel}","templated":true}]}}