{"id":2947,"date":"2025-04-28T14:18:11","date_gmt":"2025-04-28T14:18:11","guid":{"rendered":"https:\/\/www.diario21.tv\/noticias\/la-ia-podria-cambiar-la-lucha-contra-el-cancer-descubre-como-mejorara-nuestras-respuestas\/"},"modified":"2025-04-28T14:18:11","modified_gmt":"2025-04-28T14:18:11","slug":"la-ia-podria-cambiar-la-lucha-contra-el-cancer-descubre-como-mejorara-nuestras-respuestas","status":"publish","type":"post","link":"https:\/\/www.diario21.tv\/noticias\/la-ia-podria-cambiar-la-lucha-contra-el-cancer-descubre-como-mejorara-nuestras-respuestas\/","title":{"rendered":"\u00a1La IA podr\u00eda cambiar la lucha contra el c\u00e1ncer! Descubre c\u00f3mo mejorar\u00e1 nuestras respuestas"},"content":{"rendered":"<h2>La Inteligencia Artificial y su Potencial en la Lucha Contra el C\u00e1ncer<\/h2>\n<p>La inteligencia artificial (IA) ha estado avanzando a pasos agigantados en diversas \u00e1reas de la ciencia y la medicina, y su papel en la oncolog\u00eda no es una excepci\u00f3n. Aunque no se puede afirmar con certeza que la IA proporcionar\u00e1 la cura definitiva para el c\u00e1ncer, es indiscutible que est\u00e1 mejorando significativamente nuestra capacidad de respuesta ante esta enfermedad.<\/p>\n<h3>Mejoras en Diagn\u00f3sticos y Tratamientos<\/h3>\n<p>Los sistemas de IA tienen la capacidad de analizar grandes cantidades de datos a una velocidad que supera con creces la de los humanos. Esto es particularmente \u00fatil en el campo de la oncolog\u00eda, donde la precisi\u00f3n y la velocidad son cruciales para el diagn\u00f3stico y el tratamiento. La IA puede ayudar a identificar patrones en los datos de los pacientes que podr\u00edan pasar desapercibidos para los m\u00e9dicos, lo que permite un diagn\u00f3stico m\u00e1s temprano y preciso del c\u00e1ncer.<\/p>\n<p>Adem\u00e1s, la inteligencia artificial puede jugar un papel fundamental en la personalizaci\u00f3n del tratamiento del c\u00e1ncer. Al analizar datos de numerosos pacientes, la IA puede ayudar a prever c\u00f3mo responder\u00e1 un individuo a ciertos tratamientos, permitiendo as\u00ed que los m\u00e9dicos elijan la opci\u00f3n m\u00e1s efectiva y con menos efectos secundarios para cada paciente.<\/p>\n<h3>Optimizaci\u00f3n de Recursos y Tiempo<\/h3>\n<p>La implementaci\u00f3n de la IA en la oncolog\u00eda tambi\u00e9n contribuye a una mejor utilizaci\u00f3n de los recursos sanitarios. Al automatizar tareas repetitivas y administrativas, los profesionales de la salud pueden dedicar m\u00e1s tiempo a la atenci\u00f3n directa del paciente, mejorando tanto la calidad como la eficiencia del servicio m\u00e9dico.<\/p>\n<h3>Desaf\u00edos y Consideraciones \u00c9ticas<\/h3>\n<p>A pesar de sus numerosas ventajas, el uso de la inteligencia artificial en la medicina tambi\u00e9n presenta desaf\u00edos, especialmente en t\u00e9rminos de \u00e9tica y privacidad. La gesti\u00f3n de los datos de los pacientes debe realizarse con el m\u00e1ximo cuidado para proteger su privacidad y garantizar que el uso de la IA no resulte en discriminaci\u00f3n o injusticias.<\/p>\n<h3>El Futuro de la IA en Oncolog\u00eda<\/h3>\n<p>Mirando hacia el futuro, la inteligencia artificial tiene el potencial de transformar radicalmente el campo de la oncolog\u00eda. Con desarrollos continuos en tecnolog\u00eda y una mejor integraci\u00f3n de los sistemas de IA en la pr\u00e1ctica m\u00e9dica, podemos esperar mejoras significativas en la prevenci\u00f3n, diagn\u00f3stico y tratamiento del c\u00e1ncer. Aunque la IA por s\u00ed sola no pueda encontrar la cura para el c\u00e1ncer, sin duda es una herramienta poderosa que est\u00e1 mejorando la forma en que combatimos esta compleja enfermedad.<\/p>\n\n\n<div class=\"kk-star-ratings kksr-auto kksr-align-left kksr-valign-bottom\"\n    data-payload='{&quot;align&quot;:&quot;left&quot;,&quot;id&quot;:&quot;2947&quot;,&quot;slug&quot;:&quot;default&quot;,&quot;valign&quot;:&quot;bottom&quot;,&quot;ignore&quot;:&quot;&quot;,&quot;reference&quot;:&quot;auto&quot;,&quot;class&quot;:&quot;&quot;,&quot;count&quot;:&quot;0&quot;,&quot;legendonly&quot;:&quot;&quot;,&quot;readonly&quot;:&quot;&quot;,&quot;score&quot;:&quot;0&quot;,&quot;starsonly&quot;:&quot;&quot;,&quot;best&quot;:&quot;5&quot;,&quot;gap&quot;:&quot;5&quot;,&quot;greet&quot;:&quot;Valora este post&quot;,&quot;legend&quot;:&quot;0\\\/5 - (0 votes)&quot;,&quot;size&quot;:&quot;22&quot;,&quot;title&quot;:&quot;\u00a1La IA podr\u00eda cambiar la lucha contra el c\u00e1ncer! Descubre c\u00f3mo mejorar\u00e1 nuestras respuestas&quot;,&quot;width&quot;:&quot;0&quot;,&quot;_legend&quot;:&quot;{score}\\\/{best} - ({count} {votes})&quot;,&quot;font_factor&quot;:&quot;1.25&quot;}'>\n            \n<div class=\"kksr-stars\">\n    \n<div class=\"kksr-stars-inactive\">\n            <div class=\"kksr-star\" data-star=\"1\" style=\"padding-right: 5px\">\n            \n\n<div class=\"kksr-icon\" style=\"width: 22px; height: 22px;\"><\/div>\n        <\/div>\n            <div class=\"kksr-star\" data-star=\"2\" style=\"padding-right: 5px\">\n            \n\n<div class=\"kksr-icon\" style=\"width: 22px; height: 22px;\"><\/div>\n        <\/div>\n            <div class=\"kksr-star\" data-star=\"3\" style=\"padding-right: 5px\">\n            \n\n<div class=\"kksr-icon\" style=\"width: 22px; height: 22px;\"><\/div>\n        <\/div>\n            <div class=\"kksr-star\" data-star=\"4\" style=\"padding-right: 5px\">\n            \n\n<div class=\"kksr-icon\" style=\"width: 22px; height: 22px;\"><\/div>\n        <\/div>\n            <div class=\"kksr-star\" data-star=\"5\" style=\"padding-right: 5px\">\n            \n\n<div class=\"kksr-icon\" style=\"width: 22px; height: 22px;\"><\/div>\n        <\/div>\n    <\/div>\n    \n<div class=\"kksr-stars-active\" style=\"width: 0px;\">\n            <div class=\"kksr-star\" style=\"padding-right: 5px\">\n            \n\n<div class=\"kksr-icon\" style=\"width: 22px; height: 22px;\"><\/div>\n        <\/div>\n            <div class=\"kksr-star\" style=\"padding-right: 5px\">\n            \n\n<div class=\"kksr-icon\" style=\"width: 22px; height: 22px;\"><\/div>\n        <\/div>\n            <div class=\"kksr-star\" style=\"padding-right: 5px\">\n            \n\n<div class=\"kksr-icon\" style=\"width: 22px; height: 22px;\"><\/div>\n        <\/div>\n            <div class=\"kksr-star\" style=\"padding-right: 5px\">\n            \n\n<div class=\"kksr-icon\" style=\"width: 22px; height: 22px;\"><\/div>\n        <\/div>\n            <div class=\"kksr-star\" style=\"padding-right: 5px\">\n            \n\n<div class=\"kksr-icon\" style=\"width: 22px; height: 22px;\"><\/div>\n        <\/div>\n    <\/div>\n<\/div>\n                \n\n<div class=\"kksr-legend\" style=\"font-size: 17.6px;\">\n            <span class=\"kksr-muted\">Valora este post<\/span>\n    <\/div>\n    <\/div>\n","protected":false},"excerpt":{"rendered":"<p>La Inteligencia Artificial y su Potencial en la Lucha Contra el C\u00e1ncer La inteligencia artificial (IA) ha estado avanzando a pasos agigantados en diversas \u00e1reas de &#8230; <a title=\"\u00a1La IA podr\u00eda cambiar la lucha contra el c\u00e1ncer! Descubre c\u00f3mo mejorar\u00e1 nuestras respuestas\" class=\"read-more\" href=\"https:\/\/www.diario21.tv\/noticias\/la-ia-podria-cambiar-la-lucha-contra-el-cancer-descubre-como-mejorara-nuestras-respuestas\/\" aria-label=\"Leer m\u00e1s sobre \u00a1La IA podr\u00eda cambiar la lucha contra el c\u00e1ncer! Descubre c\u00f3mo mejorar\u00e1 nuestras respuestas\">Seguir leyendo &rarr;<\/a><\/p>\n","protected":false},"author":20,"featured_media":2948,"comment_status":"open","ping_status":"open","sticky":false,"template":"","format":"standard","meta":{"footnotes":""},"categories":[13],"tags":[],"class_list":["post-2947","post","type-post","status-publish","format-standard","has-post-thumbnail","hentry","category-portada"],"yoast_head":"<!-- This site is optimized with the Yoast SEO plugin v25.6 - https:\/\/yoast.com\/wordpress\/plugins\/seo\/ -->\n<title>\u00a1La IA podr\u00eda cambiar la lucha contra el c\u00e1ncer! Descubre c\u00f3mo mejorar\u00e1 nuestras respuestas - Diario 21<\/title>\n<meta name=\"robots\" content=\"index, follow, max-snippet:-1, max-image-preview:large, max-video-preview:-1\" \/>\n<link rel=\"canonical\" href=\"https:\/\/www.diario21.tv\/noticias\/la-ia-podria-cambiar-la-lucha-contra-el-cancer-descubre-como-mejorara-nuestras-respuestas\/\" \/>\n<meta property=\"og:locale\" content=\"es_ES\" \/>\n<meta property=\"og:type\" content=\"article\" \/>\n<meta property=\"og:title\" content=\"\u00a1La IA podr\u00eda cambiar la lucha contra el c\u00e1ncer! Descubre c\u00f3mo mejorar\u00e1 nuestras respuestas - Diario 21\" \/>\n<meta property=\"og:description\" content=\"La Inteligencia Artificial y su Potencial en la Lucha Contra el C\u00e1ncer La inteligencia artificial (IA) ha estado avanzando a pasos agigantados en diversas \u00e1reas de ... Seguir leyendo &rarr;\" \/>\n<meta property=\"og:url\" content=\"https:\/\/www.diario21.tv\/noticias\/la-ia-podria-cambiar-la-lucha-contra-el-cancer-descubre-como-mejorara-nuestras-respuestas\/\" \/>\n<meta property=\"og:site_name\" content=\"Diario 21\" \/>\n<meta property=\"article:published_time\" content=\"2025-04-28T14:18:11+00:00\" \/>\n<meta property=\"og:image\" content=\"https:\/\/www.diario21.tv\/noticias\/wp-content\/uploads\/2025\/04\/\u00a1La-IA-podria-cambiar-la-lucha-contra-el-cancer-Descubre.jpg\" \/>\n\t<meta property=\"og:image:width\" content=\"1200\" \/>\n\t<meta property=\"og:image:height\" content=\"840\" \/>\n\t<meta property=\"og:image:type\" content=\"image\/jpeg\" \/>\n<meta name=\"author\" content=\"Juan P\u00e9rez\" \/>\n<meta name=\"twitter:card\" content=\"summary_large_image\" \/>\n<meta name=\"twitter:label1\" content=\"Escrito por\" \/>\n\t<meta name=\"twitter:data1\" content=\"Juan P\u00e9rez\" \/>\n\t<meta name=\"twitter:label2\" content=\"Tiempo de lectura\" \/>\n\t<meta name=\"twitter:data2\" content=\"2 minutos\" \/>\n<script type=\"application\/ld+json\" class=\"yoast-schema-graph\">{\"@context\":\"https:\/\/schema.org\",\"@graph\":[{\"@type\":\"WebPage\",\"@id\":\"https:\/\/www.diario21.tv\/noticias\/la-ia-podria-cambiar-la-lucha-contra-el-cancer-descubre-como-mejorara-nuestras-respuestas\/\",\"url\":\"https:\/\/www.diario21.tv\/noticias\/la-ia-podria-cambiar-la-lucha-contra-el-cancer-descubre-como-mejorara-nuestras-respuestas\/\",\"name\":\"\u00a1La IA podr\u00eda cambiar la lucha contra el c\u00e1ncer! Descubre c\u00f3mo mejorar\u00e1 nuestras respuestas - Diario 21\",\"isPartOf\":{\"@id\":\"https:\/\/www.diario21.tv\/noticias\/#website\"},\"primaryImageOfPage\":{\"@id\":\"https:\/\/www.diario21.tv\/noticias\/la-ia-podria-cambiar-la-lucha-contra-el-cancer-descubre-como-mejorara-nuestras-respuestas\/#primaryimage\"},\"image\":{\"@id\":\"https:\/\/www.diario21.tv\/noticias\/la-ia-podria-cambiar-la-lucha-contra-el-cancer-descubre-como-mejorara-nuestras-respuestas\/#primaryimage\"},\"thumbnailUrl\":\"https:\/\/www.diario21.tv\/noticias\/wp-content\/uploads\/2025\/04\/\u00a1La-IA-podria-cambiar-la-lucha-contra-el-cancer-Descubre.jpg\",\"datePublished\":\"2025-04-28T14:18:11+00:00\",\"author\":{\"@id\":\"https:\/\/www.diario21.tv\/noticias\/#\/schema\/person\/dfb778f73814d8f09f302618446a526b\"},\"breadcrumb\":{\"@id\":\"https:\/\/www.diario21.tv\/noticias\/la-ia-podria-cambiar-la-lucha-contra-el-cancer-descubre-como-mejorara-nuestras-respuestas\/#breadcrumb\"},\"inLanguage\":\"es-AR\",\"potentialAction\":[{\"@type\":\"ReadAction\",\"target\":[\"https:\/\/www.diario21.tv\/noticias\/la-ia-podria-cambiar-la-lucha-contra-el-cancer-descubre-como-mejorara-nuestras-respuestas\/\"]}]},{\"@type\":\"ImageObject\",\"inLanguage\":\"es-AR\",\"@id\":\"https:\/\/www.diario21.tv\/noticias\/la-ia-podria-cambiar-la-lucha-contra-el-cancer-descubre-como-mejorara-nuestras-respuestas\/#primaryimage\",\"url\":\"https:\/\/www.diario21.tv\/noticias\/wp-content\/uploads\/2025\/04\/\u00a1La-IA-podria-cambiar-la-lucha-contra-el-cancer-Descubre.jpg\",\"contentUrl\":\"https:\/\/www.diario21.tv\/noticias\/wp-content\/uploads\/2025\/04\/\u00a1La-IA-podria-cambiar-la-lucha-contra-el-cancer-Descubre.jpg\",\"width\":1200,\"height\":840,\"caption\":\"\u00abNo digo que la IA nos dar\u00e1 la soluci\u00f3n al c\u00e1ncer, pero sin duda mejorar\u00e1 nuestra respuesta\u00bb\"},{\"@type\":\"BreadcrumbList\",\"@id\":\"https:\/\/www.diario21.tv\/noticias\/la-ia-podria-cambiar-la-lucha-contra-el-cancer-descubre-como-mejorara-nuestras-respuestas\/#breadcrumb\",\"itemListElement\":[{\"@type\":\"ListItem\",\"position\":1,\"name\":\"Accueil\",\"item\":\"https:\/\/www.diario21.tv\/noticias\/\"},{\"@type\":\"ListItem\",\"position\":2,\"name\":\"\u00a1La IA podr\u00eda cambiar la lucha contra el c\u00e1ncer! Descubre c\u00f3mo mejorar\u00e1 nuestras respuestas\"}]},{\"@type\":\"WebSite\",\"@id\":\"https:\/\/www.diario21.tv\/noticias\/#website\",\"url\":\"https:\/\/www.diario21.tv\/noticias\/\",\"name\":\"Diario 21\",\"description\":\"\",\"potentialAction\":[{\"@type\":\"SearchAction\",\"target\":{\"@type\":\"EntryPoint\",\"urlTemplate\":\"https:\/\/www.diario21.tv\/noticias\/?s={search_term_string}\"},\"query-input\":{\"@type\":\"PropertyValueSpecification\",\"valueRequired\":true,\"valueName\":\"search_term_string\"}}],\"inLanguage\":\"es-AR\"},{\"@type\":\"Person\",\"@id\":\"https:\/\/www.diario21.tv\/noticias\/#\/schema\/person\/dfb778f73814d8f09f302618446a526b\",\"name\":\"Juan P\u00e9rez\",\"image\":{\"@type\":\"ImageObject\",\"inLanguage\":\"es-AR\",\"@id\":\"https:\/\/www.diario21.tv\/noticias\/#\/schema\/person\/image\/\",\"url\":\"https:\/\/secure.gravatar.com\/avatar\/c478a405bd10621167f4c3167cc770f5?s=96&d=mm&r=g\",\"contentUrl\":\"https:\/\/secure.gravatar.com\/avatar\/c478a405bd10621167f4c3167cc770f5?s=96&d=mm&r=g\",\"caption\":\"Juan P\u00e9rez\"},\"description\":\"Juan P\u00e9rez es el redactor en jefe de Diario 21. Con m\u00e1s de 10 a\u00f1os de experiencia en el periodismo, se especializa en pol\u00edtica nacional y an\u00e1lisis socioecon\u00f3mico. Su enfoque cr\u00edtico y riguroso aporta una perspectiva \u00fanica a cada art\u00edculo.\",\"sameAs\":[\"https:\/\/www.diario21.tv\/noticias\/\"],\"url\":\"https:\/\/www.diario21.tv\/noticias\/author\/juan-perez\/\"}]}<\/script>\n<!-- \/ Yoast SEO plugin. -->","yoast_head_json":{"title":"\u00a1La IA podr\u00eda cambiar la lucha contra el c\u00e1ncer! Descubre c\u00f3mo mejorar\u00e1 nuestras respuestas - Diario 21","robots":{"index":"index","follow":"follow","max-snippet":"max-snippet:-1","max-image-preview":"max-image-preview:large","max-video-preview":"max-video-preview:-1"},"canonical":"https:\/\/www.diario21.tv\/noticias\/la-ia-podria-cambiar-la-lucha-contra-el-cancer-descubre-como-mejorara-nuestras-respuestas\/","og_locale":"es_ES","og_type":"article","og_title":"\u00a1La IA podr\u00eda cambiar la lucha contra el c\u00e1ncer! Descubre c\u00f3mo mejorar\u00e1 nuestras respuestas - Diario 21","og_description":"La Inteligencia Artificial y su Potencial en la Lucha Contra el C\u00e1ncer La inteligencia artificial (IA) ha estado avanzando a pasos agigantados en diversas \u00e1reas de ... Seguir leyendo &rarr;","og_url":"https:\/\/www.diario21.tv\/noticias\/la-ia-podria-cambiar-la-lucha-contra-el-cancer-descubre-como-mejorara-nuestras-respuestas\/","og_site_name":"Diario 21","article_published_time":"2025-04-28T14:18:11+00:00","og_image":[{"width":1200,"height":840,"url":"https:\/\/www.diario21.tv\/noticias\/wp-content\/uploads\/2025\/04\/\u00a1La-IA-podria-cambiar-la-lucha-contra-el-cancer-Descubre.jpg","type":"image\/jpeg"}],"author":"Juan P\u00e9rez","twitter_card":"summary_large_image","twitter_misc":{"Escrito por":"Juan P\u00e9rez","Tiempo de lectura":"2 minutos"},"schema":{"@context":"https:\/\/schema.org","@graph":[{"@type":"WebPage","@id":"https:\/\/www.diario21.tv\/noticias\/la-ia-podria-cambiar-la-lucha-contra-el-cancer-descubre-como-mejorara-nuestras-respuestas\/","url":"https:\/\/www.diario21.tv\/noticias\/la-ia-podria-cambiar-la-lucha-contra-el-cancer-descubre-como-mejorara-nuestras-respuestas\/","name":"\u00a1La IA podr\u00eda cambiar la lucha contra el c\u00e1ncer! Descubre c\u00f3mo mejorar\u00e1 nuestras respuestas - Diario 21","isPartOf":{"@id":"https:\/\/www.diario21.tv\/noticias\/#website"},"primaryImageOfPage":{"@id":"https:\/\/www.diario21.tv\/noticias\/la-ia-podria-cambiar-la-lucha-contra-el-cancer-descubre-como-mejorara-nuestras-respuestas\/#primaryimage"},"image":{"@id":"https:\/\/www.diario21.tv\/noticias\/la-ia-podria-cambiar-la-lucha-contra-el-cancer-descubre-como-mejorara-nuestras-respuestas\/#primaryimage"},"thumbnailUrl":"https:\/\/www.diario21.tv\/noticias\/wp-content\/uploads\/2025\/04\/\u00a1La-IA-podria-cambiar-la-lucha-contra-el-cancer-Descubre.jpg","datePublished":"2025-04-28T14:18:11+00:00","author":{"@id":"https:\/\/www.diario21.tv\/noticias\/#\/schema\/person\/dfb778f73814d8f09f302618446a526b"},"breadcrumb":{"@id":"https:\/\/www.diario21.tv\/noticias\/la-ia-podria-cambiar-la-lucha-contra-el-cancer-descubre-como-mejorara-nuestras-respuestas\/#breadcrumb"},"inLanguage":"es-AR","potentialAction":[{"@type":"ReadAction","target":["https:\/\/www.diario21.tv\/noticias\/la-ia-podria-cambiar-la-lucha-contra-el-cancer-descubre-como-mejorara-nuestras-respuestas\/"]}]},{"@type":"ImageObject","inLanguage":"es-AR","@id":"https:\/\/www.diario21.tv\/noticias\/la-ia-podria-cambiar-la-lucha-contra-el-cancer-descubre-como-mejorara-nuestras-respuestas\/#primaryimage","url":"https:\/\/www.diario21.tv\/noticias\/wp-content\/uploads\/2025\/04\/\u00a1La-IA-podria-cambiar-la-lucha-contra-el-cancer-Descubre.jpg","contentUrl":"https:\/\/www.diario21.tv\/noticias\/wp-content\/uploads\/2025\/04\/\u00a1La-IA-podria-cambiar-la-lucha-contra-el-cancer-Descubre.jpg","width":1200,"height":840,"caption":"\u00abNo digo que la IA nos dar\u00e1 la soluci\u00f3n al c\u00e1ncer, pero sin duda mejorar\u00e1 nuestra respuesta\u00bb"},{"@type":"BreadcrumbList","@id":"https:\/\/www.diario21.tv\/noticias\/la-ia-podria-cambiar-la-lucha-contra-el-cancer-descubre-como-mejorara-nuestras-respuestas\/#breadcrumb","itemListElement":[{"@type":"ListItem","position":1,"name":"Accueil","item":"https:\/\/www.diario21.tv\/noticias\/"},{"@type":"ListItem","position":2,"name":"\u00a1La IA podr\u00eda cambiar la lucha contra el c\u00e1ncer! Descubre c\u00f3mo mejorar\u00e1 nuestras respuestas"}]},{"@type":"WebSite","@id":"https:\/\/www.diario21.tv\/noticias\/#website","url":"https:\/\/www.diario21.tv\/noticias\/","name":"Diario 21","description":"","potentialAction":[{"@type":"SearchAction","target":{"@type":"EntryPoint","urlTemplate":"https:\/\/www.diario21.tv\/noticias\/?s={search_term_string}"},"query-input":{"@type":"PropertyValueSpecification","valueRequired":true,"valueName":"search_term_string"}}],"inLanguage":"es-AR"},{"@type":"Person","@id":"https:\/\/www.diario21.tv\/noticias\/#\/schema\/person\/dfb778f73814d8f09f302618446a526b","name":"Juan P\u00e9rez","image":{"@type":"ImageObject","inLanguage":"es-AR","@id":"https:\/\/www.diario21.tv\/noticias\/#\/schema\/person\/image\/","url":"https:\/\/secure.gravatar.com\/avatar\/c478a405bd10621167f4c3167cc770f5?s=96&d=mm&r=g","contentUrl":"https:\/\/secure.gravatar.com\/avatar\/c478a405bd10621167f4c3167cc770f5?s=96&d=mm&r=g","caption":"Juan P\u00e9rez"},"description":"Juan P\u00e9rez es el redactor en jefe de Diario 21. Con m\u00e1s de 10 a\u00f1os de experiencia en el periodismo, se especializa en pol\u00edtica nacional y an\u00e1lisis socioecon\u00f3mico. Su enfoque cr\u00edtico y riguroso aporta una perspectiva \u00fanica a cada art\u00edculo.","sameAs":["https:\/\/www.diario21.tv\/noticias\/"],"url":"https:\/\/www.diario21.tv\/noticias\/author\/juan-perez\/"}]}},"_links":{"self":[{"href":"https:\/\/www.diario21.tv\/noticias\/wp-json\/wp\/v2\/posts\/2947"}],"collection":[{"href":"https:\/\/www.diario21.tv\/noticias\/wp-json\/wp\/v2\/posts"}],"about":[{"href":"https:\/\/www.diario21.tv\/noticias\/wp-json\/wp\/v2\/types\/post"}],"author":[{"embeddable":true,"href":"https:\/\/www.diario21.tv\/noticias\/wp-json\/wp\/v2\/users\/20"}],"replies":[{"embeddable":true,"href":"https:\/\/www.diario21.tv\/noticias\/wp-json\/wp\/v2\/comments?post=2947"}],"version-history":[{"count":1,"href":"https:\/\/www.diario21.tv\/noticias\/wp-json\/wp\/v2\/posts\/2947\/revisions"}],"predecessor-version":[{"id":2949,"href":"https:\/\/www.diario21.tv\/noticias\/wp-json\/wp\/v2\/posts\/2947\/revisions\/2949"}],"wp:featuredmedia":[{"embeddable":true,"href":"https:\/\/www.diario21.tv\/noticias\/wp-json\/wp\/v2\/media\/2948"}],"wp:attachment":[{"href":"https:\/\/www.diario21.tv\/noticias\/wp-json\/wp\/v2\/media?parent=2947"}],"wp:term":[{"taxonomy":"category","embeddable":true,"href":"https:\/\/www.diario21.tv\/noticias\/wp-json\/wp\/v2\/categories?post=2947"},{"taxonomy":"post_tag","embeddable":true,"href":"https:\/\/www.diario21.tv\/noticias\/wp-json\/wp\/v2\/tags?post=2947"}],"curies":[{"name":"wp","href":"https:\/\/api.w.org\/{rel}","templated":true}]}}