{"id":2932,"date":"2025-04-27T01:50:58","date_gmt":"2025-04-27T01:50:58","guid":{"rendered":"https:\/\/www.diario21.tv\/noticias\/ultimas-horas-del-papa-su-medico-revela-detalles-impactantes\/"},"modified":"2025-04-27T01:50:59","modified_gmt":"2025-04-27T01:50:59","slug":"ultimas-horas-del-papa-su-medico-revela-detalles-impactantes","status":"publish","type":"post","link":"https:\/\/www.diario21.tv\/noticias\/ultimas-horas-del-papa-su-medico-revela-detalles-impactantes\/","title":{"rendered":"\u00daltimas horas del Papa: su m\u00e9dico revela detalles impactantes"},"content":{"rendered":"<h2>Declaraciones del M\u00e9dico Personal del Papa en sus Momentos Finales<\/h2>\n<p>El doctor personal del Papa comparti\u00f3 detalles conmovedores sobre las \u00faltimas horas del pont\u00edfice, describiendo un escenario sereno pero sombr\u00edo. &#8220;Al momento de mi llegada, el Papa ten\u00eda los ojos abiertos pero no mostraba se\u00f1ales de respuesta&#8221;, explic\u00f3 el m\u00e9dico, quien estuvo junto a \u00e9l hasta el final.<\/p>\n<h3>Un Silencio Profundo<\/h3>\n<p>Seg\u00fan el relato del doctor, cuando \u00e9l entr\u00f3 en la habitaci\u00f3n, se encontr\u00f3 con una atm\u00f3sfera de calma y respeto. A pesar de que el Papa estaba en un estado de inactividad evidente, sus ojos permanec\u00edan abiertos, lo que daba la impresi\u00f3n de que a\u00fan estaba presente de alguna manera. &#8220;Fue un momento de mucha introspecci\u00f3n&#8221;, a\u00f1adi\u00f3 el m\u00e9dico, destacando la paz que se respiraba en el entorno a pesar de la gravedad de la situaci\u00f3n.<\/p>\n<h3>Ultimas Intervenciones M\u00e9dicas<\/h3>\n<p>El equipo m\u00e9dico realiz\u00f3 varias intervenciones en un intento por confortar al Papa en sus \u00faltimos momentos. &#8220;Nuestro objetivo era asegurarnos de que estuviera lo m\u00e1s c\u00f3modo posible&#8221;, se\u00f1al\u00f3 el m\u00e9dico. A pesar de los esfuerzos, el Papa no mostr\u00f3 signos de recuperaci\u00f3n, manteni\u00e9ndose en un estado de quietud hasta el final.<\/p>\n<h3>Una Despedida Digna<\/h3>\n<p>El m\u00e9dico personal del Papa tambi\u00e9n hizo hincapi\u00e9 en la dignidad con la que se manejaron los \u00faltimos momentos del l\u00edder religioso. &#8220;Todo se hizo con el mayor respeto y seriedad, preservando la dignidad del Papa en todo momento&#8221;, coment\u00f3. La comunidad religiosa y los fieles alrededor del mundo han sentido profundamente la p\u00e9rdida, pero se consuelan con el hecho de que sus \u00faltimas horas fueron tratadas con la solemnidad que merec\u00eda.<\/p>\n<p>Este testimonio no solo ofrece una mirada al final de la vida del Papa, sino que tambi\u00e9n resalta la humanidad y el respeto con el que se trat\u00f3 hasta el \u00faltimo segundo. El legado del Papa contin\u00faa vivo en los corazones de muchos, y su partida ha sido un momento de reflexi\u00f3n y veneraci\u00f3n global.<\/p>\n\n\n<div class=\"kk-star-ratings kksr-auto kksr-align-left kksr-valign-bottom\"\n    data-payload='{&quot;align&quot;:&quot;left&quot;,&quot;id&quot;:&quot;2932&quot;,&quot;slug&quot;:&quot;default&quot;,&quot;valign&quot;:&quot;bottom&quot;,&quot;ignore&quot;:&quot;&quot;,&quot;reference&quot;:&quot;auto&quot;,&quot;class&quot;:&quot;&quot;,&quot;count&quot;:&quot;0&quot;,&quot;legendonly&quot;:&quot;&quot;,&quot;readonly&quot;:&quot;&quot;,&quot;score&quot;:&quot;0&quot;,&quot;starsonly&quot;:&quot;&quot;,&quot;best&quot;:&quot;5&quot;,&quot;gap&quot;:&quot;5&quot;,&quot;greet&quot;:&quot;Valora este post&quot;,&quot;legend&quot;:&quot;0\\\/5 - (0 votes)&quot;,&quot;size&quot;:&quot;22&quot;,&quot;title&quot;:&quot;\u00daltimas horas del Papa: su m\u00e9dico revela detalles impactantes&quot;,&quot;width&quot;:&quot;0&quot;,&quot;_legend&quot;:&quot;{score}\\\/{best} - ({count} {votes})&quot;,&quot;font_factor&quot;:&quot;1.25&quot;}'>\n            \n<div class=\"kksr-stars\">\n    \n<div class=\"kksr-stars-inactive\">\n            <div class=\"kksr-star\" data-star=\"1\" style=\"padding-right: 5px\">\n            \n\n<div class=\"kksr-icon\" style=\"width: 22px; height: 22px;\"><\/div>\n        <\/div>\n            <div class=\"kksr-star\" data-star=\"2\" style=\"padding-right: 5px\">\n            \n\n<div class=\"kksr-icon\" style=\"width: 22px; height: 22px;\"><\/div>\n        <\/div>\n            <div class=\"kksr-star\" data-star=\"3\" style=\"padding-right: 5px\">\n            \n\n<div class=\"kksr-icon\" style=\"width: 22px; height: 22px;\"><\/div>\n        <\/div>\n            <div class=\"kksr-star\" data-star=\"4\" style=\"padding-right: 5px\">\n            \n\n<div class=\"kksr-icon\" style=\"width: 22px; height: 22px;\"><\/div>\n        <\/div>\n            <div class=\"kksr-star\" data-star=\"5\" style=\"padding-right: 5px\">\n            \n\n<div class=\"kksr-icon\" style=\"width: 22px; height: 22px;\"><\/div>\n        <\/div>\n    <\/div>\n    \n<div class=\"kksr-stars-active\" style=\"width: 0px;\">\n            <div class=\"kksr-star\" style=\"padding-right: 5px\">\n            \n\n<div class=\"kksr-icon\" style=\"width: 22px; height: 22px;\"><\/div>\n        <\/div>\n            <div class=\"kksr-star\" style=\"padding-right: 5px\">\n            \n\n<div class=\"kksr-icon\" style=\"width: 22px; height: 22px;\"><\/div>\n        <\/div>\n            <div class=\"kksr-star\" style=\"padding-right: 5px\">\n            \n\n<div class=\"kksr-icon\" style=\"width: 22px; height: 22px;\"><\/div>\n        <\/div>\n            <div class=\"kksr-star\" style=\"padding-right: 5px\">\n            \n\n<div class=\"kksr-icon\" style=\"width: 22px; height: 22px;\"><\/div>\n        <\/div>\n            <div class=\"kksr-star\" style=\"padding-right: 5px\">\n            \n\n<div class=\"kksr-icon\" style=\"width: 22px; height: 22px;\"><\/div>\n        <\/div>\n    <\/div>\n<\/div>\n                \n\n<div class=\"kksr-legend\" style=\"font-size: 17.6px;\">\n            <span class=\"kksr-muted\">Valora este post<\/span>\n    <\/div>\n    <\/div>\n","protected":false},"excerpt":{"rendered":"<p>Declaraciones del M\u00e9dico Personal del Papa en sus Momentos Finales El doctor personal del Papa comparti\u00f3 detalles conmovedores sobre las \u00faltimas horas del pont\u00edfice, describiendo un &#8230; <a title=\"\u00daltimas horas del Papa: su m\u00e9dico revela detalles impactantes\" class=\"read-more\" href=\"https:\/\/www.diario21.tv\/noticias\/ultimas-horas-del-papa-su-medico-revela-detalles-impactantes\/\" aria-label=\"Leer m\u00e1s sobre \u00daltimas horas del Papa: su m\u00e9dico revela detalles impactantes\">Seguir leyendo &rarr;<\/a><\/p>\n","protected":false},"author":20,"featured_media":2933,"comment_status":"open","ping_status":"open","sticky":false,"template":"","format":"standard","meta":{"footnotes":""},"categories":[13],"tags":[],"class_list":["post-2932","post","type-post","status-publish","format-standard","has-post-thumbnail","hentry","category-portada"],"yoast_head":"<!-- This site is optimized with the Yoast SEO plugin v25.6 - https:\/\/yoast.com\/wordpress\/plugins\/seo\/ -->\n<title>\u00daltimas horas del Papa: su m\u00e9dico revela detalles impactantes - Diario 21<\/title>\n<meta name=\"robots\" content=\"index, follow, max-snippet:-1, max-image-preview:large, max-video-preview:-1\" \/>\n<link rel=\"canonical\" href=\"https:\/\/www.diario21.tv\/noticias\/ultimas-horas-del-papa-su-medico-revela-detalles-impactantes\/\" \/>\n<meta property=\"og:locale\" content=\"es_ES\" \/>\n<meta property=\"og:type\" content=\"article\" \/>\n<meta property=\"og:title\" content=\"\u00daltimas horas del Papa: su m\u00e9dico revela detalles impactantes - Diario 21\" \/>\n<meta property=\"og:description\" content=\"Declaraciones del M\u00e9dico Personal del Papa en sus Momentos Finales El doctor personal del Papa comparti\u00f3 detalles conmovedores sobre las \u00faltimas horas del pont\u00edfice, describiendo un ... Seguir leyendo &rarr;\" \/>\n<meta property=\"og:url\" content=\"https:\/\/www.diario21.tv\/noticias\/ultimas-horas-del-papa-su-medico-revela-detalles-impactantes\/\" \/>\n<meta property=\"og:site_name\" content=\"Diario 21\" \/>\n<meta property=\"article:published_time\" content=\"2025-04-27T01:50:58+00:00\" \/>\n<meta property=\"article:modified_time\" content=\"2025-04-27T01:50:59+00:00\" \/>\n<meta property=\"og:image\" content=\"https:\/\/www.diario21.tv\/noticias\/wp-content\/uploads\/2025\/04\/Ultimas-horas-del-Papa-su-medico-revela-detalles-impactantes.jpg\" \/>\n\t<meta property=\"og:image:width\" content=\"1200\" \/>\n\t<meta property=\"og:image:height\" content=\"840\" \/>\n\t<meta property=\"og:image:type\" content=\"image\/jpeg\" \/>\n<meta name=\"author\" content=\"Juan P\u00e9rez\" \/>\n<meta name=\"twitter:card\" content=\"summary_large_image\" \/>\n<meta name=\"twitter:label1\" content=\"Escrito por\" \/>\n\t<meta name=\"twitter:data1\" content=\"Juan P\u00e9rez\" \/>\n\t<meta name=\"twitter:label2\" content=\"Tiempo de lectura\" \/>\n\t<meta name=\"twitter:data2\" content=\"2 minutos\" \/>\n<script type=\"application\/ld+json\" class=\"yoast-schema-graph\">{\"@context\":\"https:\/\/schema.org\",\"@graph\":[{\"@type\":\"WebPage\",\"@id\":\"https:\/\/www.diario21.tv\/noticias\/ultimas-horas-del-papa-su-medico-revela-detalles-impactantes\/\",\"url\":\"https:\/\/www.diario21.tv\/noticias\/ultimas-horas-del-papa-su-medico-revela-detalles-impactantes\/\",\"name\":\"\u00daltimas horas del Papa: su m\u00e9dico revela detalles impactantes - Diario 21\",\"isPartOf\":{\"@id\":\"https:\/\/www.diario21.tv\/noticias\/#website\"},\"primaryImageOfPage\":{\"@id\":\"https:\/\/www.diario21.tv\/noticias\/ultimas-horas-del-papa-su-medico-revela-detalles-impactantes\/#primaryimage\"},\"image\":{\"@id\":\"https:\/\/www.diario21.tv\/noticias\/ultimas-horas-del-papa-su-medico-revela-detalles-impactantes\/#primaryimage\"},\"thumbnailUrl\":\"https:\/\/www.diario21.tv\/noticias\/wp-content\/uploads\/2025\/04\/Ultimas-horas-del-Papa-su-medico-revela-detalles-impactantes.jpg\",\"datePublished\":\"2025-04-27T01:50:58+00:00\",\"dateModified\":\"2025-04-27T01:50:59+00:00\",\"author\":{\"@id\":\"https:\/\/www.diario21.tv\/noticias\/#\/schema\/person\/dfb778f73814d8f09f302618446a526b\"},\"breadcrumb\":{\"@id\":\"https:\/\/www.diario21.tv\/noticias\/ultimas-horas-del-papa-su-medico-revela-detalles-impactantes\/#breadcrumb\"},\"inLanguage\":\"es-AR\",\"potentialAction\":[{\"@type\":\"ReadAction\",\"target\":[\"https:\/\/www.diario21.tv\/noticias\/ultimas-horas-del-papa-su-medico-revela-detalles-impactantes\/\"]}]},{\"@type\":\"ImageObject\",\"inLanguage\":\"es-AR\",\"@id\":\"https:\/\/www.diario21.tv\/noticias\/ultimas-horas-del-papa-su-medico-revela-detalles-impactantes\/#primaryimage\",\"url\":\"https:\/\/www.diario21.tv\/noticias\/wp-content\/uploads\/2025\/04\/Ultimas-horas-del-Papa-su-medico-revela-detalles-impactantes.jpg\",\"contentUrl\":\"https:\/\/www.diario21.tv\/noticias\/wp-content\/uploads\/2025\/04\/Ultimas-horas-del-Papa-su-medico-revela-detalles-impactantes.jpg\",\"width\":1200,\"height\":840,\"caption\":\"El m\u00e9dico del Papa, sobre sus \u00faltimas horas: \u00abCuando llegu\u00e9 ten\u00eda los ojos abiertos y no respond\u00eda\u00bb\"},{\"@type\":\"BreadcrumbList\",\"@id\":\"https:\/\/www.diario21.tv\/noticias\/ultimas-horas-del-papa-su-medico-revela-detalles-impactantes\/#breadcrumb\",\"itemListElement\":[{\"@type\":\"ListItem\",\"position\":1,\"name\":\"Accueil\",\"item\":\"https:\/\/www.diario21.tv\/noticias\/\"},{\"@type\":\"ListItem\",\"position\":2,\"name\":\"\u00daltimas horas del Papa: su m\u00e9dico revela detalles impactantes\"}]},{\"@type\":\"WebSite\",\"@id\":\"https:\/\/www.diario21.tv\/noticias\/#website\",\"url\":\"https:\/\/www.diario21.tv\/noticias\/\",\"name\":\"Diario 21\",\"description\":\"\",\"potentialAction\":[{\"@type\":\"SearchAction\",\"target\":{\"@type\":\"EntryPoint\",\"urlTemplate\":\"https:\/\/www.diario21.tv\/noticias\/?s={search_term_string}\"},\"query-input\":{\"@type\":\"PropertyValueSpecification\",\"valueRequired\":true,\"valueName\":\"search_term_string\"}}],\"inLanguage\":\"es-AR\"},{\"@type\":\"Person\",\"@id\":\"https:\/\/www.diario21.tv\/noticias\/#\/schema\/person\/dfb778f73814d8f09f302618446a526b\",\"name\":\"Juan P\u00e9rez\",\"image\":{\"@type\":\"ImageObject\",\"inLanguage\":\"es-AR\",\"@id\":\"https:\/\/www.diario21.tv\/noticias\/#\/schema\/person\/image\/\",\"url\":\"https:\/\/secure.gravatar.com\/avatar\/c478a405bd10621167f4c3167cc770f5?s=96&d=mm&r=g\",\"contentUrl\":\"https:\/\/secure.gravatar.com\/avatar\/c478a405bd10621167f4c3167cc770f5?s=96&d=mm&r=g\",\"caption\":\"Juan P\u00e9rez\"},\"description\":\"Juan P\u00e9rez es el redactor en jefe de Diario 21. Con m\u00e1s de 10 a\u00f1os de experiencia en el periodismo, se especializa en pol\u00edtica nacional y an\u00e1lisis socioecon\u00f3mico. Su enfoque cr\u00edtico y riguroso aporta una perspectiva \u00fanica a cada art\u00edculo.\",\"sameAs\":[\"https:\/\/www.diario21.tv\/noticias\/\"],\"url\":\"https:\/\/www.diario21.tv\/noticias\/author\/juan-perez\/\"}]}<\/script>\n<!-- \/ Yoast SEO plugin. -->","yoast_head_json":{"title":"\u00daltimas horas del Papa: su m\u00e9dico revela detalles impactantes - Diario 21","robots":{"index":"index","follow":"follow","max-snippet":"max-snippet:-1","max-image-preview":"max-image-preview:large","max-video-preview":"max-video-preview:-1"},"canonical":"https:\/\/www.diario21.tv\/noticias\/ultimas-horas-del-papa-su-medico-revela-detalles-impactantes\/","og_locale":"es_ES","og_type":"article","og_title":"\u00daltimas horas del Papa: su m\u00e9dico revela detalles impactantes - Diario 21","og_description":"Declaraciones del M\u00e9dico Personal del Papa en sus Momentos Finales El doctor personal del Papa comparti\u00f3 detalles conmovedores sobre las \u00faltimas horas del pont\u00edfice, describiendo un ... Seguir leyendo &rarr;","og_url":"https:\/\/www.diario21.tv\/noticias\/ultimas-horas-del-papa-su-medico-revela-detalles-impactantes\/","og_site_name":"Diario 21","article_published_time":"2025-04-27T01:50:58+00:00","article_modified_time":"2025-04-27T01:50:59+00:00","og_image":[{"width":1200,"height":840,"url":"https:\/\/www.diario21.tv\/noticias\/wp-content\/uploads\/2025\/04\/Ultimas-horas-del-Papa-su-medico-revela-detalles-impactantes.jpg","type":"image\/jpeg"}],"author":"Juan P\u00e9rez","twitter_card":"summary_large_image","twitter_misc":{"Escrito por":"Juan P\u00e9rez","Tiempo de lectura":"2 minutos"},"schema":{"@context":"https:\/\/schema.org","@graph":[{"@type":"WebPage","@id":"https:\/\/www.diario21.tv\/noticias\/ultimas-horas-del-papa-su-medico-revela-detalles-impactantes\/","url":"https:\/\/www.diario21.tv\/noticias\/ultimas-horas-del-papa-su-medico-revela-detalles-impactantes\/","name":"\u00daltimas horas del Papa: su m\u00e9dico revela detalles impactantes - Diario 21","isPartOf":{"@id":"https:\/\/www.diario21.tv\/noticias\/#website"},"primaryImageOfPage":{"@id":"https:\/\/www.diario21.tv\/noticias\/ultimas-horas-del-papa-su-medico-revela-detalles-impactantes\/#primaryimage"},"image":{"@id":"https:\/\/www.diario21.tv\/noticias\/ultimas-horas-del-papa-su-medico-revela-detalles-impactantes\/#primaryimage"},"thumbnailUrl":"https:\/\/www.diario21.tv\/noticias\/wp-content\/uploads\/2025\/04\/Ultimas-horas-del-Papa-su-medico-revela-detalles-impactantes.jpg","datePublished":"2025-04-27T01:50:58+00:00","dateModified":"2025-04-27T01:50:59+00:00","author":{"@id":"https:\/\/www.diario21.tv\/noticias\/#\/schema\/person\/dfb778f73814d8f09f302618446a526b"},"breadcrumb":{"@id":"https:\/\/www.diario21.tv\/noticias\/ultimas-horas-del-papa-su-medico-revela-detalles-impactantes\/#breadcrumb"},"inLanguage":"es-AR","potentialAction":[{"@type":"ReadAction","target":["https:\/\/www.diario21.tv\/noticias\/ultimas-horas-del-papa-su-medico-revela-detalles-impactantes\/"]}]},{"@type":"ImageObject","inLanguage":"es-AR","@id":"https:\/\/www.diario21.tv\/noticias\/ultimas-horas-del-papa-su-medico-revela-detalles-impactantes\/#primaryimage","url":"https:\/\/www.diario21.tv\/noticias\/wp-content\/uploads\/2025\/04\/Ultimas-horas-del-Papa-su-medico-revela-detalles-impactantes.jpg","contentUrl":"https:\/\/www.diario21.tv\/noticias\/wp-content\/uploads\/2025\/04\/Ultimas-horas-del-Papa-su-medico-revela-detalles-impactantes.jpg","width":1200,"height":840,"caption":"El m\u00e9dico del Papa, sobre sus \u00faltimas horas: \u00abCuando llegu\u00e9 ten\u00eda los ojos abiertos y no respond\u00eda\u00bb"},{"@type":"BreadcrumbList","@id":"https:\/\/www.diario21.tv\/noticias\/ultimas-horas-del-papa-su-medico-revela-detalles-impactantes\/#breadcrumb","itemListElement":[{"@type":"ListItem","position":1,"name":"Accueil","item":"https:\/\/www.diario21.tv\/noticias\/"},{"@type":"ListItem","position":2,"name":"\u00daltimas horas del Papa: su m\u00e9dico revela detalles impactantes"}]},{"@type":"WebSite","@id":"https:\/\/www.diario21.tv\/noticias\/#website","url":"https:\/\/www.diario21.tv\/noticias\/","name":"Diario 21","description":"","potentialAction":[{"@type":"SearchAction","target":{"@type":"EntryPoint","urlTemplate":"https:\/\/www.diario21.tv\/noticias\/?s={search_term_string}"},"query-input":{"@type":"PropertyValueSpecification","valueRequired":true,"valueName":"search_term_string"}}],"inLanguage":"es-AR"},{"@type":"Person","@id":"https:\/\/www.diario21.tv\/noticias\/#\/schema\/person\/dfb778f73814d8f09f302618446a526b","name":"Juan P\u00e9rez","image":{"@type":"ImageObject","inLanguage":"es-AR","@id":"https:\/\/www.diario21.tv\/noticias\/#\/schema\/person\/image\/","url":"https:\/\/secure.gravatar.com\/avatar\/c478a405bd10621167f4c3167cc770f5?s=96&d=mm&r=g","contentUrl":"https:\/\/secure.gravatar.com\/avatar\/c478a405bd10621167f4c3167cc770f5?s=96&d=mm&r=g","caption":"Juan P\u00e9rez"},"description":"Juan P\u00e9rez es el redactor en jefe de Diario 21. Con m\u00e1s de 10 a\u00f1os de experiencia en el periodismo, se especializa en pol\u00edtica nacional y an\u00e1lisis socioecon\u00f3mico. Su enfoque cr\u00edtico y riguroso aporta una perspectiva \u00fanica a cada art\u00edculo.","sameAs":["https:\/\/www.diario21.tv\/noticias\/"],"url":"https:\/\/www.diario21.tv\/noticias\/author\/juan-perez\/"}]}},"_links":{"self":[{"href":"https:\/\/www.diario21.tv\/noticias\/wp-json\/wp\/v2\/posts\/2932"}],"collection":[{"href":"https:\/\/www.diario21.tv\/noticias\/wp-json\/wp\/v2\/posts"}],"about":[{"href":"https:\/\/www.diario21.tv\/noticias\/wp-json\/wp\/v2\/types\/post"}],"author":[{"embeddable":true,"href":"https:\/\/www.diario21.tv\/noticias\/wp-json\/wp\/v2\/users\/20"}],"replies":[{"embeddable":true,"href":"https:\/\/www.diario21.tv\/noticias\/wp-json\/wp\/v2\/comments?post=2932"}],"version-history":[{"count":1,"href":"https:\/\/www.diario21.tv\/noticias\/wp-json\/wp\/v2\/posts\/2932\/revisions"}],"predecessor-version":[{"id":2934,"href":"https:\/\/www.diario21.tv\/noticias\/wp-json\/wp\/v2\/posts\/2932\/revisions\/2934"}],"wp:featuredmedia":[{"embeddable":true,"href":"https:\/\/www.diario21.tv\/noticias\/wp-json\/wp\/v2\/media\/2933"}],"wp:attachment":[{"href":"https:\/\/www.diario21.tv\/noticias\/wp-json\/wp\/v2\/media?parent=2932"}],"wp:term":[{"taxonomy":"category","embeddable":true,"href":"https:\/\/www.diario21.tv\/noticias\/wp-json\/wp\/v2\/categories?post=2932"},{"taxonomy":"post_tag","embeddable":true,"href":"https:\/\/www.diario21.tv\/noticias\/wp-json\/wp\/v2\/tags?post=2932"}],"curies":[{"name":"wp","href":"https:\/\/api.w.org\/{rel}","templated":true}]}}