{"id":2917,"date":"2025-04-25T19:12:44","date_gmt":"2025-04-25T19:12:44","guid":{"rendered":"https:\/\/www.diario21.tv\/noticias\/descubre-el-sepulcro-del-papa-francisco-en-santa-maria-la-mayor-era-un-almacen-de-candelabros\/"},"modified":"2025-04-25T19:12:45","modified_gmt":"2025-04-25T19:12:45","slug":"descubre-el-sepulcro-del-papa-francisco-en-santa-maria-la-mayor-era-un-almacen-de-candelabros","status":"publish","type":"post","link":"https:\/\/www.diario21.tv\/noticias\/descubre-el-sepulcro-del-papa-francisco-en-santa-maria-la-mayor-era-un-almacen-de-candelabros\/","title":{"rendered":"Descubre el sepulcro del Papa Francisco en Santa Mar\u00eda la Mayor: \u00a1Era un almac\u00e9n de candelabros!"},"content":{"rendered":"<h2>El Futuro Descanso Final del Papa Francisco en Santa Mar\u00eda la Mayor<\/h2>\n<p>El Papa Francisco, conocido por su humildad y cercan\u00eda con la gente, ha escogido un lugar sorprendentemente sencillo para su descanso eterno. El sitio seleccionado es un antiguo cuarto utilizado anteriormente para almacenar candelabros en la bas\u00edlica de Santa Mar\u00eda la Mayor en Roma, una de las iglesias m\u00e1s veneradas y antiguas dedicadas a la Virgen Mar\u00eda.<\/p>\n<h3>Un Lugar Cargado de Historia y Simbolismo<\/h3>\n<p>Santa Mar\u00eda la Mayor no solo es famosa por su belleza arquitect\u00f3nica y su significado religioso, sino tambi\u00e9n por ser uno de los templos m\u00e1s importantes de la cristiandad. Fundada en el siglo IV, la bas\u00edlica ha sido testigo de innumerables eventos hist\u00f3ricos y es un punto de referencia para los fieles de todo el mundo. La elecci\u00f3n de este lugar por parte del Papa Francisco refleja su devoci\u00f3n a la Virgen Mar\u00eda y su deseo de estar cerca de los fieles, incluso despu\u00e9s de su muerte.<\/p>\n<h3>Un Cuarto Modesto para un Papa Humilde<\/h3>\n<p>El cuarto que el Papa Francisco ha elegido para su sepulcro es peque\u00f1o y estaba anteriormente destinado al almacenamiento de candelabros. Este detalle no es menor, ya que refleja la simplicidad y la modestia que el Papa ha mostrado a lo largo de su pontificado. A diferencia de otros pont\u00edfices que eligieron lugares m\u00e1s ostentosos o construidos espec\u00edficamente como mausoleos, Francisco ha optado por un espacio discreto y sin pretensiones.<\/p>\n<p>Este acto es coherente con su estilo de vida y su mensaje al mundo: una llamada a la humildad y al servicio desinteresado. Adem\u00e1s, este gesto simboliza su conexi\u00f3n personal con la luz y la esperanza que representan los candelabros, elementos recurrentes en la simbolog\u00eda cristiana.<\/p>\n<h3>La Relevancia de la Elecci\u00f3n para la Comunidad Cat\u00f3lica<\/h3>\n<p>La decisi\u00f3n del Papa Francisco de ser enterrado en este lugar no solo tiene significado personal, sino que tambi\u00e9n env\u00eda un mensaje poderoso a la comunidad cat\u00f3lica y al mundo en general. Subraya la importancia de volver a las ra\u00edces de la fe, valorando la simplicidad sobre la grandiosidad, y el servicio sobre el poder.<\/p>\n<p>Adem\u00e1s, al elegir un lugar accesible dentro de una bas\u00edlica que recibe a miles de visitantes cada a\u00f1o, el Papa asegura que su tumba sea un lugar de peregrinaci\u00f3n donde los fieles puedan venir a orar y reflexionar. Esto fortalece el v\u00ednculo entre el Papa y los cat\u00f3licos de todo el mundo, reiterando su compromiso con ser un l\u00edder cercano y accesible.<\/p>\n<h3>Conclusi\u00f3n<\/h3>\n<p>En resumen, la elecci\u00f3n del Papa Francisco de su lugar de descanso final no es solo una muestra de su humildad, sino tambi\u00e9n un acto cargado de simbolismo y ense\u00f1anza. Nos recuerda la importancia de los valores fundamentales de la fe cristiana y el poder del ejemplo personal. Su futuro sepulcro en Santa Mar\u00eda la Mayor ser\u00e1 un testimonio perdurable de su legado y su visi\u00f3n para la Iglesia.<\/p>\n\n\n<div class=\"kk-star-ratings kksr-auto kksr-align-left kksr-valign-bottom\"\n    data-payload='{&quot;align&quot;:&quot;left&quot;,&quot;id&quot;:&quot;2917&quot;,&quot;slug&quot;:&quot;default&quot;,&quot;valign&quot;:&quot;bottom&quot;,&quot;ignore&quot;:&quot;&quot;,&quot;reference&quot;:&quot;auto&quot;,&quot;class&quot;:&quot;&quot;,&quot;count&quot;:&quot;0&quot;,&quot;legendonly&quot;:&quot;&quot;,&quot;readonly&quot;:&quot;&quot;,&quot;score&quot;:&quot;0&quot;,&quot;starsonly&quot;:&quot;&quot;,&quot;best&quot;:&quot;5&quot;,&quot;gap&quot;:&quot;5&quot;,&quot;greet&quot;:&quot;Valora este post&quot;,&quot;legend&quot;:&quot;0\\\/5 - (0 votes)&quot;,&quot;size&quot;:&quot;22&quot;,&quot;title&quot;:&quot;Descubre el sepulcro del Papa Francisco en Santa Mar\u00eda la Mayor: \u00a1Era un almac\u00e9n de candelabros!&quot;,&quot;width&quot;:&quot;0&quot;,&quot;_legend&quot;:&quot;{score}\\\/{best} - ({count} {votes})&quot;,&quot;font_factor&quot;:&quot;1.25&quot;}'>\n            \n<div class=\"kksr-stars\">\n    \n<div class=\"kksr-stars-inactive\">\n            <div class=\"kksr-star\" data-star=\"1\" style=\"padding-right: 5px\">\n            \n\n<div class=\"kksr-icon\" style=\"width: 22px; height: 22px;\"><\/div>\n        <\/div>\n            <div class=\"kksr-star\" data-star=\"2\" style=\"padding-right: 5px\">\n            \n\n<div class=\"kksr-icon\" style=\"width: 22px; height: 22px;\"><\/div>\n        <\/div>\n            <div class=\"kksr-star\" data-star=\"3\" style=\"padding-right: 5px\">\n            \n\n<div class=\"kksr-icon\" style=\"width: 22px; height: 22px;\"><\/div>\n        <\/div>\n            <div class=\"kksr-star\" data-star=\"4\" style=\"padding-right: 5px\">\n            \n\n<div class=\"kksr-icon\" style=\"width: 22px; height: 22px;\"><\/div>\n        <\/div>\n            <div class=\"kksr-star\" data-star=\"5\" style=\"padding-right: 5px\">\n            \n\n<div class=\"kksr-icon\" style=\"width: 22px; height: 22px;\"><\/div>\n        <\/div>\n    <\/div>\n    \n<div class=\"kksr-stars-active\" style=\"width: 0px;\">\n            <div class=\"kksr-star\" style=\"padding-right: 5px\">\n            \n\n<div class=\"kksr-icon\" style=\"width: 22px; height: 22px;\"><\/div>\n        <\/div>\n            <div class=\"kksr-star\" style=\"padding-right: 5px\">\n            \n\n<div class=\"kksr-icon\" style=\"width: 22px; height: 22px;\"><\/div>\n        <\/div>\n            <div class=\"kksr-star\" style=\"padding-right: 5px\">\n            \n\n<div class=\"kksr-icon\" style=\"width: 22px; height: 22px;\"><\/div>\n        <\/div>\n            <div class=\"kksr-star\" style=\"padding-right: 5px\">\n            \n\n<div class=\"kksr-icon\" style=\"width: 22px; height: 22px;\"><\/div>\n        <\/div>\n            <div class=\"kksr-star\" style=\"padding-right: 5px\">\n            \n\n<div class=\"kksr-icon\" style=\"width: 22px; height: 22px;\"><\/div>\n        <\/div>\n    <\/div>\n<\/div>\n                \n\n<div class=\"kksr-legend\" style=\"font-size: 17.6px;\">\n            <span class=\"kksr-muted\">Valora este post<\/span>\n    <\/div>\n    <\/div>\n","protected":false},"excerpt":{"rendered":"<p>El Futuro Descanso Final del Papa Francisco en Santa Mar\u00eda la Mayor El Papa Francisco, conocido por su humildad y cercan\u00eda con la gente, ha escogido &#8230; <a title=\"Descubre el sepulcro del Papa Francisco en Santa Mar\u00eda la Mayor: \u00a1Era un almac\u00e9n de candelabros!\" class=\"read-more\" href=\"https:\/\/www.diario21.tv\/noticias\/descubre-el-sepulcro-del-papa-francisco-en-santa-maria-la-mayor-era-un-almacen-de-candelabros\/\" aria-label=\"Leer m\u00e1s sobre Descubre el sepulcro del Papa Francisco en Santa Mar\u00eda la Mayor: \u00a1Era un almac\u00e9n de candelabros!\">Seguir leyendo &rarr;<\/a><\/p>\n","protected":false},"author":20,"featured_media":2918,"comment_status":"open","ping_status":"open","sticky":false,"template":"","format":"standard","meta":{"footnotes":""},"categories":[13],"tags":[],"class_list":["post-2917","post","type-post","status-publish","format-standard","has-post-thumbnail","hentry","category-portada"],"yoast_head":"<!-- This site is optimized with the Yoast SEO plugin v25.6 - https:\/\/yoast.com\/wordpress\/plugins\/seo\/ -->\n<title>Descubre el sepulcro del Papa Francisco en Santa Mar\u00eda la Mayor: \u00a1Era un almac\u00e9n de candelabros! - Diario 21<\/title>\n<meta name=\"robots\" content=\"index, follow, max-snippet:-1, max-image-preview:large, max-video-preview:-1\" \/>\n<link rel=\"canonical\" href=\"https:\/\/www.diario21.tv\/noticias\/descubre-el-sepulcro-del-papa-francisco-en-santa-maria-la-mayor-era-un-almacen-de-candelabros\/\" \/>\n<meta property=\"og:locale\" content=\"es_ES\" \/>\n<meta property=\"og:type\" content=\"article\" \/>\n<meta property=\"og:title\" content=\"Descubre el sepulcro del Papa Francisco en Santa Mar\u00eda la Mayor: \u00a1Era un almac\u00e9n de candelabros! - Diario 21\" \/>\n<meta property=\"og:description\" content=\"El Futuro Descanso Final del Papa Francisco en Santa Mar\u00eda la Mayor El Papa Francisco, conocido por su humildad y cercan\u00eda con la gente, ha escogido ... Seguir leyendo &rarr;\" \/>\n<meta property=\"og:url\" content=\"https:\/\/www.diario21.tv\/noticias\/descubre-el-sepulcro-del-papa-francisco-en-santa-maria-la-mayor-era-un-almacen-de-candelabros\/\" \/>\n<meta property=\"og:site_name\" content=\"Diario 21\" \/>\n<meta property=\"article:published_time\" content=\"2025-04-25T19:12:44+00:00\" \/>\n<meta property=\"article:modified_time\" content=\"2025-04-25T19:12:45+00:00\" \/>\n<meta property=\"og:image\" content=\"https:\/\/www.diario21.tv\/noticias\/wp-content\/uploads\/2025\/04\/Descubre-el-sepulcro-del-Papa-Francisco-en-Santa-Maria-la.jpg\" \/>\n\t<meta property=\"og:image:width\" content=\"1200\" \/>\n\t<meta property=\"og:image:height\" content=\"840\" \/>\n\t<meta property=\"og:image:type\" content=\"image\/jpeg\" \/>\n<meta name=\"author\" content=\"Juan P\u00e9rez\" \/>\n<meta name=\"twitter:card\" content=\"summary_large_image\" \/>\n<meta name=\"twitter:label1\" content=\"Escrito por\" \/>\n\t<meta name=\"twitter:data1\" content=\"Juan P\u00e9rez\" \/>\n\t<meta name=\"twitter:label2\" content=\"Tiempo de lectura\" \/>\n\t<meta name=\"twitter:data2\" content=\"3 minutos\" \/>\n<script type=\"application\/ld+json\" class=\"yoast-schema-graph\">{\"@context\":\"https:\/\/schema.org\",\"@graph\":[{\"@type\":\"WebPage\",\"@id\":\"https:\/\/www.diario21.tv\/noticias\/descubre-el-sepulcro-del-papa-francisco-en-santa-maria-la-mayor-era-un-almacen-de-candelabros\/\",\"url\":\"https:\/\/www.diario21.tv\/noticias\/descubre-el-sepulcro-del-papa-francisco-en-santa-maria-la-mayor-era-un-almacen-de-candelabros\/\",\"name\":\"Descubre el sepulcro del Papa Francisco en Santa Mar\u00eda la Mayor: \u00a1Era un almac\u00e9n de candelabros! - Diario 21\",\"isPartOf\":{\"@id\":\"https:\/\/www.diario21.tv\/noticias\/#website\"},\"primaryImageOfPage\":{\"@id\":\"https:\/\/www.diario21.tv\/noticias\/descubre-el-sepulcro-del-papa-francisco-en-santa-maria-la-mayor-era-un-almacen-de-candelabros\/#primaryimage\"},\"image\":{\"@id\":\"https:\/\/www.diario21.tv\/noticias\/descubre-el-sepulcro-del-papa-francisco-en-santa-maria-la-mayor-era-un-almacen-de-candelabros\/#primaryimage\"},\"thumbnailUrl\":\"https:\/\/www.diario21.tv\/noticias\/wp-content\/uploads\/2025\/04\/Descubre-el-sepulcro-del-Papa-Francisco-en-Santa-Maria-la.jpg\",\"datePublished\":\"2025-04-25T19:12:44+00:00\",\"dateModified\":\"2025-04-25T19:12:45+00:00\",\"author\":{\"@id\":\"https:\/\/www.diario21.tv\/noticias\/#\/schema\/person\/dfb778f73814d8f09f302618446a526b\"},\"breadcrumb\":{\"@id\":\"https:\/\/www.diario21.tv\/noticias\/descubre-el-sepulcro-del-papa-francisco-en-santa-maria-la-mayor-era-un-almacen-de-candelabros\/#breadcrumb\"},\"inLanguage\":\"es-AR\",\"potentialAction\":[{\"@type\":\"ReadAction\",\"target\":[\"https:\/\/www.diario21.tv\/noticias\/descubre-el-sepulcro-del-papa-francisco-en-santa-maria-la-mayor-era-un-almacen-de-candelabros\/\"]}]},{\"@type\":\"ImageObject\",\"inLanguage\":\"es-AR\",\"@id\":\"https:\/\/www.diario21.tv\/noticias\/descubre-el-sepulcro-del-papa-francisco-en-santa-maria-la-mayor-era-un-almacen-de-candelabros\/#primaryimage\",\"url\":\"https:\/\/www.diario21.tv\/noticias\/wp-content\/uploads\/2025\/04\/Descubre-el-sepulcro-del-Papa-Francisco-en-Santa-Maria-la.jpg\",\"contentUrl\":\"https:\/\/www.diario21.tv\/noticias\/wp-content\/uploads\/2025\/04\/Descubre-el-sepulcro-del-Papa-Francisco-en-Santa-Maria-la.jpg\",\"width\":1200,\"height\":840,\"caption\":\"El sepulcro del Papa Francisco en Santa Mar\u00eda la Mayor: un cuarto donde se guardaban los candelabros\"},{\"@type\":\"BreadcrumbList\",\"@id\":\"https:\/\/www.diario21.tv\/noticias\/descubre-el-sepulcro-del-papa-francisco-en-santa-maria-la-mayor-era-un-almacen-de-candelabros\/#breadcrumb\",\"itemListElement\":[{\"@type\":\"ListItem\",\"position\":1,\"name\":\"Accueil\",\"item\":\"https:\/\/www.diario21.tv\/noticias\/\"},{\"@type\":\"ListItem\",\"position\":2,\"name\":\"Descubre el sepulcro del Papa Francisco en Santa Mar\u00eda la Mayor: \u00a1Era un almac\u00e9n de candelabros!\"}]},{\"@type\":\"WebSite\",\"@id\":\"https:\/\/www.diario21.tv\/noticias\/#website\",\"url\":\"https:\/\/www.diario21.tv\/noticias\/\",\"name\":\"Diario 21\",\"description\":\"\",\"potentialAction\":[{\"@type\":\"SearchAction\",\"target\":{\"@type\":\"EntryPoint\",\"urlTemplate\":\"https:\/\/www.diario21.tv\/noticias\/?s={search_term_string}\"},\"query-input\":{\"@type\":\"PropertyValueSpecification\",\"valueRequired\":true,\"valueName\":\"search_term_string\"}}],\"inLanguage\":\"es-AR\"},{\"@type\":\"Person\",\"@id\":\"https:\/\/www.diario21.tv\/noticias\/#\/schema\/person\/dfb778f73814d8f09f302618446a526b\",\"name\":\"Juan P\u00e9rez\",\"image\":{\"@type\":\"ImageObject\",\"inLanguage\":\"es-AR\",\"@id\":\"https:\/\/www.diario21.tv\/noticias\/#\/schema\/person\/image\/\",\"url\":\"https:\/\/secure.gravatar.com\/avatar\/c478a405bd10621167f4c3167cc770f5?s=96&d=mm&r=g\",\"contentUrl\":\"https:\/\/secure.gravatar.com\/avatar\/c478a405bd10621167f4c3167cc770f5?s=96&d=mm&r=g\",\"caption\":\"Juan P\u00e9rez\"},\"description\":\"Juan P\u00e9rez es el redactor en jefe de Diario 21. Con m\u00e1s de 10 a\u00f1os de experiencia en el periodismo, se especializa en pol\u00edtica nacional y an\u00e1lisis socioecon\u00f3mico. Su enfoque cr\u00edtico y riguroso aporta una perspectiva \u00fanica a cada art\u00edculo.\",\"sameAs\":[\"https:\/\/www.diario21.tv\/noticias\/\"],\"url\":\"https:\/\/www.diario21.tv\/noticias\/author\/juan-perez\/\"}]}<\/script>\n<!-- \/ Yoast SEO plugin. -->","yoast_head_json":{"title":"Descubre el sepulcro del Papa Francisco en Santa Mar\u00eda la Mayor: \u00a1Era un almac\u00e9n de candelabros! - Diario 21","robots":{"index":"index","follow":"follow","max-snippet":"max-snippet:-1","max-image-preview":"max-image-preview:large","max-video-preview":"max-video-preview:-1"},"canonical":"https:\/\/www.diario21.tv\/noticias\/descubre-el-sepulcro-del-papa-francisco-en-santa-maria-la-mayor-era-un-almacen-de-candelabros\/","og_locale":"es_ES","og_type":"article","og_title":"Descubre el sepulcro del Papa Francisco en Santa Mar\u00eda la Mayor: \u00a1Era un almac\u00e9n de candelabros! - Diario 21","og_description":"El Futuro Descanso Final del Papa Francisco en Santa Mar\u00eda la Mayor El Papa Francisco, conocido por su humildad y cercan\u00eda con la gente, ha escogido ... Seguir leyendo &rarr;","og_url":"https:\/\/www.diario21.tv\/noticias\/descubre-el-sepulcro-del-papa-francisco-en-santa-maria-la-mayor-era-un-almacen-de-candelabros\/","og_site_name":"Diario 21","article_published_time":"2025-04-25T19:12:44+00:00","article_modified_time":"2025-04-25T19:12:45+00:00","og_image":[{"width":1200,"height":840,"url":"https:\/\/www.diario21.tv\/noticias\/wp-content\/uploads\/2025\/04\/Descubre-el-sepulcro-del-Papa-Francisco-en-Santa-Maria-la.jpg","type":"image\/jpeg"}],"author":"Juan P\u00e9rez","twitter_card":"summary_large_image","twitter_misc":{"Escrito por":"Juan P\u00e9rez","Tiempo de lectura":"3 minutos"},"schema":{"@context":"https:\/\/schema.org","@graph":[{"@type":"WebPage","@id":"https:\/\/www.diario21.tv\/noticias\/descubre-el-sepulcro-del-papa-francisco-en-santa-maria-la-mayor-era-un-almacen-de-candelabros\/","url":"https:\/\/www.diario21.tv\/noticias\/descubre-el-sepulcro-del-papa-francisco-en-santa-maria-la-mayor-era-un-almacen-de-candelabros\/","name":"Descubre el sepulcro del Papa Francisco en Santa Mar\u00eda la Mayor: \u00a1Era un almac\u00e9n de candelabros! - Diario 21","isPartOf":{"@id":"https:\/\/www.diario21.tv\/noticias\/#website"},"primaryImageOfPage":{"@id":"https:\/\/www.diario21.tv\/noticias\/descubre-el-sepulcro-del-papa-francisco-en-santa-maria-la-mayor-era-un-almacen-de-candelabros\/#primaryimage"},"image":{"@id":"https:\/\/www.diario21.tv\/noticias\/descubre-el-sepulcro-del-papa-francisco-en-santa-maria-la-mayor-era-un-almacen-de-candelabros\/#primaryimage"},"thumbnailUrl":"https:\/\/www.diario21.tv\/noticias\/wp-content\/uploads\/2025\/04\/Descubre-el-sepulcro-del-Papa-Francisco-en-Santa-Maria-la.jpg","datePublished":"2025-04-25T19:12:44+00:00","dateModified":"2025-04-25T19:12:45+00:00","author":{"@id":"https:\/\/www.diario21.tv\/noticias\/#\/schema\/person\/dfb778f73814d8f09f302618446a526b"},"breadcrumb":{"@id":"https:\/\/www.diario21.tv\/noticias\/descubre-el-sepulcro-del-papa-francisco-en-santa-maria-la-mayor-era-un-almacen-de-candelabros\/#breadcrumb"},"inLanguage":"es-AR","potentialAction":[{"@type":"ReadAction","target":["https:\/\/www.diario21.tv\/noticias\/descubre-el-sepulcro-del-papa-francisco-en-santa-maria-la-mayor-era-un-almacen-de-candelabros\/"]}]},{"@type":"ImageObject","inLanguage":"es-AR","@id":"https:\/\/www.diario21.tv\/noticias\/descubre-el-sepulcro-del-papa-francisco-en-santa-maria-la-mayor-era-un-almacen-de-candelabros\/#primaryimage","url":"https:\/\/www.diario21.tv\/noticias\/wp-content\/uploads\/2025\/04\/Descubre-el-sepulcro-del-Papa-Francisco-en-Santa-Maria-la.jpg","contentUrl":"https:\/\/www.diario21.tv\/noticias\/wp-content\/uploads\/2025\/04\/Descubre-el-sepulcro-del-Papa-Francisco-en-Santa-Maria-la.jpg","width":1200,"height":840,"caption":"El sepulcro del Papa Francisco en Santa Mar\u00eda la Mayor: un cuarto donde se guardaban los candelabros"},{"@type":"BreadcrumbList","@id":"https:\/\/www.diario21.tv\/noticias\/descubre-el-sepulcro-del-papa-francisco-en-santa-maria-la-mayor-era-un-almacen-de-candelabros\/#breadcrumb","itemListElement":[{"@type":"ListItem","position":1,"name":"Accueil","item":"https:\/\/www.diario21.tv\/noticias\/"},{"@type":"ListItem","position":2,"name":"Descubre el sepulcro del Papa Francisco en Santa Mar\u00eda la Mayor: \u00a1Era un almac\u00e9n de candelabros!"}]},{"@type":"WebSite","@id":"https:\/\/www.diario21.tv\/noticias\/#website","url":"https:\/\/www.diario21.tv\/noticias\/","name":"Diario 21","description":"","potentialAction":[{"@type":"SearchAction","target":{"@type":"EntryPoint","urlTemplate":"https:\/\/www.diario21.tv\/noticias\/?s={search_term_string}"},"query-input":{"@type":"PropertyValueSpecification","valueRequired":true,"valueName":"search_term_string"}}],"inLanguage":"es-AR"},{"@type":"Person","@id":"https:\/\/www.diario21.tv\/noticias\/#\/schema\/person\/dfb778f73814d8f09f302618446a526b","name":"Juan P\u00e9rez","image":{"@type":"ImageObject","inLanguage":"es-AR","@id":"https:\/\/www.diario21.tv\/noticias\/#\/schema\/person\/image\/","url":"https:\/\/secure.gravatar.com\/avatar\/c478a405bd10621167f4c3167cc770f5?s=96&d=mm&r=g","contentUrl":"https:\/\/secure.gravatar.com\/avatar\/c478a405bd10621167f4c3167cc770f5?s=96&d=mm&r=g","caption":"Juan P\u00e9rez"},"description":"Juan P\u00e9rez es el redactor en jefe de Diario 21. Con m\u00e1s de 10 a\u00f1os de experiencia en el periodismo, se especializa en pol\u00edtica nacional y an\u00e1lisis socioecon\u00f3mico. Su enfoque cr\u00edtico y riguroso aporta una perspectiva \u00fanica a cada art\u00edculo.","sameAs":["https:\/\/www.diario21.tv\/noticias\/"],"url":"https:\/\/www.diario21.tv\/noticias\/author\/juan-perez\/"}]}},"_links":{"self":[{"href":"https:\/\/www.diario21.tv\/noticias\/wp-json\/wp\/v2\/posts\/2917"}],"collection":[{"href":"https:\/\/www.diario21.tv\/noticias\/wp-json\/wp\/v2\/posts"}],"about":[{"href":"https:\/\/www.diario21.tv\/noticias\/wp-json\/wp\/v2\/types\/post"}],"author":[{"embeddable":true,"href":"https:\/\/www.diario21.tv\/noticias\/wp-json\/wp\/v2\/users\/20"}],"replies":[{"embeddable":true,"href":"https:\/\/www.diario21.tv\/noticias\/wp-json\/wp\/v2\/comments?post=2917"}],"version-history":[{"count":1,"href":"https:\/\/www.diario21.tv\/noticias\/wp-json\/wp\/v2\/posts\/2917\/revisions"}],"predecessor-version":[{"id":2919,"href":"https:\/\/www.diario21.tv\/noticias\/wp-json\/wp\/v2\/posts\/2917\/revisions\/2919"}],"wp:featuredmedia":[{"embeddable":true,"href":"https:\/\/www.diario21.tv\/noticias\/wp-json\/wp\/v2\/media\/2918"}],"wp:attachment":[{"href":"https:\/\/www.diario21.tv\/noticias\/wp-json\/wp\/v2\/media?parent=2917"}],"wp:term":[{"taxonomy":"category","embeddable":true,"href":"https:\/\/www.diario21.tv\/noticias\/wp-json\/wp\/v2\/categories?post=2917"},{"taxonomy":"post_tag","embeddable":true,"href":"https:\/\/www.diario21.tv\/noticias\/wp-json\/wp\/v2\/tags?post=2917"}],"curies":[{"name":"wp","href":"https:\/\/api.w.org\/{rel}","templated":true}]}}