{"id":2896,"date":"2025-04-23T18:23:53","date_gmt":"2025-04-23T18:23:53","guid":{"rendered":"https:\/\/www.diario21.tv\/noticias\/cardenales-eligen-al-nuevo-papa-todos-los-detalles-sobre-la-fumata-blanca\/"},"modified":"2025-04-23T18:23:54","modified_gmt":"2025-04-23T18:23:54","slug":"cardenales-eligen-al-nuevo-papa-todos-los-detalles-sobre-la-fumata-blanca","status":"publish","type":"post","link":"https:\/\/www.diario21.tv\/noticias\/cardenales-eligen-al-nuevo-papa-todos-los-detalles-sobre-la-fumata-blanca\/","title":{"rendered":"Cardenales eligen al nuevo Papa: todos los detalles sobre la fumata blanca"},"content":{"rendered":"<h2>El Proceso de Elecci\u00f3n Papal: En la b\u00fasqueda de la fumata blanca<\/h2>\n<p>Cuando llega el momento de elegir a un nuevo Papa, el conjunto de cardenales de la Iglesia Cat\u00f3lica se re\u00fane en un evento conocido como c\u00f3nclave. Este t\u00e9rmino, que se origina del lat\u00edn &#8220;cum clave&#8221;, significa literalmente &#8220;con llave&#8221;, indicando que los cardenales son encerrados hasta que tomen una decisi\u00f3n un\u00e1nime. Este proceso hist\u00f3rico y ceremonial tiene lugar en la Capilla Sixtina, situada en la Ciudad del Vaticano, y es aqu\u00ed donde se decide el liderazgo futuro de m\u00e1s de mil millones de cat\u00f3licos alrededor del mundo.<\/p>\n<h3>Inicio del C\u00f3nclave<\/h3>\n<p>El c\u00f3nclave comienza con una misa llamada &#8220;Pro eligendo Pontifice&#8221;, que se celebra para invocar la gu\u00eda del Esp\u00edritu Santo en la elecci\u00f3n del nuevo pont\u00edfice. Despu\u00e9s de la misa, los cardenales proceden a la Capilla Sixtina, donde se realiza la ceremonia de juramento. Aqu\u00ed, cada cardenal jura mantener secreto todo lo relacionado con el proceso de elecci\u00f3n y su resultado, bajo pena de excomuni\u00f3n.<\/p>\n<h3>El Proceso de Votaci\u00f3n<\/h3>\n<p>Las votaciones son el n\u00facleo del c\u00f3nclave. Para ser elegido Papa, un cardenal debe recibir al menos dos tercios de los votos. Si el primer d\u00eda del c\u00f3nclave no se alcanza una decisi\u00f3n, se realizan hasta cuatro votaciones cada d\u00eda subsiguiente: dos por la ma\u00f1ana y dos por la tarde. Los votos se escriben en papeletas que son cuidadosamente dobladas y depositadas en una urna especial.<\/p>\n<p>Despu\u00e9s de cada votaci\u00f3n, las papeletas son quemadas. La manera en que se queman y el color del humo que se libera son de suma importancia, pues es la se\u00f1al que informa al mundo sobre el progreso del c\u00f3nclave. Si el humo es negro (&#8220;fumata nera&#8221;), significa que a\u00fan no se ha elegido un nuevo Papa. Si el humo es blanco (&#8220;fumata bianca&#8221;), anuncia que los cardenales han llegado a un consenso y un nuevo Papa ha sido elegido.<\/p>\n<h3>La Elecci\u00f3n y el Anuncio<\/h3>\n<p>Una vez que un cardenal alcanza la mayor\u00eda requerida de votos, se le pregunta si acepta su elecci\u00f3n como Papa. De aceptar, se le pregunta qu\u00e9 nombre desea adoptar como pont\u00edfice. Este momento es crucial, ya que el nombre elegido suele reflejar las aspiraciones o el tono del pontificado que desea llevar a cabo.<\/p>\n<p>Despu\u00e9s de aceptar y elegir su nombre, el nuevo Papa se viste con las vestimentas papales. Este acto simboliza su aceptaci\u00f3n y disposici\u00f3n para asumir sus nuevas responsabilidades. Finalmente, el decano del Colegio Cardenalicio se asoma al balc\u00f3n de la Bas\u00edlica de San Pedro y pronuncia las famosas palabras &#8220;Habemus Papam&#8221;, seguidas por el nombre del nuevo Papa y su nombre pontificio.<\/p>\n<p>Este proceso no solo es un momento decisivo para la Iglesia Cat\u00f3lica, sino tambi\u00e9n un evento de inter\u00e9s mundial que captura la atenci\u00f3n de fieles y no fieles por igual, todos esperando la se\u00f1al de la fumata blanca que anuncia un nuevo comienzo bajo la gu\u00eda de un nuevo l\u00edder espiritual.<\/p>\n\n\n<div class=\"kk-star-ratings kksr-auto kksr-align-left kksr-valign-bottom\"\n    data-payload='{&quot;align&quot;:&quot;left&quot;,&quot;id&quot;:&quot;2896&quot;,&quot;slug&quot;:&quot;default&quot;,&quot;valign&quot;:&quot;bottom&quot;,&quot;ignore&quot;:&quot;&quot;,&quot;reference&quot;:&quot;auto&quot;,&quot;class&quot;:&quot;&quot;,&quot;count&quot;:&quot;0&quot;,&quot;legendonly&quot;:&quot;&quot;,&quot;readonly&quot;:&quot;&quot;,&quot;score&quot;:&quot;0&quot;,&quot;starsonly&quot;:&quot;&quot;,&quot;best&quot;:&quot;5&quot;,&quot;gap&quot;:&quot;5&quot;,&quot;greet&quot;:&quot;Valora este post&quot;,&quot;legend&quot;:&quot;0\\\/5 - (0 votes)&quot;,&quot;size&quot;:&quot;22&quot;,&quot;title&quot;:&quot;Cardenales eligen al nuevo Papa: todos los detalles sobre la fumata blanca&quot;,&quot;width&quot;:&quot;0&quot;,&quot;_legend&quot;:&quot;{score}\\\/{best} - ({count} {votes})&quot;,&quot;font_factor&quot;:&quot;1.25&quot;}'>\n            \n<div class=\"kksr-stars\">\n    \n<div class=\"kksr-stars-inactive\">\n            <div class=\"kksr-star\" data-star=\"1\" style=\"padding-right: 5px\">\n            \n\n<div class=\"kksr-icon\" style=\"width: 22px; height: 22px;\"><\/div>\n        <\/div>\n            <div class=\"kksr-star\" data-star=\"2\" style=\"padding-right: 5px\">\n            \n\n<div class=\"kksr-icon\" style=\"width: 22px; height: 22px;\"><\/div>\n        <\/div>\n            <div class=\"kksr-star\" data-star=\"3\" style=\"padding-right: 5px\">\n            \n\n<div class=\"kksr-icon\" style=\"width: 22px; height: 22px;\"><\/div>\n        <\/div>\n            <div class=\"kksr-star\" data-star=\"4\" style=\"padding-right: 5px\">\n            \n\n<div class=\"kksr-icon\" style=\"width: 22px; height: 22px;\"><\/div>\n        <\/div>\n            <div class=\"kksr-star\" data-star=\"5\" style=\"padding-right: 5px\">\n            \n\n<div class=\"kksr-icon\" style=\"width: 22px; height: 22px;\"><\/div>\n        <\/div>\n    <\/div>\n    \n<div class=\"kksr-stars-active\" style=\"width: 0px;\">\n            <div class=\"kksr-star\" style=\"padding-right: 5px\">\n            \n\n<div class=\"kksr-icon\" style=\"width: 22px; height: 22px;\"><\/div>\n        <\/div>\n            <div class=\"kksr-star\" style=\"padding-right: 5px\">\n            \n\n<div class=\"kksr-icon\" style=\"width: 22px; height: 22px;\"><\/div>\n        <\/div>\n            <div class=\"kksr-star\" style=\"padding-right: 5px\">\n            \n\n<div class=\"kksr-icon\" style=\"width: 22px; height: 22px;\"><\/div>\n        <\/div>\n            <div class=\"kksr-star\" style=\"padding-right: 5px\">\n            \n\n<div class=\"kksr-icon\" style=\"width: 22px; height: 22px;\"><\/div>\n        <\/div>\n            <div class=\"kksr-star\" style=\"padding-right: 5px\">\n            \n\n<div class=\"kksr-icon\" style=\"width: 22px; height: 22px;\"><\/div>\n        <\/div>\n    <\/div>\n<\/div>\n                \n\n<div class=\"kksr-legend\" style=\"font-size: 17.6px;\">\n            <span class=\"kksr-muted\">Valora este post<\/span>\n    <\/div>\n    <\/div>\n","protected":false},"excerpt":{"rendered":"<p>El Proceso de Elecci\u00f3n Papal: En la b\u00fasqueda de la fumata blanca Cuando llega el momento de elegir a un nuevo Papa, el conjunto de cardenales &#8230; <a title=\"Cardenales eligen al nuevo Papa: todos los detalles sobre la fumata blanca\" class=\"read-more\" href=\"https:\/\/www.diario21.tv\/noticias\/cardenales-eligen-al-nuevo-papa-todos-los-detalles-sobre-la-fumata-blanca\/\" aria-label=\"Leer m\u00e1s sobre Cardenales eligen al nuevo Papa: todos los detalles sobre la fumata blanca\">Seguir leyendo &rarr;<\/a><\/p>\n","protected":false},"author":20,"featured_media":2897,"comment_status":"open","ping_status":"open","sticky":false,"template":"","format":"standard","meta":{"footnotes":""},"categories":[13],"tags":[],"class_list":["post-2896","post","type-post","status-publish","format-standard","has-post-thumbnail","hentry","category-portada"],"yoast_head":"<!-- This site is optimized with the Yoast SEO plugin v25.6 - https:\/\/yoast.com\/wordpress\/plugins\/seo\/ -->\n<title>Cardenales eligen al nuevo Papa: todos los detalles sobre la fumata blanca - Diario 21<\/title>\n<meta name=\"robots\" content=\"index, follow, max-snippet:-1, max-image-preview:large, max-video-preview:-1\" \/>\n<link rel=\"canonical\" href=\"https:\/\/www.diario21.tv\/noticias\/cardenales-eligen-al-nuevo-papa-todos-los-detalles-sobre-la-fumata-blanca\/\" \/>\n<meta property=\"og:locale\" content=\"es_ES\" \/>\n<meta property=\"og:type\" content=\"article\" \/>\n<meta property=\"og:title\" content=\"Cardenales eligen al nuevo Papa: todos los detalles sobre la fumata blanca - Diario 21\" \/>\n<meta property=\"og:description\" content=\"El Proceso de Elecci\u00f3n Papal: En la b\u00fasqueda de la fumata blanca Cuando llega el momento de elegir a un nuevo Papa, el conjunto de cardenales ... Seguir leyendo &rarr;\" \/>\n<meta property=\"og:url\" content=\"https:\/\/www.diario21.tv\/noticias\/cardenales-eligen-al-nuevo-papa-todos-los-detalles-sobre-la-fumata-blanca\/\" \/>\n<meta property=\"og:site_name\" content=\"Diario 21\" \/>\n<meta property=\"article:published_time\" content=\"2025-04-23T18:23:53+00:00\" \/>\n<meta property=\"article:modified_time\" content=\"2025-04-23T18:23:54+00:00\" \/>\n<meta property=\"og:image\" content=\"https:\/\/www.diario21.tv\/noticias\/wp-content\/uploads\/2025\/04\/Cardenales-eligen-al-nuevo-Papa-todos-los-detalles-sobre-la.jpg\" \/>\n\t<meta property=\"og:image:width\" content=\"1920\" \/>\n\t<meta property=\"og:image:height\" content=\"1080\" \/>\n\t<meta property=\"og:image:type\" content=\"image\/jpeg\" \/>\n<meta name=\"author\" content=\"Juan P\u00e9rez\" \/>\n<meta name=\"twitter:card\" content=\"summary_large_image\" \/>\n<meta name=\"twitter:label1\" content=\"Escrito por\" \/>\n\t<meta name=\"twitter:data1\" content=\"Juan P\u00e9rez\" \/>\n\t<meta name=\"twitter:label2\" content=\"Tiempo de lectura\" \/>\n\t<meta name=\"twitter:data2\" content=\"3 minutos\" \/>\n<script type=\"application\/ld+json\" class=\"yoast-schema-graph\">{\"@context\":\"https:\/\/schema.org\",\"@graph\":[{\"@type\":\"WebPage\",\"@id\":\"https:\/\/www.diario21.tv\/noticias\/cardenales-eligen-al-nuevo-papa-todos-los-detalles-sobre-la-fumata-blanca\/\",\"url\":\"https:\/\/www.diario21.tv\/noticias\/cardenales-eligen-al-nuevo-papa-todos-los-detalles-sobre-la-fumata-blanca\/\",\"name\":\"Cardenales eligen al nuevo Papa: todos los detalles sobre la fumata blanca - Diario 21\",\"isPartOf\":{\"@id\":\"https:\/\/www.diario21.tv\/noticias\/#website\"},\"primaryImageOfPage\":{\"@id\":\"https:\/\/www.diario21.tv\/noticias\/cardenales-eligen-al-nuevo-papa-todos-los-detalles-sobre-la-fumata-blanca\/#primaryimage\"},\"image\":{\"@id\":\"https:\/\/www.diario21.tv\/noticias\/cardenales-eligen-al-nuevo-papa-todos-los-detalles-sobre-la-fumata-blanca\/#primaryimage\"},\"thumbnailUrl\":\"https:\/\/www.diario21.tv\/noticias\/wp-content\/uploads\/2025\/04\/Cardenales-eligen-al-nuevo-Papa-todos-los-detalles-sobre-la.jpg\",\"datePublished\":\"2025-04-23T18:23:53+00:00\",\"dateModified\":\"2025-04-23T18:23:54+00:00\",\"author\":{\"@id\":\"https:\/\/www.diario21.tv\/noticias\/#\/schema\/person\/dfb778f73814d8f09f302618446a526b\"},\"breadcrumb\":{\"@id\":\"https:\/\/www.diario21.tv\/noticias\/cardenales-eligen-al-nuevo-papa-todos-los-detalles-sobre-la-fumata-blanca\/#breadcrumb\"},\"inLanguage\":\"es-AR\",\"potentialAction\":[{\"@type\":\"ReadAction\",\"target\":[\"https:\/\/www.diario21.tv\/noticias\/cardenales-eligen-al-nuevo-papa-todos-los-detalles-sobre-la-fumata-blanca\/\"]}]},{\"@type\":\"ImageObject\",\"inLanguage\":\"es-AR\",\"@id\":\"https:\/\/www.diario21.tv\/noticias\/cardenales-eligen-al-nuevo-papa-todos-los-detalles-sobre-la-fumata-blanca\/#primaryimage\",\"url\":\"https:\/\/www.diario21.tv\/noticias\/wp-content\/uploads\/2025\/04\/Cardenales-eligen-al-nuevo-Papa-todos-los-detalles-sobre-la.jpg\",\"contentUrl\":\"https:\/\/www.diario21.tv\/noticias\/wp-content\/uploads\/2025\/04\/Cardenales-eligen-al-nuevo-Papa-todos-los-detalles-sobre-la.jpg\",\"width\":1920,\"height\":1080,\"caption\":\"As\u00ed elegir\u00e1n los cardenales al futuro Papa: en busca de la fumata blanca\"},{\"@type\":\"BreadcrumbList\",\"@id\":\"https:\/\/www.diario21.tv\/noticias\/cardenales-eligen-al-nuevo-papa-todos-los-detalles-sobre-la-fumata-blanca\/#breadcrumb\",\"itemListElement\":[{\"@type\":\"ListItem\",\"position\":1,\"name\":\"Accueil\",\"item\":\"https:\/\/www.diario21.tv\/noticias\/\"},{\"@type\":\"ListItem\",\"position\":2,\"name\":\"Cardenales eligen al nuevo Papa: todos los detalles sobre la fumata blanca\"}]},{\"@type\":\"WebSite\",\"@id\":\"https:\/\/www.diario21.tv\/noticias\/#website\",\"url\":\"https:\/\/www.diario21.tv\/noticias\/\",\"name\":\"Diario 21\",\"description\":\"\",\"potentialAction\":[{\"@type\":\"SearchAction\",\"target\":{\"@type\":\"EntryPoint\",\"urlTemplate\":\"https:\/\/www.diario21.tv\/noticias\/?s={search_term_string}\"},\"query-input\":{\"@type\":\"PropertyValueSpecification\",\"valueRequired\":true,\"valueName\":\"search_term_string\"}}],\"inLanguage\":\"es-AR\"},{\"@type\":\"Person\",\"@id\":\"https:\/\/www.diario21.tv\/noticias\/#\/schema\/person\/dfb778f73814d8f09f302618446a526b\",\"name\":\"Juan P\u00e9rez\",\"image\":{\"@type\":\"ImageObject\",\"inLanguage\":\"es-AR\",\"@id\":\"https:\/\/www.diario21.tv\/noticias\/#\/schema\/person\/image\/\",\"url\":\"https:\/\/secure.gravatar.com\/avatar\/c478a405bd10621167f4c3167cc770f5?s=96&d=mm&r=g\",\"contentUrl\":\"https:\/\/secure.gravatar.com\/avatar\/c478a405bd10621167f4c3167cc770f5?s=96&d=mm&r=g\",\"caption\":\"Juan P\u00e9rez\"},\"description\":\"Juan P\u00e9rez es el redactor en jefe de Diario 21. Con m\u00e1s de 10 a\u00f1os de experiencia en el periodismo, se especializa en pol\u00edtica nacional y an\u00e1lisis socioecon\u00f3mico. Su enfoque cr\u00edtico y riguroso aporta una perspectiva \u00fanica a cada art\u00edculo.\",\"sameAs\":[\"https:\/\/www.diario21.tv\/noticias\/\"],\"url\":\"https:\/\/www.diario21.tv\/noticias\/author\/juan-perez\/\"}]}<\/script>\n<!-- \/ Yoast SEO plugin. -->","yoast_head_json":{"title":"Cardenales eligen al nuevo Papa: todos los detalles sobre la fumata blanca - Diario 21","robots":{"index":"index","follow":"follow","max-snippet":"max-snippet:-1","max-image-preview":"max-image-preview:large","max-video-preview":"max-video-preview:-1"},"canonical":"https:\/\/www.diario21.tv\/noticias\/cardenales-eligen-al-nuevo-papa-todos-los-detalles-sobre-la-fumata-blanca\/","og_locale":"es_ES","og_type":"article","og_title":"Cardenales eligen al nuevo Papa: todos los detalles sobre la fumata blanca - Diario 21","og_description":"El Proceso de Elecci\u00f3n Papal: En la b\u00fasqueda de la fumata blanca Cuando llega el momento de elegir a un nuevo Papa, el conjunto de cardenales ... Seguir leyendo &rarr;","og_url":"https:\/\/www.diario21.tv\/noticias\/cardenales-eligen-al-nuevo-papa-todos-los-detalles-sobre-la-fumata-blanca\/","og_site_name":"Diario 21","article_published_time":"2025-04-23T18:23:53+00:00","article_modified_time":"2025-04-23T18:23:54+00:00","og_image":[{"width":1920,"height":1080,"url":"https:\/\/www.diario21.tv\/noticias\/wp-content\/uploads\/2025\/04\/Cardenales-eligen-al-nuevo-Papa-todos-los-detalles-sobre-la.jpg","type":"image\/jpeg"}],"author":"Juan P\u00e9rez","twitter_card":"summary_large_image","twitter_misc":{"Escrito por":"Juan P\u00e9rez","Tiempo de lectura":"3 minutos"},"schema":{"@context":"https:\/\/schema.org","@graph":[{"@type":"WebPage","@id":"https:\/\/www.diario21.tv\/noticias\/cardenales-eligen-al-nuevo-papa-todos-los-detalles-sobre-la-fumata-blanca\/","url":"https:\/\/www.diario21.tv\/noticias\/cardenales-eligen-al-nuevo-papa-todos-los-detalles-sobre-la-fumata-blanca\/","name":"Cardenales eligen al nuevo Papa: todos los detalles sobre la fumata blanca - Diario 21","isPartOf":{"@id":"https:\/\/www.diario21.tv\/noticias\/#website"},"primaryImageOfPage":{"@id":"https:\/\/www.diario21.tv\/noticias\/cardenales-eligen-al-nuevo-papa-todos-los-detalles-sobre-la-fumata-blanca\/#primaryimage"},"image":{"@id":"https:\/\/www.diario21.tv\/noticias\/cardenales-eligen-al-nuevo-papa-todos-los-detalles-sobre-la-fumata-blanca\/#primaryimage"},"thumbnailUrl":"https:\/\/www.diario21.tv\/noticias\/wp-content\/uploads\/2025\/04\/Cardenales-eligen-al-nuevo-Papa-todos-los-detalles-sobre-la.jpg","datePublished":"2025-04-23T18:23:53+00:00","dateModified":"2025-04-23T18:23:54+00:00","author":{"@id":"https:\/\/www.diario21.tv\/noticias\/#\/schema\/person\/dfb778f73814d8f09f302618446a526b"},"breadcrumb":{"@id":"https:\/\/www.diario21.tv\/noticias\/cardenales-eligen-al-nuevo-papa-todos-los-detalles-sobre-la-fumata-blanca\/#breadcrumb"},"inLanguage":"es-AR","potentialAction":[{"@type":"ReadAction","target":["https:\/\/www.diario21.tv\/noticias\/cardenales-eligen-al-nuevo-papa-todos-los-detalles-sobre-la-fumata-blanca\/"]}]},{"@type":"ImageObject","inLanguage":"es-AR","@id":"https:\/\/www.diario21.tv\/noticias\/cardenales-eligen-al-nuevo-papa-todos-los-detalles-sobre-la-fumata-blanca\/#primaryimage","url":"https:\/\/www.diario21.tv\/noticias\/wp-content\/uploads\/2025\/04\/Cardenales-eligen-al-nuevo-Papa-todos-los-detalles-sobre-la.jpg","contentUrl":"https:\/\/www.diario21.tv\/noticias\/wp-content\/uploads\/2025\/04\/Cardenales-eligen-al-nuevo-Papa-todos-los-detalles-sobre-la.jpg","width":1920,"height":1080,"caption":"As\u00ed elegir\u00e1n los cardenales al futuro Papa: en busca de la fumata blanca"},{"@type":"BreadcrumbList","@id":"https:\/\/www.diario21.tv\/noticias\/cardenales-eligen-al-nuevo-papa-todos-los-detalles-sobre-la-fumata-blanca\/#breadcrumb","itemListElement":[{"@type":"ListItem","position":1,"name":"Accueil","item":"https:\/\/www.diario21.tv\/noticias\/"},{"@type":"ListItem","position":2,"name":"Cardenales eligen al nuevo Papa: todos los detalles sobre la fumata blanca"}]},{"@type":"WebSite","@id":"https:\/\/www.diario21.tv\/noticias\/#website","url":"https:\/\/www.diario21.tv\/noticias\/","name":"Diario 21","description":"","potentialAction":[{"@type":"SearchAction","target":{"@type":"EntryPoint","urlTemplate":"https:\/\/www.diario21.tv\/noticias\/?s={search_term_string}"},"query-input":{"@type":"PropertyValueSpecification","valueRequired":true,"valueName":"search_term_string"}}],"inLanguage":"es-AR"},{"@type":"Person","@id":"https:\/\/www.diario21.tv\/noticias\/#\/schema\/person\/dfb778f73814d8f09f302618446a526b","name":"Juan P\u00e9rez","image":{"@type":"ImageObject","inLanguage":"es-AR","@id":"https:\/\/www.diario21.tv\/noticias\/#\/schema\/person\/image\/","url":"https:\/\/secure.gravatar.com\/avatar\/c478a405bd10621167f4c3167cc770f5?s=96&d=mm&r=g","contentUrl":"https:\/\/secure.gravatar.com\/avatar\/c478a405bd10621167f4c3167cc770f5?s=96&d=mm&r=g","caption":"Juan P\u00e9rez"},"description":"Juan P\u00e9rez es el redactor en jefe de Diario 21. Con m\u00e1s de 10 a\u00f1os de experiencia en el periodismo, se especializa en pol\u00edtica nacional y an\u00e1lisis socioecon\u00f3mico. Su enfoque cr\u00edtico y riguroso aporta una perspectiva \u00fanica a cada art\u00edculo.","sameAs":["https:\/\/www.diario21.tv\/noticias\/"],"url":"https:\/\/www.diario21.tv\/noticias\/author\/juan-perez\/"}]}},"_links":{"self":[{"href":"https:\/\/www.diario21.tv\/noticias\/wp-json\/wp\/v2\/posts\/2896"}],"collection":[{"href":"https:\/\/www.diario21.tv\/noticias\/wp-json\/wp\/v2\/posts"}],"about":[{"href":"https:\/\/www.diario21.tv\/noticias\/wp-json\/wp\/v2\/types\/post"}],"author":[{"embeddable":true,"href":"https:\/\/www.diario21.tv\/noticias\/wp-json\/wp\/v2\/users\/20"}],"replies":[{"embeddable":true,"href":"https:\/\/www.diario21.tv\/noticias\/wp-json\/wp\/v2\/comments?post=2896"}],"version-history":[{"count":1,"href":"https:\/\/www.diario21.tv\/noticias\/wp-json\/wp\/v2\/posts\/2896\/revisions"}],"predecessor-version":[{"id":2898,"href":"https:\/\/www.diario21.tv\/noticias\/wp-json\/wp\/v2\/posts\/2896\/revisions\/2898"}],"wp:featuredmedia":[{"embeddable":true,"href":"https:\/\/www.diario21.tv\/noticias\/wp-json\/wp\/v2\/media\/2897"}],"wp:attachment":[{"href":"https:\/\/www.diario21.tv\/noticias\/wp-json\/wp\/v2\/media?parent=2896"}],"wp:term":[{"taxonomy":"category","embeddable":true,"href":"https:\/\/www.diario21.tv\/noticias\/wp-json\/wp\/v2\/categories?post=2896"},{"taxonomy":"post_tag","embeddable":true,"href":"https:\/\/www.diario21.tv\/noticias\/wp-json\/wp\/v2\/tags?post=2896"}],"curies":[{"name":"wp","href":"https:\/\/api.w.org\/{rel}","templated":true}]}}