{"id":2878,"date":"2025-04-22T05:50:36","date_gmt":"2025-04-22T05:50:36","guid":{"rendered":"https:\/\/www.diario21.tv\/noticias\/nuevo-papa-en-camino-eleccion-en-15-20-dias-tras-la-muerte-de-francisco\/"},"modified":"2025-04-22T05:50:38","modified_gmt":"2025-04-22T05:50:38","slug":"nuevo-papa-en-camino-eleccion-en-15-20-dias-tras-la-muerte-de-francisco","status":"publish","type":"post","link":"https:\/\/www.diario21.tv\/noticias\/nuevo-papa-en-camino-eleccion-en-15-20-dias-tras-la-muerte-de-francisco\/","title":{"rendered":"\u00a1Nuevo Papa en camino! Elecci\u00f3n en 15-20 d\u00edas tras la muerte de Francisco"},"content":{"rendered":"<h2>\u00daltimas Noticias: Elecci\u00f3n del Nuevo Papa Programada tras el Fallecimiento de Francisco<\/h2>\n<p>Tras el lamentable deceso del Papa Francisco, la Santa Sede ha anunciado que el proceso para la elecci\u00f3n de su sucesor tendr\u00e1 lugar entre los pr\u00f3ximos 15 a 20 d\u00edas. Este per\u00edodo de espera, conocido como la &#8220;sede vacante&#8221;, es un tiempo de preparaci\u00f3n y reflexi\u00f3n para los cardenales que se encargar\u00e1n de elegir al nuevo l\u00edder espiritual de la Iglesia Cat\u00f3lica.<\/p>\n<h3>Proceso de Elecci\u00f3n Papal<\/h3>\n<p>El c\u00f3nclave, que es la asamblea de cardenales encargada de elegir al nuevo Papa, se realizar\u00e1 en la Capilla Sixtina, situada en el coraz\u00f3n del Vaticano. Durante este per\u00edodo, todos los cardenales menores de 80 a\u00f1os est\u00e1n invitados a participar en el proceso de votaci\u00f3n. La elecci\u00f3n se mantiene en estricta confidencialidad, con medidas severas para asegurar que no se filtre ninguna informaci\u00f3n durante las deliberaciones.<\/p>\n<p>Para ser elegido Papa, el candidato necesita obtener una mayor\u00eda de dos tercios de los votos. Si despu\u00e9s de varias votaciones ning\u00fan cardenal alcanza la mayor\u00eda necesaria, se pueden modificar las reglas para permitir una elecci\u00f3n por mayor\u00eda simple tras un n\u00famero determinado de votos.<\/p>\n<h3>Expectativas y Especulaciones<\/h3>\n<p>Mientras el mundo espera la elecci\u00f3n del nuevo Papa, las especulaciones sobre los posibles candidatos ya han comenzado. Los expertos en el Vaticano est\u00e1n analizando las figuras de varios cardenales que podr\u00edan ser considerados fuertes contendientes para la posici\u00f3n papal. Sin embargo, la naturaleza del proceso de elecci\u00f3n hace que sea dif\u00edcil predecir qui\u00e9n ser\u00e1 el pr\u00f3ximo l\u00edder de la Iglesia Cat\u00f3lica.<\/p>\n<p>El nuevo Papa enfrentar\u00e1 numerosos desaf\u00edos, incluyendo la gesti\u00f3n de los asuntos internos de la Iglesia y el manejo de su relaci\u00f3n con las comunidades de fe y gobiernos alrededor del mundo. La comunidad cat\u00f3lica global mira hacia el Vaticano con la esperanza de que el pr\u00f3ximo Papa pueda guiar a la iglesia con sabidur\u00eda y visi\u00f3n de futuro.<\/p>\n<h3>Reacciones y Consecuencias<\/h3>\n<p>La muerte de Francisco ha resonado en todo el mundo, con l\u00edderes religiosos y pol\u00edticos expresando sus condolencias y respeto por su legado. Durante su papado, Francisco fue conocido por su enfoque en la humildad, la misericordia y la atenci\u00f3n a los m\u00e1s necesitados, as\u00ed como por su \u00e9nfasis en la importancia del di\u00e1logo interreligioso y la sostenibilidad ambiental.<\/p>\n<p>El pr\u00f3ximo Papa, quienquiera que sea, tendr\u00e1 la tarea de continuar y posiblemente expandir estos esfuerzos, enfrentando los desaf\u00edos contempor\u00e1neos de la iglesia y del mundo en general. Mientras tanto, la comunidad global permanece en espera y oraci\u00f3n, confiando en que el Esp\u00edritu Santo guiar\u00e1 a los cardenales en su elecci\u00f3n del nuevo l\u00edder espiritual.<\/p>\n<p>La fecha exacta del inicio del c\u00f3nclave a\u00fan no se ha anunciado, pero se espera que la Santa Sede proporcione m\u00e1s detalles en los pr\u00f3ximos d\u00edas. La atenci\u00f3n mundial est\u00e1 ahora centrada en el Vaticano, anticipando un evento que no solo determinar\u00e1 el futuro de la Iglesia Cat\u00f3lica, sino que tambi\u00e9n podr\u00eda influir en las din\u00e1micas globales de poder y espiritualidad.<\/p>\n\n\n<div class=\"kk-star-ratings kksr-auto kksr-align-left kksr-valign-bottom\"\n    data-payload='{&quot;align&quot;:&quot;left&quot;,&quot;id&quot;:&quot;2878&quot;,&quot;slug&quot;:&quot;default&quot;,&quot;valign&quot;:&quot;bottom&quot;,&quot;ignore&quot;:&quot;&quot;,&quot;reference&quot;:&quot;auto&quot;,&quot;class&quot;:&quot;&quot;,&quot;count&quot;:&quot;0&quot;,&quot;legendonly&quot;:&quot;&quot;,&quot;readonly&quot;:&quot;&quot;,&quot;score&quot;:&quot;0&quot;,&quot;starsonly&quot;:&quot;&quot;,&quot;best&quot;:&quot;5&quot;,&quot;gap&quot;:&quot;5&quot;,&quot;greet&quot;:&quot;Valora este post&quot;,&quot;legend&quot;:&quot;0\\\/5 - (0 votes)&quot;,&quot;size&quot;:&quot;22&quot;,&quot;title&quot;:&quot;\u00a1Nuevo Papa en camino! Elecci\u00f3n en 15-20 d\u00edas tras la muerte de Francisco&quot;,&quot;width&quot;:&quot;0&quot;,&quot;_legend&quot;:&quot;{score}\\\/{best} - ({count} {votes})&quot;,&quot;font_factor&quot;:&quot;1.25&quot;}'>\n            \n<div class=\"kksr-stars\">\n    \n<div class=\"kksr-stars-inactive\">\n            <div class=\"kksr-star\" data-star=\"1\" style=\"padding-right: 5px\">\n            \n\n<div class=\"kksr-icon\" style=\"width: 22px; height: 22px;\"><\/div>\n        <\/div>\n            <div class=\"kksr-star\" data-star=\"2\" style=\"padding-right: 5px\">\n            \n\n<div class=\"kksr-icon\" style=\"width: 22px; height: 22px;\"><\/div>\n        <\/div>\n            <div class=\"kksr-star\" data-star=\"3\" style=\"padding-right: 5px\">\n            \n\n<div class=\"kksr-icon\" style=\"width: 22px; height: 22px;\"><\/div>\n        <\/div>\n            <div class=\"kksr-star\" data-star=\"4\" style=\"padding-right: 5px\">\n            \n\n<div class=\"kksr-icon\" style=\"width: 22px; height: 22px;\"><\/div>\n        <\/div>\n            <div class=\"kksr-star\" data-star=\"5\" style=\"padding-right: 5px\">\n            \n\n<div class=\"kksr-icon\" style=\"width: 22px; height: 22px;\"><\/div>\n        <\/div>\n    <\/div>\n    \n<div class=\"kksr-stars-active\" style=\"width: 0px;\">\n            <div class=\"kksr-star\" style=\"padding-right: 5px\">\n            \n\n<div class=\"kksr-icon\" style=\"width: 22px; height: 22px;\"><\/div>\n        <\/div>\n            <div class=\"kksr-star\" style=\"padding-right: 5px\">\n            \n\n<div class=\"kksr-icon\" style=\"width: 22px; height: 22px;\"><\/div>\n        <\/div>\n            <div class=\"kksr-star\" style=\"padding-right: 5px\">\n            \n\n<div class=\"kksr-icon\" style=\"width: 22px; height: 22px;\"><\/div>\n        <\/div>\n            <div class=\"kksr-star\" style=\"padding-right: 5px\">\n            \n\n<div class=\"kksr-icon\" style=\"width: 22px; height: 22px;\"><\/div>\n        <\/div>\n            <div class=\"kksr-star\" style=\"padding-right: 5px\">\n            \n\n<div class=\"kksr-icon\" style=\"width: 22px; height: 22px;\"><\/div>\n        <\/div>\n    <\/div>\n<\/div>\n                \n\n<div class=\"kksr-legend\" style=\"font-size: 17.6px;\">\n            <span class=\"kksr-muted\">Valora este post<\/span>\n    <\/div>\n    <\/div>\n","protected":false},"excerpt":{"rendered":"<p>\u00daltimas Noticias: Elecci\u00f3n del Nuevo Papa Programada tras el Fallecimiento de Francisco Tras el lamentable deceso del Papa Francisco, la Santa Sede ha anunciado que el &#8230; <a title=\"\u00a1Nuevo Papa en camino! Elecci\u00f3n en 15-20 d\u00edas tras la muerte de Francisco\" class=\"read-more\" href=\"https:\/\/www.diario21.tv\/noticias\/nuevo-papa-en-camino-eleccion-en-15-20-dias-tras-la-muerte-de-francisco\/\" aria-label=\"Leer m\u00e1s sobre \u00a1Nuevo Papa en camino! Elecci\u00f3n en 15-20 d\u00edas tras la muerte de Francisco\">Seguir leyendo &rarr;<\/a><\/p>\n","protected":false},"author":20,"featured_media":2879,"comment_status":"open","ping_status":"open","sticky":false,"template":"","format":"standard","meta":{"footnotes":""},"categories":[13],"tags":[],"class_list":["post-2878","post","type-post","status-publish","format-standard","has-post-thumbnail","hentry","category-portada"],"yoast_head":"<!-- This site is optimized with the Yoast SEO plugin v25.6 - https:\/\/yoast.com\/wordpress\/plugins\/seo\/ -->\n<title>\u00a1Nuevo Papa en camino! Elecci\u00f3n en 15-20 d\u00edas tras la muerte de Francisco - Diario 21<\/title>\n<meta name=\"robots\" content=\"index, follow, max-snippet:-1, max-image-preview:large, max-video-preview:-1\" \/>\n<link rel=\"canonical\" href=\"https:\/\/www.diario21.tv\/noticias\/nuevo-papa-en-camino-eleccion-en-15-20-dias-tras-la-muerte-de-francisco\/\" \/>\n<meta property=\"og:locale\" content=\"es_ES\" \/>\n<meta property=\"og:type\" content=\"article\" \/>\n<meta property=\"og:title\" content=\"\u00a1Nuevo Papa en camino! Elecci\u00f3n en 15-20 d\u00edas tras la muerte de Francisco - Diario 21\" \/>\n<meta property=\"og:description\" content=\"\u00daltimas Noticias: Elecci\u00f3n del Nuevo Papa Programada tras el Fallecimiento de Francisco Tras el lamentable deceso del Papa Francisco, la Santa Sede ha anunciado que el ... Seguir leyendo &rarr;\" \/>\n<meta property=\"og:url\" content=\"https:\/\/www.diario21.tv\/noticias\/nuevo-papa-en-camino-eleccion-en-15-20-dias-tras-la-muerte-de-francisco\/\" \/>\n<meta property=\"og:site_name\" content=\"Diario 21\" \/>\n<meta property=\"article:published_time\" content=\"2025-04-22T05:50:36+00:00\" \/>\n<meta property=\"article:modified_time\" content=\"2025-04-22T05:50:38+00:00\" \/>\n<meta property=\"og:image\" content=\"https:\/\/www.diario21.tv\/noticias\/wp-content\/uploads\/2025\/04\/\u00a1Nuevo-Papa-en-camino-Eleccion-en-15-20-dias-tras-la.JPG\" \/>\n\t<meta property=\"og:image:width\" content=\"1913\" \/>\n\t<meta property=\"og:image:height\" content=\"1080\" \/>\n\t<meta property=\"og:image:type\" content=\"image\/jpeg\" \/>\n<meta name=\"author\" content=\"Juan P\u00e9rez\" \/>\n<meta name=\"twitter:card\" content=\"summary_large_image\" \/>\n<meta name=\"twitter:label1\" content=\"Escrito por\" \/>\n\t<meta name=\"twitter:data1\" content=\"Juan P\u00e9rez\" \/>\n\t<meta name=\"twitter:label2\" content=\"Tiempo de lectura\" \/>\n\t<meta name=\"twitter:data2\" content=\"3 minutos\" \/>\n<script type=\"application\/ld+json\" class=\"yoast-schema-graph\">{\"@context\":\"https:\/\/schema.org\",\"@graph\":[{\"@type\":\"WebPage\",\"@id\":\"https:\/\/www.diario21.tv\/noticias\/nuevo-papa-en-camino-eleccion-en-15-20-dias-tras-la-muerte-de-francisco\/\",\"url\":\"https:\/\/www.diario21.tv\/noticias\/nuevo-papa-en-camino-eleccion-en-15-20-dias-tras-la-muerte-de-francisco\/\",\"name\":\"\u00a1Nuevo Papa en camino! Elecci\u00f3n en 15-20 d\u00edas tras la muerte de Francisco - Diario 21\",\"isPartOf\":{\"@id\":\"https:\/\/www.diario21.tv\/noticias\/#website\"},\"primaryImageOfPage\":{\"@id\":\"https:\/\/www.diario21.tv\/noticias\/nuevo-papa-en-camino-eleccion-en-15-20-dias-tras-la-muerte-de-francisco\/#primaryimage\"},\"image\":{\"@id\":\"https:\/\/www.diario21.tv\/noticias\/nuevo-papa-en-camino-eleccion-en-15-20-dias-tras-la-muerte-de-francisco\/#primaryimage\"},\"thumbnailUrl\":\"https:\/\/www.diario21.tv\/noticias\/wp-content\/uploads\/2025\/04\/\u00a1Nuevo-Papa-en-camino-Eleccion-en-15-20-dias-tras-la.JPG\",\"datePublished\":\"2025-04-22T05:50:36+00:00\",\"dateModified\":\"2025-04-22T05:50:38+00:00\",\"author\":{\"@id\":\"https:\/\/www.diario21.tv\/noticias\/#\/schema\/person\/dfb778f73814d8f09f302618446a526b\"},\"breadcrumb\":{\"@id\":\"https:\/\/www.diario21.tv\/noticias\/nuevo-papa-en-camino-eleccion-en-15-20-dias-tras-la-muerte-de-francisco\/#breadcrumb\"},\"inLanguage\":\"es-AR\",\"potentialAction\":[{\"@type\":\"ReadAction\",\"target\":[\"https:\/\/www.diario21.tv\/noticias\/nuevo-papa-en-camino-eleccion-en-15-20-dias-tras-la-muerte-de-francisco\/\"]}]},{\"@type\":\"ImageObject\",\"inLanguage\":\"es-AR\",\"@id\":\"https:\/\/www.diario21.tv\/noticias\/nuevo-papa-en-camino-eleccion-en-15-20-dias-tras-la-muerte-de-francisco\/#primaryimage\",\"url\":\"https:\/\/www.diario21.tv\/noticias\/wp-content\/uploads\/2025\/04\/\u00a1Nuevo-Papa-en-camino-Eleccion-en-15-20-dias-tras-la.JPG\",\"contentUrl\":\"https:\/\/www.diario21.tv\/noticias\/wp-content\/uploads\/2025\/04\/\u00a1Nuevo-Papa-en-camino-Eleccion-en-15-20-dias-tras-la.JPG\",\"width\":1913,\"height\":1080,\"caption\":\"En directo | Tras la muerte de Francisco, el nuevo Papa ser\u00e1 elegido dentro de entre 15 y 20 d\u00edas\"},{\"@type\":\"BreadcrumbList\",\"@id\":\"https:\/\/www.diario21.tv\/noticias\/nuevo-papa-en-camino-eleccion-en-15-20-dias-tras-la-muerte-de-francisco\/#breadcrumb\",\"itemListElement\":[{\"@type\":\"ListItem\",\"position\":1,\"name\":\"Accueil\",\"item\":\"https:\/\/www.diario21.tv\/noticias\/\"},{\"@type\":\"ListItem\",\"position\":2,\"name\":\"\u00a1Nuevo Papa en camino! Elecci\u00f3n en 15-20 d\u00edas tras la muerte de Francisco\"}]},{\"@type\":\"WebSite\",\"@id\":\"https:\/\/www.diario21.tv\/noticias\/#website\",\"url\":\"https:\/\/www.diario21.tv\/noticias\/\",\"name\":\"Diario 21\",\"description\":\"\",\"potentialAction\":[{\"@type\":\"SearchAction\",\"target\":{\"@type\":\"EntryPoint\",\"urlTemplate\":\"https:\/\/www.diario21.tv\/noticias\/?s={search_term_string}\"},\"query-input\":{\"@type\":\"PropertyValueSpecification\",\"valueRequired\":true,\"valueName\":\"search_term_string\"}}],\"inLanguage\":\"es-AR\"},{\"@type\":\"Person\",\"@id\":\"https:\/\/www.diario21.tv\/noticias\/#\/schema\/person\/dfb778f73814d8f09f302618446a526b\",\"name\":\"Juan P\u00e9rez\",\"image\":{\"@type\":\"ImageObject\",\"inLanguage\":\"es-AR\",\"@id\":\"https:\/\/www.diario21.tv\/noticias\/#\/schema\/person\/image\/\",\"url\":\"https:\/\/secure.gravatar.com\/avatar\/c478a405bd10621167f4c3167cc770f5?s=96&d=mm&r=g\",\"contentUrl\":\"https:\/\/secure.gravatar.com\/avatar\/c478a405bd10621167f4c3167cc770f5?s=96&d=mm&r=g\",\"caption\":\"Juan P\u00e9rez\"},\"description\":\"Juan P\u00e9rez es el redactor en jefe de Diario 21. Con m\u00e1s de 10 a\u00f1os de experiencia en el periodismo, se especializa en pol\u00edtica nacional y an\u00e1lisis socioecon\u00f3mico. Su enfoque cr\u00edtico y riguroso aporta una perspectiva \u00fanica a cada art\u00edculo.\",\"sameAs\":[\"https:\/\/www.diario21.tv\/noticias\/\"],\"url\":\"https:\/\/www.diario21.tv\/noticias\/author\/juan-perez\/\"}]}<\/script>\n<!-- \/ Yoast SEO plugin. -->","yoast_head_json":{"title":"\u00a1Nuevo Papa en camino! Elecci\u00f3n en 15-20 d\u00edas tras la muerte de Francisco - Diario 21","robots":{"index":"index","follow":"follow","max-snippet":"max-snippet:-1","max-image-preview":"max-image-preview:large","max-video-preview":"max-video-preview:-1"},"canonical":"https:\/\/www.diario21.tv\/noticias\/nuevo-papa-en-camino-eleccion-en-15-20-dias-tras-la-muerte-de-francisco\/","og_locale":"es_ES","og_type":"article","og_title":"\u00a1Nuevo Papa en camino! Elecci\u00f3n en 15-20 d\u00edas tras la muerte de Francisco - Diario 21","og_description":"\u00daltimas Noticias: Elecci\u00f3n del Nuevo Papa Programada tras el Fallecimiento de Francisco Tras el lamentable deceso del Papa Francisco, la Santa Sede ha anunciado que el ... Seguir leyendo &rarr;","og_url":"https:\/\/www.diario21.tv\/noticias\/nuevo-papa-en-camino-eleccion-en-15-20-dias-tras-la-muerte-de-francisco\/","og_site_name":"Diario 21","article_published_time":"2025-04-22T05:50:36+00:00","article_modified_time":"2025-04-22T05:50:38+00:00","og_image":[{"width":1913,"height":1080,"url":"https:\/\/www.diario21.tv\/noticias\/wp-content\/uploads\/2025\/04\/\u00a1Nuevo-Papa-en-camino-Eleccion-en-15-20-dias-tras-la.JPG","type":"image\/jpeg"}],"author":"Juan P\u00e9rez","twitter_card":"summary_large_image","twitter_misc":{"Escrito por":"Juan P\u00e9rez","Tiempo de lectura":"3 minutos"},"schema":{"@context":"https:\/\/schema.org","@graph":[{"@type":"WebPage","@id":"https:\/\/www.diario21.tv\/noticias\/nuevo-papa-en-camino-eleccion-en-15-20-dias-tras-la-muerte-de-francisco\/","url":"https:\/\/www.diario21.tv\/noticias\/nuevo-papa-en-camino-eleccion-en-15-20-dias-tras-la-muerte-de-francisco\/","name":"\u00a1Nuevo Papa en camino! Elecci\u00f3n en 15-20 d\u00edas tras la muerte de Francisco - Diario 21","isPartOf":{"@id":"https:\/\/www.diario21.tv\/noticias\/#website"},"primaryImageOfPage":{"@id":"https:\/\/www.diario21.tv\/noticias\/nuevo-papa-en-camino-eleccion-en-15-20-dias-tras-la-muerte-de-francisco\/#primaryimage"},"image":{"@id":"https:\/\/www.diario21.tv\/noticias\/nuevo-papa-en-camino-eleccion-en-15-20-dias-tras-la-muerte-de-francisco\/#primaryimage"},"thumbnailUrl":"https:\/\/www.diario21.tv\/noticias\/wp-content\/uploads\/2025\/04\/\u00a1Nuevo-Papa-en-camino-Eleccion-en-15-20-dias-tras-la.JPG","datePublished":"2025-04-22T05:50:36+00:00","dateModified":"2025-04-22T05:50:38+00:00","author":{"@id":"https:\/\/www.diario21.tv\/noticias\/#\/schema\/person\/dfb778f73814d8f09f302618446a526b"},"breadcrumb":{"@id":"https:\/\/www.diario21.tv\/noticias\/nuevo-papa-en-camino-eleccion-en-15-20-dias-tras-la-muerte-de-francisco\/#breadcrumb"},"inLanguage":"es-AR","potentialAction":[{"@type":"ReadAction","target":["https:\/\/www.diario21.tv\/noticias\/nuevo-papa-en-camino-eleccion-en-15-20-dias-tras-la-muerte-de-francisco\/"]}]},{"@type":"ImageObject","inLanguage":"es-AR","@id":"https:\/\/www.diario21.tv\/noticias\/nuevo-papa-en-camino-eleccion-en-15-20-dias-tras-la-muerte-de-francisco\/#primaryimage","url":"https:\/\/www.diario21.tv\/noticias\/wp-content\/uploads\/2025\/04\/\u00a1Nuevo-Papa-en-camino-Eleccion-en-15-20-dias-tras-la.JPG","contentUrl":"https:\/\/www.diario21.tv\/noticias\/wp-content\/uploads\/2025\/04\/\u00a1Nuevo-Papa-en-camino-Eleccion-en-15-20-dias-tras-la.JPG","width":1913,"height":1080,"caption":"En directo | Tras la muerte de Francisco, el nuevo Papa ser\u00e1 elegido dentro de entre 15 y 20 d\u00edas"},{"@type":"BreadcrumbList","@id":"https:\/\/www.diario21.tv\/noticias\/nuevo-papa-en-camino-eleccion-en-15-20-dias-tras-la-muerte-de-francisco\/#breadcrumb","itemListElement":[{"@type":"ListItem","position":1,"name":"Accueil","item":"https:\/\/www.diario21.tv\/noticias\/"},{"@type":"ListItem","position":2,"name":"\u00a1Nuevo Papa en camino! Elecci\u00f3n en 15-20 d\u00edas tras la muerte de Francisco"}]},{"@type":"WebSite","@id":"https:\/\/www.diario21.tv\/noticias\/#website","url":"https:\/\/www.diario21.tv\/noticias\/","name":"Diario 21","description":"","potentialAction":[{"@type":"SearchAction","target":{"@type":"EntryPoint","urlTemplate":"https:\/\/www.diario21.tv\/noticias\/?s={search_term_string}"},"query-input":{"@type":"PropertyValueSpecification","valueRequired":true,"valueName":"search_term_string"}}],"inLanguage":"es-AR"},{"@type":"Person","@id":"https:\/\/www.diario21.tv\/noticias\/#\/schema\/person\/dfb778f73814d8f09f302618446a526b","name":"Juan P\u00e9rez","image":{"@type":"ImageObject","inLanguage":"es-AR","@id":"https:\/\/www.diario21.tv\/noticias\/#\/schema\/person\/image\/","url":"https:\/\/secure.gravatar.com\/avatar\/c478a405bd10621167f4c3167cc770f5?s=96&d=mm&r=g","contentUrl":"https:\/\/secure.gravatar.com\/avatar\/c478a405bd10621167f4c3167cc770f5?s=96&d=mm&r=g","caption":"Juan P\u00e9rez"},"description":"Juan P\u00e9rez es el redactor en jefe de Diario 21. Con m\u00e1s de 10 a\u00f1os de experiencia en el periodismo, se especializa en pol\u00edtica nacional y an\u00e1lisis socioecon\u00f3mico. Su enfoque cr\u00edtico y riguroso aporta una perspectiva \u00fanica a cada art\u00edculo.","sameAs":["https:\/\/www.diario21.tv\/noticias\/"],"url":"https:\/\/www.diario21.tv\/noticias\/author\/juan-perez\/"}]}},"_links":{"self":[{"href":"https:\/\/www.diario21.tv\/noticias\/wp-json\/wp\/v2\/posts\/2878"}],"collection":[{"href":"https:\/\/www.diario21.tv\/noticias\/wp-json\/wp\/v2\/posts"}],"about":[{"href":"https:\/\/www.diario21.tv\/noticias\/wp-json\/wp\/v2\/types\/post"}],"author":[{"embeddable":true,"href":"https:\/\/www.diario21.tv\/noticias\/wp-json\/wp\/v2\/users\/20"}],"replies":[{"embeddable":true,"href":"https:\/\/www.diario21.tv\/noticias\/wp-json\/wp\/v2\/comments?post=2878"}],"version-history":[{"count":1,"href":"https:\/\/www.diario21.tv\/noticias\/wp-json\/wp\/v2\/posts\/2878\/revisions"}],"predecessor-version":[{"id":2880,"href":"https:\/\/www.diario21.tv\/noticias\/wp-json\/wp\/v2\/posts\/2878\/revisions\/2880"}],"wp:featuredmedia":[{"embeddable":true,"href":"https:\/\/www.diario21.tv\/noticias\/wp-json\/wp\/v2\/media\/2879"}],"wp:attachment":[{"href":"https:\/\/www.diario21.tv\/noticias\/wp-json\/wp\/v2\/media?parent=2878"}],"wp:term":[{"taxonomy":"category","embeddable":true,"href":"https:\/\/www.diario21.tv\/noticias\/wp-json\/wp\/v2\/categories?post=2878"},{"taxonomy":"post_tag","embeddable":true,"href":"https:\/\/www.diario21.tv\/noticias\/wp-json\/wp\/v2\/tags?post=2878"}],"curies":[{"name":"wp","href":"https:\/\/api.w.org\/{rel}","templated":true}]}}