{"id":2854,"date":"2025-04-19T22:57:36","date_gmt":"2025-04-19T22:57:36","guid":{"rendered":"https:\/\/www.diario21.tv\/noticias\/impactante-joven-a-prision-en-ciudad-real-por-prender-fuego-a-anciano-dormido-en-un-banco\/"},"modified":"2025-04-19T22:57:37","modified_gmt":"2025-04-19T22:57:37","slug":"impactante-joven-a-prision-en-ciudad-real-por-prender-fuego-a-anciano-dormido-en-un-banco","status":"publish","type":"post","link":"https:\/\/www.diario21.tv\/noticias\/impactante-joven-a-prision-en-ciudad-real-por-prender-fuego-a-anciano-dormido-en-un-banco\/","title":{"rendered":"\u00a1Impactante! Joven a prisi\u00f3n en Ciudad Real por prender fuego a anciano dormido en un banco"},"content":{"rendered":"<h2>Encarcelamiento de un joven en Ciudad Real tras incendiar a un hombre mayor que dorm\u00eda en un banco<\/h2>\n<p>En un suceso alarmante en Ciudad Real, un joven ha sido enviado a prisi\u00f3n despu\u00e9s de ser acusado de prender fuego a un anciano que se encontraba durmiendo en un banco p\u00fablico. Este acto de violencia no solo ha conmocionado a la comunidad local, sino que tambi\u00e9n ha levantado preocupaciones sobre la seguridad en las \u00e1reas p\u00fablicas.<\/p>\n<h3>Detalles del incidente<\/h3>\n<p>El incidente ocurri\u00f3 durante la noche cuando la v\u00edctima, un hombre mayor que frecuentemente dorm\u00eda en los bancos del parque debido a su situaci\u00f3n de sinhogarismo, fue abruptamente despertado por las llamas. Seg\u00fan informes de la polic\u00eda local, el joven, sin motivo aparente, roci\u00f3 al anciano con una sustancia inflamable y luego encendi\u00f3 el fuego, causando quemaduras graves en varias partes del cuerpo del anciano.<\/p>\n<p>La r\u00e1pida intervenci\u00f3n de transe\u00fantes, que lograron apagar las llamas, fue crucial para salvar la vida del hombre mayor. El agresor fue detenido poco despu\u00e9s del ataque gracias a la descripci\u00f3n proporcionada por testigos y c\u00e1maras de seguridad instaladas en la zona.<\/p>\n<h3>Reacciones y consecuencias<\/h3>\n<p>El suceso ha generado una ola de indignaci\u00f3n entre los ciudadanos de Ciudad Real, quienes exigen medidas m\u00e1s estrictas para garantizar la seguridad en los espacios p\u00fablicos y una atenci\u00f3n m\u00e1s robusta hacia las personas en situaci\u00f3n de vulnerabilidad, como los sinhogar.<\/p>\n<p>El joven agresor fue arrestado y enfrenta varios cargos, incluyendo intento de homicidio. Durante su comparecencia inicial ante el tribunal, se orden\u00f3 su ingreso en prisi\u00f3n provisional sin fianza mientras avanzan las investigaciones y se prepara su juicio.<\/p>\n<h3>Medidas a tomar<\/h3>\n<p>Las autoridades han reaccionado aumentando la vigilancia en los parques y \u00e1reas comunes, especialmente durante la noche. Adem\u00e1s, se est\u00e1 considerando la implementaci\u00f3n de m\u00e1s programas de asistencia social para abordar la problem\u00e1tica del sinhogarismo y prevenir incidentes violentos futuros.<\/p>\n<p>Este tr\u00e1gico evento ha resaltado la necesidad urgente de abordar las cuestiones de seguridad p\u00fablica y el bienestar de los ciudadanos m\u00e1s vulnerables de la sociedad. La comunidad, por su parte, se ha unido para apoyar al anciano afectado, organizando colectas para ayudar en su recuperaci\u00f3n y llamando a una reflexi\u00f3n profunda sobre la solidaridad y el respeto humano.<\/p>\n\n\n<div class=\"kk-star-ratings kksr-auto kksr-align-left kksr-valign-bottom\"\n    data-payload='{&quot;align&quot;:&quot;left&quot;,&quot;id&quot;:&quot;2854&quot;,&quot;slug&quot;:&quot;default&quot;,&quot;valign&quot;:&quot;bottom&quot;,&quot;ignore&quot;:&quot;&quot;,&quot;reference&quot;:&quot;auto&quot;,&quot;class&quot;:&quot;&quot;,&quot;count&quot;:&quot;0&quot;,&quot;legendonly&quot;:&quot;&quot;,&quot;readonly&quot;:&quot;&quot;,&quot;score&quot;:&quot;0&quot;,&quot;starsonly&quot;:&quot;&quot;,&quot;best&quot;:&quot;5&quot;,&quot;gap&quot;:&quot;5&quot;,&quot;greet&quot;:&quot;Valora este post&quot;,&quot;legend&quot;:&quot;0\\\/5 - (0 votes)&quot;,&quot;size&quot;:&quot;22&quot;,&quot;title&quot;:&quot;\u00a1Impactante! Joven a prisi\u00f3n en Ciudad Real por prender fuego a anciano dormido en un banco&quot;,&quot;width&quot;:&quot;0&quot;,&quot;_legend&quot;:&quot;{score}\\\/{best} - ({count} {votes})&quot;,&quot;font_factor&quot;:&quot;1.25&quot;}'>\n            \n<div class=\"kksr-stars\">\n    \n<div class=\"kksr-stars-inactive\">\n            <div class=\"kksr-star\" data-star=\"1\" style=\"padding-right: 5px\">\n            \n\n<div class=\"kksr-icon\" style=\"width: 22px; height: 22px;\"><\/div>\n        <\/div>\n            <div class=\"kksr-star\" data-star=\"2\" style=\"padding-right: 5px\">\n            \n\n<div class=\"kksr-icon\" style=\"width: 22px; height: 22px;\"><\/div>\n        <\/div>\n            <div class=\"kksr-star\" data-star=\"3\" style=\"padding-right: 5px\">\n            \n\n<div class=\"kksr-icon\" style=\"width: 22px; height: 22px;\"><\/div>\n        <\/div>\n            <div class=\"kksr-star\" data-star=\"4\" style=\"padding-right: 5px\">\n            \n\n<div class=\"kksr-icon\" style=\"width: 22px; height: 22px;\"><\/div>\n        <\/div>\n            <div class=\"kksr-star\" data-star=\"5\" style=\"padding-right: 5px\">\n            \n\n<div class=\"kksr-icon\" style=\"width: 22px; height: 22px;\"><\/div>\n        <\/div>\n    <\/div>\n    \n<div class=\"kksr-stars-active\" style=\"width: 0px;\">\n            <div class=\"kksr-star\" style=\"padding-right: 5px\">\n            \n\n<div class=\"kksr-icon\" style=\"width: 22px; height: 22px;\"><\/div>\n        <\/div>\n            <div class=\"kksr-star\" style=\"padding-right: 5px\">\n            \n\n<div class=\"kksr-icon\" style=\"width: 22px; height: 22px;\"><\/div>\n        <\/div>\n            <div class=\"kksr-star\" style=\"padding-right: 5px\">\n            \n\n<div class=\"kksr-icon\" style=\"width: 22px; height: 22px;\"><\/div>\n        <\/div>\n            <div class=\"kksr-star\" style=\"padding-right: 5px\">\n            \n\n<div class=\"kksr-icon\" style=\"width: 22px; height: 22px;\"><\/div>\n        <\/div>\n            <div class=\"kksr-star\" style=\"padding-right: 5px\">\n            \n\n<div class=\"kksr-icon\" style=\"width: 22px; height: 22px;\"><\/div>\n        <\/div>\n    <\/div>\n<\/div>\n                \n\n<div class=\"kksr-legend\" style=\"font-size: 17.6px;\">\n            <span class=\"kksr-muted\">Valora este post<\/span>\n    <\/div>\n    <\/div>\n","protected":false},"excerpt":{"rendered":"<p>Encarcelamiento de un joven en Ciudad Real tras incendiar a un hombre mayor que dorm\u00eda en un banco En un suceso alarmante en Ciudad Real, un &#8230; <a title=\"\u00a1Impactante! Joven a prisi\u00f3n en Ciudad Real por prender fuego a anciano dormido en un banco\" class=\"read-more\" href=\"https:\/\/www.diario21.tv\/noticias\/impactante-joven-a-prision-en-ciudad-real-por-prender-fuego-a-anciano-dormido-en-un-banco\/\" aria-label=\"Leer m\u00e1s sobre \u00a1Impactante! Joven a prisi\u00f3n en Ciudad Real por prender fuego a anciano dormido en un banco\">Seguir leyendo &rarr;<\/a><\/p>\n","protected":false},"author":20,"featured_media":2855,"comment_status":"open","ping_status":"open","sticky":false,"template":"","format":"standard","meta":{"footnotes":""},"categories":[13],"tags":[],"class_list":["post-2854","post","type-post","status-publish","format-standard","has-post-thumbnail","hentry","category-portada"],"yoast_head":"<!-- This site is optimized with the Yoast SEO plugin v25.6 - https:\/\/yoast.com\/wordpress\/plugins\/seo\/ -->\n<title>\u00a1Impactante! Joven a prisi\u00f3n en Ciudad Real por prender fuego a anciano dormido en un banco - Diario 21<\/title>\n<meta name=\"robots\" content=\"index, follow, max-snippet:-1, max-image-preview:large, max-video-preview:-1\" \/>\n<link rel=\"canonical\" href=\"https:\/\/www.diario21.tv\/noticias\/impactante-joven-a-prision-en-ciudad-real-por-prender-fuego-a-anciano-dormido-en-un-banco\/\" \/>\n<meta property=\"og:locale\" content=\"es_ES\" \/>\n<meta property=\"og:type\" content=\"article\" \/>\n<meta property=\"og:title\" content=\"\u00a1Impactante! Joven a prisi\u00f3n en Ciudad Real por prender fuego a anciano dormido en un banco - Diario 21\" \/>\n<meta property=\"og:description\" content=\"Encarcelamiento de un joven en Ciudad Real tras incendiar a un hombre mayor que dorm\u00eda en un banco En un suceso alarmante en Ciudad Real, un ... Seguir leyendo &rarr;\" \/>\n<meta property=\"og:url\" content=\"https:\/\/www.diario21.tv\/noticias\/impactante-joven-a-prision-en-ciudad-real-por-prender-fuego-a-anciano-dormido-en-un-banco\/\" \/>\n<meta property=\"og:site_name\" content=\"Diario 21\" \/>\n<meta property=\"article:published_time\" content=\"2025-04-19T22:57:36+00:00\" \/>\n<meta property=\"article:modified_time\" content=\"2025-04-19T22:57:37+00:00\" \/>\n<meta property=\"og:image\" content=\"https:\/\/www.diario21.tv\/noticias\/wp-content\/uploads\/2025\/04\/\u00a1Impactante-Joven-a-prision-en-Ciudad-Real-por-prender-fuego.jpg\" \/>\n\t<meta property=\"og:image:width\" content=\"1920\" \/>\n\t<meta property=\"og:image:height\" content=\"1080\" \/>\n\t<meta property=\"og:image:type\" content=\"image\/jpeg\" \/>\n<meta name=\"author\" content=\"Juan P\u00e9rez\" \/>\n<meta name=\"twitter:card\" content=\"summary_large_image\" \/>\n<meta name=\"twitter:label1\" content=\"Escrito por\" \/>\n\t<meta name=\"twitter:data1\" content=\"Juan P\u00e9rez\" \/>\n\t<meta name=\"twitter:label2\" content=\"Tiempo de lectura\" \/>\n\t<meta name=\"twitter:data2\" content=\"2 minutos\" \/>\n<script type=\"application\/ld+json\" class=\"yoast-schema-graph\">{\"@context\":\"https:\/\/schema.org\",\"@graph\":[{\"@type\":\"WebPage\",\"@id\":\"https:\/\/www.diario21.tv\/noticias\/impactante-joven-a-prision-en-ciudad-real-por-prender-fuego-a-anciano-dormido-en-un-banco\/\",\"url\":\"https:\/\/www.diario21.tv\/noticias\/impactante-joven-a-prision-en-ciudad-real-por-prender-fuego-a-anciano-dormido-en-un-banco\/\",\"name\":\"\u00a1Impactante! Joven a prisi\u00f3n en Ciudad Real por prender fuego a anciano dormido en un banco - Diario 21\",\"isPartOf\":{\"@id\":\"https:\/\/www.diario21.tv\/noticias\/#website\"},\"primaryImageOfPage\":{\"@id\":\"https:\/\/www.diario21.tv\/noticias\/impactante-joven-a-prision-en-ciudad-real-por-prender-fuego-a-anciano-dormido-en-un-banco\/#primaryimage\"},\"image\":{\"@id\":\"https:\/\/www.diario21.tv\/noticias\/impactante-joven-a-prision-en-ciudad-real-por-prender-fuego-a-anciano-dormido-en-un-banco\/#primaryimage\"},\"thumbnailUrl\":\"https:\/\/www.diario21.tv\/noticias\/wp-content\/uploads\/2025\/04\/\u00a1Impactante-Joven-a-prision-en-Ciudad-Real-por-prender-fuego.jpg\",\"datePublished\":\"2025-04-19T22:57:36+00:00\",\"dateModified\":\"2025-04-19T22:57:37+00:00\",\"author\":{\"@id\":\"https:\/\/www.diario21.tv\/noticias\/#\/schema\/person\/dfb778f73814d8f09f302618446a526b\"},\"breadcrumb\":{\"@id\":\"https:\/\/www.diario21.tv\/noticias\/impactante-joven-a-prision-en-ciudad-real-por-prender-fuego-a-anciano-dormido-en-un-banco\/#breadcrumb\"},\"inLanguage\":\"es-AR\",\"potentialAction\":[{\"@type\":\"ReadAction\",\"target\":[\"https:\/\/www.diario21.tv\/noticias\/impactante-joven-a-prision-en-ciudad-real-por-prender-fuego-a-anciano-dormido-en-un-banco\/\"]}]},{\"@type\":\"ImageObject\",\"inLanguage\":\"es-AR\",\"@id\":\"https:\/\/www.diario21.tv\/noticias\/impactante-joven-a-prision-en-ciudad-real-por-prender-fuego-a-anciano-dormido-en-un-banco\/#primaryimage\",\"url\":\"https:\/\/www.diario21.tv\/noticias\/wp-content\/uploads\/2025\/04\/\u00a1Impactante-Joven-a-prision-en-Ciudad-Real-por-prender-fuego.jpg\",\"contentUrl\":\"https:\/\/www.diario21.tv\/noticias\/wp-content\/uploads\/2025\/04\/\u00a1Impactante-Joven-a-prision-en-Ciudad-Real-por-prender-fuego.jpg\",\"width\":1920,\"height\":1080,\"caption\":\"A prisi\u00f3n un joven en Ciudad Real por quemar a un anciano que dorm\u00eda en un banco\"},{\"@type\":\"BreadcrumbList\",\"@id\":\"https:\/\/www.diario21.tv\/noticias\/impactante-joven-a-prision-en-ciudad-real-por-prender-fuego-a-anciano-dormido-en-un-banco\/#breadcrumb\",\"itemListElement\":[{\"@type\":\"ListItem\",\"position\":1,\"name\":\"Accueil\",\"item\":\"https:\/\/www.diario21.tv\/noticias\/\"},{\"@type\":\"ListItem\",\"position\":2,\"name\":\"\u00a1Impactante! Joven a prisi\u00f3n en Ciudad Real por prender fuego a anciano dormido en un banco\"}]},{\"@type\":\"WebSite\",\"@id\":\"https:\/\/www.diario21.tv\/noticias\/#website\",\"url\":\"https:\/\/www.diario21.tv\/noticias\/\",\"name\":\"Diario 21\",\"description\":\"\",\"potentialAction\":[{\"@type\":\"SearchAction\",\"target\":{\"@type\":\"EntryPoint\",\"urlTemplate\":\"https:\/\/www.diario21.tv\/noticias\/?s={search_term_string}\"},\"query-input\":{\"@type\":\"PropertyValueSpecification\",\"valueRequired\":true,\"valueName\":\"search_term_string\"}}],\"inLanguage\":\"es-AR\"},{\"@type\":\"Person\",\"@id\":\"https:\/\/www.diario21.tv\/noticias\/#\/schema\/person\/dfb778f73814d8f09f302618446a526b\",\"name\":\"Juan P\u00e9rez\",\"image\":{\"@type\":\"ImageObject\",\"inLanguage\":\"es-AR\",\"@id\":\"https:\/\/www.diario21.tv\/noticias\/#\/schema\/person\/image\/\",\"url\":\"https:\/\/secure.gravatar.com\/avatar\/c478a405bd10621167f4c3167cc770f5?s=96&d=mm&r=g\",\"contentUrl\":\"https:\/\/secure.gravatar.com\/avatar\/c478a405bd10621167f4c3167cc770f5?s=96&d=mm&r=g\",\"caption\":\"Juan P\u00e9rez\"},\"description\":\"Juan P\u00e9rez es el redactor en jefe de Diario 21. Con m\u00e1s de 10 a\u00f1os de experiencia en el periodismo, se especializa en pol\u00edtica nacional y an\u00e1lisis socioecon\u00f3mico. Su enfoque cr\u00edtico y riguroso aporta una perspectiva \u00fanica a cada art\u00edculo.\",\"sameAs\":[\"https:\/\/www.diario21.tv\/noticias\/\"],\"url\":\"https:\/\/www.diario21.tv\/noticias\/author\/juan-perez\/\"}]}<\/script>\n<!-- \/ Yoast SEO plugin. -->","yoast_head_json":{"title":"\u00a1Impactante! Joven a prisi\u00f3n en Ciudad Real por prender fuego a anciano dormido en un banco - Diario 21","robots":{"index":"index","follow":"follow","max-snippet":"max-snippet:-1","max-image-preview":"max-image-preview:large","max-video-preview":"max-video-preview:-1"},"canonical":"https:\/\/www.diario21.tv\/noticias\/impactante-joven-a-prision-en-ciudad-real-por-prender-fuego-a-anciano-dormido-en-un-banco\/","og_locale":"es_ES","og_type":"article","og_title":"\u00a1Impactante! Joven a prisi\u00f3n en Ciudad Real por prender fuego a anciano dormido en un banco - Diario 21","og_description":"Encarcelamiento de un joven en Ciudad Real tras incendiar a un hombre mayor que dorm\u00eda en un banco En un suceso alarmante en Ciudad Real, un ... Seguir leyendo &rarr;","og_url":"https:\/\/www.diario21.tv\/noticias\/impactante-joven-a-prision-en-ciudad-real-por-prender-fuego-a-anciano-dormido-en-un-banco\/","og_site_name":"Diario 21","article_published_time":"2025-04-19T22:57:36+00:00","article_modified_time":"2025-04-19T22:57:37+00:00","og_image":[{"width":1920,"height":1080,"url":"https:\/\/www.diario21.tv\/noticias\/wp-content\/uploads\/2025\/04\/\u00a1Impactante-Joven-a-prision-en-Ciudad-Real-por-prender-fuego.jpg","type":"image\/jpeg"}],"author":"Juan P\u00e9rez","twitter_card":"summary_large_image","twitter_misc":{"Escrito por":"Juan P\u00e9rez","Tiempo de lectura":"2 minutos"},"schema":{"@context":"https:\/\/schema.org","@graph":[{"@type":"WebPage","@id":"https:\/\/www.diario21.tv\/noticias\/impactante-joven-a-prision-en-ciudad-real-por-prender-fuego-a-anciano-dormido-en-un-banco\/","url":"https:\/\/www.diario21.tv\/noticias\/impactante-joven-a-prision-en-ciudad-real-por-prender-fuego-a-anciano-dormido-en-un-banco\/","name":"\u00a1Impactante! Joven a prisi\u00f3n en Ciudad Real por prender fuego a anciano dormido en un banco - Diario 21","isPartOf":{"@id":"https:\/\/www.diario21.tv\/noticias\/#website"},"primaryImageOfPage":{"@id":"https:\/\/www.diario21.tv\/noticias\/impactante-joven-a-prision-en-ciudad-real-por-prender-fuego-a-anciano-dormido-en-un-banco\/#primaryimage"},"image":{"@id":"https:\/\/www.diario21.tv\/noticias\/impactante-joven-a-prision-en-ciudad-real-por-prender-fuego-a-anciano-dormido-en-un-banco\/#primaryimage"},"thumbnailUrl":"https:\/\/www.diario21.tv\/noticias\/wp-content\/uploads\/2025\/04\/\u00a1Impactante-Joven-a-prision-en-Ciudad-Real-por-prender-fuego.jpg","datePublished":"2025-04-19T22:57:36+00:00","dateModified":"2025-04-19T22:57:37+00:00","author":{"@id":"https:\/\/www.diario21.tv\/noticias\/#\/schema\/person\/dfb778f73814d8f09f302618446a526b"},"breadcrumb":{"@id":"https:\/\/www.diario21.tv\/noticias\/impactante-joven-a-prision-en-ciudad-real-por-prender-fuego-a-anciano-dormido-en-un-banco\/#breadcrumb"},"inLanguage":"es-AR","potentialAction":[{"@type":"ReadAction","target":["https:\/\/www.diario21.tv\/noticias\/impactante-joven-a-prision-en-ciudad-real-por-prender-fuego-a-anciano-dormido-en-un-banco\/"]}]},{"@type":"ImageObject","inLanguage":"es-AR","@id":"https:\/\/www.diario21.tv\/noticias\/impactante-joven-a-prision-en-ciudad-real-por-prender-fuego-a-anciano-dormido-en-un-banco\/#primaryimage","url":"https:\/\/www.diario21.tv\/noticias\/wp-content\/uploads\/2025\/04\/\u00a1Impactante-Joven-a-prision-en-Ciudad-Real-por-prender-fuego.jpg","contentUrl":"https:\/\/www.diario21.tv\/noticias\/wp-content\/uploads\/2025\/04\/\u00a1Impactante-Joven-a-prision-en-Ciudad-Real-por-prender-fuego.jpg","width":1920,"height":1080,"caption":"A prisi\u00f3n un joven en Ciudad Real por quemar a un anciano que dorm\u00eda en un banco"},{"@type":"BreadcrumbList","@id":"https:\/\/www.diario21.tv\/noticias\/impactante-joven-a-prision-en-ciudad-real-por-prender-fuego-a-anciano-dormido-en-un-banco\/#breadcrumb","itemListElement":[{"@type":"ListItem","position":1,"name":"Accueil","item":"https:\/\/www.diario21.tv\/noticias\/"},{"@type":"ListItem","position":2,"name":"\u00a1Impactante! Joven a prisi\u00f3n en Ciudad Real por prender fuego a anciano dormido en un banco"}]},{"@type":"WebSite","@id":"https:\/\/www.diario21.tv\/noticias\/#website","url":"https:\/\/www.diario21.tv\/noticias\/","name":"Diario 21","description":"","potentialAction":[{"@type":"SearchAction","target":{"@type":"EntryPoint","urlTemplate":"https:\/\/www.diario21.tv\/noticias\/?s={search_term_string}"},"query-input":{"@type":"PropertyValueSpecification","valueRequired":true,"valueName":"search_term_string"}}],"inLanguage":"es-AR"},{"@type":"Person","@id":"https:\/\/www.diario21.tv\/noticias\/#\/schema\/person\/dfb778f73814d8f09f302618446a526b","name":"Juan P\u00e9rez","image":{"@type":"ImageObject","inLanguage":"es-AR","@id":"https:\/\/www.diario21.tv\/noticias\/#\/schema\/person\/image\/","url":"https:\/\/secure.gravatar.com\/avatar\/c478a405bd10621167f4c3167cc770f5?s=96&d=mm&r=g","contentUrl":"https:\/\/secure.gravatar.com\/avatar\/c478a405bd10621167f4c3167cc770f5?s=96&d=mm&r=g","caption":"Juan P\u00e9rez"},"description":"Juan P\u00e9rez es el redactor en jefe de Diario 21. Con m\u00e1s de 10 a\u00f1os de experiencia en el periodismo, se especializa en pol\u00edtica nacional y an\u00e1lisis socioecon\u00f3mico. Su enfoque cr\u00edtico y riguroso aporta una perspectiva \u00fanica a cada art\u00edculo.","sameAs":["https:\/\/www.diario21.tv\/noticias\/"],"url":"https:\/\/www.diario21.tv\/noticias\/author\/juan-perez\/"}]}},"_links":{"self":[{"href":"https:\/\/www.diario21.tv\/noticias\/wp-json\/wp\/v2\/posts\/2854"}],"collection":[{"href":"https:\/\/www.diario21.tv\/noticias\/wp-json\/wp\/v2\/posts"}],"about":[{"href":"https:\/\/www.diario21.tv\/noticias\/wp-json\/wp\/v2\/types\/post"}],"author":[{"embeddable":true,"href":"https:\/\/www.diario21.tv\/noticias\/wp-json\/wp\/v2\/users\/20"}],"replies":[{"embeddable":true,"href":"https:\/\/www.diario21.tv\/noticias\/wp-json\/wp\/v2\/comments?post=2854"}],"version-history":[{"count":1,"href":"https:\/\/www.diario21.tv\/noticias\/wp-json\/wp\/v2\/posts\/2854\/revisions"}],"predecessor-version":[{"id":2856,"href":"https:\/\/www.diario21.tv\/noticias\/wp-json\/wp\/v2\/posts\/2854\/revisions\/2856"}],"wp:featuredmedia":[{"embeddable":true,"href":"https:\/\/www.diario21.tv\/noticias\/wp-json\/wp\/v2\/media\/2855"}],"wp:attachment":[{"href":"https:\/\/www.diario21.tv\/noticias\/wp-json\/wp\/v2\/media?parent=2854"}],"wp:term":[{"taxonomy":"category","embeddable":true,"href":"https:\/\/www.diario21.tv\/noticias\/wp-json\/wp\/v2\/categories?post=2854"},{"taxonomy":"post_tag","embeddable":true,"href":"https:\/\/www.diario21.tv\/noticias\/wp-json\/wp\/v2\/tags?post=2854"}],"curies":[{"name":"wp","href":"https:\/\/api.w.org\/{rel}","templated":true}]}}