{"id":2848,"date":"2025-04-19T10:35:25","date_gmt":"2025-04-19T10:35:25","guid":{"rendered":"https:\/\/www.diario21.tv\/noticias\/descubre-el-frenesi-telefonico-de-la-consejera-pradas-durante-la-dana\/"},"modified":"2025-04-19T10:35:26","modified_gmt":"2025-04-19T10:35:26","slug":"descubre-el-frenesi-telefonico-de-la-consejera-pradas-durante-la-dana","status":"publish","type":"post","link":"https:\/\/www.diario21.tv\/noticias\/descubre-el-frenesi-telefonico-de-la-consejera-pradas-durante-la-dana\/","title":{"rendered":"\u00a1Descubre el frenes\u00ed telef\u00f3nico de la consejera Pradas durante la dana!"},"content":{"rendered":"<h2>El torbellino de llamadas de la consejera Pradas durante el d\u00eda de la tormenta<\/h2>\n<p>En un d\u00eda marcado por la intensidad de una depresi\u00f3n atmosf\u00e9rica aislada, conocida como dana, la consejera Pradas demostr\u00f3 un notable esfuerzo de comunicaci\u00f3n. Desde temprano en la ma\u00f1ana hasta bien entrada la noche, su tel\u00e9fono fue un hervidero de actividad, evidenciando su compromiso con la gesti\u00f3n de la emergencia y la coordinaci\u00f3n con varios sectores.<\/p>\n<h3>Inicio del d\u00eda: Preparativos y primeras acciones<\/h3>\n<p>El d\u00eda comenz\u00f3 temprano para la consejera Pradas. Antes de que el reloj marcara las 7:00 a.m., ya estaba en plena comunicaci\u00f3n con el equipo de emergencias y otros funcionarios clave. La anticipaci\u00f3n de la dana hab\u00eda puesto a todos en alerta m\u00e1xima, y era crucial establecer l\u00edneas claras de acci\u00f3n y comunicaci\u00f3n.<\/p>\n<p>Los primeros informes meteorol\u00f3gicos no eran alentadores. La dana promet\u00eda traer consigo una cantidad significativa de precipitaciones y vientos fuertes. Ante esto, Pradas prioriz\u00f3 la revisi\u00f3n de los planes de evacuaci\u00f3n y asegurarse de que todos los sistemas de alerta estuvieran funcionando correctamente.<\/p>\n<h3>Mediod\u00eda: Coordinaci\u00f3n intensa<\/h3>\n<p>Para cuando el reloj se\u00f1al\u00f3 el mediod\u00eda, la consejera ya hab\u00eda participado en m\u00faltiples conferencias telef\u00f3nicas. Su enfoque estaba en la sincronizaci\u00f3n de los esfuerzos entre diferentes agencias gubernamentales. Era vital que los servicios de emergencia, salud, y transporte trabajaran de manera cohesionada para responder efectivamente a la crisis que se avecinaba.<\/p>\n<p>Durante estas horas, la consejera se asegur\u00f3 tambi\u00e9n de mantener informada a la poblaci\u00f3n. A trav\u00e9s de varios canales de comunicaci\u00f3n, incluyendo redes sociales y medios tradicionales, se emitieron constantes actualizaciones sobre el estado de la dana y las medidas de precauci\u00f3n necesarias.<\/p>\n<h3>Tarde: Evaluaci\u00f3n continua y ajustes<\/h3>\n<p>A medida que la tarde avanzaba, la situaci\u00f3n comenzaba a intensificarse. La dana alcanzaba su pico, y con ello, los desaf\u00edos operativos se multiplicaban. Pradas se mantuvo al frente, supervisando personalmente la ejecuci\u00f3n de las operaciones de emergencia y ajustando las estrategias seg\u00fan fuera necesario.<\/p>\n<p>Las llamadas continuaron sin cesar, conectando con l\u00edderes comunitarios, jefes de operaciones en el terreno, y expertos en meteorolog\u00eda. Cada conversaci\u00f3n ten\u00eda como objetivo reforzar la respuesta inmediata y preparar el terreno para las acciones de recuperaci\u00f3n post-tormenta.<\/p>\n<h3>Noche: Preparativos para el d\u00eda siguiente<\/h3>\n<p>Con la llegada de la noche, no hubo se\u00f1ales de desaceleraci\u00f3n por parte de la consejera Pradas. Aunque la parte m\u00e1s severa de la dana comenzaba a disiparse, el trabajo estaba lejos de terminar. La fase de recuperaci\u00f3n ser\u00eda crucial para determinar el impacto a largo plazo de la tormenta en las comunidades afectadas.<\/p>\n<p>Antes de concluir su jornada, Pradas organiz\u00f3 una \u00faltima ronda de llamadas con su equipo directo. El objetivo era claro: evaluar los da\u00f1os hasta el momento, coordinar los esfuerzos de limpieza para el d\u00eda siguiente, y asegurar que los recursos necesarios estuvieran en su lugar para ayudar a los ciudadanos en la recuperaci\u00f3n.<\/p>\n<p>El frenes\u00ed telef\u00f3nico de la consejera Pradas a lo largo de este desafiante d\u00eda demostr\u00f3 su dedicaci\u00f3n y capacidad para manejar situaciones de crisis. Su liderazgo no solo facilit\u00f3 una respuesta m\u00e1s eficiente, sino que tambi\u00e9n subray\u00f3 la importancia de la preparaci\u00f3n y la comunicaci\u00f3n efectiva en tiempos de emergencia.<\/p>\n\n\n<div class=\"kk-star-ratings kksr-auto kksr-align-left kksr-valign-bottom\"\n    data-payload='{&quot;align&quot;:&quot;left&quot;,&quot;id&quot;:&quot;2848&quot;,&quot;slug&quot;:&quot;default&quot;,&quot;valign&quot;:&quot;bottom&quot;,&quot;ignore&quot;:&quot;&quot;,&quot;reference&quot;:&quot;auto&quot;,&quot;class&quot;:&quot;&quot;,&quot;count&quot;:&quot;0&quot;,&quot;legendonly&quot;:&quot;&quot;,&quot;readonly&quot;:&quot;&quot;,&quot;score&quot;:&quot;0&quot;,&quot;starsonly&quot;:&quot;&quot;,&quot;best&quot;:&quot;5&quot;,&quot;gap&quot;:&quot;5&quot;,&quot;greet&quot;:&quot;Valora este post&quot;,&quot;legend&quot;:&quot;0\\\/5 - (0 votes)&quot;,&quot;size&quot;:&quot;22&quot;,&quot;title&quot;:&quot;\u00a1Descubre el frenes\u00ed telef\u00f3nico de la consejera Pradas durante la dana!&quot;,&quot;width&quot;:&quot;0&quot;,&quot;_legend&quot;:&quot;{score}\\\/{best} - ({count} {votes})&quot;,&quot;font_factor&quot;:&quot;1.25&quot;}'>\n            \n<div class=\"kksr-stars\">\n    \n<div class=\"kksr-stars-inactive\">\n            <div class=\"kksr-star\" data-star=\"1\" style=\"padding-right: 5px\">\n            \n\n<div class=\"kksr-icon\" style=\"width: 22px; height: 22px;\"><\/div>\n        <\/div>\n            <div class=\"kksr-star\" data-star=\"2\" style=\"padding-right: 5px\">\n            \n\n<div class=\"kksr-icon\" style=\"width: 22px; height: 22px;\"><\/div>\n        <\/div>\n            <div class=\"kksr-star\" data-star=\"3\" style=\"padding-right: 5px\">\n            \n\n<div class=\"kksr-icon\" style=\"width: 22px; height: 22px;\"><\/div>\n        <\/div>\n            <div class=\"kksr-star\" data-star=\"4\" style=\"padding-right: 5px\">\n            \n\n<div class=\"kksr-icon\" style=\"width: 22px; height: 22px;\"><\/div>\n        <\/div>\n            <div class=\"kksr-star\" data-star=\"5\" style=\"padding-right: 5px\">\n            \n\n<div class=\"kksr-icon\" style=\"width: 22px; height: 22px;\"><\/div>\n        <\/div>\n    <\/div>\n    \n<div class=\"kksr-stars-active\" style=\"width: 0px;\">\n            <div class=\"kksr-star\" style=\"padding-right: 5px\">\n            \n\n<div class=\"kksr-icon\" style=\"width: 22px; height: 22px;\"><\/div>\n        <\/div>\n            <div class=\"kksr-star\" style=\"padding-right: 5px\">\n            \n\n<div class=\"kksr-icon\" style=\"width: 22px; height: 22px;\"><\/div>\n        <\/div>\n            <div class=\"kksr-star\" style=\"padding-right: 5px\">\n            \n\n<div class=\"kksr-icon\" style=\"width: 22px; height: 22px;\"><\/div>\n        <\/div>\n            <div class=\"kksr-star\" style=\"padding-right: 5px\">\n            \n\n<div class=\"kksr-icon\" style=\"width: 22px; height: 22px;\"><\/div>\n        <\/div>\n            <div class=\"kksr-star\" style=\"padding-right: 5px\">\n            \n\n<div class=\"kksr-icon\" style=\"width: 22px; height: 22px;\"><\/div>\n        <\/div>\n    <\/div>\n<\/div>\n                \n\n<div class=\"kksr-legend\" style=\"font-size: 17.6px;\">\n            <span class=\"kksr-muted\">Valora este post<\/span>\n    <\/div>\n    <\/div>\n","protected":false},"excerpt":{"rendered":"<p>El torbellino de llamadas de la consejera Pradas durante el d\u00eda de la tormenta En un d\u00eda marcado por la intensidad de una depresi\u00f3n atmosf\u00e9rica aislada, &#8230; <a title=\"\u00a1Descubre el frenes\u00ed telef\u00f3nico de la consejera Pradas durante la dana!\" class=\"read-more\" href=\"https:\/\/www.diario21.tv\/noticias\/descubre-el-frenesi-telefonico-de-la-consejera-pradas-durante-la-dana\/\" aria-label=\"Leer m\u00e1s sobre \u00a1Descubre el frenes\u00ed telef\u00f3nico de la consejera Pradas durante la dana!\">Seguir leyendo &rarr;<\/a><\/p>\n","protected":false},"author":20,"featured_media":2849,"comment_status":"open","ping_status":"open","sticky":false,"template":"","format":"standard","meta":{"footnotes":""},"categories":[13],"tags":[],"class_list":["post-2848","post","type-post","status-publish","format-standard","has-post-thumbnail","hentry","category-portada"],"yoast_head":"<!-- This site is optimized with the Yoast SEO plugin v25.6 - https:\/\/yoast.com\/wordpress\/plugins\/seo\/ -->\n<title>\u00a1Descubre el frenes\u00ed telef\u00f3nico de la consejera Pradas durante la dana! - Diario 21<\/title>\n<meta name=\"robots\" content=\"index, follow, max-snippet:-1, max-image-preview:large, max-video-preview:-1\" \/>\n<link rel=\"canonical\" href=\"https:\/\/www.diario21.tv\/noticias\/descubre-el-frenesi-telefonico-de-la-consejera-pradas-durante-la-dana\/\" \/>\n<meta property=\"og:locale\" content=\"es_ES\" \/>\n<meta property=\"og:type\" content=\"article\" \/>\n<meta property=\"og:title\" content=\"\u00a1Descubre el frenes\u00ed telef\u00f3nico de la consejera Pradas durante la dana! - Diario 21\" \/>\n<meta property=\"og:description\" content=\"El torbellino de llamadas de la consejera Pradas durante el d\u00eda de la tormenta En un d\u00eda marcado por la intensidad de una depresi\u00f3n atmosf\u00e9rica aislada, ... Seguir leyendo &rarr;\" \/>\n<meta property=\"og:url\" content=\"https:\/\/www.diario21.tv\/noticias\/descubre-el-frenesi-telefonico-de-la-consejera-pradas-durante-la-dana\/\" \/>\n<meta property=\"og:site_name\" content=\"Diario 21\" \/>\n<meta property=\"article:published_time\" content=\"2025-04-19T10:35:25+00:00\" \/>\n<meta property=\"article:modified_time\" content=\"2025-04-19T10:35:26+00:00\" \/>\n<meta property=\"og:image\" content=\"https:\/\/www.diario21.tv\/noticias\/wp-content\/uploads\/2025\/04\/\u00a1Descubre-el-frenesi-telefonico-de-la-consejera-Pradas-durante-la.jpg\" \/>\n\t<meta property=\"og:image:width\" content=\"1920\" \/>\n\t<meta property=\"og:image:height\" content=\"1080\" \/>\n\t<meta property=\"og:image:type\" content=\"image\/jpeg\" \/>\n<meta name=\"author\" content=\"Juan P\u00e9rez\" \/>\n<meta name=\"twitter:card\" content=\"summary_large_image\" \/>\n<meta name=\"twitter:label1\" content=\"Escrito por\" \/>\n\t<meta name=\"twitter:data1\" content=\"Juan P\u00e9rez\" \/>\n\t<meta name=\"twitter:label2\" content=\"Tiempo de lectura\" \/>\n\t<meta name=\"twitter:data2\" content=\"3 minutos\" \/>\n<script type=\"application\/ld+json\" class=\"yoast-schema-graph\">{\"@context\":\"https:\/\/schema.org\",\"@graph\":[{\"@type\":\"WebPage\",\"@id\":\"https:\/\/www.diario21.tv\/noticias\/descubre-el-frenesi-telefonico-de-la-consejera-pradas-durante-la-dana\/\",\"url\":\"https:\/\/www.diario21.tv\/noticias\/descubre-el-frenesi-telefonico-de-la-consejera-pradas-durante-la-dana\/\",\"name\":\"\u00a1Descubre el frenes\u00ed telef\u00f3nico de la consejera Pradas durante la dana! - Diario 21\",\"isPartOf\":{\"@id\":\"https:\/\/www.diario21.tv\/noticias\/#website\"},\"primaryImageOfPage\":{\"@id\":\"https:\/\/www.diario21.tv\/noticias\/descubre-el-frenesi-telefonico-de-la-consejera-pradas-durante-la-dana\/#primaryimage\"},\"image\":{\"@id\":\"https:\/\/www.diario21.tv\/noticias\/descubre-el-frenesi-telefonico-de-la-consejera-pradas-durante-la-dana\/#primaryimage\"},\"thumbnailUrl\":\"https:\/\/www.diario21.tv\/noticias\/wp-content\/uploads\/2025\/04\/\u00a1Descubre-el-frenesi-telefonico-de-la-consejera-Pradas-durante-la.jpg\",\"datePublished\":\"2025-04-19T10:35:25+00:00\",\"dateModified\":\"2025-04-19T10:35:26+00:00\",\"author\":{\"@id\":\"https:\/\/www.diario21.tv\/noticias\/#\/schema\/person\/dfb778f73814d8f09f302618446a526b\"},\"breadcrumb\":{\"@id\":\"https:\/\/www.diario21.tv\/noticias\/descubre-el-frenesi-telefonico-de-la-consejera-pradas-durante-la-dana\/#breadcrumb\"},\"inLanguage\":\"es-AR\",\"potentialAction\":[{\"@type\":\"ReadAction\",\"target\":[\"https:\/\/www.diario21.tv\/noticias\/descubre-el-frenesi-telefonico-de-la-consejera-pradas-durante-la-dana\/\"]}]},{\"@type\":\"ImageObject\",\"inLanguage\":\"es-AR\",\"@id\":\"https:\/\/www.diario21.tv\/noticias\/descubre-el-frenesi-telefonico-de-la-consejera-pradas-durante-la-dana\/#primaryimage\",\"url\":\"https:\/\/www.diario21.tv\/noticias\/wp-content\/uploads\/2025\/04\/\u00a1Descubre-el-frenesi-telefonico-de-la-consejera-Pradas-durante-la.jpg\",\"contentUrl\":\"https:\/\/www.diario21.tv\/noticias\/wp-content\/uploads\/2025\/04\/\u00a1Descubre-el-frenesi-telefonico-de-la-consejera-Pradas-durante-la.jpg\",\"width\":1920,\"height\":1080,\"caption\":\"El frenes\u00ed telef\u00f3nico de la consejera Pradas el d\u00eda de la dana\"},{\"@type\":\"BreadcrumbList\",\"@id\":\"https:\/\/www.diario21.tv\/noticias\/descubre-el-frenesi-telefonico-de-la-consejera-pradas-durante-la-dana\/#breadcrumb\",\"itemListElement\":[{\"@type\":\"ListItem\",\"position\":1,\"name\":\"Accueil\",\"item\":\"https:\/\/www.diario21.tv\/noticias\/\"},{\"@type\":\"ListItem\",\"position\":2,\"name\":\"\u00a1Descubre el frenes\u00ed telef\u00f3nico de la consejera Pradas durante la dana!\"}]},{\"@type\":\"WebSite\",\"@id\":\"https:\/\/www.diario21.tv\/noticias\/#website\",\"url\":\"https:\/\/www.diario21.tv\/noticias\/\",\"name\":\"Diario 21\",\"description\":\"\",\"potentialAction\":[{\"@type\":\"SearchAction\",\"target\":{\"@type\":\"EntryPoint\",\"urlTemplate\":\"https:\/\/www.diario21.tv\/noticias\/?s={search_term_string}\"},\"query-input\":{\"@type\":\"PropertyValueSpecification\",\"valueRequired\":true,\"valueName\":\"search_term_string\"}}],\"inLanguage\":\"es-AR\"},{\"@type\":\"Person\",\"@id\":\"https:\/\/www.diario21.tv\/noticias\/#\/schema\/person\/dfb778f73814d8f09f302618446a526b\",\"name\":\"Juan P\u00e9rez\",\"image\":{\"@type\":\"ImageObject\",\"inLanguage\":\"es-AR\",\"@id\":\"https:\/\/www.diario21.tv\/noticias\/#\/schema\/person\/image\/\",\"url\":\"https:\/\/secure.gravatar.com\/avatar\/c478a405bd10621167f4c3167cc770f5?s=96&d=mm&r=g\",\"contentUrl\":\"https:\/\/secure.gravatar.com\/avatar\/c478a405bd10621167f4c3167cc770f5?s=96&d=mm&r=g\",\"caption\":\"Juan P\u00e9rez\"},\"description\":\"Juan P\u00e9rez es el redactor en jefe de Diario 21. Con m\u00e1s de 10 a\u00f1os de experiencia en el periodismo, se especializa en pol\u00edtica nacional y an\u00e1lisis socioecon\u00f3mico. Su enfoque cr\u00edtico y riguroso aporta una perspectiva \u00fanica a cada art\u00edculo.\",\"sameAs\":[\"https:\/\/www.diario21.tv\/noticias\/\"],\"url\":\"https:\/\/www.diario21.tv\/noticias\/author\/juan-perez\/\"}]}<\/script>\n<!-- \/ Yoast SEO plugin. -->","yoast_head_json":{"title":"\u00a1Descubre el frenes\u00ed telef\u00f3nico de la consejera Pradas durante la dana! - Diario 21","robots":{"index":"index","follow":"follow","max-snippet":"max-snippet:-1","max-image-preview":"max-image-preview:large","max-video-preview":"max-video-preview:-1"},"canonical":"https:\/\/www.diario21.tv\/noticias\/descubre-el-frenesi-telefonico-de-la-consejera-pradas-durante-la-dana\/","og_locale":"es_ES","og_type":"article","og_title":"\u00a1Descubre el frenes\u00ed telef\u00f3nico de la consejera Pradas durante la dana! - Diario 21","og_description":"El torbellino de llamadas de la consejera Pradas durante el d\u00eda de la tormenta En un d\u00eda marcado por la intensidad de una depresi\u00f3n atmosf\u00e9rica aislada, ... Seguir leyendo &rarr;","og_url":"https:\/\/www.diario21.tv\/noticias\/descubre-el-frenesi-telefonico-de-la-consejera-pradas-durante-la-dana\/","og_site_name":"Diario 21","article_published_time":"2025-04-19T10:35:25+00:00","article_modified_time":"2025-04-19T10:35:26+00:00","og_image":[{"width":1920,"height":1080,"url":"https:\/\/www.diario21.tv\/noticias\/wp-content\/uploads\/2025\/04\/\u00a1Descubre-el-frenesi-telefonico-de-la-consejera-Pradas-durante-la.jpg","type":"image\/jpeg"}],"author":"Juan P\u00e9rez","twitter_card":"summary_large_image","twitter_misc":{"Escrito por":"Juan P\u00e9rez","Tiempo de lectura":"3 minutos"},"schema":{"@context":"https:\/\/schema.org","@graph":[{"@type":"WebPage","@id":"https:\/\/www.diario21.tv\/noticias\/descubre-el-frenesi-telefonico-de-la-consejera-pradas-durante-la-dana\/","url":"https:\/\/www.diario21.tv\/noticias\/descubre-el-frenesi-telefonico-de-la-consejera-pradas-durante-la-dana\/","name":"\u00a1Descubre el frenes\u00ed telef\u00f3nico de la consejera Pradas durante la dana! - Diario 21","isPartOf":{"@id":"https:\/\/www.diario21.tv\/noticias\/#website"},"primaryImageOfPage":{"@id":"https:\/\/www.diario21.tv\/noticias\/descubre-el-frenesi-telefonico-de-la-consejera-pradas-durante-la-dana\/#primaryimage"},"image":{"@id":"https:\/\/www.diario21.tv\/noticias\/descubre-el-frenesi-telefonico-de-la-consejera-pradas-durante-la-dana\/#primaryimage"},"thumbnailUrl":"https:\/\/www.diario21.tv\/noticias\/wp-content\/uploads\/2025\/04\/\u00a1Descubre-el-frenesi-telefonico-de-la-consejera-Pradas-durante-la.jpg","datePublished":"2025-04-19T10:35:25+00:00","dateModified":"2025-04-19T10:35:26+00:00","author":{"@id":"https:\/\/www.diario21.tv\/noticias\/#\/schema\/person\/dfb778f73814d8f09f302618446a526b"},"breadcrumb":{"@id":"https:\/\/www.diario21.tv\/noticias\/descubre-el-frenesi-telefonico-de-la-consejera-pradas-durante-la-dana\/#breadcrumb"},"inLanguage":"es-AR","potentialAction":[{"@type":"ReadAction","target":["https:\/\/www.diario21.tv\/noticias\/descubre-el-frenesi-telefonico-de-la-consejera-pradas-durante-la-dana\/"]}]},{"@type":"ImageObject","inLanguage":"es-AR","@id":"https:\/\/www.diario21.tv\/noticias\/descubre-el-frenesi-telefonico-de-la-consejera-pradas-durante-la-dana\/#primaryimage","url":"https:\/\/www.diario21.tv\/noticias\/wp-content\/uploads\/2025\/04\/\u00a1Descubre-el-frenesi-telefonico-de-la-consejera-Pradas-durante-la.jpg","contentUrl":"https:\/\/www.diario21.tv\/noticias\/wp-content\/uploads\/2025\/04\/\u00a1Descubre-el-frenesi-telefonico-de-la-consejera-Pradas-durante-la.jpg","width":1920,"height":1080,"caption":"El frenes\u00ed telef\u00f3nico de la consejera Pradas el d\u00eda de la dana"},{"@type":"BreadcrumbList","@id":"https:\/\/www.diario21.tv\/noticias\/descubre-el-frenesi-telefonico-de-la-consejera-pradas-durante-la-dana\/#breadcrumb","itemListElement":[{"@type":"ListItem","position":1,"name":"Accueil","item":"https:\/\/www.diario21.tv\/noticias\/"},{"@type":"ListItem","position":2,"name":"\u00a1Descubre el frenes\u00ed telef\u00f3nico de la consejera Pradas durante la dana!"}]},{"@type":"WebSite","@id":"https:\/\/www.diario21.tv\/noticias\/#website","url":"https:\/\/www.diario21.tv\/noticias\/","name":"Diario 21","description":"","potentialAction":[{"@type":"SearchAction","target":{"@type":"EntryPoint","urlTemplate":"https:\/\/www.diario21.tv\/noticias\/?s={search_term_string}"},"query-input":{"@type":"PropertyValueSpecification","valueRequired":true,"valueName":"search_term_string"}}],"inLanguage":"es-AR"},{"@type":"Person","@id":"https:\/\/www.diario21.tv\/noticias\/#\/schema\/person\/dfb778f73814d8f09f302618446a526b","name":"Juan P\u00e9rez","image":{"@type":"ImageObject","inLanguage":"es-AR","@id":"https:\/\/www.diario21.tv\/noticias\/#\/schema\/person\/image\/","url":"https:\/\/secure.gravatar.com\/avatar\/c478a405bd10621167f4c3167cc770f5?s=96&d=mm&r=g","contentUrl":"https:\/\/secure.gravatar.com\/avatar\/c478a405bd10621167f4c3167cc770f5?s=96&d=mm&r=g","caption":"Juan P\u00e9rez"},"description":"Juan P\u00e9rez es el redactor en jefe de Diario 21. Con m\u00e1s de 10 a\u00f1os de experiencia en el periodismo, se especializa en pol\u00edtica nacional y an\u00e1lisis socioecon\u00f3mico. Su enfoque cr\u00edtico y riguroso aporta una perspectiva \u00fanica a cada art\u00edculo.","sameAs":["https:\/\/www.diario21.tv\/noticias\/"],"url":"https:\/\/www.diario21.tv\/noticias\/author\/juan-perez\/"}]}},"_links":{"self":[{"href":"https:\/\/www.diario21.tv\/noticias\/wp-json\/wp\/v2\/posts\/2848"}],"collection":[{"href":"https:\/\/www.diario21.tv\/noticias\/wp-json\/wp\/v2\/posts"}],"about":[{"href":"https:\/\/www.diario21.tv\/noticias\/wp-json\/wp\/v2\/types\/post"}],"author":[{"embeddable":true,"href":"https:\/\/www.diario21.tv\/noticias\/wp-json\/wp\/v2\/users\/20"}],"replies":[{"embeddable":true,"href":"https:\/\/www.diario21.tv\/noticias\/wp-json\/wp\/v2\/comments?post=2848"}],"version-history":[{"count":1,"href":"https:\/\/www.diario21.tv\/noticias\/wp-json\/wp\/v2\/posts\/2848\/revisions"}],"predecessor-version":[{"id":2850,"href":"https:\/\/www.diario21.tv\/noticias\/wp-json\/wp\/v2\/posts\/2848\/revisions\/2850"}],"wp:featuredmedia":[{"embeddable":true,"href":"https:\/\/www.diario21.tv\/noticias\/wp-json\/wp\/v2\/media\/2849"}],"wp:attachment":[{"href":"https:\/\/www.diario21.tv\/noticias\/wp-json\/wp\/v2\/media?parent=2848"}],"wp:term":[{"taxonomy":"category","embeddable":true,"href":"https:\/\/www.diario21.tv\/noticias\/wp-json\/wp\/v2\/categories?post=2848"},{"taxonomy":"post_tag","embeddable":true,"href":"https:\/\/www.diario21.tv\/noticias\/wp-json\/wp\/v2\/tags?post=2848"}],"curies":[{"name":"wp","href":"https:\/\/api.w.org\/{rel}","templated":true}]}}