{"id":2824,"date":"2025-04-17T03:50:37","date_gmt":"2025-04-17T03:50:37","guid":{"rendered":"https:\/\/www.diario21.tv\/noticias\/ee-uu-clausura-empresa-tras-tragico-accidente-de-helicoptero-con-familia-espanola-muerta\/"},"modified":"2025-04-17T03:50:40","modified_gmt":"2025-04-17T03:50:40","slug":"ee-uu-clausura-empresa-tras-tragico-accidente-de-helicoptero-con-familia-espanola-muerta","status":"publish","type":"post","link":"https:\/\/www.diario21.tv\/noticias\/ee-uu-clausura-empresa-tras-tragico-accidente-de-helicoptero-con-familia-espanola-muerta\/","title":{"rendered":"EE.UU. clausura empresa tras tr\u00e1gico accidente de helic\u00f3ptero con familia espa\u00f1ola muerta"},"content":{"rendered":"<h2>Estados Unidos Ordena el Cierre Inmediato de la Compa\u00f1\u00eda de Helic\u00f3pteros Tras Tr\u00e1gico Accidente<\/h2>\n<p>En un movimiento decisivo, las autoridades estadounidenses han anunciado el cierre &#8220;inmediato&#8221; de la empresa de helic\u00f3pteros involucrada en el reciente y fat\u00eddico accidente que result\u00f3 en la muerte de una familia espa\u00f1ola. Este tr\u00e1gico evento ha suscitado preocupaciones significativas sobre la seguridad y las operaciones de la compa\u00f1\u00eda, llevando a una respuesta r\u00e1pida y firme por parte de los reguladores.<\/p>\n<h3>Detalles del Accidente<\/h3>\n<p>El accidente ocurri\u00f3 cuando un helic\u00f3ptero, operado por la mencionada empresa, se precipit\u00f3 inesperadamente durante un vuelo programado. A bordo se encontraban varios miembros de una familia espa\u00f1ola, quienes lamentablemente perdieron la vida en el siniestro. El impacto del accidente ha resonado no solo entre las comunidades locales sino tambi\u00e9n a nivel internacional, destacando la necesidad urgente de revisar las pr\u00e1cticas de seguridad de dichas operaciones a\u00e9reas.<\/p>\n<h3>Reacciones y Consecuencias<\/h3>\n<p>La noticia del cierre ha generado una amplia gama de reacciones. Mientras algunos aplauden la decisi\u00f3n como un paso necesario hacia la mejora de la seguridad en el transporte a\u00e9reo, otros expresan preocupaci\u00f3n por las repercusiones econ\u00f3micas que esto podr\u00eda tener para los empleados de la empresa y la industria en general. Sin embargo, la prioridad clara para las autoridades es garantizar que no se repita un incidente de esta magnitud.<\/p>\n<p>Las investigaciones est\u00e1n en curso para determinar las causas exactas del accidente. Los expertos est\u00e1n examinando todos los aspectos t\u00e9cnicos del helic\u00f3ptero, as\u00ed como las credenciales y la historia operativa de la empresa. Este an\u00e1lisis exhaustivo ayudar\u00e1 a establecer medidas de seguridad m\u00e1s robustas y a evitar futuras tragedias.<\/p>\n<h3>Impacto a Largo Plazo<\/h3>\n<p>El cierre de la empresa podr\u00eda tener implicaciones significativas para el sector de transporte a\u00e9reo privado, especialmente en lo que respecta a la regulaci\u00f3n y supervisi\u00f3n de operaciones similares. Este evento podr\u00eda catalizar cambios m\u00e1s profundos en las pol\u00edticas de seguridad a\u00e9rea, posiblemente estableciendo nuevos est\u00e1ndares y pr\u00e1cticas para la industria.<\/p>\n<p>Mientras tanto, la comunidad internacional y las familias afectadas buscan justicia y respuestas. Este tr\u00e1gico suceso ha puesto de relieve la importancia de adherirse a las m\u00e1s estrictas normas de seguridad y de operaci\u00f3n, y la responsabilidad de las empresas de garantizar la protecci\u00f3n de sus pasajeros.<\/p>\n<p>En conclusi\u00f3n, el cierre de la empresa no solo es una respuesta a un incidente tr\u00e1gico, sino tambi\u00e9n un llamado a la reflexi\u00f3n sobre c\u00f3mo se pueden mejorar las pr\u00e1cticas de seguridad para proteger vidas humanas en el futuro.<\/p>\n\n\n<div class=\"kk-star-ratings kksr-auto kksr-align-left kksr-valign-bottom\"\n    data-payload='{&quot;align&quot;:&quot;left&quot;,&quot;id&quot;:&quot;2824&quot;,&quot;slug&quot;:&quot;default&quot;,&quot;valign&quot;:&quot;bottom&quot;,&quot;ignore&quot;:&quot;&quot;,&quot;reference&quot;:&quot;auto&quot;,&quot;class&quot;:&quot;&quot;,&quot;count&quot;:&quot;0&quot;,&quot;legendonly&quot;:&quot;&quot;,&quot;readonly&quot;:&quot;&quot;,&quot;score&quot;:&quot;0&quot;,&quot;starsonly&quot;:&quot;&quot;,&quot;best&quot;:&quot;5&quot;,&quot;gap&quot;:&quot;5&quot;,&quot;greet&quot;:&quot;Valora este post&quot;,&quot;legend&quot;:&quot;0\\\/5 - (0 votes)&quot;,&quot;size&quot;:&quot;22&quot;,&quot;title&quot;:&quot;EE.UU. clausura empresa tras tr\u00e1gico accidente de helic\u00f3ptero con familia espa\u00f1ola muerta&quot;,&quot;width&quot;:&quot;0&quot;,&quot;_legend&quot;:&quot;{score}\\\/{best} - ({count} {votes})&quot;,&quot;font_factor&quot;:&quot;1.25&quot;}'>\n            \n<div class=\"kksr-stars\">\n    \n<div class=\"kksr-stars-inactive\">\n            <div class=\"kksr-star\" data-star=\"1\" style=\"padding-right: 5px\">\n            \n\n<div class=\"kksr-icon\" style=\"width: 22px; height: 22px;\"><\/div>\n        <\/div>\n            <div class=\"kksr-star\" data-star=\"2\" style=\"padding-right: 5px\">\n            \n\n<div class=\"kksr-icon\" style=\"width: 22px; height: 22px;\"><\/div>\n        <\/div>\n            <div class=\"kksr-star\" data-star=\"3\" style=\"padding-right: 5px\">\n            \n\n<div class=\"kksr-icon\" style=\"width: 22px; height: 22px;\"><\/div>\n        <\/div>\n            <div class=\"kksr-star\" data-star=\"4\" style=\"padding-right: 5px\">\n            \n\n<div class=\"kksr-icon\" style=\"width: 22px; height: 22px;\"><\/div>\n        <\/div>\n            <div class=\"kksr-star\" data-star=\"5\" style=\"padding-right: 5px\">\n            \n\n<div class=\"kksr-icon\" style=\"width: 22px; height: 22px;\"><\/div>\n        <\/div>\n    <\/div>\n    \n<div class=\"kksr-stars-active\" style=\"width: 0px;\">\n            <div class=\"kksr-star\" style=\"padding-right: 5px\">\n            \n\n<div class=\"kksr-icon\" style=\"width: 22px; height: 22px;\"><\/div>\n        <\/div>\n            <div class=\"kksr-star\" style=\"padding-right: 5px\">\n            \n\n<div class=\"kksr-icon\" style=\"width: 22px; height: 22px;\"><\/div>\n        <\/div>\n            <div class=\"kksr-star\" style=\"padding-right: 5px\">\n            \n\n<div class=\"kksr-icon\" style=\"width: 22px; height: 22px;\"><\/div>\n        <\/div>\n            <div class=\"kksr-star\" style=\"padding-right: 5px\">\n            \n\n<div class=\"kksr-icon\" style=\"width: 22px; height: 22px;\"><\/div>\n        <\/div>\n            <div class=\"kksr-star\" style=\"padding-right: 5px\">\n            \n\n<div class=\"kksr-icon\" style=\"width: 22px; height: 22px;\"><\/div>\n        <\/div>\n    <\/div>\n<\/div>\n                \n\n<div class=\"kksr-legend\" style=\"font-size: 17.6px;\">\n            <span class=\"kksr-muted\">Valora este post<\/span>\n    <\/div>\n    <\/div>\n","protected":false},"excerpt":{"rendered":"<p>Estados Unidos Ordena el Cierre Inmediato de la Compa\u00f1\u00eda de Helic\u00f3pteros Tras Tr\u00e1gico Accidente En un movimiento decisivo, las autoridades estadounidenses han anunciado el cierre &#8220;inmediato&#8221; &#8230; <a title=\"EE.UU. clausura empresa tras tr\u00e1gico accidente de helic\u00f3ptero con familia espa\u00f1ola muerta\" class=\"read-more\" href=\"https:\/\/www.diario21.tv\/noticias\/ee-uu-clausura-empresa-tras-tragico-accidente-de-helicoptero-con-familia-espanola-muerta\/\" aria-label=\"Leer m\u00e1s sobre EE.UU. clausura empresa tras tr\u00e1gico accidente de helic\u00f3ptero con familia espa\u00f1ola muerta\">Seguir leyendo &rarr;<\/a><\/p>\n","protected":false},"author":20,"featured_media":2825,"comment_status":"open","ping_status":"open","sticky":false,"template":"","format":"standard","meta":{"footnotes":""},"categories":[13],"tags":[],"class_list":["post-2824","post","type-post","status-publish","format-standard","has-post-thumbnail","hentry","category-portada"],"yoast_head":"<!-- This site is optimized with the Yoast SEO plugin v25.6 - https:\/\/yoast.com\/wordpress\/plugins\/seo\/ -->\n<title>EE.UU. clausura empresa tras tr\u00e1gico accidente de helic\u00f3ptero con familia espa\u00f1ola muerta - Diario 21<\/title>\n<meta name=\"robots\" content=\"index, follow, max-snippet:-1, max-image-preview:large, max-video-preview:-1\" \/>\n<link rel=\"canonical\" href=\"https:\/\/www.diario21.tv\/noticias\/ee-uu-clausura-empresa-tras-tragico-accidente-de-helicoptero-con-familia-espanola-muerta\/\" \/>\n<meta property=\"og:locale\" content=\"es_ES\" \/>\n<meta property=\"og:type\" content=\"article\" \/>\n<meta property=\"og:title\" content=\"EE.UU. clausura empresa tras tr\u00e1gico accidente de helic\u00f3ptero con familia espa\u00f1ola muerta - Diario 21\" \/>\n<meta property=\"og:description\" content=\"Estados Unidos Ordena el Cierre Inmediato de la Compa\u00f1\u00eda de Helic\u00f3pteros Tras Tr\u00e1gico Accidente En un movimiento decisivo, las autoridades estadounidenses han anunciado el cierre &#8220;inmediato&#8221; ... Seguir leyendo &rarr;\" \/>\n<meta property=\"og:url\" content=\"https:\/\/www.diario21.tv\/noticias\/ee-uu-clausura-empresa-tras-tragico-accidente-de-helicoptero-con-familia-espanola-muerta\/\" \/>\n<meta property=\"og:site_name\" content=\"Diario 21\" \/>\n<meta property=\"article:published_time\" content=\"2025-04-17T03:50:37+00:00\" \/>\n<meta property=\"article:modified_time\" content=\"2025-04-17T03:50:40+00:00\" \/>\n<meta property=\"og:image\" content=\"https:\/\/www.diario21.tv\/noticias\/wp-content\/uploads\/2025\/04\/EEUU-clausura-empresa-tras-tragico-accidente-de-helicoptero-con-familia.PNG\" \/>\n\t<meta property=\"og:image:width\" content=\"1920\" \/>\n\t<meta property=\"og:image:height\" content=\"1080\" \/>\n\t<meta property=\"og:image:type\" content=\"image\/png\" \/>\n<meta name=\"author\" content=\"Juan P\u00e9rez\" \/>\n<meta name=\"twitter:card\" content=\"summary_large_image\" \/>\n<meta name=\"twitter:label1\" content=\"Escrito por\" \/>\n\t<meta name=\"twitter:data1\" content=\"Juan P\u00e9rez\" \/>\n\t<meta name=\"twitter:label2\" content=\"Tiempo de lectura\" \/>\n\t<meta name=\"twitter:data2\" content=\"2 minutos\" \/>\n<script type=\"application\/ld+json\" class=\"yoast-schema-graph\">{\"@context\":\"https:\/\/schema.org\",\"@graph\":[{\"@type\":\"WebPage\",\"@id\":\"https:\/\/www.diario21.tv\/noticias\/ee-uu-clausura-empresa-tras-tragico-accidente-de-helicoptero-con-familia-espanola-muerta\/\",\"url\":\"https:\/\/www.diario21.tv\/noticias\/ee-uu-clausura-empresa-tras-tragico-accidente-de-helicoptero-con-familia-espanola-muerta\/\",\"name\":\"EE.UU. clausura empresa tras tr\u00e1gico accidente de helic\u00f3ptero con familia espa\u00f1ola muerta - Diario 21\",\"isPartOf\":{\"@id\":\"https:\/\/www.diario21.tv\/noticias\/#website\"},\"primaryImageOfPage\":{\"@id\":\"https:\/\/www.diario21.tv\/noticias\/ee-uu-clausura-empresa-tras-tragico-accidente-de-helicoptero-con-familia-espanola-muerta\/#primaryimage\"},\"image\":{\"@id\":\"https:\/\/www.diario21.tv\/noticias\/ee-uu-clausura-empresa-tras-tragico-accidente-de-helicoptero-con-familia-espanola-muerta\/#primaryimage\"},\"thumbnailUrl\":\"https:\/\/www.diario21.tv\/noticias\/wp-content\/uploads\/2025\/04\/EEUU-clausura-empresa-tras-tragico-accidente-de-helicoptero-con-familia.PNG\",\"datePublished\":\"2025-04-17T03:50:37+00:00\",\"dateModified\":\"2025-04-17T03:50:40+00:00\",\"author\":{\"@id\":\"https:\/\/www.diario21.tv\/noticias\/#\/schema\/person\/dfb778f73814d8f09f302618446a526b\"},\"breadcrumb\":{\"@id\":\"https:\/\/www.diario21.tv\/noticias\/ee-uu-clausura-empresa-tras-tragico-accidente-de-helicoptero-con-familia-espanola-muerta\/#breadcrumb\"},\"inLanguage\":\"es-AR\",\"potentialAction\":[{\"@type\":\"ReadAction\",\"target\":[\"https:\/\/www.diario21.tv\/noticias\/ee-uu-clausura-empresa-tras-tragico-accidente-de-helicoptero-con-familia-espanola-muerta\/\"]}]},{\"@type\":\"ImageObject\",\"inLanguage\":\"es-AR\",\"@id\":\"https:\/\/www.diario21.tv\/noticias\/ee-uu-clausura-empresa-tras-tragico-accidente-de-helicoptero-con-familia-espanola-muerta\/#primaryimage\",\"url\":\"https:\/\/www.diario21.tv\/noticias\/wp-content\/uploads\/2025\/04\/EEUU-clausura-empresa-tras-tragico-accidente-de-helicoptero-con-familia.PNG\",\"contentUrl\":\"https:\/\/www.diario21.tv\/noticias\/wp-content\/uploads\/2025\/04\/EEUU-clausura-empresa-tras-tragico-accidente-de-helicoptero-con-familia.PNG\",\"width\":1920,\"height\":1080,\"caption\":\"EE UU cierra con efecto \u00abinmediato\u00bb la empresa del accidente de helic\u00f3ptero en el que muri\u00f3 la familia espa\u00f1ola\"},{\"@type\":\"BreadcrumbList\",\"@id\":\"https:\/\/www.diario21.tv\/noticias\/ee-uu-clausura-empresa-tras-tragico-accidente-de-helicoptero-con-familia-espanola-muerta\/#breadcrumb\",\"itemListElement\":[{\"@type\":\"ListItem\",\"position\":1,\"name\":\"Accueil\",\"item\":\"https:\/\/www.diario21.tv\/noticias\/\"},{\"@type\":\"ListItem\",\"position\":2,\"name\":\"EE.UU. clausura empresa tras tr\u00e1gico accidente de helic\u00f3ptero con familia espa\u00f1ola muerta\"}]},{\"@type\":\"WebSite\",\"@id\":\"https:\/\/www.diario21.tv\/noticias\/#website\",\"url\":\"https:\/\/www.diario21.tv\/noticias\/\",\"name\":\"Diario 21\",\"description\":\"\",\"potentialAction\":[{\"@type\":\"SearchAction\",\"target\":{\"@type\":\"EntryPoint\",\"urlTemplate\":\"https:\/\/www.diario21.tv\/noticias\/?s={search_term_string}\"},\"query-input\":{\"@type\":\"PropertyValueSpecification\",\"valueRequired\":true,\"valueName\":\"search_term_string\"}}],\"inLanguage\":\"es-AR\"},{\"@type\":\"Person\",\"@id\":\"https:\/\/www.diario21.tv\/noticias\/#\/schema\/person\/dfb778f73814d8f09f302618446a526b\",\"name\":\"Juan P\u00e9rez\",\"image\":{\"@type\":\"ImageObject\",\"inLanguage\":\"es-AR\",\"@id\":\"https:\/\/www.diario21.tv\/noticias\/#\/schema\/person\/image\/\",\"url\":\"https:\/\/secure.gravatar.com\/avatar\/c478a405bd10621167f4c3167cc770f5?s=96&d=mm&r=g\",\"contentUrl\":\"https:\/\/secure.gravatar.com\/avatar\/c478a405bd10621167f4c3167cc770f5?s=96&d=mm&r=g\",\"caption\":\"Juan P\u00e9rez\"},\"description\":\"Juan P\u00e9rez es el redactor en jefe de Diario 21. Con m\u00e1s de 10 a\u00f1os de experiencia en el periodismo, se especializa en pol\u00edtica nacional y an\u00e1lisis socioecon\u00f3mico. Su enfoque cr\u00edtico y riguroso aporta una perspectiva \u00fanica a cada art\u00edculo.\",\"sameAs\":[\"https:\/\/www.diario21.tv\/noticias\/\"],\"url\":\"https:\/\/www.diario21.tv\/noticias\/author\/juan-perez\/\"}]}<\/script>\n<!-- \/ Yoast SEO plugin. -->","yoast_head_json":{"title":"EE.UU. clausura empresa tras tr\u00e1gico accidente de helic\u00f3ptero con familia espa\u00f1ola muerta - Diario 21","robots":{"index":"index","follow":"follow","max-snippet":"max-snippet:-1","max-image-preview":"max-image-preview:large","max-video-preview":"max-video-preview:-1"},"canonical":"https:\/\/www.diario21.tv\/noticias\/ee-uu-clausura-empresa-tras-tragico-accidente-de-helicoptero-con-familia-espanola-muerta\/","og_locale":"es_ES","og_type":"article","og_title":"EE.UU. clausura empresa tras tr\u00e1gico accidente de helic\u00f3ptero con familia espa\u00f1ola muerta - Diario 21","og_description":"Estados Unidos Ordena el Cierre Inmediato de la Compa\u00f1\u00eda de Helic\u00f3pteros Tras Tr\u00e1gico Accidente En un movimiento decisivo, las autoridades estadounidenses han anunciado el cierre &#8220;inmediato&#8221; ... Seguir leyendo &rarr;","og_url":"https:\/\/www.diario21.tv\/noticias\/ee-uu-clausura-empresa-tras-tragico-accidente-de-helicoptero-con-familia-espanola-muerta\/","og_site_name":"Diario 21","article_published_time":"2025-04-17T03:50:37+00:00","article_modified_time":"2025-04-17T03:50:40+00:00","og_image":[{"width":1920,"height":1080,"url":"https:\/\/www.diario21.tv\/noticias\/wp-content\/uploads\/2025\/04\/EEUU-clausura-empresa-tras-tragico-accidente-de-helicoptero-con-familia.PNG","type":"image\/png"}],"author":"Juan P\u00e9rez","twitter_card":"summary_large_image","twitter_misc":{"Escrito por":"Juan P\u00e9rez","Tiempo de lectura":"2 minutos"},"schema":{"@context":"https:\/\/schema.org","@graph":[{"@type":"WebPage","@id":"https:\/\/www.diario21.tv\/noticias\/ee-uu-clausura-empresa-tras-tragico-accidente-de-helicoptero-con-familia-espanola-muerta\/","url":"https:\/\/www.diario21.tv\/noticias\/ee-uu-clausura-empresa-tras-tragico-accidente-de-helicoptero-con-familia-espanola-muerta\/","name":"EE.UU. clausura empresa tras tr\u00e1gico accidente de helic\u00f3ptero con familia espa\u00f1ola muerta - Diario 21","isPartOf":{"@id":"https:\/\/www.diario21.tv\/noticias\/#website"},"primaryImageOfPage":{"@id":"https:\/\/www.diario21.tv\/noticias\/ee-uu-clausura-empresa-tras-tragico-accidente-de-helicoptero-con-familia-espanola-muerta\/#primaryimage"},"image":{"@id":"https:\/\/www.diario21.tv\/noticias\/ee-uu-clausura-empresa-tras-tragico-accidente-de-helicoptero-con-familia-espanola-muerta\/#primaryimage"},"thumbnailUrl":"https:\/\/www.diario21.tv\/noticias\/wp-content\/uploads\/2025\/04\/EEUU-clausura-empresa-tras-tragico-accidente-de-helicoptero-con-familia.PNG","datePublished":"2025-04-17T03:50:37+00:00","dateModified":"2025-04-17T03:50:40+00:00","author":{"@id":"https:\/\/www.diario21.tv\/noticias\/#\/schema\/person\/dfb778f73814d8f09f302618446a526b"},"breadcrumb":{"@id":"https:\/\/www.diario21.tv\/noticias\/ee-uu-clausura-empresa-tras-tragico-accidente-de-helicoptero-con-familia-espanola-muerta\/#breadcrumb"},"inLanguage":"es-AR","potentialAction":[{"@type":"ReadAction","target":["https:\/\/www.diario21.tv\/noticias\/ee-uu-clausura-empresa-tras-tragico-accidente-de-helicoptero-con-familia-espanola-muerta\/"]}]},{"@type":"ImageObject","inLanguage":"es-AR","@id":"https:\/\/www.diario21.tv\/noticias\/ee-uu-clausura-empresa-tras-tragico-accidente-de-helicoptero-con-familia-espanola-muerta\/#primaryimage","url":"https:\/\/www.diario21.tv\/noticias\/wp-content\/uploads\/2025\/04\/EEUU-clausura-empresa-tras-tragico-accidente-de-helicoptero-con-familia.PNG","contentUrl":"https:\/\/www.diario21.tv\/noticias\/wp-content\/uploads\/2025\/04\/EEUU-clausura-empresa-tras-tragico-accidente-de-helicoptero-con-familia.PNG","width":1920,"height":1080,"caption":"EE UU cierra con efecto \u00abinmediato\u00bb la empresa del accidente de helic\u00f3ptero en el que muri\u00f3 la familia espa\u00f1ola"},{"@type":"BreadcrumbList","@id":"https:\/\/www.diario21.tv\/noticias\/ee-uu-clausura-empresa-tras-tragico-accidente-de-helicoptero-con-familia-espanola-muerta\/#breadcrumb","itemListElement":[{"@type":"ListItem","position":1,"name":"Accueil","item":"https:\/\/www.diario21.tv\/noticias\/"},{"@type":"ListItem","position":2,"name":"EE.UU. clausura empresa tras tr\u00e1gico accidente de helic\u00f3ptero con familia espa\u00f1ola muerta"}]},{"@type":"WebSite","@id":"https:\/\/www.diario21.tv\/noticias\/#website","url":"https:\/\/www.diario21.tv\/noticias\/","name":"Diario 21","description":"","potentialAction":[{"@type":"SearchAction","target":{"@type":"EntryPoint","urlTemplate":"https:\/\/www.diario21.tv\/noticias\/?s={search_term_string}"},"query-input":{"@type":"PropertyValueSpecification","valueRequired":true,"valueName":"search_term_string"}}],"inLanguage":"es-AR"},{"@type":"Person","@id":"https:\/\/www.diario21.tv\/noticias\/#\/schema\/person\/dfb778f73814d8f09f302618446a526b","name":"Juan P\u00e9rez","image":{"@type":"ImageObject","inLanguage":"es-AR","@id":"https:\/\/www.diario21.tv\/noticias\/#\/schema\/person\/image\/","url":"https:\/\/secure.gravatar.com\/avatar\/c478a405bd10621167f4c3167cc770f5?s=96&d=mm&r=g","contentUrl":"https:\/\/secure.gravatar.com\/avatar\/c478a405bd10621167f4c3167cc770f5?s=96&d=mm&r=g","caption":"Juan P\u00e9rez"},"description":"Juan P\u00e9rez es el redactor en jefe de Diario 21. Con m\u00e1s de 10 a\u00f1os de experiencia en el periodismo, se especializa en pol\u00edtica nacional y an\u00e1lisis socioecon\u00f3mico. Su enfoque cr\u00edtico y riguroso aporta una perspectiva \u00fanica a cada art\u00edculo.","sameAs":["https:\/\/www.diario21.tv\/noticias\/"],"url":"https:\/\/www.diario21.tv\/noticias\/author\/juan-perez\/"}]}},"_links":{"self":[{"href":"https:\/\/www.diario21.tv\/noticias\/wp-json\/wp\/v2\/posts\/2824"}],"collection":[{"href":"https:\/\/www.diario21.tv\/noticias\/wp-json\/wp\/v2\/posts"}],"about":[{"href":"https:\/\/www.diario21.tv\/noticias\/wp-json\/wp\/v2\/types\/post"}],"author":[{"embeddable":true,"href":"https:\/\/www.diario21.tv\/noticias\/wp-json\/wp\/v2\/users\/20"}],"replies":[{"embeddable":true,"href":"https:\/\/www.diario21.tv\/noticias\/wp-json\/wp\/v2\/comments?post=2824"}],"version-history":[{"count":1,"href":"https:\/\/www.diario21.tv\/noticias\/wp-json\/wp\/v2\/posts\/2824\/revisions"}],"predecessor-version":[{"id":2826,"href":"https:\/\/www.diario21.tv\/noticias\/wp-json\/wp\/v2\/posts\/2824\/revisions\/2826"}],"wp:featuredmedia":[{"embeddable":true,"href":"https:\/\/www.diario21.tv\/noticias\/wp-json\/wp\/v2\/media\/2825"}],"wp:attachment":[{"href":"https:\/\/www.diario21.tv\/noticias\/wp-json\/wp\/v2\/media?parent=2824"}],"wp:term":[{"taxonomy":"category","embeddable":true,"href":"https:\/\/www.diario21.tv\/noticias\/wp-json\/wp\/v2\/categories?post=2824"},{"taxonomy":"post_tag","embeddable":true,"href":"https:\/\/www.diario21.tv\/noticias\/wp-json\/wp\/v2\/tags?post=2824"}],"curies":[{"name":"wp","href":"https:\/\/api.w.org\/{rel}","templated":true}]}}