{"id":2821,"date":"2025-04-16T21:37:27","date_gmt":"2025-04-16T21:37:27","guid":{"rendered":"https:\/\/www.diario21.tv\/noticias\/premio-wan-ifra-para-articulo-sobre-maillots-en-la-vuelta-a-espana\/"},"modified":"2025-04-16T21:37:28","modified_gmt":"2025-04-16T21:37:28","slug":"premio-wan-ifra-para-articulo-sobre-maillots-en-la-vuelta-a-espana","status":"publish","type":"post","link":"https:\/\/www.diario21.tv\/noticias\/premio-wan-ifra-para-articulo-sobre-maillots-en-la-vuelta-a-espana\/","title":{"rendered":"\u00a1Premio WAN-IFRA para art\u00edculo sobre maillots en la Vuelta a Espa\u00f1a!"},"content":{"rendered":"<h2>El Reconocimiento a la Cobertura Visual de los Maillots en la Vuelta a Espa\u00f1a<\/h2>\n<h3>Un Premio de Prestigio para un Reportaje Excepcional<\/h3>\n<p>Un destacado trabajo period\u00edstico sobre la evoluci\u00f3n de los maillots en la Vuelta a Espa\u00f1a, realizado por este diario, ha sido galardonado con un premio de la WAN-IFRA, una de las organizaciones m\u00e1s influyentes en el mundo de los medios de comunicaci\u00f3n. Este reconocimiento destaca la excelencia y la innovaci\u00f3n en la cobertura de eventos deportivos, consolidando al diario como un referente en el periodismo deportivo visual.<\/p>\n<h3>Detalles del Reportaje Premiado<\/h3>\n<p>El art\u00edculo premiado ofrece una exploraci\u00f3n detallada y visualmente atractiva sobre c\u00f3mo han cambiado los maillots de los ciclistas a lo largo de los a\u00f1os en uno de los eventos cicl\u00edsticos m\u00e1s importantes de Europa. A trav\u00e9s de im\u00e1genes impactantes y un relato bien estructurado, el reportaje no solo captura la esencia del cambio est\u00e9tico y funcional de estos uniformes, sino que tambi\u00e9n celebra la historia y la evoluci\u00f3n de la Vuelta a Espa\u00f1a.<\/p>\n<p>La narrativa del reportaje se apoya en una investigaci\u00f3n exhaustiva que incluye entrevistas con dise\u00f1adores de maillots, historiadores del deporte y ciclistas, tanto actuales como retirados. Esto proporciona una perspectiva rica y diversa que enriquece el contenido, haci\u00e9ndolo tanto informativo como entretenido.<\/p>\n<h3>Impacto y Recepci\u00f3n<\/h3>\n<p>El impacto de este reportaje ha sido notable. No solo ha aumentado el inter\u00e9s y la apreciaci\u00f3n por la historia del ciclismo entre los lectores del diario, sino que tambi\u00e9n ha servido para educar al p\u00fablico sobre la importancia del dise\u00f1o en el deporte, mostrando c\u00f3mo cada detalle en un maillot puede influir en el rendimiento y el confort del ciclista.<\/p>\n<p>La recepci\u00f3n del art\u00edculo ha sido abrumadoramente positiva, con muchos lectores expresando su admiraci\u00f3n por la profundidad de la cobertura y la calidad del contenido visual. Educadores y expertos en ciclismo tambi\u00e9n han utilizado el reportaje como material de referencia, destacando su valor educativo y su contribuci\u00f3n a un mayor entendimiento del deporte.<\/p>\n<h3>Conclusi\u00f3n<\/h3>\n<p>La concesi\u00f3n de este premio WAN-IFRA no solo reafirma el compromiso del diario con el periodismo de calidad, sino que tambi\u00e9n subraya la importancia de la innovaci\u00f3n en la narrativa visual. Este triunfo es un testimonio del talento y la dedicaci\u00f3n de nuestro equipo editorial, y nos motiva a seguir elevando el est\u00e1ndar de nuestro trabajo period\u00edstico en el futuro.<\/p>\n\n\n<div class=\"kk-star-ratings kksr-auto kksr-align-left kksr-valign-bottom\"\n    data-payload='{&quot;align&quot;:&quot;left&quot;,&quot;id&quot;:&quot;2821&quot;,&quot;slug&quot;:&quot;default&quot;,&quot;valign&quot;:&quot;bottom&quot;,&quot;ignore&quot;:&quot;&quot;,&quot;reference&quot;:&quot;auto&quot;,&quot;class&quot;:&quot;&quot;,&quot;count&quot;:&quot;0&quot;,&quot;legendonly&quot;:&quot;&quot;,&quot;readonly&quot;:&quot;&quot;,&quot;score&quot;:&quot;0&quot;,&quot;starsonly&quot;:&quot;&quot;,&quot;best&quot;:&quot;5&quot;,&quot;gap&quot;:&quot;5&quot;,&quot;greet&quot;:&quot;Valora este post&quot;,&quot;legend&quot;:&quot;0\\\/5 - (0 votes)&quot;,&quot;size&quot;:&quot;22&quot;,&quot;title&quot;:&quot;\u00a1Premio WAN-IFRA para art\u00edculo sobre maillots en la Vuelta a Espa\u00f1a!&quot;,&quot;width&quot;:&quot;0&quot;,&quot;_legend&quot;:&quot;{score}\\\/{best} - ({count} {votes})&quot;,&quot;font_factor&quot;:&quot;1.25&quot;}'>\n            \n<div class=\"kksr-stars\">\n    \n<div class=\"kksr-stars-inactive\">\n            <div class=\"kksr-star\" data-star=\"1\" style=\"padding-right: 5px\">\n            \n\n<div class=\"kksr-icon\" style=\"width: 22px; height: 22px;\"><\/div>\n        <\/div>\n            <div class=\"kksr-star\" data-star=\"2\" style=\"padding-right: 5px\">\n            \n\n<div class=\"kksr-icon\" style=\"width: 22px; height: 22px;\"><\/div>\n        <\/div>\n            <div class=\"kksr-star\" data-star=\"3\" style=\"padding-right: 5px\">\n            \n\n<div class=\"kksr-icon\" style=\"width: 22px; height: 22px;\"><\/div>\n        <\/div>\n            <div class=\"kksr-star\" data-star=\"4\" style=\"padding-right: 5px\">\n            \n\n<div class=\"kksr-icon\" style=\"width: 22px; height: 22px;\"><\/div>\n        <\/div>\n            <div class=\"kksr-star\" data-star=\"5\" style=\"padding-right: 5px\">\n            \n\n<div class=\"kksr-icon\" style=\"width: 22px; height: 22px;\"><\/div>\n        <\/div>\n    <\/div>\n    \n<div class=\"kksr-stars-active\" style=\"width: 0px;\">\n            <div class=\"kksr-star\" style=\"padding-right: 5px\">\n            \n\n<div class=\"kksr-icon\" style=\"width: 22px; height: 22px;\"><\/div>\n        <\/div>\n            <div class=\"kksr-star\" style=\"padding-right: 5px\">\n            \n\n<div class=\"kksr-icon\" style=\"width: 22px; height: 22px;\"><\/div>\n        <\/div>\n            <div class=\"kksr-star\" style=\"padding-right: 5px\">\n            \n\n<div class=\"kksr-icon\" style=\"width: 22px; height: 22px;\"><\/div>\n        <\/div>\n            <div class=\"kksr-star\" style=\"padding-right: 5px\">\n            \n\n<div class=\"kksr-icon\" style=\"width: 22px; height: 22px;\"><\/div>\n        <\/div>\n            <div class=\"kksr-star\" style=\"padding-right: 5px\">\n            \n\n<div class=\"kksr-icon\" style=\"width: 22px; height: 22px;\"><\/div>\n        <\/div>\n    <\/div>\n<\/div>\n                \n\n<div class=\"kksr-legend\" style=\"font-size: 17.6px;\">\n            <span class=\"kksr-muted\">Valora este post<\/span>\n    <\/div>\n    <\/div>\n","protected":false},"excerpt":{"rendered":"<p>El Reconocimiento a la Cobertura Visual de los Maillots en la Vuelta a Espa\u00f1a Un Premio de Prestigio para un Reportaje Excepcional Un destacado trabajo period\u00edstico &#8230; <a title=\"\u00a1Premio WAN-IFRA para art\u00edculo sobre maillots en la Vuelta a Espa\u00f1a!\" class=\"read-more\" href=\"https:\/\/www.diario21.tv\/noticias\/premio-wan-ifra-para-articulo-sobre-maillots-en-la-vuelta-a-espana\/\" aria-label=\"Leer m\u00e1s sobre \u00a1Premio WAN-IFRA para art\u00edculo sobre maillots en la Vuelta a Espa\u00f1a!\">Seguir leyendo &rarr;<\/a><\/p>\n","protected":false},"author":20,"featured_media":2822,"comment_status":"open","ping_status":"open","sticky":false,"template":"","format":"standard","meta":{"footnotes":""},"categories":[13],"tags":[],"class_list":["post-2821","post","type-post","status-publish","format-standard","has-post-thumbnail","hentry","category-portada"],"yoast_head":"<!-- This site is optimized with the Yoast SEO plugin v25.6 - https:\/\/yoast.com\/wordpress\/plugins\/seo\/ -->\n<title>\u00a1Premio WAN-IFRA para art\u00edculo sobre maillots en la Vuelta a Espa\u00f1a! - Diario 21<\/title>\n<meta name=\"robots\" content=\"index, follow, max-snippet:-1, max-image-preview:large, max-video-preview:-1\" \/>\n<link rel=\"canonical\" href=\"https:\/\/www.diario21.tv\/noticias\/premio-wan-ifra-para-articulo-sobre-maillots-en-la-vuelta-a-espana\/\" \/>\n<meta property=\"og:locale\" content=\"es_ES\" \/>\n<meta property=\"og:type\" content=\"article\" \/>\n<meta property=\"og:title\" content=\"\u00a1Premio WAN-IFRA para art\u00edculo sobre maillots en la Vuelta a Espa\u00f1a! - Diario 21\" \/>\n<meta property=\"og:description\" content=\"El Reconocimiento a la Cobertura Visual de los Maillots en la Vuelta a Espa\u00f1a Un Premio de Prestigio para un Reportaje Excepcional Un destacado trabajo period\u00edstico ... Seguir leyendo &rarr;\" \/>\n<meta property=\"og:url\" content=\"https:\/\/www.diario21.tv\/noticias\/premio-wan-ifra-para-articulo-sobre-maillots-en-la-vuelta-a-espana\/\" \/>\n<meta property=\"og:site_name\" content=\"Diario 21\" \/>\n<meta property=\"article:published_time\" content=\"2025-04-16T21:37:27+00:00\" \/>\n<meta property=\"article:modified_time\" content=\"2025-04-16T21:37:28+00:00\" \/>\n<meta property=\"og:image\" content=\"https:\/\/www.diario21.tv\/noticias\/wp-content\/uploads\/2025\/04\/\u00a1Premio-WAN-IFRA-para-articulo-sobre-maillots-en-la-Vuelta-a.jpg\" \/>\n\t<meta property=\"og:image:width\" content=\"1920\" \/>\n\t<meta property=\"og:image:height\" content=\"1080\" \/>\n\t<meta property=\"og:image:type\" content=\"image\/jpeg\" \/>\n<meta name=\"author\" content=\"Juan P\u00e9rez\" \/>\n<meta name=\"twitter:card\" content=\"summary_large_image\" \/>\n<meta name=\"twitter:label1\" content=\"Escrito por\" \/>\n\t<meta name=\"twitter:data1\" content=\"Juan P\u00e9rez\" \/>\n\t<meta name=\"twitter:label2\" content=\"Tiempo de lectura\" \/>\n\t<meta name=\"twitter:data2\" content=\"2 minutos\" \/>\n<script type=\"application\/ld+json\" class=\"yoast-schema-graph\">{\"@context\":\"https:\/\/schema.org\",\"@graph\":[{\"@type\":\"WebPage\",\"@id\":\"https:\/\/www.diario21.tv\/noticias\/premio-wan-ifra-para-articulo-sobre-maillots-en-la-vuelta-a-espana\/\",\"url\":\"https:\/\/www.diario21.tv\/noticias\/premio-wan-ifra-para-articulo-sobre-maillots-en-la-vuelta-a-espana\/\",\"name\":\"\u00a1Premio WAN-IFRA para art\u00edculo sobre maillots en la Vuelta a Espa\u00f1a! - Diario 21\",\"isPartOf\":{\"@id\":\"https:\/\/www.diario21.tv\/noticias\/#website\"},\"primaryImageOfPage\":{\"@id\":\"https:\/\/www.diario21.tv\/noticias\/premio-wan-ifra-para-articulo-sobre-maillots-en-la-vuelta-a-espana\/#primaryimage\"},\"image\":{\"@id\":\"https:\/\/www.diario21.tv\/noticias\/premio-wan-ifra-para-articulo-sobre-maillots-en-la-vuelta-a-espana\/#primaryimage\"},\"thumbnailUrl\":\"https:\/\/www.diario21.tv\/noticias\/wp-content\/uploads\/2025\/04\/\u00a1Premio-WAN-IFRA-para-articulo-sobre-maillots-en-la-Vuelta-a.jpg\",\"datePublished\":\"2025-04-16T21:37:27+00:00\",\"dateModified\":\"2025-04-16T21:37:28+00:00\",\"author\":{\"@id\":\"https:\/\/www.diario21.tv\/noticias\/#\/schema\/person\/dfb778f73814d8f09f302618446a526b\"},\"breadcrumb\":{\"@id\":\"https:\/\/www.diario21.tv\/noticias\/premio-wan-ifra-para-articulo-sobre-maillots-en-la-vuelta-a-espana\/#breadcrumb\"},\"inLanguage\":\"es-AR\",\"potentialAction\":[{\"@type\":\"ReadAction\",\"target\":[\"https:\/\/www.diario21.tv\/noticias\/premio-wan-ifra-para-articulo-sobre-maillots-en-la-vuelta-a-espana\/\"]}]},{\"@type\":\"ImageObject\",\"inLanguage\":\"es-AR\",\"@id\":\"https:\/\/www.diario21.tv\/noticias\/premio-wan-ifra-para-articulo-sobre-maillots-en-la-vuelta-a-espana\/#primaryimage\",\"url\":\"https:\/\/www.diario21.tv\/noticias\/wp-content\/uploads\/2025\/04\/\u00a1Premio-WAN-IFRA-para-articulo-sobre-maillots-en-la-Vuelta-a.jpg\",\"contentUrl\":\"https:\/\/www.diario21.tv\/noticias\/wp-content\/uploads\/2025\/04\/\u00a1Premio-WAN-IFRA-para-articulo-sobre-maillots-en-la-Vuelta-a.jpg\",\"width\":1920,\"height\":1080,\"caption\":\"La historia visual sobre los maillots en la Vuelta a Espa\u00f1a publicada en este diario gana un premio WAN-IFRA\"},{\"@type\":\"BreadcrumbList\",\"@id\":\"https:\/\/www.diario21.tv\/noticias\/premio-wan-ifra-para-articulo-sobre-maillots-en-la-vuelta-a-espana\/#breadcrumb\",\"itemListElement\":[{\"@type\":\"ListItem\",\"position\":1,\"name\":\"Accueil\",\"item\":\"https:\/\/www.diario21.tv\/noticias\/\"},{\"@type\":\"ListItem\",\"position\":2,\"name\":\"\u00a1Premio WAN-IFRA para art\u00edculo sobre maillots en la Vuelta a Espa\u00f1a!\"}]},{\"@type\":\"WebSite\",\"@id\":\"https:\/\/www.diario21.tv\/noticias\/#website\",\"url\":\"https:\/\/www.diario21.tv\/noticias\/\",\"name\":\"Diario 21\",\"description\":\"\",\"potentialAction\":[{\"@type\":\"SearchAction\",\"target\":{\"@type\":\"EntryPoint\",\"urlTemplate\":\"https:\/\/www.diario21.tv\/noticias\/?s={search_term_string}\"},\"query-input\":{\"@type\":\"PropertyValueSpecification\",\"valueRequired\":true,\"valueName\":\"search_term_string\"}}],\"inLanguage\":\"es-AR\"},{\"@type\":\"Person\",\"@id\":\"https:\/\/www.diario21.tv\/noticias\/#\/schema\/person\/dfb778f73814d8f09f302618446a526b\",\"name\":\"Juan P\u00e9rez\",\"image\":{\"@type\":\"ImageObject\",\"inLanguage\":\"es-AR\",\"@id\":\"https:\/\/www.diario21.tv\/noticias\/#\/schema\/person\/image\/\",\"url\":\"https:\/\/secure.gravatar.com\/avatar\/c478a405bd10621167f4c3167cc770f5?s=96&d=mm&r=g\",\"contentUrl\":\"https:\/\/secure.gravatar.com\/avatar\/c478a405bd10621167f4c3167cc770f5?s=96&d=mm&r=g\",\"caption\":\"Juan P\u00e9rez\"},\"description\":\"Juan P\u00e9rez es el redactor en jefe de Diario 21. Con m\u00e1s de 10 a\u00f1os de experiencia en el periodismo, se especializa en pol\u00edtica nacional y an\u00e1lisis socioecon\u00f3mico. Su enfoque cr\u00edtico y riguroso aporta una perspectiva \u00fanica a cada art\u00edculo.\",\"sameAs\":[\"https:\/\/www.diario21.tv\/noticias\/\"],\"url\":\"https:\/\/www.diario21.tv\/noticias\/author\/juan-perez\/\"}]}<\/script>\n<!-- \/ Yoast SEO plugin. -->","yoast_head_json":{"title":"\u00a1Premio WAN-IFRA para art\u00edculo sobre maillots en la Vuelta a Espa\u00f1a! - Diario 21","robots":{"index":"index","follow":"follow","max-snippet":"max-snippet:-1","max-image-preview":"max-image-preview:large","max-video-preview":"max-video-preview:-1"},"canonical":"https:\/\/www.diario21.tv\/noticias\/premio-wan-ifra-para-articulo-sobre-maillots-en-la-vuelta-a-espana\/","og_locale":"es_ES","og_type":"article","og_title":"\u00a1Premio WAN-IFRA para art\u00edculo sobre maillots en la Vuelta a Espa\u00f1a! - Diario 21","og_description":"El Reconocimiento a la Cobertura Visual de los Maillots en la Vuelta a Espa\u00f1a Un Premio de Prestigio para un Reportaje Excepcional Un destacado trabajo period\u00edstico ... Seguir leyendo &rarr;","og_url":"https:\/\/www.diario21.tv\/noticias\/premio-wan-ifra-para-articulo-sobre-maillots-en-la-vuelta-a-espana\/","og_site_name":"Diario 21","article_published_time":"2025-04-16T21:37:27+00:00","article_modified_time":"2025-04-16T21:37:28+00:00","og_image":[{"width":1920,"height":1080,"url":"https:\/\/www.diario21.tv\/noticias\/wp-content\/uploads\/2025\/04\/\u00a1Premio-WAN-IFRA-para-articulo-sobre-maillots-en-la-Vuelta-a.jpg","type":"image\/jpeg"}],"author":"Juan P\u00e9rez","twitter_card":"summary_large_image","twitter_misc":{"Escrito por":"Juan P\u00e9rez","Tiempo de lectura":"2 minutos"},"schema":{"@context":"https:\/\/schema.org","@graph":[{"@type":"WebPage","@id":"https:\/\/www.diario21.tv\/noticias\/premio-wan-ifra-para-articulo-sobre-maillots-en-la-vuelta-a-espana\/","url":"https:\/\/www.diario21.tv\/noticias\/premio-wan-ifra-para-articulo-sobre-maillots-en-la-vuelta-a-espana\/","name":"\u00a1Premio WAN-IFRA para art\u00edculo sobre maillots en la Vuelta a Espa\u00f1a! - Diario 21","isPartOf":{"@id":"https:\/\/www.diario21.tv\/noticias\/#website"},"primaryImageOfPage":{"@id":"https:\/\/www.diario21.tv\/noticias\/premio-wan-ifra-para-articulo-sobre-maillots-en-la-vuelta-a-espana\/#primaryimage"},"image":{"@id":"https:\/\/www.diario21.tv\/noticias\/premio-wan-ifra-para-articulo-sobre-maillots-en-la-vuelta-a-espana\/#primaryimage"},"thumbnailUrl":"https:\/\/www.diario21.tv\/noticias\/wp-content\/uploads\/2025\/04\/\u00a1Premio-WAN-IFRA-para-articulo-sobre-maillots-en-la-Vuelta-a.jpg","datePublished":"2025-04-16T21:37:27+00:00","dateModified":"2025-04-16T21:37:28+00:00","author":{"@id":"https:\/\/www.diario21.tv\/noticias\/#\/schema\/person\/dfb778f73814d8f09f302618446a526b"},"breadcrumb":{"@id":"https:\/\/www.diario21.tv\/noticias\/premio-wan-ifra-para-articulo-sobre-maillots-en-la-vuelta-a-espana\/#breadcrumb"},"inLanguage":"es-AR","potentialAction":[{"@type":"ReadAction","target":["https:\/\/www.diario21.tv\/noticias\/premio-wan-ifra-para-articulo-sobre-maillots-en-la-vuelta-a-espana\/"]}]},{"@type":"ImageObject","inLanguage":"es-AR","@id":"https:\/\/www.diario21.tv\/noticias\/premio-wan-ifra-para-articulo-sobre-maillots-en-la-vuelta-a-espana\/#primaryimage","url":"https:\/\/www.diario21.tv\/noticias\/wp-content\/uploads\/2025\/04\/\u00a1Premio-WAN-IFRA-para-articulo-sobre-maillots-en-la-Vuelta-a.jpg","contentUrl":"https:\/\/www.diario21.tv\/noticias\/wp-content\/uploads\/2025\/04\/\u00a1Premio-WAN-IFRA-para-articulo-sobre-maillots-en-la-Vuelta-a.jpg","width":1920,"height":1080,"caption":"La historia visual sobre los maillots en la Vuelta a Espa\u00f1a publicada en este diario gana un premio WAN-IFRA"},{"@type":"BreadcrumbList","@id":"https:\/\/www.diario21.tv\/noticias\/premio-wan-ifra-para-articulo-sobre-maillots-en-la-vuelta-a-espana\/#breadcrumb","itemListElement":[{"@type":"ListItem","position":1,"name":"Accueil","item":"https:\/\/www.diario21.tv\/noticias\/"},{"@type":"ListItem","position":2,"name":"\u00a1Premio WAN-IFRA para art\u00edculo sobre maillots en la Vuelta a Espa\u00f1a!"}]},{"@type":"WebSite","@id":"https:\/\/www.diario21.tv\/noticias\/#website","url":"https:\/\/www.diario21.tv\/noticias\/","name":"Diario 21","description":"","potentialAction":[{"@type":"SearchAction","target":{"@type":"EntryPoint","urlTemplate":"https:\/\/www.diario21.tv\/noticias\/?s={search_term_string}"},"query-input":{"@type":"PropertyValueSpecification","valueRequired":true,"valueName":"search_term_string"}}],"inLanguage":"es-AR"},{"@type":"Person","@id":"https:\/\/www.diario21.tv\/noticias\/#\/schema\/person\/dfb778f73814d8f09f302618446a526b","name":"Juan P\u00e9rez","image":{"@type":"ImageObject","inLanguage":"es-AR","@id":"https:\/\/www.diario21.tv\/noticias\/#\/schema\/person\/image\/","url":"https:\/\/secure.gravatar.com\/avatar\/c478a405bd10621167f4c3167cc770f5?s=96&d=mm&r=g","contentUrl":"https:\/\/secure.gravatar.com\/avatar\/c478a405bd10621167f4c3167cc770f5?s=96&d=mm&r=g","caption":"Juan P\u00e9rez"},"description":"Juan P\u00e9rez es el redactor en jefe de Diario 21. Con m\u00e1s de 10 a\u00f1os de experiencia en el periodismo, se especializa en pol\u00edtica nacional y an\u00e1lisis socioecon\u00f3mico. Su enfoque cr\u00edtico y riguroso aporta una perspectiva \u00fanica a cada art\u00edculo.","sameAs":["https:\/\/www.diario21.tv\/noticias\/"],"url":"https:\/\/www.diario21.tv\/noticias\/author\/juan-perez\/"}]}},"_links":{"self":[{"href":"https:\/\/www.diario21.tv\/noticias\/wp-json\/wp\/v2\/posts\/2821"}],"collection":[{"href":"https:\/\/www.diario21.tv\/noticias\/wp-json\/wp\/v2\/posts"}],"about":[{"href":"https:\/\/www.diario21.tv\/noticias\/wp-json\/wp\/v2\/types\/post"}],"author":[{"embeddable":true,"href":"https:\/\/www.diario21.tv\/noticias\/wp-json\/wp\/v2\/users\/20"}],"replies":[{"embeddable":true,"href":"https:\/\/www.diario21.tv\/noticias\/wp-json\/wp\/v2\/comments?post=2821"}],"version-history":[{"count":1,"href":"https:\/\/www.diario21.tv\/noticias\/wp-json\/wp\/v2\/posts\/2821\/revisions"}],"predecessor-version":[{"id":2823,"href":"https:\/\/www.diario21.tv\/noticias\/wp-json\/wp\/v2\/posts\/2821\/revisions\/2823"}],"wp:featuredmedia":[{"embeddable":true,"href":"https:\/\/www.diario21.tv\/noticias\/wp-json\/wp\/v2\/media\/2822"}],"wp:attachment":[{"href":"https:\/\/www.diario21.tv\/noticias\/wp-json\/wp\/v2\/media?parent=2821"}],"wp:term":[{"taxonomy":"category","embeddable":true,"href":"https:\/\/www.diario21.tv\/noticias\/wp-json\/wp\/v2\/categories?post=2821"},{"taxonomy":"post_tag","embeddable":true,"href":"https:\/\/www.diario21.tv\/noticias\/wp-json\/wp\/v2\/tags?post=2821"}],"curies":[{"name":"wp","href":"https:\/\/api.w.org\/{rel}","templated":true}]}}