{"id":282,"date":"2024-09-04T06:11:01","date_gmt":"2024-09-04T06:11:01","guid":{"rendered":"https:\/\/www.diario21.tv\/noticias\/peaton-guardando-plaza-de-aparcamiento-descubre-lo-que-dice-la-ley\/"},"modified":"2024-09-04T06:11:05","modified_gmt":"2024-09-04T06:11:05","slug":"peaton-guardando-plaza-de-aparcamiento-descubre-lo-que-dice-la-ley","status":"publish","type":"post","link":"https:\/\/www.diario21.tv\/noticias\/peaton-guardando-plaza-de-aparcamiento-descubre-lo-que-dice-la-ley\/","title":{"rendered":"\u00bfPeat\u00f3n guardando plaza de aparcamiento? \u00a1Descubre lo que dice la ley!"},"content":{"rendered":"<h2>\u00bfEs legal que un peat\u00f3n reserve un espacio de estacionamiento? Esto es lo que establece la normativa<\/h2>\n<p>\u00bfEs posible que una persona, sin veh\u00edculo, pueda ocupar una plaza de aparcamiento con el objetivo de reservarla para alguien m\u00e1s? Este es un tema que ha generado diversas opiniones y discusiones. Sin embargo, lo importante es conocer lo que estipula la ley al respecto.<\/p>\n<p>La normativa en la mayor\u00eda de los pa\u00edses es clara: las plazas de aparcamiento en la v\u00eda p\u00fablica est\u00e1n destinadas para los veh\u00edculos, no para las personas. Esto significa que, en teor\u00eda, un peat\u00f3n no tiene el derecho de ocupar un espacio de estacionamiento con el prop\u00f3sito de guardarlo para un conductor espec\u00edfico.<\/p>\n<p>Este aspecto se refuerza en la normativa de tr\u00e1fico, la cual establece que los espacios de aparcamiento deben ser utilizados de manera eficiente y correcta por los veh\u00edculos. Por lo tanto, si una persona intenta guardar un espacio de estacionamiento, est\u00e1 impidiendo la correcta utilizaci\u00f3n de este, y podr\u00eda ser sancionada.<\/p>\n<p>Adem\u00e1s, este tipo de acciones puede generar conflictos entre los conductores, especialmente en zonas donde el espacio para estacionar es limitado. Por lo tanto, aunque pueda parecer una pr\u00e1ctica com\u00fan o aceptada socialmente, la realidad es que va en contra de las normas de tr\u00e1fico.<\/p>\n<p>En conclusi\u00f3n, aunque pueda parecer una soluci\u00f3n pr\u00e1ctica para asegurar un espacio de estacionamiento, la realidad es que la ley no permite que un peat\u00f3n reserve una plaza de aparcamiento. Por lo tanto, lo m\u00e1s recomendable es respetar las normas y buscar un espacio de estacionamiento de manera legal y correcta.<\/p>\n\n\n<div class=\"kk-star-ratings kksr-auto kksr-align-left kksr-valign-bottom\"\n    data-payload='{&quot;align&quot;:&quot;left&quot;,&quot;id&quot;:&quot;282&quot;,&quot;slug&quot;:&quot;default&quot;,&quot;valign&quot;:&quot;bottom&quot;,&quot;ignore&quot;:&quot;&quot;,&quot;reference&quot;:&quot;auto&quot;,&quot;class&quot;:&quot;&quot;,&quot;count&quot;:&quot;0&quot;,&quot;legendonly&quot;:&quot;&quot;,&quot;readonly&quot;:&quot;&quot;,&quot;score&quot;:&quot;0&quot;,&quot;starsonly&quot;:&quot;&quot;,&quot;best&quot;:&quot;5&quot;,&quot;gap&quot;:&quot;5&quot;,&quot;greet&quot;:&quot;Valora este post&quot;,&quot;legend&quot;:&quot;0\\\/5 - (0 votes)&quot;,&quot;size&quot;:&quot;22&quot;,&quot;title&quot;:&quot;\u00bfPeat\u00f3n guardando plaza de aparcamiento? \u00a1Descubre lo que dice la ley!&quot;,&quot;width&quot;:&quot;0&quot;,&quot;_legend&quot;:&quot;{score}\\\/{best} - ({count} {votes})&quot;,&quot;font_factor&quot;:&quot;1.25&quot;}'>\n            \n<div class=\"kksr-stars\">\n    \n<div class=\"kksr-stars-inactive\">\n            <div class=\"kksr-star\" data-star=\"1\" style=\"padding-right: 5px\">\n            \n\n<div class=\"kksr-icon\" style=\"width: 22px; height: 22px;\"><\/div>\n        <\/div>\n            <div class=\"kksr-star\" data-star=\"2\" style=\"padding-right: 5px\">\n            \n\n<div class=\"kksr-icon\" style=\"width: 22px; height: 22px;\"><\/div>\n        <\/div>\n            <div class=\"kksr-star\" data-star=\"3\" style=\"padding-right: 5px\">\n            \n\n<div class=\"kksr-icon\" style=\"width: 22px; height: 22px;\"><\/div>\n        <\/div>\n            <div class=\"kksr-star\" data-star=\"4\" style=\"padding-right: 5px\">\n            \n\n<div class=\"kksr-icon\" style=\"width: 22px; height: 22px;\"><\/div>\n        <\/div>\n            <div class=\"kksr-star\" data-star=\"5\" style=\"padding-right: 5px\">\n            \n\n<div class=\"kksr-icon\" style=\"width: 22px; height: 22px;\"><\/div>\n        <\/div>\n    <\/div>\n    \n<div class=\"kksr-stars-active\" style=\"width: 0px;\">\n            <div class=\"kksr-star\" style=\"padding-right: 5px\">\n            \n\n<div class=\"kksr-icon\" style=\"width: 22px; height: 22px;\"><\/div>\n        <\/div>\n            <div class=\"kksr-star\" style=\"padding-right: 5px\">\n            \n\n<div class=\"kksr-icon\" style=\"width: 22px; height: 22px;\"><\/div>\n        <\/div>\n            <div class=\"kksr-star\" style=\"padding-right: 5px\">\n            \n\n<div class=\"kksr-icon\" style=\"width: 22px; height: 22px;\"><\/div>\n        <\/div>\n            <div class=\"kksr-star\" style=\"padding-right: 5px\">\n            \n\n<div class=\"kksr-icon\" style=\"width: 22px; height: 22px;\"><\/div>\n        <\/div>\n            <div class=\"kksr-star\" style=\"padding-right: 5px\">\n            \n\n<div class=\"kksr-icon\" style=\"width: 22px; height: 22px;\"><\/div>\n        <\/div>\n    <\/div>\n<\/div>\n                \n\n<div class=\"kksr-legend\" style=\"font-size: 17.6px;\">\n            <span class=\"kksr-muted\">Valora este post<\/span>\n    <\/div>\n    <\/div>\n","protected":false},"excerpt":{"rendered":"<p>\u00bfEs legal que un peat\u00f3n reserve un espacio de estacionamiento? Esto es lo que establece la normativa \u00bfEs posible que una persona, sin veh\u00edculo, pueda ocupar &#8230; <a title=\"\u00bfPeat\u00f3n guardando plaza de aparcamiento? \u00a1Descubre lo que dice la ley!\" class=\"read-more\" href=\"https:\/\/www.diario21.tv\/noticias\/peaton-guardando-plaza-de-aparcamiento-descubre-lo-que-dice-la-ley\/\" aria-label=\"Leer m\u00e1s sobre \u00bfPeat\u00f3n guardando plaza de aparcamiento? \u00a1Descubre lo que dice la ley!\">Seguir leyendo &rarr;<\/a><\/p>\n","protected":false},"author":16,"featured_media":283,"comment_status":"open","ping_status":"open","sticky":false,"template":"","format":"standard","meta":{"footnotes":""},"categories":[12],"tags":[],"class_list":["post-282","post","type-post","status-publish","format-standard","has-post-thumbnail","hentry","category-tendencia"],"yoast_head":"<!-- This site is optimized with the Yoast SEO plugin v25.6 - https:\/\/yoast.com\/wordpress\/plugins\/seo\/ -->\n<title>\u00bfPeat\u00f3n guardando plaza de aparcamiento? \u00a1Descubre lo que dice la ley! - Diario 21<\/title>\n<meta name=\"robots\" content=\"index, follow, max-snippet:-1, max-image-preview:large, max-video-preview:-1\" \/>\n<link rel=\"canonical\" href=\"https:\/\/www.diario21.tv\/noticias\/peaton-guardando-plaza-de-aparcamiento-descubre-lo-que-dice-la-ley\/\" \/>\n<meta property=\"og:locale\" content=\"es_ES\" \/>\n<meta property=\"og:type\" content=\"article\" \/>\n<meta property=\"og:title\" content=\"\u00bfPeat\u00f3n guardando plaza de aparcamiento? \u00a1Descubre lo que dice la ley! - Diario 21\" \/>\n<meta property=\"og:description\" content=\"\u00bfEs legal que un peat\u00f3n reserve un espacio de estacionamiento? Esto es lo que establece la normativa \u00bfEs posible que una persona, sin veh\u00edculo, pueda ocupar ... Seguir leyendo &rarr;\" \/>\n<meta property=\"og:url\" content=\"https:\/\/www.diario21.tv\/noticias\/peaton-guardando-plaza-de-aparcamiento-descubre-lo-que-dice-la-ley\/\" \/>\n<meta property=\"og:site_name\" content=\"Diario 21\" \/>\n<meta property=\"article:published_time\" content=\"2024-09-04T06:11:01+00:00\" \/>\n<meta property=\"article:modified_time\" content=\"2024-09-04T06:11:05+00:00\" \/>\n<meta property=\"og:image\" content=\"https:\/\/www.diario21.tv\/noticias\/wp-content\/uploads\/2024\/09\/\u00bfPeaton-guardando-plaza-de-aparcamiento-\u00a1Descubre-lo-que-dice-la.jpg\" \/>\n\t<meta property=\"og:image:width\" content=\"1920\" \/>\n\t<meta property=\"og:image:height\" content=\"1080\" \/>\n\t<meta property=\"og:image:type\" content=\"image\/jpeg\" \/>\n<meta name=\"author\" content=\"Diario 21\" \/>\n<meta name=\"twitter:card\" content=\"summary_large_image\" \/>\n<meta name=\"twitter:label1\" content=\"Escrito por\" \/>\n\t<meta name=\"twitter:data1\" content=\"Diario 21\" \/>\n\t<meta name=\"twitter:label2\" content=\"Tiempo de lectura\" \/>\n\t<meta name=\"twitter:data2\" content=\"1 minuto\" \/>\n<script type=\"application\/ld+json\" class=\"yoast-schema-graph\">{\"@context\":\"https:\/\/schema.org\",\"@graph\":[{\"@type\":\"WebPage\",\"@id\":\"https:\/\/www.diario21.tv\/noticias\/peaton-guardando-plaza-de-aparcamiento-descubre-lo-que-dice-la-ley\/\",\"url\":\"https:\/\/www.diario21.tv\/noticias\/peaton-guardando-plaza-de-aparcamiento-descubre-lo-que-dice-la-ley\/\",\"name\":\"\u00bfPeat\u00f3n guardando plaza de aparcamiento? \u00a1Descubre lo que dice la ley! - Diario 21\",\"isPartOf\":{\"@id\":\"https:\/\/www.diario21.tv\/noticias\/#website\"},\"primaryImageOfPage\":{\"@id\":\"https:\/\/www.diario21.tv\/noticias\/peaton-guardando-plaza-de-aparcamiento-descubre-lo-que-dice-la-ley\/#primaryimage\"},\"image\":{\"@id\":\"https:\/\/www.diario21.tv\/noticias\/peaton-guardando-plaza-de-aparcamiento-descubre-lo-que-dice-la-ley\/#primaryimage\"},\"thumbnailUrl\":\"https:\/\/www.diario21.tv\/noticias\/wp-content\/uploads\/2024\/09\/\u00bfPeaton-guardando-plaza-de-aparcamiento-\u00a1Descubre-lo-que-dice-la.jpg\",\"datePublished\":\"2024-09-04T06:11:01+00:00\",\"dateModified\":\"2024-09-04T06:11:05+00:00\",\"author\":{\"@id\":\"https:\/\/www.diario21.tv\/noticias\/#\/schema\/person\/7de9d6205bd3da5b7f01f5cffb18d715\"},\"breadcrumb\":{\"@id\":\"https:\/\/www.diario21.tv\/noticias\/peaton-guardando-plaza-de-aparcamiento-descubre-lo-que-dice-la-ley\/#breadcrumb\"},\"inLanguage\":\"es-AR\",\"potentialAction\":[{\"@type\":\"ReadAction\",\"target\":[\"https:\/\/www.diario21.tv\/noticias\/peaton-guardando-plaza-de-aparcamiento-descubre-lo-que-dice-la-ley\/\"]}]},{\"@type\":\"ImageObject\",\"inLanguage\":\"es-AR\",\"@id\":\"https:\/\/www.diario21.tv\/noticias\/peaton-guardando-plaza-de-aparcamiento-descubre-lo-que-dice-la-ley\/#primaryimage\",\"url\":\"https:\/\/www.diario21.tv\/noticias\/wp-content\/uploads\/2024\/09\/\u00bfPeaton-guardando-plaza-de-aparcamiento-\u00a1Descubre-lo-que-dice-la.jpg\",\"contentUrl\":\"https:\/\/www.diario21.tv\/noticias\/wp-content\/uploads\/2024\/09\/\u00bfPeaton-guardando-plaza-de-aparcamiento-\u00a1Descubre-lo-que-dice-la.jpg\",\"width\":1920,\"height\":1080,\"caption\":\"\u00bfPuede un peat\u00f3n guardar una plaza de aparcamiento? Esto es lo que dice la ley\"},{\"@type\":\"BreadcrumbList\",\"@id\":\"https:\/\/www.diario21.tv\/noticias\/peaton-guardando-plaza-de-aparcamiento-descubre-lo-que-dice-la-ley\/#breadcrumb\",\"itemListElement\":[{\"@type\":\"ListItem\",\"position\":1,\"name\":\"Accueil\",\"item\":\"https:\/\/www.diario21.tv\/noticias\/\"},{\"@type\":\"ListItem\",\"position\":2,\"name\":\"\u00bfPeat\u00f3n guardando plaza de aparcamiento? \u00a1Descubre lo que dice la ley!\"}]},{\"@type\":\"WebSite\",\"@id\":\"https:\/\/www.diario21.tv\/noticias\/#website\",\"url\":\"https:\/\/www.diario21.tv\/noticias\/\",\"name\":\"Diario 21\",\"description\":\"\",\"potentialAction\":[{\"@type\":\"SearchAction\",\"target\":{\"@type\":\"EntryPoint\",\"urlTemplate\":\"https:\/\/www.diario21.tv\/noticias\/?s={search_term_string}\"},\"query-input\":{\"@type\":\"PropertyValueSpecification\",\"valueRequired\":true,\"valueName\":\"search_term_string\"}}],\"inLanguage\":\"es-AR\"},{\"@type\":\"Person\",\"@id\":\"https:\/\/www.diario21.tv\/noticias\/#\/schema\/person\/7de9d6205bd3da5b7f01f5cffb18d715\",\"name\":\"Diario 21\",\"image\":{\"@type\":\"ImageObject\",\"inLanguage\":\"es-AR\",\"@id\":\"https:\/\/www.diario21.tv\/noticias\/#\/schema\/person\/image\/\",\"url\":\"https:\/\/secure.gravatar.com\/avatar\/d1d5e764b940c8e5990284cabcd5dea9?s=96&d=mm&r=g\",\"contentUrl\":\"https:\/\/secure.gravatar.com\/avatar\/d1d5e764b940c8e5990284cabcd5dea9?s=96&d=mm&r=g\",\"caption\":\"Diario 21\"},\"url\":\"https:\/\/www.diario21.tv\/noticias\/author\/diario-21\/\"}]}<\/script>\n<!-- \/ Yoast SEO plugin. -->","yoast_head_json":{"title":"\u00bfPeat\u00f3n guardando plaza de aparcamiento? \u00a1Descubre lo que dice la ley! - Diario 21","robots":{"index":"index","follow":"follow","max-snippet":"max-snippet:-1","max-image-preview":"max-image-preview:large","max-video-preview":"max-video-preview:-1"},"canonical":"https:\/\/www.diario21.tv\/noticias\/peaton-guardando-plaza-de-aparcamiento-descubre-lo-que-dice-la-ley\/","og_locale":"es_ES","og_type":"article","og_title":"\u00bfPeat\u00f3n guardando plaza de aparcamiento? \u00a1Descubre lo que dice la ley! - Diario 21","og_description":"\u00bfEs legal que un peat\u00f3n reserve un espacio de estacionamiento? Esto es lo que establece la normativa \u00bfEs posible que una persona, sin veh\u00edculo, pueda ocupar ... Seguir leyendo &rarr;","og_url":"https:\/\/www.diario21.tv\/noticias\/peaton-guardando-plaza-de-aparcamiento-descubre-lo-que-dice-la-ley\/","og_site_name":"Diario 21","article_published_time":"2024-09-04T06:11:01+00:00","article_modified_time":"2024-09-04T06:11:05+00:00","og_image":[{"width":1920,"height":1080,"url":"https:\/\/www.diario21.tv\/noticias\/wp-content\/uploads\/2024\/09\/\u00bfPeaton-guardando-plaza-de-aparcamiento-\u00a1Descubre-lo-que-dice-la.jpg","type":"image\/jpeg"}],"author":"Diario 21","twitter_card":"summary_large_image","twitter_misc":{"Escrito por":"Diario 21","Tiempo de lectura":"1 minuto"},"schema":{"@context":"https:\/\/schema.org","@graph":[{"@type":"WebPage","@id":"https:\/\/www.diario21.tv\/noticias\/peaton-guardando-plaza-de-aparcamiento-descubre-lo-que-dice-la-ley\/","url":"https:\/\/www.diario21.tv\/noticias\/peaton-guardando-plaza-de-aparcamiento-descubre-lo-que-dice-la-ley\/","name":"\u00bfPeat\u00f3n guardando plaza de aparcamiento? \u00a1Descubre lo que dice la ley! - Diario 21","isPartOf":{"@id":"https:\/\/www.diario21.tv\/noticias\/#website"},"primaryImageOfPage":{"@id":"https:\/\/www.diario21.tv\/noticias\/peaton-guardando-plaza-de-aparcamiento-descubre-lo-que-dice-la-ley\/#primaryimage"},"image":{"@id":"https:\/\/www.diario21.tv\/noticias\/peaton-guardando-plaza-de-aparcamiento-descubre-lo-que-dice-la-ley\/#primaryimage"},"thumbnailUrl":"https:\/\/www.diario21.tv\/noticias\/wp-content\/uploads\/2024\/09\/\u00bfPeaton-guardando-plaza-de-aparcamiento-\u00a1Descubre-lo-que-dice-la.jpg","datePublished":"2024-09-04T06:11:01+00:00","dateModified":"2024-09-04T06:11:05+00:00","author":{"@id":"https:\/\/www.diario21.tv\/noticias\/#\/schema\/person\/7de9d6205bd3da5b7f01f5cffb18d715"},"breadcrumb":{"@id":"https:\/\/www.diario21.tv\/noticias\/peaton-guardando-plaza-de-aparcamiento-descubre-lo-que-dice-la-ley\/#breadcrumb"},"inLanguage":"es-AR","potentialAction":[{"@type":"ReadAction","target":["https:\/\/www.diario21.tv\/noticias\/peaton-guardando-plaza-de-aparcamiento-descubre-lo-que-dice-la-ley\/"]}]},{"@type":"ImageObject","inLanguage":"es-AR","@id":"https:\/\/www.diario21.tv\/noticias\/peaton-guardando-plaza-de-aparcamiento-descubre-lo-que-dice-la-ley\/#primaryimage","url":"https:\/\/www.diario21.tv\/noticias\/wp-content\/uploads\/2024\/09\/\u00bfPeaton-guardando-plaza-de-aparcamiento-\u00a1Descubre-lo-que-dice-la.jpg","contentUrl":"https:\/\/www.diario21.tv\/noticias\/wp-content\/uploads\/2024\/09\/\u00bfPeaton-guardando-plaza-de-aparcamiento-\u00a1Descubre-lo-que-dice-la.jpg","width":1920,"height":1080,"caption":"\u00bfPuede un peat\u00f3n guardar una plaza de aparcamiento? Esto es lo que dice la ley"},{"@type":"BreadcrumbList","@id":"https:\/\/www.diario21.tv\/noticias\/peaton-guardando-plaza-de-aparcamiento-descubre-lo-que-dice-la-ley\/#breadcrumb","itemListElement":[{"@type":"ListItem","position":1,"name":"Accueil","item":"https:\/\/www.diario21.tv\/noticias\/"},{"@type":"ListItem","position":2,"name":"\u00bfPeat\u00f3n guardando plaza de aparcamiento? \u00a1Descubre lo que dice la ley!"}]},{"@type":"WebSite","@id":"https:\/\/www.diario21.tv\/noticias\/#website","url":"https:\/\/www.diario21.tv\/noticias\/","name":"Diario 21","description":"","potentialAction":[{"@type":"SearchAction","target":{"@type":"EntryPoint","urlTemplate":"https:\/\/www.diario21.tv\/noticias\/?s={search_term_string}"},"query-input":{"@type":"PropertyValueSpecification","valueRequired":true,"valueName":"search_term_string"}}],"inLanguage":"es-AR"},{"@type":"Person","@id":"https:\/\/www.diario21.tv\/noticias\/#\/schema\/person\/7de9d6205bd3da5b7f01f5cffb18d715","name":"Diario 21","image":{"@type":"ImageObject","inLanguage":"es-AR","@id":"https:\/\/www.diario21.tv\/noticias\/#\/schema\/person\/image\/","url":"https:\/\/secure.gravatar.com\/avatar\/d1d5e764b940c8e5990284cabcd5dea9?s=96&d=mm&r=g","contentUrl":"https:\/\/secure.gravatar.com\/avatar\/d1d5e764b940c8e5990284cabcd5dea9?s=96&d=mm&r=g","caption":"Diario 21"},"url":"https:\/\/www.diario21.tv\/noticias\/author\/diario-21\/"}]}},"_links":{"self":[{"href":"https:\/\/www.diario21.tv\/noticias\/wp-json\/wp\/v2\/posts\/282"}],"collection":[{"href":"https:\/\/www.diario21.tv\/noticias\/wp-json\/wp\/v2\/posts"}],"about":[{"href":"https:\/\/www.diario21.tv\/noticias\/wp-json\/wp\/v2\/types\/post"}],"author":[{"embeddable":true,"href":"https:\/\/www.diario21.tv\/noticias\/wp-json\/wp\/v2\/users\/16"}],"replies":[{"embeddable":true,"href":"https:\/\/www.diario21.tv\/noticias\/wp-json\/wp\/v2\/comments?post=282"}],"version-history":[{"count":1,"href":"https:\/\/www.diario21.tv\/noticias\/wp-json\/wp\/v2\/posts\/282\/revisions"}],"predecessor-version":[{"id":284,"href":"https:\/\/www.diario21.tv\/noticias\/wp-json\/wp\/v2\/posts\/282\/revisions\/284"}],"wp:featuredmedia":[{"embeddable":true,"href":"https:\/\/www.diario21.tv\/noticias\/wp-json\/wp\/v2\/media\/283"}],"wp:attachment":[{"href":"https:\/\/www.diario21.tv\/noticias\/wp-json\/wp\/v2\/media?parent=282"}],"wp:term":[{"taxonomy":"category","embeddable":true,"href":"https:\/\/www.diario21.tv\/noticias\/wp-json\/wp\/v2\/categories?post=282"},{"taxonomy":"post_tag","embeddable":true,"href":"https:\/\/www.diario21.tv\/noticias\/wp-json\/wp\/v2\/tags?post=282"}],"curies":[{"name":"wp","href":"https:\/\/api.w.org\/{rel}","templated":true}]}}