{"id":2797,"date":"2025-04-14T21:14:05","date_gmt":"2025-04-14T21:14:05","guid":{"rendered":"https:\/\/www.diario21.tv\/noticias\/familia-sin-indemnizacion-tras-muerte-por-implante-capilar-en-bilbao\/"},"modified":"2025-04-14T21:14:07","modified_gmt":"2025-04-14T21:14:07","slug":"familia-sin-indemnizacion-tras-muerte-por-implante-capilar-en-bilbao","status":"publish","type":"post","link":"https:\/\/www.diario21.tv\/noticias\/familia-sin-indemnizacion-tras-muerte-por-implante-capilar-en-bilbao\/","title":{"rendered":"Familia sin indemnizaci\u00f3n tras muerte por implante capilar en Bilbao"},"content":{"rendered":"<h2>Denegaci\u00f3n de Compensaci\u00f3n a la Familia del Difunto por Implante Capilar en Bilbao<\/h2>\n<p>La familia de un hombre que perdi\u00f3 la vida despu\u00e9s de someterse a un procedimiento de implante capilar en Bilbao ha recibido la noticia de que no recibir\u00e1n indemnizaci\u00f3n alguna. Este caso ha llamado la atenci\u00f3n sobre los riesgos asociados con procedimientos cosm\u00e9ticos que generalmente se consideran seguros.<\/p>\n<h3>Detalles del Incidente<\/h3>\n<p>El tr\u00e1gico suceso ocurri\u00f3 luego de que el individuo, cuyo nombre no ha sido divulgado, decidiera someterse a un tratamiento de implante capilar en una conocida cl\u00ednica de Bilbao. Desafortunadamente, tras la operaci\u00f3n, comenz\u00f3 a experimentar complicaciones severas que finalmente llevaron a su muerte. La familia, devastada, busc\u00f3 justicia y compensaci\u00f3n por la p\u00e9rdida de su ser querido, alegando negligencia por parte de la cl\u00ednica.<\/p>\n<h3>Proceso Legal y Resultado<\/h3>\n<p>Despu\u00e9s de un detenido proceso legal, el caso fue finalmente resuelto sin conceder la compensaci\u00f3n que la familia del difunto esperaba. El tribunal determin\u00f3 que no hab\u00eda suficiente evidencia para demostrar una negligencia directa que pudiera haber causado el fallecimiento. Seg\u00fan los informes, el fallo enfatiz\u00f3 que todos los procedimientos m\u00e9dicos conllevan ciertos riesgos y que el paciente hab\u00eda sido informado adecuadamente antes de someterse al tratamiento.<\/p>\n<h3>Reacciones y Consecuencias<\/h3>\n<p>La decisi\u00f3n ha sido recibida con sentimientos encontrados. Por un lado, la comunidad m\u00e9dica ha reiterado la importancia de entender los riesgos inherentes a cualquier procedimiento quir\u00fargico, incluso aquellos que son rutinariamente realizados y considerados seguros. Por otro lado, la familia y sus simpatizantes expresan su decepci\u00f3n y tristeza, sintiendo que no se ha hecho justicia.<\/p>\n<p>Esta situaci\u00f3n ha generado un di\u00e1logo m\u00e1s amplio sobre las expectativas y las realidades de los tratamientos cosm\u00e9ticos y la necesidad de una regulaci\u00f3n y supervisi\u00f3n m\u00e1s estrictas para prevenir incidentes similares en el futuro. Adem\u00e1s, ha puesto de relieve la importancia de la elecci\u00f3n cuidadosa de profesionales y establecimientos de salud que cuentan con las acreditaciones y la experiencia necesarias para minimizar los riesgos.<\/p>\n<p>La familia, aunque desconsolada por la decisi\u00f3n, ha manifestado su intenci\u00f3n de seguir adelante, esperando que su caso sirva de advertencia para otros que consideren someterse a procedimientos similares. Mientras tanto, la cl\u00ednica involucrada contin\u00faa operando, pero con un renovado escrutinio por parte de las autoridades de salud y potenciales clientes.<\/p>\n\n\n<div class=\"kk-star-ratings kksr-auto kksr-align-left kksr-valign-bottom\"\n    data-payload='{&quot;align&quot;:&quot;left&quot;,&quot;id&quot;:&quot;2797&quot;,&quot;slug&quot;:&quot;default&quot;,&quot;valign&quot;:&quot;bottom&quot;,&quot;ignore&quot;:&quot;&quot;,&quot;reference&quot;:&quot;auto&quot;,&quot;class&quot;:&quot;&quot;,&quot;count&quot;:&quot;1&quot;,&quot;legendonly&quot;:&quot;&quot;,&quot;readonly&quot;:&quot;&quot;,&quot;score&quot;:&quot;1&quot;,&quot;starsonly&quot;:&quot;&quot;,&quot;best&quot;:&quot;5&quot;,&quot;gap&quot;:&quot;5&quot;,&quot;greet&quot;:&quot;Valora este post&quot;,&quot;legend&quot;:&quot;1\\\/5 - (1 vote)&quot;,&quot;size&quot;:&quot;22&quot;,&quot;title&quot;:&quot;Familia sin indemnizaci\u00f3n tras muerte por implante capilar en Bilbao&quot;,&quot;width&quot;:&quot;24.5&quot;,&quot;_legend&quot;:&quot;{score}\\\/{best} - ({count} {votes})&quot;,&quot;font_factor&quot;:&quot;1.25&quot;}'>\n            \n<div class=\"kksr-stars\">\n    \n<div class=\"kksr-stars-inactive\">\n            <div class=\"kksr-star\" data-star=\"1\" style=\"padding-right: 5px\">\n            \n\n<div class=\"kksr-icon\" style=\"width: 22px; height: 22px;\"><\/div>\n        <\/div>\n            <div class=\"kksr-star\" data-star=\"2\" style=\"padding-right: 5px\">\n            \n\n<div class=\"kksr-icon\" style=\"width: 22px; height: 22px;\"><\/div>\n        <\/div>\n            <div class=\"kksr-star\" data-star=\"3\" style=\"padding-right: 5px\">\n            \n\n<div class=\"kksr-icon\" style=\"width: 22px; height: 22px;\"><\/div>\n        <\/div>\n            <div class=\"kksr-star\" data-star=\"4\" style=\"padding-right: 5px\">\n            \n\n<div class=\"kksr-icon\" style=\"width: 22px; height: 22px;\"><\/div>\n        <\/div>\n            <div class=\"kksr-star\" data-star=\"5\" style=\"padding-right: 5px\">\n            \n\n<div class=\"kksr-icon\" style=\"width: 22px; height: 22px;\"><\/div>\n        <\/div>\n    <\/div>\n    \n<div class=\"kksr-stars-active\" style=\"width: 24.5px;\">\n            <div class=\"kksr-star\" style=\"padding-right: 5px\">\n            \n\n<div class=\"kksr-icon\" style=\"width: 22px; height: 22px;\"><\/div>\n        <\/div>\n            <div class=\"kksr-star\" style=\"padding-right: 5px\">\n            \n\n<div class=\"kksr-icon\" style=\"width: 22px; height: 22px;\"><\/div>\n        <\/div>\n            <div class=\"kksr-star\" style=\"padding-right: 5px\">\n            \n\n<div class=\"kksr-icon\" style=\"width: 22px; height: 22px;\"><\/div>\n        <\/div>\n            <div class=\"kksr-star\" style=\"padding-right: 5px\">\n            \n\n<div class=\"kksr-icon\" style=\"width: 22px; height: 22px;\"><\/div>\n        <\/div>\n            <div class=\"kksr-star\" style=\"padding-right: 5px\">\n            \n\n<div class=\"kksr-icon\" style=\"width: 22px; height: 22px;\"><\/div>\n        <\/div>\n    <\/div>\n<\/div>\n                \n\n<div class=\"kksr-legend\" style=\"font-size: 17.6px;\">\n            1\/5 - (1 vote)    <\/div>\n    <\/div>\n","protected":false},"excerpt":{"rendered":"<p>Denegaci\u00f3n de Compensaci\u00f3n a la Familia del Difunto por Implante Capilar en Bilbao La familia de un hombre que perdi\u00f3 la vida despu\u00e9s de someterse a &#8230; <a title=\"Familia sin indemnizaci\u00f3n tras muerte por implante capilar en Bilbao\" class=\"read-more\" href=\"https:\/\/www.diario21.tv\/noticias\/familia-sin-indemnizacion-tras-muerte-por-implante-capilar-en-bilbao\/\" aria-label=\"Leer m\u00e1s sobre Familia sin indemnizaci\u00f3n tras muerte por implante capilar en Bilbao\">Seguir leyendo &rarr;<\/a><\/p>\n","protected":false},"author":20,"featured_media":2798,"comment_status":"open","ping_status":"open","sticky":false,"template":"","format":"standard","meta":{"footnotes":""},"categories":[13],"tags":[],"class_list":["post-2797","post","type-post","status-publish","format-standard","has-post-thumbnail","hentry","category-portada"],"yoast_head":"<!-- This site is optimized with the Yoast SEO plugin v25.6 - https:\/\/yoast.com\/wordpress\/plugins\/seo\/ -->\n<title>Familia sin indemnizaci\u00f3n tras muerte por implante capilar en Bilbao - Diario 21<\/title>\n<meta name=\"robots\" content=\"index, follow, max-snippet:-1, max-image-preview:large, max-video-preview:-1\" \/>\n<link rel=\"canonical\" href=\"https:\/\/www.diario21.tv\/noticias\/familia-sin-indemnizacion-tras-muerte-por-implante-capilar-en-bilbao\/\" \/>\n<meta property=\"og:locale\" content=\"es_ES\" \/>\n<meta property=\"og:type\" content=\"article\" \/>\n<meta property=\"og:title\" content=\"Familia sin indemnizaci\u00f3n tras muerte por implante capilar en Bilbao - Diario 21\" \/>\n<meta property=\"og:description\" content=\"Denegaci\u00f3n de Compensaci\u00f3n a la Familia del Difunto por Implante Capilar en Bilbao La familia de un hombre que perdi\u00f3 la vida despu\u00e9s de someterse a ... Seguir leyendo &rarr;\" \/>\n<meta property=\"og:url\" content=\"https:\/\/www.diario21.tv\/noticias\/familia-sin-indemnizacion-tras-muerte-por-implante-capilar-en-bilbao\/\" \/>\n<meta property=\"og:site_name\" content=\"Diario 21\" \/>\n<meta property=\"article:published_time\" content=\"2025-04-14T21:14:05+00:00\" \/>\n<meta property=\"article:modified_time\" content=\"2025-04-14T21:14:07+00:00\" \/>\n<meta property=\"og:image\" content=\"https:\/\/www.diario21.tv\/noticias\/wp-content\/uploads\/2025\/04\/Familia-sin-indemnizacion-tras-muerte-por-implante-capilar-en-Bilbao.jpg\" \/>\n\t<meta property=\"og:image:width\" content=\"1920\" \/>\n\t<meta property=\"og:image:height\" content=\"1080\" \/>\n\t<meta property=\"og:image:type\" content=\"image\/jpeg\" \/>\n<meta name=\"author\" content=\"Juan P\u00e9rez\" \/>\n<meta name=\"twitter:card\" content=\"summary_large_image\" \/>\n<meta name=\"twitter:label1\" content=\"Escrito por\" \/>\n\t<meta name=\"twitter:data1\" content=\"Juan P\u00e9rez\" \/>\n\t<meta name=\"twitter:label2\" content=\"Tiempo de lectura\" \/>\n\t<meta name=\"twitter:data2\" content=\"2 minutos\" \/>\n<script type=\"application\/ld+json\" class=\"yoast-schema-graph\">{\"@context\":\"https:\/\/schema.org\",\"@graph\":[{\"@type\":\"WebPage\",\"@id\":\"https:\/\/www.diario21.tv\/noticias\/familia-sin-indemnizacion-tras-muerte-por-implante-capilar-en-bilbao\/\",\"url\":\"https:\/\/www.diario21.tv\/noticias\/familia-sin-indemnizacion-tras-muerte-por-implante-capilar-en-bilbao\/\",\"name\":\"Familia sin indemnizaci\u00f3n tras muerte por implante capilar en Bilbao - Diario 21\",\"isPartOf\":{\"@id\":\"https:\/\/www.diario21.tv\/noticias\/#website\"},\"primaryImageOfPage\":{\"@id\":\"https:\/\/www.diario21.tv\/noticias\/familia-sin-indemnizacion-tras-muerte-por-implante-capilar-en-bilbao\/#primaryimage\"},\"image\":{\"@id\":\"https:\/\/www.diario21.tv\/noticias\/familia-sin-indemnizacion-tras-muerte-por-implante-capilar-en-bilbao\/#primaryimage\"},\"thumbnailUrl\":\"https:\/\/www.diario21.tv\/noticias\/wp-content\/uploads\/2025\/04\/Familia-sin-indemnizacion-tras-muerte-por-implante-capilar-en-Bilbao.jpg\",\"datePublished\":\"2025-04-14T21:14:05+00:00\",\"dateModified\":\"2025-04-14T21:14:07+00:00\",\"author\":{\"@id\":\"https:\/\/www.diario21.tv\/noticias\/#\/schema\/person\/dfb778f73814d8f09f302618446a526b\"},\"breadcrumb\":{\"@id\":\"https:\/\/www.diario21.tv\/noticias\/familia-sin-indemnizacion-tras-muerte-por-implante-capilar-en-bilbao\/#breadcrumb\"},\"inLanguage\":\"es-AR\",\"potentialAction\":[{\"@type\":\"ReadAction\",\"target\":[\"https:\/\/www.diario21.tv\/noticias\/familia-sin-indemnizacion-tras-muerte-por-implante-capilar-en-bilbao\/\"]}]},{\"@type\":\"ImageObject\",\"inLanguage\":\"es-AR\",\"@id\":\"https:\/\/www.diario21.tv\/noticias\/familia-sin-indemnizacion-tras-muerte-por-implante-capilar-en-bilbao\/#primaryimage\",\"url\":\"https:\/\/www.diario21.tv\/noticias\/wp-content\/uploads\/2025\/04\/Familia-sin-indemnizacion-tras-muerte-por-implante-capilar-en-Bilbao.jpg\",\"contentUrl\":\"https:\/\/www.diario21.tv\/noticias\/wp-content\/uploads\/2025\/04\/Familia-sin-indemnizacion-tras-muerte-por-implante-capilar-en-Bilbao.jpg\",\"width\":1920,\"height\":1080,\"caption\":\"La familia del fallecido tras un implante capilar en Bilbao no ser\u00e1 indemnizada\"},{\"@type\":\"BreadcrumbList\",\"@id\":\"https:\/\/www.diario21.tv\/noticias\/familia-sin-indemnizacion-tras-muerte-por-implante-capilar-en-bilbao\/#breadcrumb\",\"itemListElement\":[{\"@type\":\"ListItem\",\"position\":1,\"name\":\"Accueil\",\"item\":\"https:\/\/www.diario21.tv\/noticias\/\"},{\"@type\":\"ListItem\",\"position\":2,\"name\":\"Familia sin indemnizaci\u00f3n tras muerte por implante capilar en Bilbao\"}]},{\"@type\":\"WebSite\",\"@id\":\"https:\/\/www.diario21.tv\/noticias\/#website\",\"url\":\"https:\/\/www.diario21.tv\/noticias\/\",\"name\":\"Diario 21\",\"description\":\"\",\"potentialAction\":[{\"@type\":\"SearchAction\",\"target\":{\"@type\":\"EntryPoint\",\"urlTemplate\":\"https:\/\/www.diario21.tv\/noticias\/?s={search_term_string}\"},\"query-input\":{\"@type\":\"PropertyValueSpecification\",\"valueRequired\":true,\"valueName\":\"search_term_string\"}}],\"inLanguage\":\"es-AR\"},{\"@type\":\"Person\",\"@id\":\"https:\/\/www.diario21.tv\/noticias\/#\/schema\/person\/dfb778f73814d8f09f302618446a526b\",\"name\":\"Juan P\u00e9rez\",\"image\":{\"@type\":\"ImageObject\",\"inLanguage\":\"es-AR\",\"@id\":\"https:\/\/www.diario21.tv\/noticias\/#\/schema\/person\/image\/\",\"url\":\"https:\/\/secure.gravatar.com\/avatar\/c478a405bd10621167f4c3167cc770f5?s=96&d=mm&r=g\",\"contentUrl\":\"https:\/\/secure.gravatar.com\/avatar\/c478a405bd10621167f4c3167cc770f5?s=96&d=mm&r=g\",\"caption\":\"Juan P\u00e9rez\"},\"description\":\"Juan P\u00e9rez es el redactor en jefe de Diario 21. Con m\u00e1s de 10 a\u00f1os de experiencia en el periodismo, se especializa en pol\u00edtica nacional y an\u00e1lisis socioecon\u00f3mico. Su enfoque cr\u00edtico y riguroso aporta una perspectiva \u00fanica a cada art\u00edculo.\",\"sameAs\":[\"https:\/\/www.diario21.tv\/noticias\/\"],\"url\":\"https:\/\/www.diario21.tv\/noticias\/author\/juan-perez\/\"}]}<\/script>\n<!-- \/ Yoast SEO plugin. -->","yoast_head_json":{"title":"Familia sin indemnizaci\u00f3n tras muerte por implante capilar en Bilbao - Diario 21","robots":{"index":"index","follow":"follow","max-snippet":"max-snippet:-1","max-image-preview":"max-image-preview:large","max-video-preview":"max-video-preview:-1"},"canonical":"https:\/\/www.diario21.tv\/noticias\/familia-sin-indemnizacion-tras-muerte-por-implante-capilar-en-bilbao\/","og_locale":"es_ES","og_type":"article","og_title":"Familia sin indemnizaci\u00f3n tras muerte por implante capilar en Bilbao - Diario 21","og_description":"Denegaci\u00f3n de Compensaci\u00f3n a la Familia del Difunto por Implante Capilar en Bilbao La familia de un hombre que perdi\u00f3 la vida despu\u00e9s de someterse a ... Seguir leyendo &rarr;","og_url":"https:\/\/www.diario21.tv\/noticias\/familia-sin-indemnizacion-tras-muerte-por-implante-capilar-en-bilbao\/","og_site_name":"Diario 21","article_published_time":"2025-04-14T21:14:05+00:00","article_modified_time":"2025-04-14T21:14:07+00:00","og_image":[{"width":1920,"height":1080,"url":"https:\/\/www.diario21.tv\/noticias\/wp-content\/uploads\/2025\/04\/Familia-sin-indemnizacion-tras-muerte-por-implante-capilar-en-Bilbao.jpg","type":"image\/jpeg"}],"author":"Juan P\u00e9rez","twitter_card":"summary_large_image","twitter_misc":{"Escrito por":"Juan P\u00e9rez","Tiempo de lectura":"2 minutos"},"schema":{"@context":"https:\/\/schema.org","@graph":[{"@type":"WebPage","@id":"https:\/\/www.diario21.tv\/noticias\/familia-sin-indemnizacion-tras-muerte-por-implante-capilar-en-bilbao\/","url":"https:\/\/www.diario21.tv\/noticias\/familia-sin-indemnizacion-tras-muerte-por-implante-capilar-en-bilbao\/","name":"Familia sin indemnizaci\u00f3n tras muerte por implante capilar en Bilbao - Diario 21","isPartOf":{"@id":"https:\/\/www.diario21.tv\/noticias\/#website"},"primaryImageOfPage":{"@id":"https:\/\/www.diario21.tv\/noticias\/familia-sin-indemnizacion-tras-muerte-por-implante-capilar-en-bilbao\/#primaryimage"},"image":{"@id":"https:\/\/www.diario21.tv\/noticias\/familia-sin-indemnizacion-tras-muerte-por-implante-capilar-en-bilbao\/#primaryimage"},"thumbnailUrl":"https:\/\/www.diario21.tv\/noticias\/wp-content\/uploads\/2025\/04\/Familia-sin-indemnizacion-tras-muerte-por-implante-capilar-en-Bilbao.jpg","datePublished":"2025-04-14T21:14:05+00:00","dateModified":"2025-04-14T21:14:07+00:00","author":{"@id":"https:\/\/www.diario21.tv\/noticias\/#\/schema\/person\/dfb778f73814d8f09f302618446a526b"},"breadcrumb":{"@id":"https:\/\/www.diario21.tv\/noticias\/familia-sin-indemnizacion-tras-muerte-por-implante-capilar-en-bilbao\/#breadcrumb"},"inLanguage":"es-AR","potentialAction":[{"@type":"ReadAction","target":["https:\/\/www.diario21.tv\/noticias\/familia-sin-indemnizacion-tras-muerte-por-implante-capilar-en-bilbao\/"]}]},{"@type":"ImageObject","inLanguage":"es-AR","@id":"https:\/\/www.diario21.tv\/noticias\/familia-sin-indemnizacion-tras-muerte-por-implante-capilar-en-bilbao\/#primaryimage","url":"https:\/\/www.diario21.tv\/noticias\/wp-content\/uploads\/2025\/04\/Familia-sin-indemnizacion-tras-muerte-por-implante-capilar-en-Bilbao.jpg","contentUrl":"https:\/\/www.diario21.tv\/noticias\/wp-content\/uploads\/2025\/04\/Familia-sin-indemnizacion-tras-muerte-por-implante-capilar-en-Bilbao.jpg","width":1920,"height":1080,"caption":"La familia del fallecido tras un implante capilar en Bilbao no ser\u00e1 indemnizada"},{"@type":"BreadcrumbList","@id":"https:\/\/www.diario21.tv\/noticias\/familia-sin-indemnizacion-tras-muerte-por-implante-capilar-en-bilbao\/#breadcrumb","itemListElement":[{"@type":"ListItem","position":1,"name":"Accueil","item":"https:\/\/www.diario21.tv\/noticias\/"},{"@type":"ListItem","position":2,"name":"Familia sin indemnizaci\u00f3n tras muerte por implante capilar en Bilbao"}]},{"@type":"WebSite","@id":"https:\/\/www.diario21.tv\/noticias\/#website","url":"https:\/\/www.diario21.tv\/noticias\/","name":"Diario 21","description":"","potentialAction":[{"@type":"SearchAction","target":{"@type":"EntryPoint","urlTemplate":"https:\/\/www.diario21.tv\/noticias\/?s={search_term_string}"},"query-input":{"@type":"PropertyValueSpecification","valueRequired":true,"valueName":"search_term_string"}}],"inLanguage":"es-AR"},{"@type":"Person","@id":"https:\/\/www.diario21.tv\/noticias\/#\/schema\/person\/dfb778f73814d8f09f302618446a526b","name":"Juan P\u00e9rez","image":{"@type":"ImageObject","inLanguage":"es-AR","@id":"https:\/\/www.diario21.tv\/noticias\/#\/schema\/person\/image\/","url":"https:\/\/secure.gravatar.com\/avatar\/c478a405bd10621167f4c3167cc770f5?s=96&d=mm&r=g","contentUrl":"https:\/\/secure.gravatar.com\/avatar\/c478a405bd10621167f4c3167cc770f5?s=96&d=mm&r=g","caption":"Juan P\u00e9rez"},"description":"Juan P\u00e9rez es el redactor en jefe de Diario 21. Con m\u00e1s de 10 a\u00f1os de experiencia en el periodismo, se especializa en pol\u00edtica nacional y an\u00e1lisis socioecon\u00f3mico. Su enfoque cr\u00edtico y riguroso aporta una perspectiva \u00fanica a cada art\u00edculo.","sameAs":["https:\/\/www.diario21.tv\/noticias\/"],"url":"https:\/\/www.diario21.tv\/noticias\/author\/juan-perez\/"}]}},"_links":{"self":[{"href":"https:\/\/www.diario21.tv\/noticias\/wp-json\/wp\/v2\/posts\/2797"}],"collection":[{"href":"https:\/\/www.diario21.tv\/noticias\/wp-json\/wp\/v2\/posts"}],"about":[{"href":"https:\/\/www.diario21.tv\/noticias\/wp-json\/wp\/v2\/types\/post"}],"author":[{"embeddable":true,"href":"https:\/\/www.diario21.tv\/noticias\/wp-json\/wp\/v2\/users\/20"}],"replies":[{"embeddable":true,"href":"https:\/\/www.diario21.tv\/noticias\/wp-json\/wp\/v2\/comments?post=2797"}],"version-history":[{"count":1,"href":"https:\/\/www.diario21.tv\/noticias\/wp-json\/wp\/v2\/posts\/2797\/revisions"}],"predecessor-version":[{"id":2799,"href":"https:\/\/www.diario21.tv\/noticias\/wp-json\/wp\/v2\/posts\/2797\/revisions\/2799"}],"wp:featuredmedia":[{"embeddable":true,"href":"https:\/\/www.diario21.tv\/noticias\/wp-json\/wp\/v2\/media\/2798"}],"wp:attachment":[{"href":"https:\/\/www.diario21.tv\/noticias\/wp-json\/wp\/v2\/media?parent=2797"}],"wp:term":[{"taxonomy":"category","embeddable":true,"href":"https:\/\/www.diario21.tv\/noticias\/wp-json\/wp\/v2\/categories?post=2797"},{"taxonomy":"post_tag","embeddable":true,"href":"https:\/\/www.diario21.tv\/noticias\/wp-json\/wp\/v2\/tags?post=2797"}],"curies":[{"name":"wp","href":"https:\/\/api.w.org\/{rel}","templated":true}]}}