{"id":279,"date":"2024-09-03T22:00:14","date_gmt":"2024-09-03T22:00:14","guid":{"rendered":"https:\/\/www.diario21.tv\/noticias\/alerta-gripe-aviar-y-viruela-del-mono-son-peores-que-el-covid-descubre-la-verdad\/"},"modified":"2024-09-03T22:00:22","modified_gmt":"2024-09-03T22:00:22","slug":"alerta-gripe-aviar-y-viruela-del-mono-son-peores-que-el-covid-descubre-la-verdad","status":"publish","type":"post","link":"https:\/\/www.diario21.tv\/noticias\/alerta-gripe-aviar-y-viruela-del-mono-son-peores-que-el-covid-descubre-la-verdad\/","title":{"rendered":"\u00a1Alerta! Gripe Aviar y Viruela del Mono: \u00bfSon peores que el Covid? \u00a1Descubre la verdad!"},"content":{"rendered":"<h2 class=\"v-a-sub-t\">\nDos agentes virales resurgen desde Am\u00e9rica del Norte y \u00c1frica, sin embargo, la humanidad est\u00e1 m\u00e1s equipada para enfrentarlos despu\u00e9s de la pandemia de Covid. Eso s\u00ed, debemos evitar repetir errores pasados<br \/>\n<\/h2>\n<p><\/p>\n<p class=\"v-p\">Cerca de cinco a\u00f1os han transcurrido desde que el covid hizo su aparici\u00f3n en China y es razonable cuestionar si hemos obtenido alg\u00fan aprendizaje de la pandemia m\u00e1s grande en el \u00faltimo siglo. \u00abIndudablemente. Hemos aprendido much\u00edsimo\u00bb, asegura Juan Emilio Echevarr\u00eda, miembro de la Sociedad Espa\u00f1ola de Virolog\u00eda. \u00ab&#8230;<\/p>\n\n\n<div class=\"kk-star-ratings kksr-auto kksr-align-left kksr-valign-bottom\"\n    data-payload='{&quot;align&quot;:&quot;left&quot;,&quot;id&quot;:&quot;279&quot;,&quot;slug&quot;:&quot;default&quot;,&quot;valign&quot;:&quot;bottom&quot;,&quot;ignore&quot;:&quot;&quot;,&quot;reference&quot;:&quot;auto&quot;,&quot;class&quot;:&quot;&quot;,&quot;count&quot;:&quot;1&quot;,&quot;legendonly&quot;:&quot;&quot;,&quot;readonly&quot;:&quot;&quot;,&quot;score&quot;:&quot;1&quot;,&quot;starsonly&quot;:&quot;&quot;,&quot;best&quot;:&quot;5&quot;,&quot;gap&quot;:&quot;5&quot;,&quot;greet&quot;:&quot;Valora este post&quot;,&quot;legend&quot;:&quot;1\\\/5 - (1 vote)&quot;,&quot;size&quot;:&quot;22&quot;,&quot;title&quot;:&quot;\u00a1Alerta! Gripe Aviar y Viruela del Mono: \u00bfSon peores que el Covid? \u00a1Descubre la verdad!&quot;,&quot;width&quot;:&quot;24.5&quot;,&quot;_legend&quot;:&quot;{score}\\\/{best} - ({count} {votes})&quot;,&quot;font_factor&quot;:&quot;1.25&quot;}'>\n            \n<div class=\"kksr-stars\">\n    \n<div class=\"kksr-stars-inactive\">\n            <div class=\"kksr-star\" data-star=\"1\" style=\"padding-right: 5px\">\n            \n\n<div class=\"kksr-icon\" style=\"width: 22px; height: 22px;\"><\/div>\n        <\/div>\n            <div class=\"kksr-star\" data-star=\"2\" style=\"padding-right: 5px\">\n            \n\n<div class=\"kksr-icon\" style=\"width: 22px; height: 22px;\"><\/div>\n        <\/div>\n            <div class=\"kksr-star\" data-star=\"3\" style=\"padding-right: 5px\">\n            \n\n<div class=\"kksr-icon\" style=\"width: 22px; height: 22px;\"><\/div>\n        <\/div>\n            <div class=\"kksr-star\" data-star=\"4\" style=\"padding-right: 5px\">\n            \n\n<div class=\"kksr-icon\" style=\"width: 22px; height: 22px;\"><\/div>\n        <\/div>\n            <div class=\"kksr-star\" data-star=\"5\" style=\"padding-right: 5px\">\n            \n\n<div class=\"kksr-icon\" style=\"width: 22px; height: 22px;\"><\/div>\n        <\/div>\n    <\/div>\n    \n<div class=\"kksr-stars-active\" style=\"width: 24.5px;\">\n            <div class=\"kksr-star\" style=\"padding-right: 5px\">\n            \n\n<div class=\"kksr-icon\" style=\"width: 22px; height: 22px;\"><\/div>\n        <\/div>\n            <div class=\"kksr-star\" style=\"padding-right: 5px\">\n            \n\n<div class=\"kksr-icon\" style=\"width: 22px; height: 22px;\"><\/div>\n        <\/div>\n            <div class=\"kksr-star\" style=\"padding-right: 5px\">\n            \n\n<div class=\"kksr-icon\" style=\"width: 22px; height: 22px;\"><\/div>\n        <\/div>\n            <div class=\"kksr-star\" style=\"padding-right: 5px\">\n            \n\n<div class=\"kksr-icon\" style=\"width: 22px; height: 22px;\"><\/div>\n        <\/div>\n            <div class=\"kksr-star\" style=\"padding-right: 5px\">\n            \n\n<div class=\"kksr-icon\" style=\"width: 22px; height: 22px;\"><\/div>\n        <\/div>\n    <\/div>\n<\/div>\n                \n\n<div class=\"kksr-legend\" style=\"font-size: 17.6px;\">\n            1\/5 - (1 vote)    <\/div>\n    <\/div>\n","protected":false},"excerpt":{"rendered":"<p>Dos agentes virales resurgen desde Am\u00e9rica del Norte y \u00c1frica, sin embargo, la humanidad est\u00e1 m\u00e1s equipada para enfrentarlos despu\u00e9s de la pandemia de Covid. Eso &#8230; <a title=\"\u00a1Alerta! Gripe Aviar y Viruela del Mono: \u00bfSon peores que el Covid? \u00a1Descubre la verdad!\" class=\"read-more\" href=\"https:\/\/www.diario21.tv\/noticias\/alerta-gripe-aviar-y-viruela-del-mono-son-peores-que-el-covid-descubre-la-verdad\/\" aria-label=\"Leer m\u00e1s sobre \u00a1Alerta! Gripe Aviar y Viruela del Mono: \u00bfSon peores que el Covid? \u00a1Descubre la verdad!\">Seguir leyendo &rarr;<\/a><\/p>\n","protected":false},"author":16,"featured_media":280,"comment_status":"open","ping_status":"open","sticky":false,"template":"","format":"standard","meta":{"footnotes":""},"categories":[12],"tags":[],"class_list":["post-279","post","type-post","status-publish","format-standard","has-post-thumbnail","hentry","category-tendencia"],"yoast_head":"<!-- This site is optimized with the Yoast SEO plugin v25.6 - https:\/\/yoast.com\/wordpress\/plugins\/seo\/ -->\n<title>\u00a1Alerta! Gripe Aviar y Viruela del Mono: \u00bfSon peores que el Covid? \u00a1Descubre la verdad! - Diario 21<\/title>\n<meta name=\"robots\" content=\"index, follow, max-snippet:-1, max-image-preview:large, max-video-preview:-1\" \/>\n<link rel=\"canonical\" href=\"https:\/\/www.diario21.tv\/noticias\/alerta-gripe-aviar-y-viruela-del-mono-son-peores-que-el-covid-descubre-la-verdad\/\" \/>\n<meta property=\"og:locale\" content=\"es_ES\" \/>\n<meta property=\"og:type\" content=\"article\" \/>\n<meta property=\"og:title\" content=\"\u00a1Alerta! Gripe Aviar y Viruela del Mono: \u00bfSon peores que el Covid? \u00a1Descubre la verdad! - Diario 21\" \/>\n<meta property=\"og:description\" content=\"Dos agentes virales resurgen desde Am\u00e9rica del Norte y \u00c1frica, sin embargo, la humanidad est\u00e1 m\u00e1s equipada para enfrentarlos despu\u00e9s de la pandemia de Covid. Eso ... Seguir leyendo &rarr;\" \/>\n<meta property=\"og:url\" content=\"https:\/\/www.diario21.tv\/noticias\/alerta-gripe-aviar-y-viruela-del-mono-son-peores-que-el-covid-descubre-la-verdad\/\" \/>\n<meta property=\"og:site_name\" content=\"Diario 21\" \/>\n<meta property=\"article:published_time\" content=\"2024-09-03T22:00:14+00:00\" \/>\n<meta property=\"article:modified_time\" content=\"2024-09-03T22:00:22+00:00\" \/>\n<meta property=\"og:image\" content=\"https:\/\/www.diario21.tv\/noticias\/wp-content\/uploads\/2024\/09\/\u00a1Alerta-Gripe-Aviar-y-Viruela-del-Mono-\u00bfSon-peores-que.JPG\" \/>\n\t<meta property=\"og:image:width\" content=\"1920\" \/>\n\t<meta property=\"og:image:height\" content=\"1080\" \/>\n\t<meta property=\"og:image:type\" content=\"image\/jpeg\" \/>\n<meta name=\"author\" content=\"Diario 21\" \/>\n<meta name=\"twitter:card\" content=\"summary_large_image\" \/>\n<meta name=\"twitter:label1\" content=\"Escrito por\" \/>\n\t<meta name=\"twitter:data1\" content=\"Diario 21\" \/>\n<script type=\"application\/ld+json\" class=\"yoast-schema-graph\">{\"@context\":\"https:\/\/schema.org\",\"@graph\":[{\"@type\":\"WebPage\",\"@id\":\"https:\/\/www.diario21.tv\/noticias\/alerta-gripe-aviar-y-viruela-del-mono-son-peores-que-el-covid-descubre-la-verdad\/\",\"url\":\"https:\/\/www.diario21.tv\/noticias\/alerta-gripe-aviar-y-viruela-del-mono-son-peores-que-el-covid-descubre-la-verdad\/\",\"name\":\"\u00a1Alerta! Gripe Aviar y Viruela del Mono: \u00bfSon peores que el Covid? \u00a1Descubre la verdad! - Diario 21\",\"isPartOf\":{\"@id\":\"https:\/\/www.diario21.tv\/noticias\/#website\"},\"primaryImageOfPage\":{\"@id\":\"https:\/\/www.diario21.tv\/noticias\/alerta-gripe-aviar-y-viruela-del-mono-son-peores-que-el-covid-descubre-la-verdad\/#primaryimage\"},\"image\":{\"@id\":\"https:\/\/www.diario21.tv\/noticias\/alerta-gripe-aviar-y-viruela-del-mono-son-peores-que-el-covid-descubre-la-verdad\/#primaryimage\"},\"thumbnailUrl\":\"https:\/\/www.diario21.tv\/noticias\/wp-content\/uploads\/2024\/09\/\u00a1Alerta-Gripe-Aviar-y-Viruela-del-Mono-\u00bfSon-peores-que.JPG\",\"datePublished\":\"2024-09-03T22:00:14+00:00\",\"dateModified\":\"2024-09-03T22:00:22+00:00\",\"author\":{\"@id\":\"https:\/\/www.diario21.tv\/noticias\/#\/schema\/person\/7de9d6205bd3da5b7f01f5cffb18d715\"},\"breadcrumb\":{\"@id\":\"https:\/\/www.diario21.tv\/noticias\/alerta-gripe-aviar-y-viruela-del-mono-son-peores-que-el-covid-descubre-la-verdad\/#breadcrumb\"},\"inLanguage\":\"es-AR\",\"potentialAction\":[{\"@type\":\"ReadAction\",\"target\":[\"https:\/\/www.diario21.tv\/noticias\/alerta-gripe-aviar-y-viruela-del-mono-son-peores-que-el-covid-descubre-la-verdad\/\"]}]},{\"@type\":\"ImageObject\",\"inLanguage\":\"es-AR\",\"@id\":\"https:\/\/www.diario21.tv\/noticias\/alerta-gripe-aviar-y-viruela-del-mono-son-peores-que-el-covid-descubre-la-verdad\/#primaryimage\",\"url\":\"https:\/\/www.diario21.tv\/noticias\/wp-content\/uploads\/2024\/09\/\u00a1Alerta-Gripe-Aviar-y-Viruela-del-Mono-\u00bfSon-peores-que.JPG\",\"contentUrl\":\"https:\/\/www.diario21.tv\/noticias\/wp-content\/uploads\/2024\/09\/\u00a1Alerta-Gripe-Aviar-y-Viruela-del-Mono-\u00bfSon-peores-que.JPG\",\"width\":1920,\"height\":1080,\"caption\":\"Gripe aviar y viruela del mono, las dos amenazas a las que nos enfrentamos con las ense\u00f1anzas del covid\"},{\"@type\":\"BreadcrumbList\",\"@id\":\"https:\/\/www.diario21.tv\/noticias\/alerta-gripe-aviar-y-viruela-del-mono-son-peores-que-el-covid-descubre-la-verdad\/#breadcrumb\",\"itemListElement\":[{\"@type\":\"ListItem\",\"position\":1,\"name\":\"Accueil\",\"item\":\"https:\/\/www.diario21.tv\/noticias\/\"},{\"@type\":\"ListItem\",\"position\":2,\"name\":\"\u00a1Alerta! Gripe Aviar y Viruela del Mono: \u00bfSon peores que el Covid? \u00a1Descubre la verdad!\"}]},{\"@type\":\"WebSite\",\"@id\":\"https:\/\/www.diario21.tv\/noticias\/#website\",\"url\":\"https:\/\/www.diario21.tv\/noticias\/\",\"name\":\"Diario 21\",\"description\":\"\",\"potentialAction\":[{\"@type\":\"SearchAction\",\"target\":{\"@type\":\"EntryPoint\",\"urlTemplate\":\"https:\/\/www.diario21.tv\/noticias\/?s={search_term_string}\"},\"query-input\":{\"@type\":\"PropertyValueSpecification\",\"valueRequired\":true,\"valueName\":\"search_term_string\"}}],\"inLanguage\":\"es-AR\"},{\"@type\":\"Person\",\"@id\":\"https:\/\/www.diario21.tv\/noticias\/#\/schema\/person\/7de9d6205bd3da5b7f01f5cffb18d715\",\"name\":\"Diario 21\",\"image\":{\"@type\":\"ImageObject\",\"inLanguage\":\"es-AR\",\"@id\":\"https:\/\/www.diario21.tv\/noticias\/#\/schema\/person\/image\/\",\"url\":\"https:\/\/secure.gravatar.com\/avatar\/d1d5e764b940c8e5990284cabcd5dea9?s=96&d=mm&r=g\",\"contentUrl\":\"https:\/\/secure.gravatar.com\/avatar\/d1d5e764b940c8e5990284cabcd5dea9?s=96&d=mm&r=g\",\"caption\":\"Diario 21\"},\"url\":\"https:\/\/www.diario21.tv\/noticias\/author\/diario-21\/\"}]}<\/script>\n<!-- \/ Yoast SEO plugin. -->","yoast_head_json":{"title":"\u00a1Alerta! Gripe Aviar y Viruela del Mono: \u00bfSon peores que el Covid? \u00a1Descubre la verdad! - Diario 21","robots":{"index":"index","follow":"follow","max-snippet":"max-snippet:-1","max-image-preview":"max-image-preview:large","max-video-preview":"max-video-preview:-1"},"canonical":"https:\/\/www.diario21.tv\/noticias\/alerta-gripe-aviar-y-viruela-del-mono-son-peores-que-el-covid-descubre-la-verdad\/","og_locale":"es_ES","og_type":"article","og_title":"\u00a1Alerta! Gripe Aviar y Viruela del Mono: \u00bfSon peores que el Covid? \u00a1Descubre la verdad! - Diario 21","og_description":"Dos agentes virales resurgen desde Am\u00e9rica del Norte y \u00c1frica, sin embargo, la humanidad est\u00e1 m\u00e1s equipada para enfrentarlos despu\u00e9s de la pandemia de Covid. Eso ... Seguir leyendo &rarr;","og_url":"https:\/\/www.diario21.tv\/noticias\/alerta-gripe-aviar-y-viruela-del-mono-son-peores-que-el-covid-descubre-la-verdad\/","og_site_name":"Diario 21","article_published_time":"2024-09-03T22:00:14+00:00","article_modified_time":"2024-09-03T22:00:22+00:00","og_image":[{"width":1920,"height":1080,"url":"https:\/\/www.diario21.tv\/noticias\/wp-content\/uploads\/2024\/09\/\u00a1Alerta-Gripe-Aviar-y-Viruela-del-Mono-\u00bfSon-peores-que.JPG","type":"image\/jpeg"}],"author":"Diario 21","twitter_card":"summary_large_image","twitter_misc":{"Escrito por":"Diario 21"},"schema":{"@context":"https:\/\/schema.org","@graph":[{"@type":"WebPage","@id":"https:\/\/www.diario21.tv\/noticias\/alerta-gripe-aviar-y-viruela-del-mono-son-peores-que-el-covid-descubre-la-verdad\/","url":"https:\/\/www.diario21.tv\/noticias\/alerta-gripe-aviar-y-viruela-del-mono-son-peores-que-el-covid-descubre-la-verdad\/","name":"\u00a1Alerta! Gripe Aviar y Viruela del Mono: \u00bfSon peores que el Covid? \u00a1Descubre la verdad! - Diario 21","isPartOf":{"@id":"https:\/\/www.diario21.tv\/noticias\/#website"},"primaryImageOfPage":{"@id":"https:\/\/www.diario21.tv\/noticias\/alerta-gripe-aviar-y-viruela-del-mono-son-peores-que-el-covid-descubre-la-verdad\/#primaryimage"},"image":{"@id":"https:\/\/www.diario21.tv\/noticias\/alerta-gripe-aviar-y-viruela-del-mono-son-peores-que-el-covid-descubre-la-verdad\/#primaryimage"},"thumbnailUrl":"https:\/\/www.diario21.tv\/noticias\/wp-content\/uploads\/2024\/09\/\u00a1Alerta-Gripe-Aviar-y-Viruela-del-Mono-\u00bfSon-peores-que.JPG","datePublished":"2024-09-03T22:00:14+00:00","dateModified":"2024-09-03T22:00:22+00:00","author":{"@id":"https:\/\/www.diario21.tv\/noticias\/#\/schema\/person\/7de9d6205bd3da5b7f01f5cffb18d715"},"breadcrumb":{"@id":"https:\/\/www.diario21.tv\/noticias\/alerta-gripe-aviar-y-viruela-del-mono-son-peores-que-el-covid-descubre-la-verdad\/#breadcrumb"},"inLanguage":"es-AR","potentialAction":[{"@type":"ReadAction","target":["https:\/\/www.diario21.tv\/noticias\/alerta-gripe-aviar-y-viruela-del-mono-son-peores-que-el-covid-descubre-la-verdad\/"]}]},{"@type":"ImageObject","inLanguage":"es-AR","@id":"https:\/\/www.diario21.tv\/noticias\/alerta-gripe-aviar-y-viruela-del-mono-son-peores-que-el-covid-descubre-la-verdad\/#primaryimage","url":"https:\/\/www.diario21.tv\/noticias\/wp-content\/uploads\/2024\/09\/\u00a1Alerta-Gripe-Aviar-y-Viruela-del-Mono-\u00bfSon-peores-que.JPG","contentUrl":"https:\/\/www.diario21.tv\/noticias\/wp-content\/uploads\/2024\/09\/\u00a1Alerta-Gripe-Aviar-y-Viruela-del-Mono-\u00bfSon-peores-que.JPG","width":1920,"height":1080,"caption":"Gripe aviar y viruela del mono, las dos amenazas a las que nos enfrentamos con las ense\u00f1anzas del covid"},{"@type":"BreadcrumbList","@id":"https:\/\/www.diario21.tv\/noticias\/alerta-gripe-aviar-y-viruela-del-mono-son-peores-que-el-covid-descubre-la-verdad\/#breadcrumb","itemListElement":[{"@type":"ListItem","position":1,"name":"Accueil","item":"https:\/\/www.diario21.tv\/noticias\/"},{"@type":"ListItem","position":2,"name":"\u00a1Alerta! Gripe Aviar y Viruela del Mono: \u00bfSon peores que el Covid? \u00a1Descubre la verdad!"}]},{"@type":"WebSite","@id":"https:\/\/www.diario21.tv\/noticias\/#website","url":"https:\/\/www.diario21.tv\/noticias\/","name":"Diario 21","description":"","potentialAction":[{"@type":"SearchAction","target":{"@type":"EntryPoint","urlTemplate":"https:\/\/www.diario21.tv\/noticias\/?s={search_term_string}"},"query-input":{"@type":"PropertyValueSpecification","valueRequired":true,"valueName":"search_term_string"}}],"inLanguage":"es-AR"},{"@type":"Person","@id":"https:\/\/www.diario21.tv\/noticias\/#\/schema\/person\/7de9d6205bd3da5b7f01f5cffb18d715","name":"Diario 21","image":{"@type":"ImageObject","inLanguage":"es-AR","@id":"https:\/\/www.diario21.tv\/noticias\/#\/schema\/person\/image\/","url":"https:\/\/secure.gravatar.com\/avatar\/d1d5e764b940c8e5990284cabcd5dea9?s=96&d=mm&r=g","contentUrl":"https:\/\/secure.gravatar.com\/avatar\/d1d5e764b940c8e5990284cabcd5dea9?s=96&d=mm&r=g","caption":"Diario 21"},"url":"https:\/\/www.diario21.tv\/noticias\/author\/diario-21\/"}]}},"_links":{"self":[{"href":"https:\/\/www.diario21.tv\/noticias\/wp-json\/wp\/v2\/posts\/279"}],"collection":[{"href":"https:\/\/www.diario21.tv\/noticias\/wp-json\/wp\/v2\/posts"}],"about":[{"href":"https:\/\/www.diario21.tv\/noticias\/wp-json\/wp\/v2\/types\/post"}],"author":[{"embeddable":true,"href":"https:\/\/www.diario21.tv\/noticias\/wp-json\/wp\/v2\/users\/16"}],"replies":[{"embeddable":true,"href":"https:\/\/www.diario21.tv\/noticias\/wp-json\/wp\/v2\/comments?post=279"}],"version-history":[{"count":1,"href":"https:\/\/www.diario21.tv\/noticias\/wp-json\/wp\/v2\/posts\/279\/revisions"}],"predecessor-version":[{"id":281,"href":"https:\/\/www.diario21.tv\/noticias\/wp-json\/wp\/v2\/posts\/279\/revisions\/281"}],"wp:featuredmedia":[{"embeddable":true,"href":"https:\/\/www.diario21.tv\/noticias\/wp-json\/wp\/v2\/media\/280"}],"wp:attachment":[{"href":"https:\/\/www.diario21.tv\/noticias\/wp-json\/wp\/v2\/media?parent=279"}],"wp:term":[{"taxonomy":"category","embeddable":true,"href":"https:\/\/www.diario21.tv\/noticias\/wp-json\/wp\/v2\/categories?post=279"},{"taxonomy":"post_tag","embeddable":true,"href":"https:\/\/www.diario21.tv\/noticias\/wp-json\/wp\/v2\/tags?post=279"}],"curies":[{"name":"wp","href":"https:\/\/api.w.org\/{rel}","templated":true}]}}