{"id":2785,"date":"2025-04-13T14:49:05","date_gmt":"2025-04-13T14:49:05","guid":{"rendered":"https:\/\/www.diario21.tv\/noticias\/descubrimiento-revolucionario-cientificos-espanoles-detectan-alzheimer-precozmente-con-analisis-sanguineo\/"},"modified":"2025-04-13T14:49:06","modified_gmt":"2025-04-13T14:49:06","slug":"descubrimiento-revolucionario-cientificos-espanoles-detectan-alzheimer-precozmente-con-analisis-sanguineo","status":"publish","type":"post","link":"https:\/\/www.diario21.tv\/noticias\/descubrimiento-revolucionario-cientificos-espanoles-detectan-alzheimer-precozmente-con-analisis-sanguineo\/","title":{"rendered":"Descubrimiento revolucionario: cient\u00edficos espa\u00f1oles detectan Alzheimer precozmente con an\u00e1lisis sangu\u00edneo."},"content":{"rendered":"<h2>Detecci\u00f3n Temprana del Alzheimer por Cient\u00edficos Espa\u00f1oles a Trav\u00e9s de An\u00e1lisis Sangu\u00edneo<\/h2>\n<p>Un equipo de investigadores en Espa\u00f1a ha conseguido un avance significativo en la lucha contra la enfermedad de Alzheimer al desarrollar un m\u00e9todo que permite detectar la enfermedad en sus etapas iniciales mediante un simple an\u00e1lisis de sangre. Este descubrimiento podr\u00eda revolucionar el diagn\u00f3stico y tratamiento de la enfermedad, ofreciendo esperanza a millones de personas en todo el mundo.<\/p>\n<h3>El Desarrollo del Nuevo M\u00e9todo<\/h3>\n<p>El grupo de cient\u00edficos, perteneciente a una reconocida instituci\u00f3n espa\u00f1ola, ha trabajado durante varios a\u00f1os para perfeccionar esta t\u00e9cnica. El an\u00e1lisis de sangre se basa en la identificaci\u00f3n de ciertos biomarcadores que est\u00e1n presentes en etapas tempranas del Alzheimer. Estos biomarcadores son prote\u00ednas y otras sustancias que cambian de manera significativa cuando la enfermedad comienza a desarrollarse en el cerebro.<\/p>\n<h3>Impacto en el Diagn\u00f3stico y Tratamiento<\/h3>\n<p>La capacidad de detectar el Alzheimer en su fase inicial es crucial, ya que permite a los m\u00e9dicos comenzar el tratamiento mucho antes de que los s\u00edntomas se vuelvan severos. Actualmente, la mayor\u00eda de los diagn\u00f3sticos de Alzheimer se realizan cuando la enfermedad ya ha avanzado, limitando las opciones de tratamiento efectivo y la posibilidad de ralentizar su progresi\u00f3n.<\/p>\n<p>Con este nuevo an\u00e1lisis de sangre, los m\u00e9dicos podr\u00edan identificar la enfermedad a\u00f1os antes de que los primeros s\u00edntomas cognitivos se manifiesten. Esto no solo podr\u00eda mejorar la calidad de vida de los pacientes, sino que tambi\u00e9n reducir\u00eda significativamente los costos de atenci\u00f3n m\u00e9dica asociados con tratamientos de etapas avanzadas y cuidado a largo plazo.<\/p>\n<h3>Pruebas y Validaci\u00f3n del M\u00e9todo<\/h3>\n<p>Antes de que este m\u00e9todo pueda implementarse de manera generalizada, necesita pasar por una serie de pruebas y validaciones. El equipo de investigaci\u00f3n ha comenzado ya los primeros ensayos cl\u00ednicos, involucrando a un grupo diverso de participantes para asegurar que el an\u00e1lisis de sangre es efectivo en una amplia poblaci\u00f3n.<\/p>\n<p>Estos ensayos tambi\u00e9n ayudar\u00e1n a determinar la precisi\u00f3n del test, su sensibilidad y especificidad, elementos esenciales para confirmar que los resultados son confiables y pueden ser utilizados en el contexto m\u00e9dico sin riesgos de diagn\u00f3sticos incorrectos.<\/p>\n<h3>Repercusiones Futuras<\/h3>\n<p>El \u00e9xito de este an\u00e1lisis de sangre podr\u00eda tener un impacto profundo no solo en el tratamiento del Alzheimer, sino tambi\u00e9n en la manera en que se abordan otras enfermedades neurodegenerativas. Establecer un m\u00e9todo de detecci\u00f3n temprana para enfermedades del cerebro podr\u00eda abrir la puerta a nuevas investigaciones y tratamientos que actualmente no son posibles debido a la detecci\u00f3n tard\u00eda.<\/p>\n<p>En conclusi\u00f3n, este avance en la detecci\u00f3n temprana del Alzheimer mediante un an\u00e1lisis de sangre representa una esperanza renovada para los pacientes y sus familias. Adem\u00e1s, pone de manifiesto la importancia de la investigaci\u00f3n continua y el desarrollo de nuevas tecnolog\u00edas en el campo de la medicina. Los cient\u00edficos espa\u00f1oles contin\u00faan trabajando en la mejora de este m\u00e9todo y en la ampliaci\u00f3n de sus aplicaciones para combatir eficazmente el Alzheimer y otras enfermedades similares.<\/p>\n\n\n<div class=\"kk-star-ratings kksr-auto kksr-align-left kksr-valign-bottom\"\n    data-payload='{&quot;align&quot;:&quot;left&quot;,&quot;id&quot;:&quot;2785&quot;,&quot;slug&quot;:&quot;default&quot;,&quot;valign&quot;:&quot;bottom&quot;,&quot;ignore&quot;:&quot;&quot;,&quot;reference&quot;:&quot;auto&quot;,&quot;class&quot;:&quot;&quot;,&quot;count&quot;:&quot;0&quot;,&quot;legendonly&quot;:&quot;&quot;,&quot;readonly&quot;:&quot;&quot;,&quot;score&quot;:&quot;0&quot;,&quot;starsonly&quot;:&quot;&quot;,&quot;best&quot;:&quot;5&quot;,&quot;gap&quot;:&quot;5&quot;,&quot;greet&quot;:&quot;Valora este post&quot;,&quot;legend&quot;:&quot;0\\\/5 - (0 votes)&quot;,&quot;size&quot;:&quot;22&quot;,&quot;title&quot;:&quot;Descubrimiento revolucionario: cient\u00edficos espa\u00f1oles detectan Alzheimer precozmente con an\u00e1lisis sangu\u00edneo.&quot;,&quot;width&quot;:&quot;0&quot;,&quot;_legend&quot;:&quot;{score}\\\/{best} - ({count} {votes})&quot;,&quot;font_factor&quot;:&quot;1.25&quot;}'>\n            \n<div class=\"kksr-stars\">\n    \n<div class=\"kksr-stars-inactive\">\n            <div class=\"kksr-star\" data-star=\"1\" style=\"padding-right: 5px\">\n            \n\n<div class=\"kksr-icon\" style=\"width: 22px; height: 22px;\"><\/div>\n        <\/div>\n            <div class=\"kksr-star\" data-star=\"2\" style=\"padding-right: 5px\">\n            \n\n<div class=\"kksr-icon\" style=\"width: 22px; height: 22px;\"><\/div>\n        <\/div>\n            <div class=\"kksr-star\" data-star=\"3\" style=\"padding-right: 5px\">\n            \n\n<div class=\"kksr-icon\" style=\"width: 22px; height: 22px;\"><\/div>\n        <\/div>\n            <div class=\"kksr-star\" data-star=\"4\" style=\"padding-right: 5px\">\n            \n\n<div class=\"kksr-icon\" style=\"width: 22px; height: 22px;\"><\/div>\n        <\/div>\n            <div class=\"kksr-star\" data-star=\"5\" style=\"padding-right: 5px\">\n            \n\n<div class=\"kksr-icon\" style=\"width: 22px; height: 22px;\"><\/div>\n        <\/div>\n    <\/div>\n    \n<div class=\"kksr-stars-active\" style=\"width: 0px;\">\n            <div class=\"kksr-star\" style=\"padding-right: 5px\">\n            \n\n<div class=\"kksr-icon\" style=\"width: 22px; height: 22px;\"><\/div>\n        <\/div>\n            <div class=\"kksr-star\" style=\"padding-right: 5px\">\n            \n\n<div class=\"kksr-icon\" style=\"width: 22px; height: 22px;\"><\/div>\n        <\/div>\n            <div class=\"kksr-star\" style=\"padding-right: 5px\">\n            \n\n<div class=\"kksr-icon\" style=\"width: 22px; height: 22px;\"><\/div>\n        <\/div>\n            <div class=\"kksr-star\" style=\"padding-right: 5px\">\n            \n\n<div class=\"kksr-icon\" style=\"width: 22px; height: 22px;\"><\/div>\n        <\/div>\n            <div class=\"kksr-star\" style=\"padding-right: 5px\">\n            \n\n<div class=\"kksr-icon\" style=\"width: 22px; height: 22px;\"><\/div>\n        <\/div>\n    <\/div>\n<\/div>\n                \n\n<div class=\"kksr-legend\" style=\"font-size: 17.6px;\">\n            <span class=\"kksr-muted\">Valora este post<\/span>\n    <\/div>\n    <\/div>\n","protected":false},"excerpt":{"rendered":"<p>Detecci\u00f3n Temprana del Alzheimer por Cient\u00edficos Espa\u00f1oles a Trav\u00e9s de An\u00e1lisis Sangu\u00edneo Un equipo de investigadores en Espa\u00f1a ha conseguido un avance significativo en la lucha &#8230; <a title=\"Descubrimiento revolucionario: cient\u00edficos espa\u00f1oles detectan Alzheimer precozmente con an\u00e1lisis sangu\u00edneo.\" class=\"read-more\" href=\"https:\/\/www.diario21.tv\/noticias\/descubrimiento-revolucionario-cientificos-espanoles-detectan-alzheimer-precozmente-con-analisis-sanguineo\/\" aria-label=\"Leer m\u00e1s sobre Descubrimiento revolucionario: cient\u00edficos espa\u00f1oles detectan Alzheimer precozmente con an\u00e1lisis sangu\u00edneo.\">Seguir leyendo &rarr;<\/a><\/p>\n","protected":false},"author":20,"featured_media":2786,"comment_status":"open","ping_status":"open","sticky":false,"template":"","format":"standard","meta":{"footnotes":""},"categories":[13],"tags":[],"class_list":["post-2785","post","type-post","status-publish","format-standard","has-post-thumbnail","hentry","category-portada"],"yoast_head":"<!-- This site is optimized with the Yoast SEO plugin v25.6 - https:\/\/yoast.com\/wordpress\/plugins\/seo\/ -->\n<title>Descubrimiento revolucionario: cient\u00edficos espa\u00f1oles detectan Alzheimer precozmente con an\u00e1lisis sangu\u00edneo. - Diario 21<\/title>\n<meta name=\"robots\" content=\"index, follow, max-snippet:-1, max-image-preview:large, max-video-preview:-1\" \/>\n<link rel=\"canonical\" href=\"https:\/\/www.diario21.tv\/noticias\/descubrimiento-revolucionario-cientificos-espanoles-detectan-alzheimer-precozmente-con-analisis-sanguineo\/\" \/>\n<meta property=\"og:locale\" content=\"es_ES\" \/>\n<meta property=\"og:type\" content=\"article\" \/>\n<meta property=\"og:title\" content=\"Descubrimiento revolucionario: cient\u00edficos espa\u00f1oles detectan Alzheimer precozmente con an\u00e1lisis sangu\u00edneo. - Diario 21\" \/>\n<meta property=\"og:description\" content=\"Detecci\u00f3n Temprana del Alzheimer por Cient\u00edficos Espa\u00f1oles a Trav\u00e9s de An\u00e1lisis Sangu\u00edneo Un equipo de investigadores en Espa\u00f1a ha conseguido un avance significativo en la lucha ... Seguir leyendo &rarr;\" \/>\n<meta property=\"og:url\" content=\"https:\/\/www.diario21.tv\/noticias\/descubrimiento-revolucionario-cientificos-espanoles-detectan-alzheimer-precozmente-con-analisis-sanguineo\/\" \/>\n<meta property=\"og:site_name\" content=\"Diario 21\" \/>\n<meta property=\"article:published_time\" content=\"2025-04-13T14:49:05+00:00\" \/>\n<meta property=\"article:modified_time\" content=\"2025-04-13T14:49:06+00:00\" \/>\n<meta property=\"og:image\" content=\"https:\/\/www.diario21.tv\/noticias\/wp-content\/uploads\/2025\/04\/Descubrimiento-revolucionario-cientificos-espanoles-detectan-Alzheimer-precozmente-con-analisis-sanguineo.jpg\" \/>\n\t<meta property=\"og:image:width\" content=\"1916\" \/>\n\t<meta property=\"og:image:height\" content=\"1080\" \/>\n\t<meta property=\"og:image:type\" content=\"image\/jpeg\" \/>\n<meta name=\"author\" content=\"Juan P\u00e9rez\" \/>\n<meta name=\"twitter:card\" content=\"summary_large_image\" \/>\n<meta name=\"twitter:label1\" content=\"Escrito por\" \/>\n\t<meta name=\"twitter:data1\" content=\"Juan P\u00e9rez\" \/>\n\t<meta name=\"twitter:label2\" content=\"Tiempo de lectura\" \/>\n\t<meta name=\"twitter:data2\" content=\"3 minutos\" \/>\n<script type=\"application\/ld+json\" class=\"yoast-schema-graph\">{\"@context\":\"https:\/\/schema.org\",\"@graph\":[{\"@type\":\"WebPage\",\"@id\":\"https:\/\/www.diario21.tv\/noticias\/descubrimiento-revolucionario-cientificos-espanoles-detectan-alzheimer-precozmente-con-analisis-sanguineo\/\",\"url\":\"https:\/\/www.diario21.tv\/noticias\/descubrimiento-revolucionario-cientificos-espanoles-detectan-alzheimer-precozmente-con-analisis-sanguineo\/\",\"name\":\"Descubrimiento revolucionario: cient\u00edficos espa\u00f1oles detectan Alzheimer precozmente con an\u00e1lisis sangu\u00edneo. - Diario 21\",\"isPartOf\":{\"@id\":\"https:\/\/www.diario21.tv\/noticias\/#website\"},\"primaryImageOfPage\":{\"@id\":\"https:\/\/www.diario21.tv\/noticias\/descubrimiento-revolucionario-cientificos-espanoles-detectan-alzheimer-precozmente-con-analisis-sanguineo\/#primaryimage\"},\"image\":{\"@id\":\"https:\/\/www.diario21.tv\/noticias\/descubrimiento-revolucionario-cientificos-espanoles-detectan-alzheimer-precozmente-con-analisis-sanguineo\/#primaryimage\"},\"thumbnailUrl\":\"https:\/\/www.diario21.tv\/noticias\/wp-content\/uploads\/2025\/04\/Descubrimiento-revolucionario-cientificos-espanoles-detectan-Alzheimer-precozmente-con-analisis-sanguineo.jpg\",\"datePublished\":\"2025-04-13T14:49:05+00:00\",\"dateModified\":\"2025-04-13T14:49:06+00:00\",\"author\":{\"@id\":\"https:\/\/www.diario21.tv\/noticias\/#\/schema\/person\/dfb778f73814d8f09f302618446a526b\"},\"breadcrumb\":{\"@id\":\"https:\/\/www.diario21.tv\/noticias\/descubrimiento-revolucionario-cientificos-espanoles-detectan-alzheimer-precozmente-con-analisis-sanguineo\/#breadcrumb\"},\"inLanguage\":\"es-AR\",\"potentialAction\":[{\"@type\":\"ReadAction\",\"target\":[\"https:\/\/www.diario21.tv\/noticias\/descubrimiento-revolucionario-cientificos-espanoles-detectan-alzheimer-precozmente-con-analisis-sanguineo\/\"]}]},{\"@type\":\"ImageObject\",\"inLanguage\":\"es-AR\",\"@id\":\"https:\/\/www.diario21.tv\/noticias\/descubrimiento-revolucionario-cientificos-espanoles-detectan-alzheimer-precozmente-con-analisis-sanguineo\/#primaryimage\",\"url\":\"https:\/\/www.diario21.tv\/noticias\/wp-content\/uploads\/2025\/04\/Descubrimiento-revolucionario-cientificos-espanoles-detectan-Alzheimer-precozmente-con-analisis-sanguineo.jpg\",\"contentUrl\":\"https:\/\/www.diario21.tv\/noticias\/wp-content\/uploads\/2025\/04\/Descubrimiento-revolucionario-cientificos-espanoles-detectan-Alzheimer-precozmente-con-analisis-sanguineo.jpg\",\"width\":1916,\"height\":1080,\"caption\":\"Cient\u00edficos espa\u00f1oles logran la detecci\u00f3n precoz del Alzheimer con un an\u00e1lisis de sangre\"},{\"@type\":\"BreadcrumbList\",\"@id\":\"https:\/\/www.diario21.tv\/noticias\/descubrimiento-revolucionario-cientificos-espanoles-detectan-alzheimer-precozmente-con-analisis-sanguineo\/#breadcrumb\",\"itemListElement\":[{\"@type\":\"ListItem\",\"position\":1,\"name\":\"Accueil\",\"item\":\"https:\/\/www.diario21.tv\/noticias\/\"},{\"@type\":\"ListItem\",\"position\":2,\"name\":\"Descubrimiento revolucionario: cient\u00edficos espa\u00f1oles detectan Alzheimer precozmente con an\u00e1lisis sangu\u00edneo.\"}]},{\"@type\":\"WebSite\",\"@id\":\"https:\/\/www.diario21.tv\/noticias\/#website\",\"url\":\"https:\/\/www.diario21.tv\/noticias\/\",\"name\":\"Diario 21\",\"description\":\"\",\"potentialAction\":[{\"@type\":\"SearchAction\",\"target\":{\"@type\":\"EntryPoint\",\"urlTemplate\":\"https:\/\/www.diario21.tv\/noticias\/?s={search_term_string}\"},\"query-input\":{\"@type\":\"PropertyValueSpecification\",\"valueRequired\":true,\"valueName\":\"search_term_string\"}}],\"inLanguage\":\"es-AR\"},{\"@type\":\"Person\",\"@id\":\"https:\/\/www.diario21.tv\/noticias\/#\/schema\/person\/dfb778f73814d8f09f302618446a526b\",\"name\":\"Juan P\u00e9rez\",\"image\":{\"@type\":\"ImageObject\",\"inLanguage\":\"es-AR\",\"@id\":\"https:\/\/www.diario21.tv\/noticias\/#\/schema\/person\/image\/\",\"url\":\"https:\/\/secure.gravatar.com\/avatar\/c478a405bd10621167f4c3167cc770f5?s=96&d=mm&r=g\",\"contentUrl\":\"https:\/\/secure.gravatar.com\/avatar\/c478a405bd10621167f4c3167cc770f5?s=96&d=mm&r=g\",\"caption\":\"Juan P\u00e9rez\"},\"description\":\"Juan P\u00e9rez es el redactor en jefe de Diario 21. Con m\u00e1s de 10 a\u00f1os de experiencia en el periodismo, se especializa en pol\u00edtica nacional y an\u00e1lisis socioecon\u00f3mico. Su enfoque cr\u00edtico y riguroso aporta una perspectiva \u00fanica a cada art\u00edculo.\",\"sameAs\":[\"https:\/\/www.diario21.tv\/noticias\/\"],\"url\":\"https:\/\/www.diario21.tv\/noticias\/author\/juan-perez\/\"}]}<\/script>\n<!-- \/ Yoast SEO plugin. -->","yoast_head_json":{"title":"Descubrimiento revolucionario: cient\u00edficos espa\u00f1oles detectan Alzheimer precozmente con an\u00e1lisis sangu\u00edneo. - Diario 21","robots":{"index":"index","follow":"follow","max-snippet":"max-snippet:-1","max-image-preview":"max-image-preview:large","max-video-preview":"max-video-preview:-1"},"canonical":"https:\/\/www.diario21.tv\/noticias\/descubrimiento-revolucionario-cientificos-espanoles-detectan-alzheimer-precozmente-con-analisis-sanguineo\/","og_locale":"es_ES","og_type":"article","og_title":"Descubrimiento revolucionario: cient\u00edficos espa\u00f1oles detectan Alzheimer precozmente con an\u00e1lisis sangu\u00edneo. - Diario 21","og_description":"Detecci\u00f3n Temprana del Alzheimer por Cient\u00edficos Espa\u00f1oles a Trav\u00e9s de An\u00e1lisis Sangu\u00edneo Un equipo de investigadores en Espa\u00f1a ha conseguido un avance significativo en la lucha ... Seguir leyendo &rarr;","og_url":"https:\/\/www.diario21.tv\/noticias\/descubrimiento-revolucionario-cientificos-espanoles-detectan-alzheimer-precozmente-con-analisis-sanguineo\/","og_site_name":"Diario 21","article_published_time":"2025-04-13T14:49:05+00:00","article_modified_time":"2025-04-13T14:49:06+00:00","og_image":[{"width":1916,"height":1080,"url":"https:\/\/www.diario21.tv\/noticias\/wp-content\/uploads\/2025\/04\/Descubrimiento-revolucionario-cientificos-espanoles-detectan-Alzheimer-precozmente-con-analisis-sanguineo.jpg","type":"image\/jpeg"}],"author":"Juan P\u00e9rez","twitter_card":"summary_large_image","twitter_misc":{"Escrito por":"Juan P\u00e9rez","Tiempo de lectura":"3 minutos"},"schema":{"@context":"https:\/\/schema.org","@graph":[{"@type":"WebPage","@id":"https:\/\/www.diario21.tv\/noticias\/descubrimiento-revolucionario-cientificos-espanoles-detectan-alzheimer-precozmente-con-analisis-sanguineo\/","url":"https:\/\/www.diario21.tv\/noticias\/descubrimiento-revolucionario-cientificos-espanoles-detectan-alzheimer-precozmente-con-analisis-sanguineo\/","name":"Descubrimiento revolucionario: cient\u00edficos espa\u00f1oles detectan Alzheimer precozmente con an\u00e1lisis sangu\u00edneo. - Diario 21","isPartOf":{"@id":"https:\/\/www.diario21.tv\/noticias\/#website"},"primaryImageOfPage":{"@id":"https:\/\/www.diario21.tv\/noticias\/descubrimiento-revolucionario-cientificos-espanoles-detectan-alzheimer-precozmente-con-analisis-sanguineo\/#primaryimage"},"image":{"@id":"https:\/\/www.diario21.tv\/noticias\/descubrimiento-revolucionario-cientificos-espanoles-detectan-alzheimer-precozmente-con-analisis-sanguineo\/#primaryimage"},"thumbnailUrl":"https:\/\/www.diario21.tv\/noticias\/wp-content\/uploads\/2025\/04\/Descubrimiento-revolucionario-cientificos-espanoles-detectan-Alzheimer-precozmente-con-analisis-sanguineo.jpg","datePublished":"2025-04-13T14:49:05+00:00","dateModified":"2025-04-13T14:49:06+00:00","author":{"@id":"https:\/\/www.diario21.tv\/noticias\/#\/schema\/person\/dfb778f73814d8f09f302618446a526b"},"breadcrumb":{"@id":"https:\/\/www.diario21.tv\/noticias\/descubrimiento-revolucionario-cientificos-espanoles-detectan-alzheimer-precozmente-con-analisis-sanguineo\/#breadcrumb"},"inLanguage":"es-AR","potentialAction":[{"@type":"ReadAction","target":["https:\/\/www.diario21.tv\/noticias\/descubrimiento-revolucionario-cientificos-espanoles-detectan-alzheimer-precozmente-con-analisis-sanguineo\/"]}]},{"@type":"ImageObject","inLanguage":"es-AR","@id":"https:\/\/www.diario21.tv\/noticias\/descubrimiento-revolucionario-cientificos-espanoles-detectan-alzheimer-precozmente-con-analisis-sanguineo\/#primaryimage","url":"https:\/\/www.diario21.tv\/noticias\/wp-content\/uploads\/2025\/04\/Descubrimiento-revolucionario-cientificos-espanoles-detectan-Alzheimer-precozmente-con-analisis-sanguineo.jpg","contentUrl":"https:\/\/www.diario21.tv\/noticias\/wp-content\/uploads\/2025\/04\/Descubrimiento-revolucionario-cientificos-espanoles-detectan-Alzheimer-precozmente-con-analisis-sanguineo.jpg","width":1916,"height":1080,"caption":"Cient\u00edficos espa\u00f1oles logran la detecci\u00f3n precoz del Alzheimer con un an\u00e1lisis de sangre"},{"@type":"BreadcrumbList","@id":"https:\/\/www.diario21.tv\/noticias\/descubrimiento-revolucionario-cientificos-espanoles-detectan-alzheimer-precozmente-con-analisis-sanguineo\/#breadcrumb","itemListElement":[{"@type":"ListItem","position":1,"name":"Accueil","item":"https:\/\/www.diario21.tv\/noticias\/"},{"@type":"ListItem","position":2,"name":"Descubrimiento revolucionario: cient\u00edficos espa\u00f1oles detectan Alzheimer precozmente con an\u00e1lisis sangu\u00edneo."}]},{"@type":"WebSite","@id":"https:\/\/www.diario21.tv\/noticias\/#website","url":"https:\/\/www.diario21.tv\/noticias\/","name":"Diario 21","description":"","potentialAction":[{"@type":"SearchAction","target":{"@type":"EntryPoint","urlTemplate":"https:\/\/www.diario21.tv\/noticias\/?s={search_term_string}"},"query-input":{"@type":"PropertyValueSpecification","valueRequired":true,"valueName":"search_term_string"}}],"inLanguage":"es-AR"},{"@type":"Person","@id":"https:\/\/www.diario21.tv\/noticias\/#\/schema\/person\/dfb778f73814d8f09f302618446a526b","name":"Juan P\u00e9rez","image":{"@type":"ImageObject","inLanguage":"es-AR","@id":"https:\/\/www.diario21.tv\/noticias\/#\/schema\/person\/image\/","url":"https:\/\/secure.gravatar.com\/avatar\/c478a405bd10621167f4c3167cc770f5?s=96&d=mm&r=g","contentUrl":"https:\/\/secure.gravatar.com\/avatar\/c478a405bd10621167f4c3167cc770f5?s=96&d=mm&r=g","caption":"Juan P\u00e9rez"},"description":"Juan P\u00e9rez es el redactor en jefe de Diario 21. Con m\u00e1s de 10 a\u00f1os de experiencia en el periodismo, se especializa en pol\u00edtica nacional y an\u00e1lisis socioecon\u00f3mico. Su enfoque cr\u00edtico y riguroso aporta una perspectiva \u00fanica a cada art\u00edculo.","sameAs":["https:\/\/www.diario21.tv\/noticias\/"],"url":"https:\/\/www.diario21.tv\/noticias\/author\/juan-perez\/"}]}},"_links":{"self":[{"href":"https:\/\/www.diario21.tv\/noticias\/wp-json\/wp\/v2\/posts\/2785"}],"collection":[{"href":"https:\/\/www.diario21.tv\/noticias\/wp-json\/wp\/v2\/posts"}],"about":[{"href":"https:\/\/www.diario21.tv\/noticias\/wp-json\/wp\/v2\/types\/post"}],"author":[{"embeddable":true,"href":"https:\/\/www.diario21.tv\/noticias\/wp-json\/wp\/v2\/users\/20"}],"replies":[{"embeddable":true,"href":"https:\/\/www.diario21.tv\/noticias\/wp-json\/wp\/v2\/comments?post=2785"}],"version-history":[{"count":1,"href":"https:\/\/www.diario21.tv\/noticias\/wp-json\/wp\/v2\/posts\/2785\/revisions"}],"predecessor-version":[{"id":2787,"href":"https:\/\/www.diario21.tv\/noticias\/wp-json\/wp\/v2\/posts\/2785\/revisions\/2787"}],"wp:featuredmedia":[{"embeddable":true,"href":"https:\/\/www.diario21.tv\/noticias\/wp-json\/wp\/v2\/media\/2786"}],"wp:attachment":[{"href":"https:\/\/www.diario21.tv\/noticias\/wp-json\/wp\/v2\/media?parent=2785"}],"wp:term":[{"taxonomy":"category","embeddable":true,"href":"https:\/\/www.diario21.tv\/noticias\/wp-json\/wp\/v2\/categories?post=2785"},{"taxonomy":"post_tag","embeddable":true,"href":"https:\/\/www.diario21.tv\/noticias\/wp-json\/wp\/v2\/tags?post=2785"}],"curies":[{"name":"wp","href":"https:\/\/api.w.org\/{rel}","templated":true}]}}