{"id":2743,"date":"2025-04-09T19:37:44","date_gmt":"2025-04-09T19:37:44","guid":{"rendered":"https:\/\/www.diario21.tv\/noticias\/detenido-en-ourense-por-la-muerte-de-su-esposa-sospechoso-principal\/"},"modified":"2025-04-09T19:37:45","modified_gmt":"2025-04-09T19:37:45","slug":"detenido-en-ourense-por-la-muerte-de-su-esposa-sospechoso-principal","status":"publish","type":"post","link":"https:\/\/www.diario21.tv\/noticias\/detenido-en-ourense-por-la-muerte-de-su-esposa-sospechoso-principal\/","title":{"rendered":"Detenido en Ourense por la muerte de su esposa: sospechoso principal"},"content":{"rendered":"<h2>Arresto en Ourense por la Presunta Participaci\u00f3n en el Fallecimiento de una Mujer<\/h2>\n<p>En un reciente suceso en la ciudad de Ourense, las autoridades han confirmado el arresto de un individuo bajo la sospecha de ser el responsable de la muerte de su esposa. Este grave incidente ha conmocionado a la comunidad local y ha puesto en marcha una investigaci\u00f3n exhaustiva por parte de las fuerzas del orden.<\/p>\n<h3>Detalles del Caso<\/h3>\n<p>El sujeto, cuya identidad no ha sido divulgada por motivos legales, fue detenido tras el hallazgo del cuerpo sin vida de su esposa en su domicilio conjunto. Aunque los detalles espec\u00edficos sobre la causa de la muerte a\u00fan est\u00e1n bajo investigaci\u00f3n, las primeras indagaciones apuntan a una posible violencia dom\u00e9stica.<\/p>\n<p>Las fuerzas de seguridad recibieron un aviso y acudieron al lugar de los hechos, donde encontraron evidencias preliminares que apuntaban hacia el esposo como posible autor del homicidio. La r\u00e1pida respuesta de los agentes fue crucial para asegurar la escena y proceder con la detenci\u00f3n del sospechoso.<\/p>\n<h3>Reacciones y Proceso Judicial<\/h3>\n<p>La noticia ha generado una gran consternaci\u00f3n entre los vecinos y conocidos de la pareja, quienes han expresado su sorpresa y dolor ante el tr\u00e1gico suceso. La comunidad ha iniciado varias iniciativas para honrar la memoria de la v\u00edctima y apoyar a las familias afectadas durante este dif\u00edcil momento.<\/p>\n<p>Por su parte, las autoridades han declarado que el detenido ser\u00e1 sometido a un riguroso proceso judicial para esclarecer los hechos y determinar su responsabilidad en el crimen. Se espera que en los pr\u00f3ximos d\u00edas se lleven a cabo m\u00e1s investigaciones que podr\u00edan arrojar m\u00e1s luz sobre las circunstancias que rodearon la muerte de la mujer.<\/p>\n<p>Este caso ha reavivado el debate sobre la violencia dom\u00e9stica en la sociedad y ha impulsado a las autoridades a revisar y fortalecer las medidas de protecci\u00f3n para las v\u00edctimas de este tipo de agresiones. La comunidad y los grupos de apoyo est\u00e1n pidiendo cambios significativos para prevenir futuras tragedias de esta naturaleza.<\/p>\n<p>El suceso sigue en desarrollo, y se espera que las pr\u00f3ximas semanas sean cruciales para determinar el curso de la justicia en este lamentable caso. La esperanza es que este tr\u00e1gico evento sirva para concienciar sobre la importancia de abordar y prevenir la violencia dom\u00e9stica en todas sus formas.<\/p>\n\n\n<div class=\"kk-star-ratings kksr-auto kksr-align-left kksr-valign-bottom\"\n    data-payload='{&quot;align&quot;:&quot;left&quot;,&quot;id&quot;:&quot;2743&quot;,&quot;slug&quot;:&quot;default&quot;,&quot;valign&quot;:&quot;bottom&quot;,&quot;ignore&quot;:&quot;&quot;,&quot;reference&quot;:&quot;auto&quot;,&quot;class&quot;:&quot;&quot;,&quot;count&quot;:&quot;0&quot;,&quot;legendonly&quot;:&quot;&quot;,&quot;readonly&quot;:&quot;&quot;,&quot;score&quot;:&quot;0&quot;,&quot;starsonly&quot;:&quot;&quot;,&quot;best&quot;:&quot;5&quot;,&quot;gap&quot;:&quot;5&quot;,&quot;greet&quot;:&quot;Valora este post&quot;,&quot;legend&quot;:&quot;0\\\/5 - (0 votes)&quot;,&quot;size&quot;:&quot;22&quot;,&quot;title&quot;:&quot;Detenido en Ourense por la muerte de su esposa: sospechoso principal&quot;,&quot;width&quot;:&quot;0&quot;,&quot;_legend&quot;:&quot;{score}\\\/{best} - ({count} {votes})&quot;,&quot;font_factor&quot;:&quot;1.25&quot;}'>\n            \n<div class=\"kksr-stars\">\n    \n<div class=\"kksr-stars-inactive\">\n            <div class=\"kksr-star\" data-star=\"1\" style=\"padding-right: 5px\">\n            \n\n<div class=\"kksr-icon\" style=\"width: 22px; height: 22px;\"><\/div>\n        <\/div>\n            <div class=\"kksr-star\" data-star=\"2\" style=\"padding-right: 5px\">\n            \n\n<div class=\"kksr-icon\" style=\"width: 22px; height: 22px;\"><\/div>\n        <\/div>\n            <div class=\"kksr-star\" data-star=\"3\" style=\"padding-right: 5px\">\n            \n\n<div class=\"kksr-icon\" style=\"width: 22px; height: 22px;\"><\/div>\n        <\/div>\n            <div class=\"kksr-star\" data-star=\"4\" style=\"padding-right: 5px\">\n            \n\n<div class=\"kksr-icon\" style=\"width: 22px; height: 22px;\"><\/div>\n        <\/div>\n            <div class=\"kksr-star\" data-star=\"5\" style=\"padding-right: 5px\">\n            \n\n<div class=\"kksr-icon\" style=\"width: 22px; height: 22px;\"><\/div>\n        <\/div>\n    <\/div>\n    \n<div class=\"kksr-stars-active\" style=\"width: 0px;\">\n            <div class=\"kksr-star\" style=\"padding-right: 5px\">\n            \n\n<div class=\"kksr-icon\" style=\"width: 22px; height: 22px;\"><\/div>\n        <\/div>\n            <div class=\"kksr-star\" style=\"padding-right: 5px\">\n            \n\n<div class=\"kksr-icon\" style=\"width: 22px; height: 22px;\"><\/div>\n        <\/div>\n            <div class=\"kksr-star\" style=\"padding-right: 5px\">\n            \n\n<div class=\"kksr-icon\" style=\"width: 22px; height: 22px;\"><\/div>\n        <\/div>\n            <div class=\"kksr-star\" style=\"padding-right: 5px\">\n            \n\n<div class=\"kksr-icon\" style=\"width: 22px; height: 22px;\"><\/div>\n        <\/div>\n            <div class=\"kksr-star\" style=\"padding-right: 5px\">\n            \n\n<div class=\"kksr-icon\" style=\"width: 22px; height: 22px;\"><\/div>\n        <\/div>\n    <\/div>\n<\/div>\n                \n\n<div class=\"kksr-legend\" style=\"font-size: 17.6px;\">\n            <span class=\"kksr-muted\">Valora este post<\/span>\n    <\/div>\n    <\/div>\n","protected":false},"excerpt":{"rendered":"<p>Arresto en Ourense por la Presunta Participaci\u00f3n en el Fallecimiento de una Mujer En un reciente suceso en la ciudad de Ourense, las autoridades han confirmado &#8230; <a title=\"Detenido en Ourense por la muerte de su esposa: sospechoso principal\" class=\"read-more\" href=\"https:\/\/www.diario21.tv\/noticias\/detenido-en-ourense-por-la-muerte-de-su-esposa-sospechoso-principal\/\" aria-label=\"Leer m\u00e1s sobre Detenido en Ourense por la muerte de su esposa: sospechoso principal\">Seguir leyendo &rarr;<\/a><\/p>\n","protected":false},"author":20,"featured_media":2744,"comment_status":"open","ping_status":"open","sticky":false,"template":"","format":"standard","meta":{"footnotes":""},"categories":[13],"tags":[],"class_list":["post-2743","post","type-post","status-publish","format-standard","has-post-thumbnail","hentry","category-portada"],"yoast_head":"<!-- This site is optimized with the Yoast SEO plugin v25.6 - https:\/\/yoast.com\/wordpress\/plugins\/seo\/ -->\n<title>Detenido en Ourense por la muerte de su esposa: sospechoso principal - Diario 21<\/title>\n<meta name=\"robots\" content=\"index, follow, max-snippet:-1, max-image-preview:large, max-video-preview:-1\" \/>\n<link rel=\"canonical\" href=\"https:\/\/www.diario21.tv\/noticias\/detenido-en-ourense-por-la-muerte-de-su-esposa-sospechoso-principal\/\" \/>\n<meta property=\"og:locale\" content=\"es_ES\" \/>\n<meta property=\"og:type\" content=\"article\" \/>\n<meta property=\"og:title\" content=\"Detenido en Ourense por la muerte de su esposa: sospechoso principal - Diario 21\" \/>\n<meta property=\"og:description\" content=\"Arresto en Ourense por la Presunta Participaci\u00f3n en el Fallecimiento de una Mujer En un reciente suceso en la ciudad de Ourense, las autoridades han confirmado ... Seguir leyendo &rarr;\" \/>\n<meta property=\"og:url\" content=\"https:\/\/www.diario21.tv\/noticias\/detenido-en-ourense-por-la-muerte-de-su-esposa-sospechoso-principal\/\" \/>\n<meta property=\"og:site_name\" content=\"Diario 21\" \/>\n<meta property=\"article:published_time\" content=\"2025-04-09T19:37:44+00:00\" \/>\n<meta property=\"article:modified_time\" content=\"2025-04-09T19:37:45+00:00\" \/>\n<meta property=\"og:image\" content=\"https:\/\/www.diario21.tv\/noticias\/wp-content\/uploads\/2025\/04\/Detenido-en-Ourense-por-la-muerte-de-su-esposa-sospechoso.jpg\" \/>\n\t<meta property=\"og:image:width\" content=\"1920\" \/>\n\t<meta property=\"og:image:height\" content=\"1080\" \/>\n\t<meta property=\"og:image:type\" content=\"image\/jpeg\" \/>\n<meta name=\"author\" content=\"Juan P\u00e9rez\" \/>\n<meta name=\"twitter:card\" content=\"summary_large_image\" \/>\n<meta name=\"twitter:label1\" content=\"Escrito por\" \/>\n\t<meta name=\"twitter:data1\" content=\"Juan P\u00e9rez\" \/>\n\t<meta name=\"twitter:label2\" content=\"Tiempo de lectura\" \/>\n\t<meta name=\"twitter:data2\" content=\"2 minutos\" \/>\n<script type=\"application\/ld+json\" class=\"yoast-schema-graph\">{\"@context\":\"https:\/\/schema.org\",\"@graph\":[{\"@type\":\"WebPage\",\"@id\":\"https:\/\/www.diario21.tv\/noticias\/detenido-en-ourense-por-la-muerte-de-su-esposa-sospechoso-principal\/\",\"url\":\"https:\/\/www.diario21.tv\/noticias\/detenido-en-ourense-por-la-muerte-de-su-esposa-sospechoso-principal\/\",\"name\":\"Detenido en Ourense por la muerte de su esposa: sospechoso principal - Diario 21\",\"isPartOf\":{\"@id\":\"https:\/\/www.diario21.tv\/noticias\/#website\"},\"primaryImageOfPage\":{\"@id\":\"https:\/\/www.diario21.tv\/noticias\/detenido-en-ourense-por-la-muerte-de-su-esposa-sospechoso-principal\/#primaryimage\"},\"image\":{\"@id\":\"https:\/\/www.diario21.tv\/noticias\/detenido-en-ourense-por-la-muerte-de-su-esposa-sospechoso-principal\/#primaryimage\"},\"thumbnailUrl\":\"https:\/\/www.diario21.tv\/noticias\/wp-content\/uploads\/2025\/04\/Detenido-en-Ourense-por-la-muerte-de-su-esposa-sospechoso.jpg\",\"datePublished\":\"2025-04-09T19:37:44+00:00\",\"dateModified\":\"2025-04-09T19:37:45+00:00\",\"author\":{\"@id\":\"https:\/\/www.diario21.tv\/noticias\/#\/schema\/person\/dfb778f73814d8f09f302618446a526b\"},\"breadcrumb\":{\"@id\":\"https:\/\/www.diario21.tv\/noticias\/detenido-en-ourense-por-la-muerte-de-su-esposa-sospechoso-principal\/#breadcrumb\"},\"inLanguage\":\"es-AR\",\"potentialAction\":[{\"@type\":\"ReadAction\",\"target\":[\"https:\/\/www.diario21.tv\/noticias\/detenido-en-ourense-por-la-muerte-de-su-esposa-sospechoso-principal\/\"]}]},{\"@type\":\"ImageObject\",\"inLanguage\":\"es-AR\",\"@id\":\"https:\/\/www.diario21.tv\/noticias\/detenido-en-ourense-por-la-muerte-de-su-esposa-sospechoso-principal\/#primaryimage\",\"url\":\"https:\/\/www.diario21.tv\/noticias\/wp-content\/uploads\/2025\/04\/Detenido-en-Ourense-por-la-muerte-de-su-esposa-sospechoso.jpg\",\"contentUrl\":\"https:\/\/www.diario21.tv\/noticias\/wp-content\/uploads\/2025\/04\/Detenido-en-Ourense-por-la-muerte-de-su-esposa-sospechoso.jpg\",\"width\":1920,\"height\":1080,\"caption\":\"Detenido un hombre en Ourense como posible autor de la muerte de su esposa\"},{\"@type\":\"BreadcrumbList\",\"@id\":\"https:\/\/www.diario21.tv\/noticias\/detenido-en-ourense-por-la-muerte-de-su-esposa-sospechoso-principal\/#breadcrumb\",\"itemListElement\":[{\"@type\":\"ListItem\",\"position\":1,\"name\":\"Accueil\",\"item\":\"https:\/\/www.diario21.tv\/noticias\/\"},{\"@type\":\"ListItem\",\"position\":2,\"name\":\"Detenido en Ourense por la muerte de su esposa: sospechoso principal\"}]},{\"@type\":\"WebSite\",\"@id\":\"https:\/\/www.diario21.tv\/noticias\/#website\",\"url\":\"https:\/\/www.diario21.tv\/noticias\/\",\"name\":\"Diario 21\",\"description\":\"\",\"potentialAction\":[{\"@type\":\"SearchAction\",\"target\":{\"@type\":\"EntryPoint\",\"urlTemplate\":\"https:\/\/www.diario21.tv\/noticias\/?s={search_term_string}\"},\"query-input\":{\"@type\":\"PropertyValueSpecification\",\"valueRequired\":true,\"valueName\":\"search_term_string\"}}],\"inLanguage\":\"es-AR\"},{\"@type\":\"Person\",\"@id\":\"https:\/\/www.diario21.tv\/noticias\/#\/schema\/person\/dfb778f73814d8f09f302618446a526b\",\"name\":\"Juan P\u00e9rez\",\"image\":{\"@type\":\"ImageObject\",\"inLanguage\":\"es-AR\",\"@id\":\"https:\/\/www.diario21.tv\/noticias\/#\/schema\/person\/image\/\",\"url\":\"https:\/\/secure.gravatar.com\/avatar\/c478a405bd10621167f4c3167cc770f5?s=96&d=mm&r=g\",\"contentUrl\":\"https:\/\/secure.gravatar.com\/avatar\/c478a405bd10621167f4c3167cc770f5?s=96&d=mm&r=g\",\"caption\":\"Juan P\u00e9rez\"},\"description\":\"Juan P\u00e9rez es el redactor en jefe de Diario 21. Con m\u00e1s de 10 a\u00f1os de experiencia en el periodismo, se especializa en pol\u00edtica nacional y an\u00e1lisis socioecon\u00f3mico. Su enfoque cr\u00edtico y riguroso aporta una perspectiva \u00fanica a cada art\u00edculo.\",\"sameAs\":[\"https:\/\/www.diario21.tv\/noticias\/\"],\"url\":\"https:\/\/www.diario21.tv\/noticias\/author\/juan-perez\/\"}]}<\/script>\n<!-- \/ Yoast SEO plugin. -->","yoast_head_json":{"title":"Detenido en Ourense por la muerte de su esposa: sospechoso principal - Diario 21","robots":{"index":"index","follow":"follow","max-snippet":"max-snippet:-1","max-image-preview":"max-image-preview:large","max-video-preview":"max-video-preview:-1"},"canonical":"https:\/\/www.diario21.tv\/noticias\/detenido-en-ourense-por-la-muerte-de-su-esposa-sospechoso-principal\/","og_locale":"es_ES","og_type":"article","og_title":"Detenido en Ourense por la muerte de su esposa: sospechoso principal - Diario 21","og_description":"Arresto en Ourense por la Presunta Participaci\u00f3n en el Fallecimiento de una Mujer En un reciente suceso en la ciudad de Ourense, las autoridades han confirmado ... Seguir leyendo &rarr;","og_url":"https:\/\/www.diario21.tv\/noticias\/detenido-en-ourense-por-la-muerte-de-su-esposa-sospechoso-principal\/","og_site_name":"Diario 21","article_published_time":"2025-04-09T19:37:44+00:00","article_modified_time":"2025-04-09T19:37:45+00:00","og_image":[{"width":1920,"height":1080,"url":"https:\/\/www.diario21.tv\/noticias\/wp-content\/uploads\/2025\/04\/Detenido-en-Ourense-por-la-muerte-de-su-esposa-sospechoso.jpg","type":"image\/jpeg"}],"author":"Juan P\u00e9rez","twitter_card":"summary_large_image","twitter_misc":{"Escrito por":"Juan P\u00e9rez","Tiempo de lectura":"2 minutos"},"schema":{"@context":"https:\/\/schema.org","@graph":[{"@type":"WebPage","@id":"https:\/\/www.diario21.tv\/noticias\/detenido-en-ourense-por-la-muerte-de-su-esposa-sospechoso-principal\/","url":"https:\/\/www.diario21.tv\/noticias\/detenido-en-ourense-por-la-muerte-de-su-esposa-sospechoso-principal\/","name":"Detenido en Ourense por la muerte de su esposa: sospechoso principal - Diario 21","isPartOf":{"@id":"https:\/\/www.diario21.tv\/noticias\/#website"},"primaryImageOfPage":{"@id":"https:\/\/www.diario21.tv\/noticias\/detenido-en-ourense-por-la-muerte-de-su-esposa-sospechoso-principal\/#primaryimage"},"image":{"@id":"https:\/\/www.diario21.tv\/noticias\/detenido-en-ourense-por-la-muerte-de-su-esposa-sospechoso-principal\/#primaryimage"},"thumbnailUrl":"https:\/\/www.diario21.tv\/noticias\/wp-content\/uploads\/2025\/04\/Detenido-en-Ourense-por-la-muerte-de-su-esposa-sospechoso.jpg","datePublished":"2025-04-09T19:37:44+00:00","dateModified":"2025-04-09T19:37:45+00:00","author":{"@id":"https:\/\/www.diario21.tv\/noticias\/#\/schema\/person\/dfb778f73814d8f09f302618446a526b"},"breadcrumb":{"@id":"https:\/\/www.diario21.tv\/noticias\/detenido-en-ourense-por-la-muerte-de-su-esposa-sospechoso-principal\/#breadcrumb"},"inLanguage":"es-AR","potentialAction":[{"@type":"ReadAction","target":["https:\/\/www.diario21.tv\/noticias\/detenido-en-ourense-por-la-muerte-de-su-esposa-sospechoso-principal\/"]}]},{"@type":"ImageObject","inLanguage":"es-AR","@id":"https:\/\/www.diario21.tv\/noticias\/detenido-en-ourense-por-la-muerte-de-su-esposa-sospechoso-principal\/#primaryimage","url":"https:\/\/www.diario21.tv\/noticias\/wp-content\/uploads\/2025\/04\/Detenido-en-Ourense-por-la-muerte-de-su-esposa-sospechoso.jpg","contentUrl":"https:\/\/www.diario21.tv\/noticias\/wp-content\/uploads\/2025\/04\/Detenido-en-Ourense-por-la-muerte-de-su-esposa-sospechoso.jpg","width":1920,"height":1080,"caption":"Detenido un hombre en Ourense como posible autor de la muerte de su esposa"},{"@type":"BreadcrumbList","@id":"https:\/\/www.diario21.tv\/noticias\/detenido-en-ourense-por-la-muerte-de-su-esposa-sospechoso-principal\/#breadcrumb","itemListElement":[{"@type":"ListItem","position":1,"name":"Accueil","item":"https:\/\/www.diario21.tv\/noticias\/"},{"@type":"ListItem","position":2,"name":"Detenido en Ourense por la muerte de su esposa: sospechoso principal"}]},{"@type":"WebSite","@id":"https:\/\/www.diario21.tv\/noticias\/#website","url":"https:\/\/www.diario21.tv\/noticias\/","name":"Diario 21","description":"","potentialAction":[{"@type":"SearchAction","target":{"@type":"EntryPoint","urlTemplate":"https:\/\/www.diario21.tv\/noticias\/?s={search_term_string}"},"query-input":{"@type":"PropertyValueSpecification","valueRequired":true,"valueName":"search_term_string"}}],"inLanguage":"es-AR"},{"@type":"Person","@id":"https:\/\/www.diario21.tv\/noticias\/#\/schema\/person\/dfb778f73814d8f09f302618446a526b","name":"Juan P\u00e9rez","image":{"@type":"ImageObject","inLanguage":"es-AR","@id":"https:\/\/www.diario21.tv\/noticias\/#\/schema\/person\/image\/","url":"https:\/\/secure.gravatar.com\/avatar\/c478a405bd10621167f4c3167cc770f5?s=96&d=mm&r=g","contentUrl":"https:\/\/secure.gravatar.com\/avatar\/c478a405bd10621167f4c3167cc770f5?s=96&d=mm&r=g","caption":"Juan P\u00e9rez"},"description":"Juan P\u00e9rez es el redactor en jefe de Diario 21. Con m\u00e1s de 10 a\u00f1os de experiencia en el periodismo, se especializa en pol\u00edtica nacional y an\u00e1lisis socioecon\u00f3mico. Su enfoque cr\u00edtico y riguroso aporta una perspectiva \u00fanica a cada art\u00edculo.","sameAs":["https:\/\/www.diario21.tv\/noticias\/"],"url":"https:\/\/www.diario21.tv\/noticias\/author\/juan-perez\/"}]}},"_links":{"self":[{"href":"https:\/\/www.diario21.tv\/noticias\/wp-json\/wp\/v2\/posts\/2743"}],"collection":[{"href":"https:\/\/www.diario21.tv\/noticias\/wp-json\/wp\/v2\/posts"}],"about":[{"href":"https:\/\/www.diario21.tv\/noticias\/wp-json\/wp\/v2\/types\/post"}],"author":[{"embeddable":true,"href":"https:\/\/www.diario21.tv\/noticias\/wp-json\/wp\/v2\/users\/20"}],"replies":[{"embeddable":true,"href":"https:\/\/www.diario21.tv\/noticias\/wp-json\/wp\/v2\/comments?post=2743"}],"version-history":[{"count":1,"href":"https:\/\/www.diario21.tv\/noticias\/wp-json\/wp\/v2\/posts\/2743\/revisions"}],"predecessor-version":[{"id":2745,"href":"https:\/\/www.diario21.tv\/noticias\/wp-json\/wp\/v2\/posts\/2743\/revisions\/2745"}],"wp:featuredmedia":[{"embeddable":true,"href":"https:\/\/www.diario21.tv\/noticias\/wp-json\/wp\/v2\/media\/2744"}],"wp:attachment":[{"href":"https:\/\/www.diario21.tv\/noticias\/wp-json\/wp\/v2\/media?parent=2743"}],"wp:term":[{"taxonomy":"category","embeddable":true,"href":"https:\/\/www.diario21.tv\/noticias\/wp-json\/wp\/v2\/categories?post=2743"},{"taxonomy":"post_tag","embeddable":true,"href":"https:\/\/www.diario21.tv\/noticias\/wp-json\/wp\/v2\/tags?post=2743"}],"curies":[{"name":"wp","href":"https:\/\/api.w.org\/{rel}","templated":true}]}}