{"id":2734,"date":"2025-04-09T01:22:17","date_gmt":"2025-04-09T01:22:17","guid":{"rendered":"https:\/\/www.diario21.tv\/noticias\/declaracion-2024-descubre-deducciones-por-alquiler-y-coches-electricos\/"},"modified":"2025-04-09T01:22:18","modified_gmt":"2025-04-09T01:22:18","slug":"declaracion-2024-descubre-deducciones-por-alquiler-y-coches-electricos","status":"publish","type":"post","link":"https:\/\/www.diario21.tv\/noticias\/declaracion-2024-descubre-deducciones-por-alquiler-y-coches-electricos\/","title":{"rendered":"Declaraci\u00f3n 2024: \u00a1Descubre deducciones por alquiler y coches el\u00e9ctricos!"},"content":{"rendered":"<h2>Declaraci\u00f3n de Impuestos 2024: Deducciones aplicables para arrendamientos y veh\u00edculos el\u00e9ctricos<\/h2>\n<p>A medida que nos acercamos al per\u00edodo de declaraci\u00f3n de impuestos del a\u00f1o 2024, es fundamental estar al tanto de las diversas deducciones fiscales disponibles que pueden ayudar a los contribuyentes a reducir su carga impositiva. Este a\u00f1o, destacan especialmente las deducciones por alquiler de vivienda y la compra de coches el\u00e9ctricos. A continuaci\u00f3n, exploramos en detalle c\u00f3mo puedes beneficiarte de estas oportunidades.<\/p>\n<h3>Deducciones por Alquiler de Vivienda<\/h3>\n<p>Para los inquilinos, el gobierno ha mantenido incentivos fiscales que buscan aliviar los costos asociados al alquiler de viviendas. Dependiendo de la comunidad aut\u00f3noma en la que residas, podr\u00edas ser elegible para deducciones estatales y auton\u00f3micas. Generalmente, estos beneficios fiscales est\u00e1n dirigidos a j\u00f3venes, mayores de cierta edad y personas con ingresos bajos, aunque las condiciones espec\u00edficas pueden variar.<\/p>\n<p>Es importante que revises las regulaciones de tu comunidad aut\u00f3noma, ya que cada una establece sus propios criterios de elegibilidad y los porcentajes de deducci\u00f3n. Por ejemplo, algunos lugares ofrecen una reducci\u00f3n de hasta el 20% en los costos de alquiler para inquilinos que no superen cierto umbral de ingresos anuales. Aseg\u00farate de conservar todos los recibos y contratos de arrendamiento que justifiquen tus pagos y respalden tu solicitud de deducci\u00f3n.<\/p>\n<h3>Deducciones por la Compra de Coches El\u00e9ctricos<\/h3>\n<p>En un esfuerzo por promover una mayor sostenibilidad ambiental, el gobierno tambi\u00e9n ofrece incentivos para aquellos que optan por veh\u00edculos el\u00e9ctricos. Estas deducciones no solo buscan fomentar la reducci\u00f3n de las emisiones de carbono sino tambi\u00e9n facilitar la transici\u00f3n hacia una movilidad m\u00e1s limpia.<\/p>\n<p>Al adquirir un coche el\u00e9ctrico, los contribuyentes pueden beneficiarse de significativas deducciones fiscales. La cantidad exacta de la deducci\u00f3n puede depender de varios factores, incluyendo el modelo del veh\u00edculo y la fecha de compra. Adem\u00e1s, algunos gobiernos locales ofrecen ventajas adicionales como la exenci\u00f3n del pago de ciertos impuestos municipales o descuentos en tarifas de estacionamiento.<\/p>\n<p>Para aplicar a estas deducciones, es crucial que mantengas toda la documentaci\u00f3n relacionada con la compra del veh\u00edculo, incluyendo la factura de compra y el certificado de matriculaci\u00f3n, que demuestren que el coche cumple con los requisitos necesarios para ser considerado como el\u00e9ctrico.<\/p>\n<h3>Consejos para Maximizar tus Deducciones<\/h3>\n<p>1. **Documentaci\u00f3n adecuada:** Guarda todos los documentos relevantes como facturas, contratos y recibos que puedan ser necesarios para demostrar tus gastos durante la declaraci\u00f3n de impuestos.<br \/>\n2. **Conoce las normativas locales:** Dado que las deducciones pueden variar significativamente entre comunidades aut\u00f3nomas, es esencial que conozcas bien las leyes y beneficios espec\u00edficos de tu regi\u00f3n.<br \/>\n3. **Consulta a un profesional:** Si tienes dudas sobre c\u00f3mo aplicar estas deducciones o c\u00f3mo pueden afectar tu declaraci\u00f3n de impuestos, considera la posibilidad de consultar a un asesor fiscal.<\/p>\n<p>Al estar informado y preparado, puedes aprovechar al m\u00e1ximo las deducciones fiscales disponibles y, de este modo, no solo beneficiarte econ\u00f3micamente, sino tambi\u00e9n contribuir a importantes causas como el apoyo al mercado de alquiler y la protecci\u00f3n del medio ambiente.<\/p>\n\n\n<div class=\"kk-star-ratings kksr-auto kksr-align-left kksr-valign-bottom\"\n    data-payload='{&quot;align&quot;:&quot;left&quot;,&quot;id&quot;:&quot;2734&quot;,&quot;slug&quot;:&quot;default&quot;,&quot;valign&quot;:&quot;bottom&quot;,&quot;ignore&quot;:&quot;&quot;,&quot;reference&quot;:&quot;auto&quot;,&quot;class&quot;:&quot;&quot;,&quot;count&quot;:&quot;0&quot;,&quot;legendonly&quot;:&quot;&quot;,&quot;readonly&quot;:&quot;&quot;,&quot;score&quot;:&quot;0&quot;,&quot;starsonly&quot;:&quot;&quot;,&quot;best&quot;:&quot;5&quot;,&quot;gap&quot;:&quot;5&quot;,&quot;greet&quot;:&quot;Valora este post&quot;,&quot;legend&quot;:&quot;0\\\/5 - (0 votes)&quot;,&quot;size&quot;:&quot;22&quot;,&quot;title&quot;:&quot;Declaraci\u00f3n 2024: \u00a1Descubre deducciones por alquiler y coches el\u00e9ctricos!&quot;,&quot;width&quot;:&quot;0&quot;,&quot;_legend&quot;:&quot;{score}\\\/{best} - ({count} {votes})&quot;,&quot;font_factor&quot;:&quot;1.25&quot;}'>\n            \n<div class=\"kksr-stars\">\n    \n<div class=\"kksr-stars-inactive\">\n            <div class=\"kksr-star\" data-star=\"1\" style=\"padding-right: 5px\">\n            \n\n<div class=\"kksr-icon\" style=\"width: 22px; height: 22px;\"><\/div>\n        <\/div>\n            <div class=\"kksr-star\" data-star=\"2\" style=\"padding-right: 5px\">\n            \n\n<div class=\"kksr-icon\" style=\"width: 22px; height: 22px;\"><\/div>\n        <\/div>\n            <div class=\"kksr-star\" data-star=\"3\" style=\"padding-right: 5px\">\n            \n\n<div class=\"kksr-icon\" style=\"width: 22px; height: 22px;\"><\/div>\n        <\/div>\n            <div class=\"kksr-star\" data-star=\"4\" style=\"padding-right: 5px\">\n            \n\n<div class=\"kksr-icon\" style=\"width: 22px; height: 22px;\"><\/div>\n        <\/div>\n            <div class=\"kksr-star\" data-star=\"5\" style=\"padding-right: 5px\">\n            \n\n<div class=\"kksr-icon\" style=\"width: 22px; height: 22px;\"><\/div>\n        <\/div>\n    <\/div>\n    \n<div class=\"kksr-stars-active\" style=\"width: 0px;\">\n            <div class=\"kksr-star\" style=\"padding-right: 5px\">\n            \n\n<div class=\"kksr-icon\" style=\"width: 22px; height: 22px;\"><\/div>\n        <\/div>\n            <div class=\"kksr-star\" style=\"padding-right: 5px\">\n            \n\n<div class=\"kksr-icon\" style=\"width: 22px; height: 22px;\"><\/div>\n        <\/div>\n            <div class=\"kksr-star\" style=\"padding-right: 5px\">\n            \n\n<div class=\"kksr-icon\" style=\"width: 22px; height: 22px;\"><\/div>\n        <\/div>\n            <div class=\"kksr-star\" style=\"padding-right: 5px\">\n            \n\n<div class=\"kksr-icon\" style=\"width: 22px; height: 22px;\"><\/div>\n        <\/div>\n            <div class=\"kksr-star\" style=\"padding-right: 5px\">\n            \n\n<div class=\"kksr-icon\" style=\"width: 22px; height: 22px;\"><\/div>\n        <\/div>\n    <\/div>\n<\/div>\n                \n\n<div class=\"kksr-legend\" style=\"font-size: 17.6px;\">\n            <span class=\"kksr-muted\">Valora este post<\/span>\n    <\/div>\n    <\/div>\n","protected":false},"excerpt":{"rendered":"<p>Declaraci\u00f3n de Impuestos 2024: Deducciones aplicables para arrendamientos y veh\u00edculos el\u00e9ctricos A medida que nos acercamos al per\u00edodo de declaraci\u00f3n de impuestos del a\u00f1o 2024, es &#8230; <a title=\"Declaraci\u00f3n 2024: \u00a1Descubre deducciones por alquiler y coches el\u00e9ctricos!\" class=\"read-more\" href=\"https:\/\/www.diario21.tv\/noticias\/declaracion-2024-descubre-deducciones-por-alquiler-y-coches-electricos\/\" aria-label=\"Leer m\u00e1s sobre Declaraci\u00f3n 2024: \u00a1Descubre deducciones por alquiler y coches el\u00e9ctricos!\">Seguir leyendo &rarr;<\/a><\/p>\n","protected":false},"author":20,"featured_media":2735,"comment_status":"open","ping_status":"open","sticky":false,"template":"","format":"standard","meta":{"footnotes":""},"categories":[13],"tags":[],"class_list":["post-2734","post","type-post","status-publish","format-standard","has-post-thumbnail","hentry","category-portada"],"yoast_head":"<!-- This site is optimized with the Yoast SEO plugin v25.6 - https:\/\/yoast.com\/wordpress\/plugins\/seo\/ -->\n<title>Declaraci\u00f3n 2024: \u00a1Descubre deducciones por alquiler y coches el\u00e9ctricos! - Diario 21<\/title>\n<meta name=\"robots\" content=\"index, follow, max-snippet:-1, max-image-preview:large, max-video-preview:-1\" \/>\n<link rel=\"canonical\" href=\"https:\/\/www.diario21.tv\/noticias\/declaracion-2024-descubre-deducciones-por-alquiler-y-coches-electricos\/\" \/>\n<meta property=\"og:locale\" content=\"es_ES\" \/>\n<meta property=\"og:type\" content=\"article\" \/>\n<meta property=\"og:title\" content=\"Declaraci\u00f3n 2024: \u00a1Descubre deducciones por alquiler y coches el\u00e9ctricos! - Diario 21\" \/>\n<meta property=\"og:description\" content=\"Declaraci\u00f3n de Impuestos 2024: Deducciones aplicables para arrendamientos y veh\u00edculos el\u00e9ctricos A medida que nos acercamos al per\u00edodo de declaraci\u00f3n de impuestos del a\u00f1o 2024, es ... Seguir leyendo &rarr;\" \/>\n<meta property=\"og:url\" content=\"https:\/\/www.diario21.tv\/noticias\/declaracion-2024-descubre-deducciones-por-alquiler-y-coches-electricos\/\" \/>\n<meta property=\"og:site_name\" content=\"Diario 21\" \/>\n<meta property=\"article:published_time\" content=\"2025-04-09T01:22:17+00:00\" \/>\n<meta property=\"article:modified_time\" content=\"2025-04-09T01:22:18+00:00\" \/>\n<meta property=\"og:image\" content=\"https:\/\/www.diario21.tv\/noticias\/wp-content\/uploads\/2025\/04\/Declaracion-2024-\u00a1Descubre-deducciones-por-alquiler-y-coches-electricos.jpg\" \/>\n\t<meta property=\"og:image:width\" content=\"1920\" \/>\n\t<meta property=\"og:image:height\" content=\"1080\" \/>\n\t<meta property=\"og:image:type\" content=\"image\/jpeg\" \/>\n<meta name=\"author\" content=\"Juan P\u00e9rez\" \/>\n<meta name=\"twitter:card\" content=\"summary_large_image\" \/>\n<meta name=\"twitter:label1\" content=\"Escrito por\" \/>\n\t<meta name=\"twitter:data1\" content=\"Juan P\u00e9rez\" \/>\n\t<meta name=\"twitter:label2\" content=\"Tiempo de lectura\" \/>\n\t<meta name=\"twitter:data2\" content=\"3 minutos\" \/>\n<script type=\"application\/ld+json\" class=\"yoast-schema-graph\">{\"@context\":\"https:\/\/schema.org\",\"@graph\":[{\"@type\":\"WebPage\",\"@id\":\"https:\/\/www.diario21.tv\/noticias\/declaracion-2024-descubre-deducciones-por-alquiler-y-coches-electricos\/\",\"url\":\"https:\/\/www.diario21.tv\/noticias\/declaracion-2024-descubre-deducciones-por-alquiler-y-coches-electricos\/\",\"name\":\"Declaraci\u00f3n 2024: \u00a1Descubre deducciones por alquiler y coches el\u00e9ctricos! - Diario 21\",\"isPartOf\":{\"@id\":\"https:\/\/www.diario21.tv\/noticias\/#website\"},\"primaryImageOfPage\":{\"@id\":\"https:\/\/www.diario21.tv\/noticias\/declaracion-2024-descubre-deducciones-por-alquiler-y-coches-electricos\/#primaryimage\"},\"image\":{\"@id\":\"https:\/\/www.diario21.tv\/noticias\/declaracion-2024-descubre-deducciones-por-alquiler-y-coches-electricos\/#primaryimage\"},\"thumbnailUrl\":\"https:\/\/www.diario21.tv\/noticias\/wp-content\/uploads\/2025\/04\/Declaracion-2024-\u00a1Descubre-deducciones-por-alquiler-y-coches-electricos.jpg\",\"datePublished\":\"2025-04-09T01:22:17+00:00\",\"dateModified\":\"2025-04-09T01:22:18+00:00\",\"author\":{\"@id\":\"https:\/\/www.diario21.tv\/noticias\/#\/schema\/person\/dfb778f73814d8f09f302618446a526b\"},\"breadcrumb\":{\"@id\":\"https:\/\/www.diario21.tv\/noticias\/declaracion-2024-descubre-deducciones-por-alquiler-y-coches-electricos\/#breadcrumb\"},\"inLanguage\":\"es-AR\",\"potentialAction\":[{\"@type\":\"ReadAction\",\"target\":[\"https:\/\/www.diario21.tv\/noticias\/declaracion-2024-descubre-deducciones-por-alquiler-y-coches-electricos\/\"]}]},{\"@type\":\"ImageObject\",\"inLanguage\":\"es-AR\",\"@id\":\"https:\/\/www.diario21.tv\/noticias\/declaracion-2024-descubre-deducciones-por-alquiler-y-coches-electricos\/#primaryimage\",\"url\":\"https:\/\/www.diario21.tv\/noticias\/wp-content\/uploads\/2025\/04\/Declaracion-2024-\u00a1Descubre-deducciones-por-alquiler-y-coches-electricos.jpg\",\"contentUrl\":\"https:\/\/www.diario21.tv\/noticias\/wp-content\/uploads\/2025\/04\/Declaracion-2024-\u00a1Descubre-deducciones-por-alquiler-y-coches-electricos.jpg\",\"width\":1920,\"height\":1080,\"caption\":\"Declaraci\u00f3n de la renta 2024: Deducciones por alquiler y coches el\u00e9ctricos\"},{\"@type\":\"BreadcrumbList\",\"@id\":\"https:\/\/www.diario21.tv\/noticias\/declaracion-2024-descubre-deducciones-por-alquiler-y-coches-electricos\/#breadcrumb\",\"itemListElement\":[{\"@type\":\"ListItem\",\"position\":1,\"name\":\"Accueil\",\"item\":\"https:\/\/www.diario21.tv\/noticias\/\"},{\"@type\":\"ListItem\",\"position\":2,\"name\":\"Declaraci\u00f3n 2024: \u00a1Descubre deducciones por alquiler y coches el\u00e9ctricos!\"}]},{\"@type\":\"WebSite\",\"@id\":\"https:\/\/www.diario21.tv\/noticias\/#website\",\"url\":\"https:\/\/www.diario21.tv\/noticias\/\",\"name\":\"Diario 21\",\"description\":\"\",\"potentialAction\":[{\"@type\":\"SearchAction\",\"target\":{\"@type\":\"EntryPoint\",\"urlTemplate\":\"https:\/\/www.diario21.tv\/noticias\/?s={search_term_string}\"},\"query-input\":{\"@type\":\"PropertyValueSpecification\",\"valueRequired\":true,\"valueName\":\"search_term_string\"}}],\"inLanguage\":\"es-AR\"},{\"@type\":\"Person\",\"@id\":\"https:\/\/www.diario21.tv\/noticias\/#\/schema\/person\/dfb778f73814d8f09f302618446a526b\",\"name\":\"Juan P\u00e9rez\",\"image\":{\"@type\":\"ImageObject\",\"inLanguage\":\"es-AR\",\"@id\":\"https:\/\/www.diario21.tv\/noticias\/#\/schema\/person\/image\/\",\"url\":\"https:\/\/secure.gravatar.com\/avatar\/c478a405bd10621167f4c3167cc770f5?s=96&d=mm&r=g\",\"contentUrl\":\"https:\/\/secure.gravatar.com\/avatar\/c478a405bd10621167f4c3167cc770f5?s=96&d=mm&r=g\",\"caption\":\"Juan P\u00e9rez\"},\"description\":\"Juan P\u00e9rez es el redactor en jefe de Diario 21. Con m\u00e1s de 10 a\u00f1os de experiencia en el periodismo, se especializa en pol\u00edtica nacional y an\u00e1lisis socioecon\u00f3mico. Su enfoque cr\u00edtico y riguroso aporta una perspectiva \u00fanica a cada art\u00edculo.\",\"sameAs\":[\"https:\/\/www.diario21.tv\/noticias\/\"],\"url\":\"https:\/\/www.diario21.tv\/noticias\/author\/juan-perez\/\"}]}<\/script>\n<!-- \/ Yoast SEO plugin. -->","yoast_head_json":{"title":"Declaraci\u00f3n 2024: \u00a1Descubre deducciones por alquiler y coches el\u00e9ctricos! - Diario 21","robots":{"index":"index","follow":"follow","max-snippet":"max-snippet:-1","max-image-preview":"max-image-preview:large","max-video-preview":"max-video-preview:-1"},"canonical":"https:\/\/www.diario21.tv\/noticias\/declaracion-2024-descubre-deducciones-por-alquiler-y-coches-electricos\/","og_locale":"es_ES","og_type":"article","og_title":"Declaraci\u00f3n 2024: \u00a1Descubre deducciones por alquiler y coches el\u00e9ctricos! - Diario 21","og_description":"Declaraci\u00f3n de Impuestos 2024: Deducciones aplicables para arrendamientos y veh\u00edculos el\u00e9ctricos A medida que nos acercamos al per\u00edodo de declaraci\u00f3n de impuestos del a\u00f1o 2024, es ... Seguir leyendo &rarr;","og_url":"https:\/\/www.diario21.tv\/noticias\/declaracion-2024-descubre-deducciones-por-alquiler-y-coches-electricos\/","og_site_name":"Diario 21","article_published_time":"2025-04-09T01:22:17+00:00","article_modified_time":"2025-04-09T01:22:18+00:00","og_image":[{"width":1920,"height":1080,"url":"https:\/\/www.diario21.tv\/noticias\/wp-content\/uploads\/2025\/04\/Declaracion-2024-\u00a1Descubre-deducciones-por-alquiler-y-coches-electricos.jpg","type":"image\/jpeg"}],"author":"Juan P\u00e9rez","twitter_card":"summary_large_image","twitter_misc":{"Escrito por":"Juan P\u00e9rez","Tiempo de lectura":"3 minutos"},"schema":{"@context":"https:\/\/schema.org","@graph":[{"@type":"WebPage","@id":"https:\/\/www.diario21.tv\/noticias\/declaracion-2024-descubre-deducciones-por-alquiler-y-coches-electricos\/","url":"https:\/\/www.diario21.tv\/noticias\/declaracion-2024-descubre-deducciones-por-alquiler-y-coches-electricos\/","name":"Declaraci\u00f3n 2024: \u00a1Descubre deducciones por alquiler y coches el\u00e9ctricos! - Diario 21","isPartOf":{"@id":"https:\/\/www.diario21.tv\/noticias\/#website"},"primaryImageOfPage":{"@id":"https:\/\/www.diario21.tv\/noticias\/declaracion-2024-descubre-deducciones-por-alquiler-y-coches-electricos\/#primaryimage"},"image":{"@id":"https:\/\/www.diario21.tv\/noticias\/declaracion-2024-descubre-deducciones-por-alquiler-y-coches-electricos\/#primaryimage"},"thumbnailUrl":"https:\/\/www.diario21.tv\/noticias\/wp-content\/uploads\/2025\/04\/Declaracion-2024-\u00a1Descubre-deducciones-por-alquiler-y-coches-electricos.jpg","datePublished":"2025-04-09T01:22:17+00:00","dateModified":"2025-04-09T01:22:18+00:00","author":{"@id":"https:\/\/www.diario21.tv\/noticias\/#\/schema\/person\/dfb778f73814d8f09f302618446a526b"},"breadcrumb":{"@id":"https:\/\/www.diario21.tv\/noticias\/declaracion-2024-descubre-deducciones-por-alquiler-y-coches-electricos\/#breadcrumb"},"inLanguage":"es-AR","potentialAction":[{"@type":"ReadAction","target":["https:\/\/www.diario21.tv\/noticias\/declaracion-2024-descubre-deducciones-por-alquiler-y-coches-electricos\/"]}]},{"@type":"ImageObject","inLanguage":"es-AR","@id":"https:\/\/www.diario21.tv\/noticias\/declaracion-2024-descubre-deducciones-por-alquiler-y-coches-electricos\/#primaryimage","url":"https:\/\/www.diario21.tv\/noticias\/wp-content\/uploads\/2025\/04\/Declaracion-2024-\u00a1Descubre-deducciones-por-alquiler-y-coches-electricos.jpg","contentUrl":"https:\/\/www.diario21.tv\/noticias\/wp-content\/uploads\/2025\/04\/Declaracion-2024-\u00a1Descubre-deducciones-por-alquiler-y-coches-electricos.jpg","width":1920,"height":1080,"caption":"Declaraci\u00f3n de la renta 2024: Deducciones por alquiler y coches el\u00e9ctricos"},{"@type":"BreadcrumbList","@id":"https:\/\/www.diario21.tv\/noticias\/declaracion-2024-descubre-deducciones-por-alquiler-y-coches-electricos\/#breadcrumb","itemListElement":[{"@type":"ListItem","position":1,"name":"Accueil","item":"https:\/\/www.diario21.tv\/noticias\/"},{"@type":"ListItem","position":2,"name":"Declaraci\u00f3n 2024: \u00a1Descubre deducciones por alquiler y coches el\u00e9ctricos!"}]},{"@type":"WebSite","@id":"https:\/\/www.diario21.tv\/noticias\/#website","url":"https:\/\/www.diario21.tv\/noticias\/","name":"Diario 21","description":"","potentialAction":[{"@type":"SearchAction","target":{"@type":"EntryPoint","urlTemplate":"https:\/\/www.diario21.tv\/noticias\/?s={search_term_string}"},"query-input":{"@type":"PropertyValueSpecification","valueRequired":true,"valueName":"search_term_string"}}],"inLanguage":"es-AR"},{"@type":"Person","@id":"https:\/\/www.diario21.tv\/noticias\/#\/schema\/person\/dfb778f73814d8f09f302618446a526b","name":"Juan P\u00e9rez","image":{"@type":"ImageObject","inLanguage":"es-AR","@id":"https:\/\/www.diario21.tv\/noticias\/#\/schema\/person\/image\/","url":"https:\/\/secure.gravatar.com\/avatar\/c478a405bd10621167f4c3167cc770f5?s=96&d=mm&r=g","contentUrl":"https:\/\/secure.gravatar.com\/avatar\/c478a405bd10621167f4c3167cc770f5?s=96&d=mm&r=g","caption":"Juan P\u00e9rez"},"description":"Juan P\u00e9rez es el redactor en jefe de Diario 21. Con m\u00e1s de 10 a\u00f1os de experiencia en el periodismo, se especializa en pol\u00edtica nacional y an\u00e1lisis socioecon\u00f3mico. Su enfoque cr\u00edtico y riguroso aporta una perspectiva \u00fanica a cada art\u00edculo.","sameAs":["https:\/\/www.diario21.tv\/noticias\/"],"url":"https:\/\/www.diario21.tv\/noticias\/author\/juan-perez\/"}]}},"_links":{"self":[{"href":"https:\/\/www.diario21.tv\/noticias\/wp-json\/wp\/v2\/posts\/2734"}],"collection":[{"href":"https:\/\/www.diario21.tv\/noticias\/wp-json\/wp\/v2\/posts"}],"about":[{"href":"https:\/\/www.diario21.tv\/noticias\/wp-json\/wp\/v2\/types\/post"}],"author":[{"embeddable":true,"href":"https:\/\/www.diario21.tv\/noticias\/wp-json\/wp\/v2\/users\/20"}],"replies":[{"embeddable":true,"href":"https:\/\/www.diario21.tv\/noticias\/wp-json\/wp\/v2\/comments?post=2734"}],"version-history":[{"count":1,"href":"https:\/\/www.diario21.tv\/noticias\/wp-json\/wp\/v2\/posts\/2734\/revisions"}],"predecessor-version":[{"id":2736,"href":"https:\/\/www.diario21.tv\/noticias\/wp-json\/wp\/v2\/posts\/2734\/revisions\/2736"}],"wp:featuredmedia":[{"embeddable":true,"href":"https:\/\/www.diario21.tv\/noticias\/wp-json\/wp\/v2\/media\/2735"}],"wp:attachment":[{"href":"https:\/\/www.diario21.tv\/noticias\/wp-json\/wp\/v2\/media?parent=2734"}],"wp:term":[{"taxonomy":"category","embeddable":true,"href":"https:\/\/www.diario21.tv\/noticias\/wp-json\/wp\/v2\/categories?post=2734"},{"taxonomy":"post_tag","embeddable":true,"href":"https:\/\/www.diario21.tv\/noticias\/wp-json\/wp\/v2\/tags?post=2734"}],"curies":[{"name":"wp","href":"https:\/\/api.w.org\/{rel}","templated":true}]}}