{"id":2722,"date":"2025-04-08T01:10:38","date_gmt":"2025-04-08T01:10:38","guid":{"rendered":"https:\/\/www.diario21.tv\/noticias\/demasiado-joven-para-castigar-demasiado-viejo-para-empatizar-un-dilema-social\/"},"modified":"2025-04-08T01:10:39","modified_gmt":"2025-04-08T01:10:39","slug":"demasiado-joven-para-castigar-demasiado-viejo-para-empatizar-un-dilema-social","status":"publish","type":"post","link":"https:\/\/www.diario21.tv\/noticias\/demasiado-joven-para-castigar-demasiado-viejo-para-empatizar-un-dilema-social\/","title":{"rendered":"Demasiado joven para castigar, demasiado viejo para empatizar: un dilema social"},"content":{"rendered":"<h2>Demasiado Peque\u00f1o para el Castigo, Demasiado Grande para la Compasi\u00f3n<\/h2>\n<p>En la sociedad actual, frecuentemente nos encontramos en un dilema cuando se trata de determinar la edad adecuada para diversas responsabilidades y consecuencias. Este problema no solo se aplica a las leyes y normativas, sino tambi\u00e9n a las percepciones sociales sobre la madurez y la capacidad de empat\u00eda.<\/p>\n<h3>La Infancia y el Sistema de Justicia<\/h3>\n<p>El sistema de justicia juvenil es un claro ejemplo de c\u00f3mo la sociedad intenta balancear el castigo y la protecci\u00f3n basada en la edad. A menudo, los ni\u00f1os menores de cierta edad son considerados demasiado j\u00f3venes para enfrentar las consecuencias legales completas de sus actos. Esto se basa en la comprensi\u00f3n de que los ni\u00f1os est\u00e1n en proceso de desarrollo y pueden no entender completamente las implicaciones de sus acciones.<\/p>\n<p>Sin embargo, esta misma l\u00f3gica no siempre se extiende a la forma en que se trata a los adolescentes, especialmente en casos graves. En muchos sistemas legales, los adolescentes pueden ser juzgados como adultos y enfrentar castigos severos, lo que plantea preguntas sobre d\u00f3nde deber\u00edamos trazar la l\u00ednea de la responsabilidad juvenil.<\/p>\n<h3>Empat\u00eda hacia los Mayores<\/h3>\n<p>Por otro lado, la empat\u00eda hacia las personas mayores a menudo disminuye a medida que avanzan en edad. Aunque los adultos mayores pueden enfrentar desaf\u00edos significativos relacionados con la salud y la p\u00e9rdida de autonom\u00eda, la sociedad a veces falla en ofrecer el apoyo emocional y comprensi\u00f3n que necesitan. Este fen\u00f3meno puede ser el resultado de estereotipos sobre el envejecimiento que asumen que los adultos mayores deben ser capaces de manejar sus problemas sin ayuda.<\/p>\n<h3>El Desaf\u00edo de Definir la Madurez<\/h3>\n<p>Uno de los mayores desaf\u00edos es definir y entender la madurez. La madurez emocional y psicol\u00f3gica no siempre coincide con la edad biol\u00f3gica. Algunos j\u00f3venes pueden demostrar un alto nivel de comprensi\u00f3n y empat\u00eda a una edad temprana, mientras que algunos adultos nunca alcanzan un nivel significativo de madurez emocional.<\/p>\n<p>Esta discrepancia hace que sea dif\u00edcil establecer reglas claras sobre cu\u00e1ndo una persona debe ser plenamente responsable de sus actos o cu\u00e1ndo deber\u00eda recibir el m\u00e1ximo de compasi\u00f3n y apoyo. La variabilidad individual complica estas decisiones, y las pol\u00edticas y pr\u00e1cticas a menudo tienen que ser ajustadas para tratar de manejar esta diversidad de madurez.<\/p>\n<p>En conclusi\u00f3n, tanto en el tratamiento de los j\u00f3venes en el sistema de justicia como en el cuidado y la comprensi\u00f3n hacia los adultos mayores, nuestra sociedad contin\u00faa luchando con la cuesti\u00f3n de c\u00f3mo y cu\u00e1ndo aplicar castigo y cu\u00e1ndo ofrecer apoyo y empat\u00eda. Es esencial que sigamos buscando un equilibrio justo que reconozca tanto la diversidad de desarrollo individual como las necesidades cambiantes a lo largo de la vida de las personas.<\/p>\n\n\n<div class=\"kk-star-ratings kksr-auto kksr-align-left kksr-valign-bottom\"\n    data-payload='{&quot;align&quot;:&quot;left&quot;,&quot;id&quot;:&quot;2722&quot;,&quot;slug&quot;:&quot;default&quot;,&quot;valign&quot;:&quot;bottom&quot;,&quot;ignore&quot;:&quot;&quot;,&quot;reference&quot;:&quot;auto&quot;,&quot;class&quot;:&quot;&quot;,&quot;count&quot;:&quot;0&quot;,&quot;legendonly&quot;:&quot;&quot;,&quot;readonly&quot;:&quot;&quot;,&quot;score&quot;:&quot;0&quot;,&quot;starsonly&quot;:&quot;&quot;,&quot;best&quot;:&quot;5&quot;,&quot;gap&quot;:&quot;5&quot;,&quot;greet&quot;:&quot;Valora este post&quot;,&quot;legend&quot;:&quot;0\\\/5 - (0 votes)&quot;,&quot;size&quot;:&quot;22&quot;,&quot;title&quot;:&quot;Demasiado joven para castigar, demasiado viejo para empatizar: un dilema social&quot;,&quot;width&quot;:&quot;0&quot;,&quot;_legend&quot;:&quot;{score}\\\/{best} - ({count} {votes})&quot;,&quot;font_factor&quot;:&quot;1.25&quot;}'>\n            \n<div class=\"kksr-stars\">\n    \n<div class=\"kksr-stars-inactive\">\n            <div class=\"kksr-star\" data-star=\"1\" style=\"padding-right: 5px\">\n            \n\n<div class=\"kksr-icon\" style=\"width: 22px; height: 22px;\"><\/div>\n        <\/div>\n            <div class=\"kksr-star\" data-star=\"2\" style=\"padding-right: 5px\">\n            \n\n<div class=\"kksr-icon\" style=\"width: 22px; height: 22px;\"><\/div>\n        <\/div>\n            <div class=\"kksr-star\" data-star=\"3\" style=\"padding-right: 5px\">\n            \n\n<div class=\"kksr-icon\" style=\"width: 22px; height: 22px;\"><\/div>\n        <\/div>\n            <div class=\"kksr-star\" data-star=\"4\" style=\"padding-right: 5px\">\n            \n\n<div class=\"kksr-icon\" style=\"width: 22px; height: 22px;\"><\/div>\n        <\/div>\n            <div class=\"kksr-star\" data-star=\"5\" style=\"padding-right: 5px\">\n            \n\n<div class=\"kksr-icon\" style=\"width: 22px; height: 22px;\"><\/div>\n        <\/div>\n    <\/div>\n    \n<div class=\"kksr-stars-active\" style=\"width: 0px;\">\n            <div class=\"kksr-star\" style=\"padding-right: 5px\">\n            \n\n<div class=\"kksr-icon\" style=\"width: 22px; height: 22px;\"><\/div>\n        <\/div>\n            <div class=\"kksr-star\" style=\"padding-right: 5px\">\n            \n\n<div class=\"kksr-icon\" style=\"width: 22px; height: 22px;\"><\/div>\n        <\/div>\n            <div class=\"kksr-star\" style=\"padding-right: 5px\">\n            \n\n<div class=\"kksr-icon\" style=\"width: 22px; height: 22px;\"><\/div>\n        <\/div>\n            <div class=\"kksr-star\" style=\"padding-right: 5px\">\n            \n\n<div class=\"kksr-icon\" style=\"width: 22px; height: 22px;\"><\/div>\n        <\/div>\n            <div class=\"kksr-star\" style=\"padding-right: 5px\">\n            \n\n<div class=\"kksr-icon\" style=\"width: 22px; height: 22px;\"><\/div>\n        <\/div>\n    <\/div>\n<\/div>\n                \n\n<div class=\"kksr-legend\" style=\"font-size: 17.6px;\">\n            <span class=\"kksr-muted\">Valora este post<\/span>\n    <\/div>\n    <\/div>\n","protected":false},"excerpt":{"rendered":"<p>Demasiado Peque\u00f1o para el Castigo, Demasiado Grande para la Compasi\u00f3n En la sociedad actual, frecuentemente nos encontramos en un dilema cuando se trata de determinar la &#8230; <a title=\"Demasiado joven para castigar, demasiado viejo para empatizar: un dilema social\" class=\"read-more\" href=\"https:\/\/www.diario21.tv\/noticias\/demasiado-joven-para-castigar-demasiado-viejo-para-empatizar-un-dilema-social\/\" aria-label=\"Leer m\u00e1s sobre Demasiado joven para castigar, demasiado viejo para empatizar: un dilema social\">Seguir leyendo &rarr;<\/a><\/p>\n","protected":false},"author":20,"featured_media":2723,"comment_status":"open","ping_status":"open","sticky":false,"template":"","format":"standard","meta":{"footnotes":""},"categories":[13],"tags":[],"class_list":["post-2722","post","type-post","status-publish","format-standard","has-post-thumbnail","hentry","category-portada"],"yoast_head":"<!-- This site is optimized with the Yoast SEO plugin v25.6 - https:\/\/yoast.com\/wordpress\/plugins\/seo\/ -->\n<title>Demasiado joven para castigar, demasiado viejo para empatizar: un dilema social - Diario 21<\/title>\n<meta name=\"robots\" content=\"index, follow, max-snippet:-1, max-image-preview:large, max-video-preview:-1\" \/>\n<link rel=\"canonical\" href=\"https:\/\/www.diario21.tv\/noticias\/demasiado-joven-para-castigar-demasiado-viejo-para-empatizar-un-dilema-social\/\" \/>\n<meta property=\"og:locale\" content=\"es_ES\" \/>\n<meta property=\"og:type\" content=\"article\" \/>\n<meta property=\"og:title\" content=\"Demasiado joven para castigar, demasiado viejo para empatizar: un dilema social - Diario 21\" \/>\n<meta property=\"og:description\" content=\"Demasiado Peque\u00f1o para el Castigo, Demasiado Grande para la Compasi\u00f3n En la sociedad actual, frecuentemente nos encontramos en un dilema cuando se trata de determinar la ... Seguir leyendo &rarr;\" \/>\n<meta property=\"og:url\" content=\"https:\/\/www.diario21.tv\/noticias\/demasiado-joven-para-castigar-demasiado-viejo-para-empatizar-un-dilema-social\/\" \/>\n<meta property=\"og:site_name\" content=\"Diario 21\" \/>\n<meta property=\"article:published_time\" content=\"2025-04-08T01:10:38+00:00\" \/>\n<meta property=\"article:modified_time\" content=\"2025-04-08T01:10:39+00:00\" \/>\n<meta property=\"og:image\" content=\"https:\/\/www.diario21.tv\/noticias\/wp-content\/uploads\/2025\/04\/Demasiado-joven-para-castigar-demasiado-viejo-para-empatizar-un-dilema.jpg\" \/>\n\t<meta property=\"og:image:width\" content=\"1920\" \/>\n\t<meta property=\"og:image:height\" content=\"1080\" \/>\n\t<meta property=\"og:image:type\" content=\"image\/jpeg\" \/>\n<meta name=\"author\" content=\"Juan P\u00e9rez\" \/>\n<meta name=\"twitter:card\" content=\"summary_large_image\" \/>\n<meta name=\"twitter:label1\" content=\"Escrito por\" \/>\n\t<meta name=\"twitter:data1\" content=\"Juan P\u00e9rez\" \/>\n\t<meta name=\"twitter:label2\" content=\"Tiempo de lectura\" \/>\n\t<meta name=\"twitter:data2\" content=\"2 minutos\" \/>\n<script type=\"application\/ld+json\" class=\"yoast-schema-graph\">{\"@context\":\"https:\/\/schema.org\",\"@graph\":[{\"@type\":\"WebPage\",\"@id\":\"https:\/\/www.diario21.tv\/noticias\/demasiado-joven-para-castigar-demasiado-viejo-para-empatizar-un-dilema-social\/\",\"url\":\"https:\/\/www.diario21.tv\/noticias\/demasiado-joven-para-castigar-demasiado-viejo-para-empatizar-un-dilema-social\/\",\"name\":\"Demasiado joven para castigar, demasiado viejo para empatizar: un dilema social - Diario 21\",\"isPartOf\":{\"@id\":\"https:\/\/www.diario21.tv\/noticias\/#website\"},\"primaryImageOfPage\":{\"@id\":\"https:\/\/www.diario21.tv\/noticias\/demasiado-joven-para-castigar-demasiado-viejo-para-empatizar-un-dilema-social\/#primaryimage\"},\"image\":{\"@id\":\"https:\/\/www.diario21.tv\/noticias\/demasiado-joven-para-castigar-demasiado-viejo-para-empatizar-un-dilema-social\/#primaryimage\"},\"thumbnailUrl\":\"https:\/\/www.diario21.tv\/noticias\/wp-content\/uploads\/2025\/04\/Demasiado-joven-para-castigar-demasiado-viejo-para-empatizar-un-dilema.jpg\",\"datePublished\":\"2025-04-08T01:10:38+00:00\",\"dateModified\":\"2025-04-08T01:10:39+00:00\",\"author\":{\"@id\":\"https:\/\/www.diario21.tv\/noticias\/#\/schema\/person\/dfb778f73814d8f09f302618446a526b\"},\"breadcrumb\":{\"@id\":\"https:\/\/www.diario21.tv\/noticias\/demasiado-joven-para-castigar-demasiado-viejo-para-empatizar-un-dilema-social\/#breadcrumb\"},\"inLanguage\":\"es-AR\",\"potentialAction\":[{\"@type\":\"ReadAction\",\"target\":[\"https:\/\/www.diario21.tv\/noticias\/demasiado-joven-para-castigar-demasiado-viejo-para-empatizar-un-dilema-social\/\"]}]},{\"@type\":\"ImageObject\",\"inLanguage\":\"es-AR\",\"@id\":\"https:\/\/www.diario21.tv\/noticias\/demasiado-joven-para-castigar-demasiado-viejo-para-empatizar-un-dilema-social\/#primaryimage\",\"url\":\"https:\/\/www.diario21.tv\/noticias\/wp-content\/uploads\/2025\/04\/Demasiado-joven-para-castigar-demasiado-viejo-para-empatizar-un-dilema.jpg\",\"contentUrl\":\"https:\/\/www.diario21.tv\/noticias\/wp-content\/uploads\/2025\/04\/Demasiado-joven-para-castigar-demasiado-viejo-para-empatizar-un-dilema.jpg\",\"width\":1920,\"height\":1080,\"caption\":\"Muy joven para el castigo, muy viejo para la empat\u00eda\"},{\"@type\":\"BreadcrumbList\",\"@id\":\"https:\/\/www.diario21.tv\/noticias\/demasiado-joven-para-castigar-demasiado-viejo-para-empatizar-un-dilema-social\/#breadcrumb\",\"itemListElement\":[{\"@type\":\"ListItem\",\"position\":1,\"name\":\"Accueil\",\"item\":\"https:\/\/www.diario21.tv\/noticias\/\"},{\"@type\":\"ListItem\",\"position\":2,\"name\":\"Demasiado joven para castigar, demasiado viejo para empatizar: un dilema social\"}]},{\"@type\":\"WebSite\",\"@id\":\"https:\/\/www.diario21.tv\/noticias\/#website\",\"url\":\"https:\/\/www.diario21.tv\/noticias\/\",\"name\":\"Diario 21\",\"description\":\"\",\"potentialAction\":[{\"@type\":\"SearchAction\",\"target\":{\"@type\":\"EntryPoint\",\"urlTemplate\":\"https:\/\/www.diario21.tv\/noticias\/?s={search_term_string}\"},\"query-input\":{\"@type\":\"PropertyValueSpecification\",\"valueRequired\":true,\"valueName\":\"search_term_string\"}}],\"inLanguage\":\"es-AR\"},{\"@type\":\"Person\",\"@id\":\"https:\/\/www.diario21.tv\/noticias\/#\/schema\/person\/dfb778f73814d8f09f302618446a526b\",\"name\":\"Juan P\u00e9rez\",\"image\":{\"@type\":\"ImageObject\",\"inLanguage\":\"es-AR\",\"@id\":\"https:\/\/www.diario21.tv\/noticias\/#\/schema\/person\/image\/\",\"url\":\"https:\/\/secure.gravatar.com\/avatar\/c478a405bd10621167f4c3167cc770f5?s=96&d=mm&r=g\",\"contentUrl\":\"https:\/\/secure.gravatar.com\/avatar\/c478a405bd10621167f4c3167cc770f5?s=96&d=mm&r=g\",\"caption\":\"Juan P\u00e9rez\"},\"description\":\"Juan P\u00e9rez es el redactor en jefe de Diario 21. Con m\u00e1s de 10 a\u00f1os de experiencia en el periodismo, se especializa en pol\u00edtica nacional y an\u00e1lisis socioecon\u00f3mico. Su enfoque cr\u00edtico y riguroso aporta una perspectiva \u00fanica a cada art\u00edculo.\",\"sameAs\":[\"https:\/\/www.diario21.tv\/noticias\/\"],\"url\":\"https:\/\/www.diario21.tv\/noticias\/author\/juan-perez\/\"}]}<\/script>\n<!-- \/ Yoast SEO plugin. -->","yoast_head_json":{"title":"Demasiado joven para castigar, demasiado viejo para empatizar: un dilema social - Diario 21","robots":{"index":"index","follow":"follow","max-snippet":"max-snippet:-1","max-image-preview":"max-image-preview:large","max-video-preview":"max-video-preview:-1"},"canonical":"https:\/\/www.diario21.tv\/noticias\/demasiado-joven-para-castigar-demasiado-viejo-para-empatizar-un-dilema-social\/","og_locale":"es_ES","og_type":"article","og_title":"Demasiado joven para castigar, demasiado viejo para empatizar: un dilema social - Diario 21","og_description":"Demasiado Peque\u00f1o para el Castigo, Demasiado Grande para la Compasi\u00f3n En la sociedad actual, frecuentemente nos encontramos en un dilema cuando se trata de determinar la ... Seguir leyendo &rarr;","og_url":"https:\/\/www.diario21.tv\/noticias\/demasiado-joven-para-castigar-demasiado-viejo-para-empatizar-un-dilema-social\/","og_site_name":"Diario 21","article_published_time":"2025-04-08T01:10:38+00:00","article_modified_time":"2025-04-08T01:10:39+00:00","og_image":[{"width":1920,"height":1080,"url":"https:\/\/www.diario21.tv\/noticias\/wp-content\/uploads\/2025\/04\/Demasiado-joven-para-castigar-demasiado-viejo-para-empatizar-un-dilema.jpg","type":"image\/jpeg"}],"author":"Juan P\u00e9rez","twitter_card":"summary_large_image","twitter_misc":{"Escrito por":"Juan P\u00e9rez","Tiempo de lectura":"2 minutos"},"schema":{"@context":"https:\/\/schema.org","@graph":[{"@type":"WebPage","@id":"https:\/\/www.diario21.tv\/noticias\/demasiado-joven-para-castigar-demasiado-viejo-para-empatizar-un-dilema-social\/","url":"https:\/\/www.diario21.tv\/noticias\/demasiado-joven-para-castigar-demasiado-viejo-para-empatizar-un-dilema-social\/","name":"Demasiado joven para castigar, demasiado viejo para empatizar: un dilema social - Diario 21","isPartOf":{"@id":"https:\/\/www.diario21.tv\/noticias\/#website"},"primaryImageOfPage":{"@id":"https:\/\/www.diario21.tv\/noticias\/demasiado-joven-para-castigar-demasiado-viejo-para-empatizar-un-dilema-social\/#primaryimage"},"image":{"@id":"https:\/\/www.diario21.tv\/noticias\/demasiado-joven-para-castigar-demasiado-viejo-para-empatizar-un-dilema-social\/#primaryimage"},"thumbnailUrl":"https:\/\/www.diario21.tv\/noticias\/wp-content\/uploads\/2025\/04\/Demasiado-joven-para-castigar-demasiado-viejo-para-empatizar-un-dilema.jpg","datePublished":"2025-04-08T01:10:38+00:00","dateModified":"2025-04-08T01:10:39+00:00","author":{"@id":"https:\/\/www.diario21.tv\/noticias\/#\/schema\/person\/dfb778f73814d8f09f302618446a526b"},"breadcrumb":{"@id":"https:\/\/www.diario21.tv\/noticias\/demasiado-joven-para-castigar-demasiado-viejo-para-empatizar-un-dilema-social\/#breadcrumb"},"inLanguage":"es-AR","potentialAction":[{"@type":"ReadAction","target":["https:\/\/www.diario21.tv\/noticias\/demasiado-joven-para-castigar-demasiado-viejo-para-empatizar-un-dilema-social\/"]}]},{"@type":"ImageObject","inLanguage":"es-AR","@id":"https:\/\/www.diario21.tv\/noticias\/demasiado-joven-para-castigar-demasiado-viejo-para-empatizar-un-dilema-social\/#primaryimage","url":"https:\/\/www.diario21.tv\/noticias\/wp-content\/uploads\/2025\/04\/Demasiado-joven-para-castigar-demasiado-viejo-para-empatizar-un-dilema.jpg","contentUrl":"https:\/\/www.diario21.tv\/noticias\/wp-content\/uploads\/2025\/04\/Demasiado-joven-para-castigar-demasiado-viejo-para-empatizar-un-dilema.jpg","width":1920,"height":1080,"caption":"Muy joven para el castigo, muy viejo para la empat\u00eda"},{"@type":"BreadcrumbList","@id":"https:\/\/www.diario21.tv\/noticias\/demasiado-joven-para-castigar-demasiado-viejo-para-empatizar-un-dilema-social\/#breadcrumb","itemListElement":[{"@type":"ListItem","position":1,"name":"Accueil","item":"https:\/\/www.diario21.tv\/noticias\/"},{"@type":"ListItem","position":2,"name":"Demasiado joven para castigar, demasiado viejo para empatizar: un dilema social"}]},{"@type":"WebSite","@id":"https:\/\/www.diario21.tv\/noticias\/#website","url":"https:\/\/www.diario21.tv\/noticias\/","name":"Diario 21","description":"","potentialAction":[{"@type":"SearchAction","target":{"@type":"EntryPoint","urlTemplate":"https:\/\/www.diario21.tv\/noticias\/?s={search_term_string}"},"query-input":{"@type":"PropertyValueSpecification","valueRequired":true,"valueName":"search_term_string"}}],"inLanguage":"es-AR"},{"@type":"Person","@id":"https:\/\/www.diario21.tv\/noticias\/#\/schema\/person\/dfb778f73814d8f09f302618446a526b","name":"Juan P\u00e9rez","image":{"@type":"ImageObject","inLanguage":"es-AR","@id":"https:\/\/www.diario21.tv\/noticias\/#\/schema\/person\/image\/","url":"https:\/\/secure.gravatar.com\/avatar\/c478a405bd10621167f4c3167cc770f5?s=96&d=mm&r=g","contentUrl":"https:\/\/secure.gravatar.com\/avatar\/c478a405bd10621167f4c3167cc770f5?s=96&d=mm&r=g","caption":"Juan P\u00e9rez"},"description":"Juan P\u00e9rez es el redactor en jefe de Diario 21. Con m\u00e1s de 10 a\u00f1os de experiencia en el periodismo, se especializa en pol\u00edtica nacional y an\u00e1lisis socioecon\u00f3mico. Su enfoque cr\u00edtico y riguroso aporta una perspectiva \u00fanica a cada art\u00edculo.","sameAs":["https:\/\/www.diario21.tv\/noticias\/"],"url":"https:\/\/www.diario21.tv\/noticias\/author\/juan-perez\/"}]}},"_links":{"self":[{"href":"https:\/\/www.diario21.tv\/noticias\/wp-json\/wp\/v2\/posts\/2722"}],"collection":[{"href":"https:\/\/www.diario21.tv\/noticias\/wp-json\/wp\/v2\/posts"}],"about":[{"href":"https:\/\/www.diario21.tv\/noticias\/wp-json\/wp\/v2\/types\/post"}],"author":[{"embeddable":true,"href":"https:\/\/www.diario21.tv\/noticias\/wp-json\/wp\/v2\/users\/20"}],"replies":[{"embeddable":true,"href":"https:\/\/www.diario21.tv\/noticias\/wp-json\/wp\/v2\/comments?post=2722"}],"version-history":[{"count":1,"href":"https:\/\/www.diario21.tv\/noticias\/wp-json\/wp\/v2\/posts\/2722\/revisions"}],"predecessor-version":[{"id":2724,"href":"https:\/\/www.diario21.tv\/noticias\/wp-json\/wp\/v2\/posts\/2722\/revisions\/2724"}],"wp:featuredmedia":[{"embeddable":true,"href":"https:\/\/www.diario21.tv\/noticias\/wp-json\/wp\/v2\/media\/2723"}],"wp:attachment":[{"href":"https:\/\/www.diario21.tv\/noticias\/wp-json\/wp\/v2\/media?parent=2722"}],"wp:term":[{"taxonomy":"category","embeddable":true,"href":"https:\/\/www.diario21.tv\/noticias\/wp-json\/wp\/v2\/categories?post=2722"},{"taxonomy":"post_tag","embeddable":true,"href":"https:\/\/www.diario21.tv\/noticias\/wp-json\/wp\/v2\/tags?post=2722"}],"curies":[{"name":"wp","href":"https:\/\/api.w.org\/{rel}","templated":true}]}}