{"id":2713,"date":"2025-04-07T06:51:55","date_gmt":"2025-04-07T06:51:55","guid":{"rendered":"https:\/\/www.diario21.tv\/noticias\/medicos-espanoles-protestan-en-masa-contra-la-reforma-del-estatuto-marco\/"},"modified":"2025-04-07T06:51:57","modified_gmt":"2025-04-07T06:51:57","slug":"medicos-espanoles-protestan-en-masa-contra-la-reforma-del-estatuto-marco","status":"publish","type":"post","link":"https:\/\/www.diario21.tv\/noticias\/medicos-espanoles-protestan-en-masa-contra-la-reforma-del-estatuto-marco\/","title":{"rendered":"M\u00e9dicos espa\u00f1oles protestan en masa contra la reforma del Estatuto Marco"},"content":{"rendered":"<h2>Manifestaciones de M\u00e9dicos en Espa\u00f1a en Respuesta a la Reforma Propuesta del Estatuto Marco<\/h2>\n<p>M\u00e9dicos y otros profesionales de la salud en Espa\u00f1a han comenzado una serie de manifestaciones y protestas en diversas ciudades del pa\u00eds. Esta oleada de movilizaciones es una respuesta directa a las modificaciones propuestas al Estatuto Marco que regula su profesi\u00f3n. Los profesionales del sector sanitario argumentan que estas reformas podr\u00edan deteriorar significativamente las condiciones de trabajo y la calidad del servicio m\u00e9dico en el pa\u00eds.<\/p>\n<h3>El Origen del Descontento<\/h3>\n<p>El gobierno espa\u00f1ol ha presentado una serie de cambios en el Estatuto Marco que afectan directamente a los trabajadores del sector salud. Estas modificaciones incluyen ajustes en los horarios, las condiciones laborales y los sistemas de movilidad y traslados de los profesionales m\u00e9dicos. Muchos m\u00e9dicos se sienten preocupados porque creen que estos cambios podr\u00edan llevar a una mayor precarizaci\u00f3n de su trabajo y afectar negativamente a la atenci\u00f3n que reciben los pacientes.<\/p>\n<h3>Principales Demandas de los Profesionales M\u00e9dicos<\/h3>\n<p>Los m\u00e9dicos y personal sanitario que han salido a protestar tienen varias demandas claras. En primer lugar, piden la retirada de las propuestas de reforma que consideran perjudiciales para el sector. Adem\u00e1s, est\u00e1n solicitando mejoras en las condiciones de trabajo, incluyendo una reducci\u00f3n de las horas extraordinarias obligatorias y un aumento de los recursos y personal en los hospitales y centros de salud. Tambi\u00e9n exigen una mayor estabilidad laboral y oportunidades de desarrollo profesional que aseguren la atracci\u00f3n y retenci\u00f3n de talento en el sector.<\/p>\n<h3>Impacto en la Atenci\u00f3n Sanitaria<\/h3>\n<p>La preocupaci\u00f3n no es solo por las condiciones laborales de los trabajadores, sino tambi\u00e9n por el impacto que estas reformas podr\u00edan tener en la calidad de la atenci\u00f3n sanitaria. Los m\u00e9dicos advierten que la sobrecarga de trabajo y la falta de personal adecuado pueden llevar a errores m\u00e9dicos y a una disminuci\u00f3n en la calidad del servicio que reciben los pacientes. Esto podr\u00eda tener consecuencias graves para la salud p\u00fablica del pa\u00eds.<\/p>\n<h3>Respuesta del Gobierno y Futuras Negociaciones<\/h3>\n<p>Ante las protestas, el gobierno ha manifestado su disposici\u00f3n a dialogar con los representantes del sector salud para encontrar una soluci\u00f3n que sea aceptable para ambas partes. Se espera que las pr\u00f3ximas semanas sean cruciales para las negociaciones, mientras los m\u00e9dicos mantienen su postura firme en demanda de mejores condiciones laborales y un sistema de salud m\u00e1s robusto y eficiente.<\/p>\n<p>Estas manifestaciones subrayan la importancia de los profesionales de la salud en la sociedad y el impacto que pol\u00edticas gubernamentales pueden tener en servicios esenciales como la atenci\u00f3n m\u00e9dica. Los m\u00e9dicos en Espa\u00f1a est\u00e1n decididos a luchar por un sistema que no solo les permita trabajar en condiciones dignas, sino que tambi\u00e9n garantice una atenci\u00f3n de calidad para todos los ciudadanos.<\/p>\n\n\n<div class=\"kk-star-ratings kksr-auto kksr-align-left kksr-valign-bottom\"\n    data-payload='{&quot;align&quot;:&quot;left&quot;,&quot;id&quot;:&quot;2713&quot;,&quot;slug&quot;:&quot;default&quot;,&quot;valign&quot;:&quot;bottom&quot;,&quot;ignore&quot;:&quot;&quot;,&quot;reference&quot;:&quot;auto&quot;,&quot;class&quot;:&quot;&quot;,&quot;count&quot;:&quot;0&quot;,&quot;legendonly&quot;:&quot;&quot;,&quot;readonly&quot;:&quot;&quot;,&quot;score&quot;:&quot;0&quot;,&quot;starsonly&quot;:&quot;&quot;,&quot;best&quot;:&quot;5&quot;,&quot;gap&quot;:&quot;5&quot;,&quot;greet&quot;:&quot;Valora este post&quot;,&quot;legend&quot;:&quot;0\\\/5 - (0 votes)&quot;,&quot;size&quot;:&quot;22&quot;,&quot;title&quot;:&quot;M\u00e9dicos espa\u00f1oles protestan en masa contra la reforma del Estatuto Marco&quot;,&quot;width&quot;:&quot;0&quot;,&quot;_legend&quot;:&quot;{score}\\\/{best} - ({count} {votes})&quot;,&quot;font_factor&quot;:&quot;1.25&quot;}'>\n            \n<div class=\"kksr-stars\">\n    \n<div class=\"kksr-stars-inactive\">\n            <div class=\"kksr-star\" data-star=\"1\" style=\"padding-right: 5px\">\n            \n\n<div class=\"kksr-icon\" style=\"width: 22px; height: 22px;\"><\/div>\n        <\/div>\n            <div class=\"kksr-star\" data-star=\"2\" style=\"padding-right: 5px\">\n            \n\n<div class=\"kksr-icon\" style=\"width: 22px; height: 22px;\"><\/div>\n        <\/div>\n            <div class=\"kksr-star\" data-star=\"3\" style=\"padding-right: 5px\">\n            \n\n<div class=\"kksr-icon\" style=\"width: 22px; height: 22px;\"><\/div>\n        <\/div>\n            <div class=\"kksr-star\" data-star=\"4\" style=\"padding-right: 5px\">\n            \n\n<div class=\"kksr-icon\" style=\"width: 22px; height: 22px;\"><\/div>\n        <\/div>\n            <div class=\"kksr-star\" data-star=\"5\" style=\"padding-right: 5px\">\n            \n\n<div class=\"kksr-icon\" style=\"width: 22px; height: 22px;\"><\/div>\n        <\/div>\n    <\/div>\n    \n<div class=\"kksr-stars-active\" style=\"width: 0px;\">\n            <div class=\"kksr-star\" style=\"padding-right: 5px\">\n            \n\n<div class=\"kksr-icon\" style=\"width: 22px; height: 22px;\"><\/div>\n        <\/div>\n            <div class=\"kksr-star\" style=\"padding-right: 5px\">\n            \n\n<div class=\"kksr-icon\" style=\"width: 22px; height: 22px;\"><\/div>\n        <\/div>\n            <div class=\"kksr-star\" style=\"padding-right: 5px\">\n            \n\n<div class=\"kksr-icon\" style=\"width: 22px; height: 22px;\"><\/div>\n        <\/div>\n            <div class=\"kksr-star\" style=\"padding-right: 5px\">\n            \n\n<div class=\"kksr-icon\" style=\"width: 22px; height: 22px;\"><\/div>\n        <\/div>\n            <div class=\"kksr-star\" style=\"padding-right: 5px\">\n            \n\n<div class=\"kksr-icon\" style=\"width: 22px; height: 22px;\"><\/div>\n        <\/div>\n    <\/div>\n<\/div>\n                \n\n<div class=\"kksr-legend\" style=\"font-size: 17.6px;\">\n            <span class=\"kksr-muted\">Valora este post<\/span>\n    <\/div>\n    <\/div>\n","protected":false},"excerpt":{"rendered":"<p>Manifestaciones de M\u00e9dicos en Espa\u00f1a en Respuesta a la Reforma Propuesta del Estatuto Marco M\u00e9dicos y otros profesionales de la salud en Espa\u00f1a han comenzado una &#8230; <a title=\"M\u00e9dicos espa\u00f1oles protestan en masa contra la reforma del Estatuto Marco\" class=\"read-more\" href=\"https:\/\/www.diario21.tv\/noticias\/medicos-espanoles-protestan-en-masa-contra-la-reforma-del-estatuto-marco\/\" aria-label=\"Leer m\u00e1s sobre M\u00e9dicos espa\u00f1oles protestan en masa contra la reforma del Estatuto Marco\">Seguir leyendo &rarr;<\/a><\/p>\n","protected":false},"author":20,"featured_media":2714,"comment_status":"open","ping_status":"open","sticky":false,"template":"","format":"standard","meta":{"footnotes":""},"categories":[13],"tags":[],"class_list":["post-2713","post","type-post","status-publish","format-standard","has-post-thumbnail","hentry","category-portada"],"yoast_head":"<!-- This site is optimized with the Yoast SEO plugin v25.6 - https:\/\/yoast.com\/wordpress\/plugins\/seo\/ -->\n<title>M\u00e9dicos espa\u00f1oles protestan en masa contra la reforma del Estatuto Marco - Diario 21<\/title>\n<meta name=\"robots\" content=\"index, follow, max-snippet:-1, max-image-preview:large, max-video-preview:-1\" \/>\n<link rel=\"canonical\" href=\"https:\/\/www.diario21.tv\/noticias\/medicos-espanoles-protestan-en-masa-contra-la-reforma-del-estatuto-marco\/\" \/>\n<meta property=\"og:locale\" content=\"es_ES\" \/>\n<meta property=\"og:type\" content=\"article\" \/>\n<meta property=\"og:title\" content=\"M\u00e9dicos espa\u00f1oles protestan en masa contra la reforma del Estatuto Marco - Diario 21\" \/>\n<meta property=\"og:description\" content=\"Manifestaciones de M\u00e9dicos en Espa\u00f1a en Respuesta a la Reforma Propuesta del Estatuto Marco M\u00e9dicos y otros profesionales de la salud en Espa\u00f1a han comenzado una ... Seguir leyendo &rarr;\" \/>\n<meta property=\"og:url\" content=\"https:\/\/www.diario21.tv\/noticias\/medicos-espanoles-protestan-en-masa-contra-la-reforma-del-estatuto-marco\/\" \/>\n<meta property=\"og:site_name\" content=\"Diario 21\" \/>\n<meta property=\"article:published_time\" content=\"2025-04-07T06:51:55+00:00\" \/>\n<meta property=\"article:modified_time\" content=\"2025-04-07T06:51:57+00:00\" \/>\n<meta property=\"og:image\" content=\"https:\/\/www.diario21.tv\/noticias\/wp-content\/uploads\/2025\/04\/Medicos-espanoles-protestan-en-masa-contra-la-reforma-del-Estatuto.JPG\" \/>\n\t<meta property=\"og:image:width\" content=\"1920\" \/>\n\t<meta property=\"og:image:height\" content=\"1080\" \/>\n\t<meta property=\"og:image:type\" content=\"image\/jpeg\" \/>\n<meta name=\"author\" content=\"Juan P\u00e9rez\" \/>\n<meta name=\"twitter:card\" content=\"summary_large_image\" \/>\n<meta name=\"twitter:label1\" content=\"Escrito por\" \/>\n\t<meta name=\"twitter:data1\" content=\"Juan P\u00e9rez\" \/>\n\t<meta name=\"twitter:label2\" content=\"Tiempo de lectura\" \/>\n\t<meta name=\"twitter:data2\" content=\"2 minutos\" \/>\n<script type=\"application\/ld+json\" class=\"yoast-schema-graph\">{\"@context\":\"https:\/\/schema.org\",\"@graph\":[{\"@type\":\"WebPage\",\"@id\":\"https:\/\/www.diario21.tv\/noticias\/medicos-espanoles-protestan-en-masa-contra-la-reforma-del-estatuto-marco\/\",\"url\":\"https:\/\/www.diario21.tv\/noticias\/medicos-espanoles-protestan-en-masa-contra-la-reforma-del-estatuto-marco\/\",\"name\":\"M\u00e9dicos espa\u00f1oles protestan en masa contra la reforma del Estatuto Marco - Diario 21\",\"isPartOf\":{\"@id\":\"https:\/\/www.diario21.tv\/noticias\/#website\"},\"primaryImageOfPage\":{\"@id\":\"https:\/\/www.diario21.tv\/noticias\/medicos-espanoles-protestan-en-masa-contra-la-reforma-del-estatuto-marco\/#primaryimage\"},\"image\":{\"@id\":\"https:\/\/www.diario21.tv\/noticias\/medicos-espanoles-protestan-en-masa-contra-la-reforma-del-estatuto-marco\/#primaryimage\"},\"thumbnailUrl\":\"https:\/\/www.diario21.tv\/noticias\/wp-content\/uploads\/2025\/04\/Medicos-espanoles-protestan-en-masa-contra-la-reforma-del-Estatuto.JPG\",\"datePublished\":\"2025-04-07T06:51:55+00:00\",\"dateModified\":\"2025-04-07T06:51:57+00:00\",\"author\":{\"@id\":\"https:\/\/www.diario21.tv\/noticias\/#\/schema\/person\/dfb778f73814d8f09f302618446a526b\"},\"breadcrumb\":{\"@id\":\"https:\/\/www.diario21.tv\/noticias\/medicos-espanoles-protestan-en-masa-contra-la-reforma-del-estatuto-marco\/#breadcrumb\"},\"inLanguage\":\"es-AR\",\"potentialAction\":[{\"@type\":\"ReadAction\",\"target\":[\"https:\/\/www.diario21.tv\/noticias\/medicos-espanoles-protestan-en-masa-contra-la-reforma-del-estatuto-marco\/\"]}]},{\"@type\":\"ImageObject\",\"inLanguage\":\"es-AR\",\"@id\":\"https:\/\/www.diario21.tv\/noticias\/medicos-espanoles-protestan-en-masa-contra-la-reforma-del-estatuto-marco\/#primaryimage\",\"url\":\"https:\/\/www.diario21.tv\/noticias\/wp-content\/uploads\/2025\/04\/Medicos-espanoles-protestan-en-masa-contra-la-reforma-del-Estatuto.JPG\",\"contentUrl\":\"https:\/\/www.diario21.tv\/noticias\/wp-content\/uploads\/2025\/04\/Medicos-espanoles-protestan-en-masa-contra-la-reforma-del-Estatuto.JPG\",\"width\":1920,\"height\":1080,\"caption\":\"M\u00e9dicos de toda Espa\u00f1a salen a la calle contra la reforma del Estatuto Marco\"},{\"@type\":\"BreadcrumbList\",\"@id\":\"https:\/\/www.diario21.tv\/noticias\/medicos-espanoles-protestan-en-masa-contra-la-reforma-del-estatuto-marco\/#breadcrumb\",\"itemListElement\":[{\"@type\":\"ListItem\",\"position\":1,\"name\":\"Accueil\",\"item\":\"https:\/\/www.diario21.tv\/noticias\/\"},{\"@type\":\"ListItem\",\"position\":2,\"name\":\"M\u00e9dicos espa\u00f1oles protestan en masa contra la reforma del Estatuto Marco\"}]},{\"@type\":\"WebSite\",\"@id\":\"https:\/\/www.diario21.tv\/noticias\/#website\",\"url\":\"https:\/\/www.diario21.tv\/noticias\/\",\"name\":\"Diario 21\",\"description\":\"\",\"potentialAction\":[{\"@type\":\"SearchAction\",\"target\":{\"@type\":\"EntryPoint\",\"urlTemplate\":\"https:\/\/www.diario21.tv\/noticias\/?s={search_term_string}\"},\"query-input\":{\"@type\":\"PropertyValueSpecification\",\"valueRequired\":true,\"valueName\":\"search_term_string\"}}],\"inLanguage\":\"es-AR\"},{\"@type\":\"Person\",\"@id\":\"https:\/\/www.diario21.tv\/noticias\/#\/schema\/person\/dfb778f73814d8f09f302618446a526b\",\"name\":\"Juan P\u00e9rez\",\"image\":{\"@type\":\"ImageObject\",\"inLanguage\":\"es-AR\",\"@id\":\"https:\/\/www.diario21.tv\/noticias\/#\/schema\/person\/image\/\",\"url\":\"https:\/\/secure.gravatar.com\/avatar\/c478a405bd10621167f4c3167cc770f5?s=96&d=mm&r=g\",\"contentUrl\":\"https:\/\/secure.gravatar.com\/avatar\/c478a405bd10621167f4c3167cc770f5?s=96&d=mm&r=g\",\"caption\":\"Juan P\u00e9rez\"},\"description\":\"Juan P\u00e9rez es el redactor en jefe de Diario 21. Con m\u00e1s de 10 a\u00f1os de experiencia en el periodismo, se especializa en pol\u00edtica nacional y an\u00e1lisis socioecon\u00f3mico. Su enfoque cr\u00edtico y riguroso aporta una perspectiva \u00fanica a cada art\u00edculo.\",\"sameAs\":[\"https:\/\/www.diario21.tv\/noticias\/\"],\"url\":\"https:\/\/www.diario21.tv\/noticias\/author\/juan-perez\/\"}]}<\/script>\n<!-- \/ Yoast SEO plugin. -->","yoast_head_json":{"title":"M\u00e9dicos espa\u00f1oles protestan en masa contra la reforma del Estatuto Marco - Diario 21","robots":{"index":"index","follow":"follow","max-snippet":"max-snippet:-1","max-image-preview":"max-image-preview:large","max-video-preview":"max-video-preview:-1"},"canonical":"https:\/\/www.diario21.tv\/noticias\/medicos-espanoles-protestan-en-masa-contra-la-reforma-del-estatuto-marco\/","og_locale":"es_ES","og_type":"article","og_title":"M\u00e9dicos espa\u00f1oles protestan en masa contra la reforma del Estatuto Marco - Diario 21","og_description":"Manifestaciones de M\u00e9dicos en Espa\u00f1a en Respuesta a la Reforma Propuesta del Estatuto Marco M\u00e9dicos y otros profesionales de la salud en Espa\u00f1a han comenzado una ... Seguir leyendo &rarr;","og_url":"https:\/\/www.diario21.tv\/noticias\/medicos-espanoles-protestan-en-masa-contra-la-reforma-del-estatuto-marco\/","og_site_name":"Diario 21","article_published_time":"2025-04-07T06:51:55+00:00","article_modified_time":"2025-04-07T06:51:57+00:00","og_image":[{"width":1920,"height":1080,"url":"https:\/\/www.diario21.tv\/noticias\/wp-content\/uploads\/2025\/04\/Medicos-espanoles-protestan-en-masa-contra-la-reforma-del-Estatuto.JPG","type":"image\/jpeg"}],"author":"Juan P\u00e9rez","twitter_card":"summary_large_image","twitter_misc":{"Escrito por":"Juan P\u00e9rez","Tiempo de lectura":"2 minutos"},"schema":{"@context":"https:\/\/schema.org","@graph":[{"@type":"WebPage","@id":"https:\/\/www.diario21.tv\/noticias\/medicos-espanoles-protestan-en-masa-contra-la-reforma-del-estatuto-marco\/","url":"https:\/\/www.diario21.tv\/noticias\/medicos-espanoles-protestan-en-masa-contra-la-reforma-del-estatuto-marco\/","name":"M\u00e9dicos espa\u00f1oles protestan en masa contra la reforma del Estatuto Marco - Diario 21","isPartOf":{"@id":"https:\/\/www.diario21.tv\/noticias\/#website"},"primaryImageOfPage":{"@id":"https:\/\/www.diario21.tv\/noticias\/medicos-espanoles-protestan-en-masa-contra-la-reforma-del-estatuto-marco\/#primaryimage"},"image":{"@id":"https:\/\/www.diario21.tv\/noticias\/medicos-espanoles-protestan-en-masa-contra-la-reforma-del-estatuto-marco\/#primaryimage"},"thumbnailUrl":"https:\/\/www.diario21.tv\/noticias\/wp-content\/uploads\/2025\/04\/Medicos-espanoles-protestan-en-masa-contra-la-reforma-del-Estatuto.JPG","datePublished":"2025-04-07T06:51:55+00:00","dateModified":"2025-04-07T06:51:57+00:00","author":{"@id":"https:\/\/www.diario21.tv\/noticias\/#\/schema\/person\/dfb778f73814d8f09f302618446a526b"},"breadcrumb":{"@id":"https:\/\/www.diario21.tv\/noticias\/medicos-espanoles-protestan-en-masa-contra-la-reforma-del-estatuto-marco\/#breadcrumb"},"inLanguage":"es-AR","potentialAction":[{"@type":"ReadAction","target":["https:\/\/www.diario21.tv\/noticias\/medicos-espanoles-protestan-en-masa-contra-la-reforma-del-estatuto-marco\/"]}]},{"@type":"ImageObject","inLanguage":"es-AR","@id":"https:\/\/www.diario21.tv\/noticias\/medicos-espanoles-protestan-en-masa-contra-la-reforma-del-estatuto-marco\/#primaryimage","url":"https:\/\/www.diario21.tv\/noticias\/wp-content\/uploads\/2025\/04\/Medicos-espanoles-protestan-en-masa-contra-la-reforma-del-Estatuto.JPG","contentUrl":"https:\/\/www.diario21.tv\/noticias\/wp-content\/uploads\/2025\/04\/Medicos-espanoles-protestan-en-masa-contra-la-reforma-del-Estatuto.JPG","width":1920,"height":1080,"caption":"M\u00e9dicos de toda Espa\u00f1a salen a la calle contra la reforma del Estatuto Marco"},{"@type":"BreadcrumbList","@id":"https:\/\/www.diario21.tv\/noticias\/medicos-espanoles-protestan-en-masa-contra-la-reforma-del-estatuto-marco\/#breadcrumb","itemListElement":[{"@type":"ListItem","position":1,"name":"Accueil","item":"https:\/\/www.diario21.tv\/noticias\/"},{"@type":"ListItem","position":2,"name":"M\u00e9dicos espa\u00f1oles protestan en masa contra la reforma del Estatuto Marco"}]},{"@type":"WebSite","@id":"https:\/\/www.diario21.tv\/noticias\/#website","url":"https:\/\/www.diario21.tv\/noticias\/","name":"Diario 21","description":"","potentialAction":[{"@type":"SearchAction","target":{"@type":"EntryPoint","urlTemplate":"https:\/\/www.diario21.tv\/noticias\/?s={search_term_string}"},"query-input":{"@type":"PropertyValueSpecification","valueRequired":true,"valueName":"search_term_string"}}],"inLanguage":"es-AR"},{"@type":"Person","@id":"https:\/\/www.diario21.tv\/noticias\/#\/schema\/person\/dfb778f73814d8f09f302618446a526b","name":"Juan P\u00e9rez","image":{"@type":"ImageObject","inLanguage":"es-AR","@id":"https:\/\/www.diario21.tv\/noticias\/#\/schema\/person\/image\/","url":"https:\/\/secure.gravatar.com\/avatar\/c478a405bd10621167f4c3167cc770f5?s=96&d=mm&r=g","contentUrl":"https:\/\/secure.gravatar.com\/avatar\/c478a405bd10621167f4c3167cc770f5?s=96&d=mm&r=g","caption":"Juan P\u00e9rez"},"description":"Juan P\u00e9rez es el redactor en jefe de Diario 21. Con m\u00e1s de 10 a\u00f1os de experiencia en el periodismo, se especializa en pol\u00edtica nacional y an\u00e1lisis socioecon\u00f3mico. Su enfoque cr\u00edtico y riguroso aporta una perspectiva \u00fanica a cada art\u00edculo.","sameAs":["https:\/\/www.diario21.tv\/noticias\/"],"url":"https:\/\/www.diario21.tv\/noticias\/author\/juan-perez\/"}]}},"_links":{"self":[{"href":"https:\/\/www.diario21.tv\/noticias\/wp-json\/wp\/v2\/posts\/2713"}],"collection":[{"href":"https:\/\/www.diario21.tv\/noticias\/wp-json\/wp\/v2\/posts"}],"about":[{"href":"https:\/\/www.diario21.tv\/noticias\/wp-json\/wp\/v2\/types\/post"}],"author":[{"embeddable":true,"href":"https:\/\/www.diario21.tv\/noticias\/wp-json\/wp\/v2\/users\/20"}],"replies":[{"embeddable":true,"href":"https:\/\/www.diario21.tv\/noticias\/wp-json\/wp\/v2\/comments?post=2713"}],"version-history":[{"count":1,"href":"https:\/\/www.diario21.tv\/noticias\/wp-json\/wp\/v2\/posts\/2713\/revisions"}],"predecessor-version":[{"id":2715,"href":"https:\/\/www.diario21.tv\/noticias\/wp-json\/wp\/v2\/posts\/2713\/revisions\/2715"}],"wp:featuredmedia":[{"embeddable":true,"href":"https:\/\/www.diario21.tv\/noticias\/wp-json\/wp\/v2\/media\/2714"}],"wp:attachment":[{"href":"https:\/\/www.diario21.tv\/noticias\/wp-json\/wp\/v2\/media?parent=2713"}],"wp:term":[{"taxonomy":"category","embeddable":true,"href":"https:\/\/www.diario21.tv\/noticias\/wp-json\/wp\/v2\/categories?post=2713"},{"taxonomy":"post_tag","embeddable":true,"href":"https:\/\/www.diario21.tv\/noticias\/wp-json\/wp\/v2\/tags?post=2713"}],"curies":[{"name":"wp","href":"https:\/\/api.w.org\/{rel}","templated":true}]}}