{"id":2707,"date":"2025-04-06T12:38:47","date_gmt":"2025-04-06T12:38:47","guid":{"rendered":"https:\/\/www.diario21.tv\/noticias\/impactante-menor-con-paralisis-cerebral-recibe-orden-de-alejamiento-contra-sus-agresores\/"},"modified":"2025-04-06T12:38:48","modified_gmt":"2025-04-06T12:38:48","slug":"impactante-menor-con-paralisis-cerebral-recibe-orden-de-alejamiento-contra-sus-agresores","status":"publish","type":"post","link":"https:\/\/www.diario21.tv\/noticias\/impactante-menor-con-paralisis-cerebral-recibe-orden-de-alejamiento-contra-sus-agresores\/","title":{"rendered":"\u00a1Impactante! Menor con par\u00e1lisis cerebral recibe orden de alejamiento contra sus agresores"},"content":{"rendered":"<h2>Se dicta medida de restricci\u00f3n contra los agresores de un joven con discapacidad<\/h2>\n<p>En un reciente fallo judicial, se ha impuesto una orden de alejamiento a cuatro individuos acusados de agredir a un adolescente que sufre de par\u00e1lisis cerebral. Este incidente, que suscit\u00f3 una notable conmoci\u00f3n en la comunidad, ha culminado con una decisi\u00f3n firme por parte de las autoridades para proteger la integridad del menor afectado.<\/p>\n<h3>Detalles del incidente<\/h3>\n<p>Los hechos ocurrieron hace unas semanas cuando el joven, cuya identidad se ha mantenido en reserva por razones legales, fue confrontado por el grupo de agresores mientras se encontraba en un parque local. Seg\u00fan informes policiales, la agresi\u00f3n parece haber sido provocada sin ning\u00fan motivo aparente y se caracteriz\u00f3 por su brutalidad, dejando al joven con m\u00faltiples lesiones f\u00edsicas y un profundo impacto emocional.<\/p>\n<h3>Reacciones de la comunidad y seguimiento legal<\/h3>\n<p>La comunidad local reaccion\u00f3 con indignaci\u00f3n y solidaridad hacia el joven y su familia. Diversas organizaciones de derechos humanos y grupos de apoyo a personas con discapacidad han expresado su firme repudio a este acto y han llamado a una mayor protecci\u00f3n y sensibilizaci\u00f3n sobre los derechos de las personas con discapacidades.<\/p>\n<p>Desde el punto de vista legal, la respuesta fue r\u00e1pida. Los acusados fueron detenidos poco despu\u00e9s del incidente, gracias a la intervenci\u00f3n de testigos y a la evidencia recopilada por las autoridades. La fiscal\u00eda ha presentado cargos formales y est\u00e1 empujando por una sanci\u00f3n que refleje la severidad del acto y la vulnerabilidad de la v\u00edctima.<\/p>\n<h3>Medidas judiciales impuestas<\/h3>\n<p>La orden de alejamiento dictada proh\u00edbe a los cuatro agresores acercarse a menos de 500 metros del joven o tener cualquier tipo de contacto con \u00e9l. Esta medida busca proporcionar un entorno seguro para que el menor pueda continuar con su recuperaci\u00f3n sin el temor de enfrentarse nuevamente a sus agresores.<\/p>\n<p>Adem\u00e1s, el juez encargado del caso ha se\u00f1alizado la posibilidad de tomar medidas adicionales para asegurar que se respeten los derechos del joven afectado y que los acusados enfrenten consecuencias legales acordes a la gravedad de sus acciones.<\/p>\n<h3>Perspectivas futuras<\/h3>\n<p>Este caso ha puesto de relieve la necesidad de pol\u00edticas m\u00e1s robustas y efectivas para proteger a las personas con discapacidades. Se espera que este incidente sirva como un llamado a la acci\u00f3n para que se implementen cambios legislativos y sociales que aseguren un mayor resguardo y respeto hacia esta poblaci\u00f3n vulnerable.<\/p>\n<p>Mientras tanto, la familia del joven y sus defensores contin\u00faan trabajando para asegurar que reciba todo el apoyo necesario para superar las secuelas de este tr\u00e1gico evento. La solidaridad mostrada por la comunidad indica un paso positivo hacia la inclusi\u00f3n y el respeto por los derechos de todos, sin importar sus capacidades f\u00edsicas o mentales.<\/p>\n\n\n<div class=\"kk-star-ratings kksr-auto kksr-align-left kksr-valign-bottom\"\n    data-payload='{&quot;align&quot;:&quot;left&quot;,&quot;id&quot;:&quot;2707&quot;,&quot;slug&quot;:&quot;default&quot;,&quot;valign&quot;:&quot;bottom&quot;,&quot;ignore&quot;:&quot;&quot;,&quot;reference&quot;:&quot;auto&quot;,&quot;class&quot;:&quot;&quot;,&quot;count&quot;:&quot;0&quot;,&quot;legendonly&quot;:&quot;&quot;,&quot;readonly&quot;:&quot;&quot;,&quot;score&quot;:&quot;0&quot;,&quot;starsonly&quot;:&quot;&quot;,&quot;best&quot;:&quot;5&quot;,&quot;gap&quot;:&quot;5&quot;,&quot;greet&quot;:&quot;Valora este post&quot;,&quot;legend&quot;:&quot;0\\\/5 - (0 votes)&quot;,&quot;size&quot;:&quot;22&quot;,&quot;title&quot;:&quot;\u00a1Impactante! Menor con par\u00e1lisis cerebral recibe orden de alejamiento contra sus agresores&quot;,&quot;width&quot;:&quot;0&quot;,&quot;_legend&quot;:&quot;{score}\\\/{best} - ({count} {votes})&quot;,&quot;font_factor&quot;:&quot;1.25&quot;}'>\n            \n<div class=\"kksr-stars\">\n    \n<div class=\"kksr-stars-inactive\">\n            <div class=\"kksr-star\" data-star=\"1\" style=\"padding-right: 5px\">\n            \n\n<div class=\"kksr-icon\" style=\"width: 22px; height: 22px;\"><\/div>\n        <\/div>\n            <div class=\"kksr-star\" data-star=\"2\" style=\"padding-right: 5px\">\n            \n\n<div class=\"kksr-icon\" style=\"width: 22px; height: 22px;\"><\/div>\n        <\/div>\n            <div class=\"kksr-star\" data-star=\"3\" style=\"padding-right: 5px\">\n            \n\n<div class=\"kksr-icon\" style=\"width: 22px; height: 22px;\"><\/div>\n        <\/div>\n            <div class=\"kksr-star\" data-star=\"4\" style=\"padding-right: 5px\">\n            \n\n<div class=\"kksr-icon\" style=\"width: 22px; height: 22px;\"><\/div>\n        <\/div>\n            <div class=\"kksr-star\" data-star=\"5\" style=\"padding-right: 5px\">\n            \n\n<div class=\"kksr-icon\" style=\"width: 22px; height: 22px;\"><\/div>\n        <\/div>\n    <\/div>\n    \n<div class=\"kksr-stars-active\" style=\"width: 0px;\">\n            <div class=\"kksr-star\" style=\"padding-right: 5px\">\n            \n\n<div class=\"kksr-icon\" style=\"width: 22px; height: 22px;\"><\/div>\n        <\/div>\n            <div class=\"kksr-star\" style=\"padding-right: 5px\">\n            \n\n<div class=\"kksr-icon\" style=\"width: 22px; height: 22px;\"><\/div>\n        <\/div>\n            <div class=\"kksr-star\" style=\"padding-right: 5px\">\n            \n\n<div class=\"kksr-icon\" style=\"width: 22px; height: 22px;\"><\/div>\n        <\/div>\n            <div class=\"kksr-star\" style=\"padding-right: 5px\">\n            \n\n<div class=\"kksr-icon\" style=\"width: 22px; height: 22px;\"><\/div>\n        <\/div>\n            <div class=\"kksr-star\" style=\"padding-right: 5px\">\n            \n\n<div class=\"kksr-icon\" style=\"width: 22px; height: 22px;\"><\/div>\n        <\/div>\n    <\/div>\n<\/div>\n                \n\n<div class=\"kksr-legend\" style=\"font-size: 17.6px;\">\n            <span class=\"kksr-muted\">Valora este post<\/span>\n    <\/div>\n    <\/div>\n","protected":false},"excerpt":{"rendered":"<p>Se dicta medida de restricci\u00f3n contra los agresores de un joven con discapacidad En un reciente fallo judicial, se ha impuesto una orden de alejamiento a &#8230; <a title=\"\u00a1Impactante! Menor con par\u00e1lisis cerebral recibe orden de alejamiento contra sus agresores\" class=\"read-more\" href=\"https:\/\/www.diario21.tv\/noticias\/impactante-menor-con-paralisis-cerebral-recibe-orden-de-alejamiento-contra-sus-agresores\/\" aria-label=\"Leer m\u00e1s sobre \u00a1Impactante! Menor con par\u00e1lisis cerebral recibe orden de alejamiento contra sus agresores\">Seguir leyendo &rarr;<\/a><\/p>\n","protected":false},"author":20,"featured_media":2708,"comment_status":"open","ping_status":"open","sticky":false,"template":"","format":"standard","meta":{"footnotes":""},"categories":[13],"tags":[],"class_list":["post-2707","post","type-post","status-publish","format-standard","has-post-thumbnail","hentry","category-portada"],"yoast_head":"<!-- This site is optimized with the Yoast SEO plugin v25.6 - https:\/\/yoast.com\/wordpress\/plugins\/seo\/ -->\n<title>\u00a1Impactante! Menor con par\u00e1lisis cerebral recibe orden de alejamiento contra sus agresores - Diario 21<\/title>\n<meta name=\"robots\" content=\"index, follow, max-snippet:-1, max-image-preview:large, max-video-preview:-1\" \/>\n<link rel=\"canonical\" href=\"https:\/\/www.diario21.tv\/noticias\/impactante-menor-con-paralisis-cerebral-recibe-orden-de-alejamiento-contra-sus-agresores\/\" \/>\n<meta property=\"og:locale\" content=\"es_ES\" \/>\n<meta property=\"og:type\" content=\"article\" \/>\n<meta property=\"og:title\" content=\"\u00a1Impactante! Menor con par\u00e1lisis cerebral recibe orden de alejamiento contra sus agresores - Diario 21\" \/>\n<meta property=\"og:description\" content=\"Se dicta medida de restricci\u00f3n contra los agresores de un joven con discapacidad En un reciente fallo judicial, se ha impuesto una orden de alejamiento a ... Seguir leyendo &rarr;\" \/>\n<meta property=\"og:url\" content=\"https:\/\/www.diario21.tv\/noticias\/impactante-menor-con-paralisis-cerebral-recibe-orden-de-alejamiento-contra-sus-agresores\/\" \/>\n<meta property=\"og:site_name\" content=\"Diario 21\" \/>\n<meta property=\"article:published_time\" content=\"2025-04-06T12:38:47+00:00\" \/>\n<meta property=\"article:modified_time\" content=\"2025-04-06T12:38:48+00:00\" \/>\n<meta property=\"og:image\" content=\"https:\/\/www.diario21.tv\/noticias\/wp-content\/uploads\/2025\/04\/\u00a1Impactante-Menor-con-paralisis-cerebral-recibe-orden-de-alejamiento-contra.jpg\" \/>\n\t<meta property=\"og:image:width\" content=\"1916\" \/>\n\t<meta property=\"og:image:height\" content=\"1080\" \/>\n\t<meta property=\"og:image:type\" content=\"image\/jpeg\" \/>\n<meta name=\"author\" content=\"Juan P\u00e9rez\" \/>\n<meta name=\"twitter:card\" content=\"summary_large_image\" \/>\n<meta name=\"twitter:label1\" content=\"Escrito por\" \/>\n\t<meta name=\"twitter:data1\" content=\"Juan P\u00e9rez\" \/>\n\t<meta name=\"twitter:label2\" content=\"Tiempo de lectura\" \/>\n\t<meta name=\"twitter:data2\" content=\"2 minutos\" \/>\n<script type=\"application\/ld+json\" class=\"yoast-schema-graph\">{\"@context\":\"https:\/\/schema.org\",\"@graph\":[{\"@type\":\"WebPage\",\"@id\":\"https:\/\/www.diario21.tv\/noticias\/impactante-menor-con-paralisis-cerebral-recibe-orden-de-alejamiento-contra-sus-agresores\/\",\"url\":\"https:\/\/www.diario21.tv\/noticias\/impactante-menor-con-paralisis-cerebral-recibe-orden-de-alejamiento-contra-sus-agresores\/\",\"name\":\"\u00a1Impactante! Menor con par\u00e1lisis cerebral recibe orden de alejamiento contra sus agresores - Diario 21\",\"isPartOf\":{\"@id\":\"https:\/\/www.diario21.tv\/noticias\/#website\"},\"primaryImageOfPage\":{\"@id\":\"https:\/\/www.diario21.tv\/noticias\/impactante-menor-con-paralisis-cerebral-recibe-orden-de-alejamiento-contra-sus-agresores\/#primaryimage\"},\"image\":{\"@id\":\"https:\/\/www.diario21.tv\/noticias\/impactante-menor-con-paralisis-cerebral-recibe-orden-de-alejamiento-contra-sus-agresores\/#primaryimage\"},\"thumbnailUrl\":\"https:\/\/www.diario21.tv\/noticias\/wp-content\/uploads\/2025\/04\/\u00a1Impactante-Menor-con-paralisis-cerebral-recibe-orden-de-alejamiento-contra.jpg\",\"datePublished\":\"2025-04-06T12:38:47+00:00\",\"dateModified\":\"2025-04-06T12:38:48+00:00\",\"author\":{\"@id\":\"https:\/\/www.diario21.tv\/noticias\/#\/schema\/person\/dfb778f73814d8f09f302618446a526b\"},\"breadcrumb\":{\"@id\":\"https:\/\/www.diario21.tv\/noticias\/impactante-menor-con-paralisis-cerebral-recibe-orden-de-alejamiento-contra-sus-agresores\/#breadcrumb\"},\"inLanguage\":\"es-AR\",\"potentialAction\":[{\"@type\":\"ReadAction\",\"target\":[\"https:\/\/www.diario21.tv\/noticias\/impactante-menor-con-paralisis-cerebral-recibe-orden-de-alejamiento-contra-sus-agresores\/\"]}]},{\"@type\":\"ImageObject\",\"inLanguage\":\"es-AR\",\"@id\":\"https:\/\/www.diario21.tv\/noticias\/impactante-menor-con-paralisis-cerebral-recibe-orden-de-alejamiento-contra-sus-agresores\/#primaryimage\",\"url\":\"https:\/\/www.diario21.tv\/noticias\/wp-content\/uploads\/2025\/04\/\u00a1Impactante-Menor-con-paralisis-cerebral-recibe-orden-de-alejamiento-contra.jpg\",\"contentUrl\":\"https:\/\/www.diario21.tv\/noticias\/wp-content\/uploads\/2025\/04\/\u00a1Impactante-Menor-con-paralisis-cerebral-recibe-orden-de-alejamiento-contra.jpg\",\"width\":1916,\"height\":1080,\"caption\":\"Orden de alejamiento para los cuatro agresores del menor con par\u00e1lisis cerebral\"},{\"@type\":\"BreadcrumbList\",\"@id\":\"https:\/\/www.diario21.tv\/noticias\/impactante-menor-con-paralisis-cerebral-recibe-orden-de-alejamiento-contra-sus-agresores\/#breadcrumb\",\"itemListElement\":[{\"@type\":\"ListItem\",\"position\":1,\"name\":\"Accueil\",\"item\":\"https:\/\/www.diario21.tv\/noticias\/\"},{\"@type\":\"ListItem\",\"position\":2,\"name\":\"\u00a1Impactante! Menor con par\u00e1lisis cerebral recibe orden de alejamiento contra sus agresores\"}]},{\"@type\":\"WebSite\",\"@id\":\"https:\/\/www.diario21.tv\/noticias\/#website\",\"url\":\"https:\/\/www.diario21.tv\/noticias\/\",\"name\":\"Diario 21\",\"description\":\"\",\"potentialAction\":[{\"@type\":\"SearchAction\",\"target\":{\"@type\":\"EntryPoint\",\"urlTemplate\":\"https:\/\/www.diario21.tv\/noticias\/?s={search_term_string}\"},\"query-input\":{\"@type\":\"PropertyValueSpecification\",\"valueRequired\":true,\"valueName\":\"search_term_string\"}}],\"inLanguage\":\"es-AR\"},{\"@type\":\"Person\",\"@id\":\"https:\/\/www.diario21.tv\/noticias\/#\/schema\/person\/dfb778f73814d8f09f302618446a526b\",\"name\":\"Juan P\u00e9rez\",\"image\":{\"@type\":\"ImageObject\",\"inLanguage\":\"es-AR\",\"@id\":\"https:\/\/www.diario21.tv\/noticias\/#\/schema\/person\/image\/\",\"url\":\"https:\/\/secure.gravatar.com\/avatar\/c478a405bd10621167f4c3167cc770f5?s=96&d=mm&r=g\",\"contentUrl\":\"https:\/\/secure.gravatar.com\/avatar\/c478a405bd10621167f4c3167cc770f5?s=96&d=mm&r=g\",\"caption\":\"Juan P\u00e9rez\"},\"description\":\"Juan P\u00e9rez es el redactor en jefe de Diario 21. Con m\u00e1s de 10 a\u00f1os de experiencia en el periodismo, se especializa en pol\u00edtica nacional y an\u00e1lisis socioecon\u00f3mico. Su enfoque cr\u00edtico y riguroso aporta una perspectiva \u00fanica a cada art\u00edculo.\",\"sameAs\":[\"https:\/\/www.diario21.tv\/noticias\/\"],\"url\":\"https:\/\/www.diario21.tv\/noticias\/author\/juan-perez\/\"}]}<\/script>\n<!-- \/ Yoast SEO plugin. -->","yoast_head_json":{"title":"\u00a1Impactante! Menor con par\u00e1lisis cerebral recibe orden de alejamiento contra sus agresores - Diario 21","robots":{"index":"index","follow":"follow","max-snippet":"max-snippet:-1","max-image-preview":"max-image-preview:large","max-video-preview":"max-video-preview:-1"},"canonical":"https:\/\/www.diario21.tv\/noticias\/impactante-menor-con-paralisis-cerebral-recibe-orden-de-alejamiento-contra-sus-agresores\/","og_locale":"es_ES","og_type":"article","og_title":"\u00a1Impactante! Menor con par\u00e1lisis cerebral recibe orden de alejamiento contra sus agresores - Diario 21","og_description":"Se dicta medida de restricci\u00f3n contra los agresores de un joven con discapacidad En un reciente fallo judicial, se ha impuesto una orden de alejamiento a ... Seguir leyendo &rarr;","og_url":"https:\/\/www.diario21.tv\/noticias\/impactante-menor-con-paralisis-cerebral-recibe-orden-de-alejamiento-contra-sus-agresores\/","og_site_name":"Diario 21","article_published_time":"2025-04-06T12:38:47+00:00","article_modified_time":"2025-04-06T12:38:48+00:00","og_image":[{"width":1916,"height":1080,"url":"https:\/\/www.diario21.tv\/noticias\/wp-content\/uploads\/2025\/04\/\u00a1Impactante-Menor-con-paralisis-cerebral-recibe-orden-de-alejamiento-contra.jpg","type":"image\/jpeg"}],"author":"Juan P\u00e9rez","twitter_card":"summary_large_image","twitter_misc":{"Escrito por":"Juan P\u00e9rez","Tiempo de lectura":"2 minutos"},"schema":{"@context":"https:\/\/schema.org","@graph":[{"@type":"WebPage","@id":"https:\/\/www.diario21.tv\/noticias\/impactante-menor-con-paralisis-cerebral-recibe-orden-de-alejamiento-contra-sus-agresores\/","url":"https:\/\/www.diario21.tv\/noticias\/impactante-menor-con-paralisis-cerebral-recibe-orden-de-alejamiento-contra-sus-agresores\/","name":"\u00a1Impactante! Menor con par\u00e1lisis cerebral recibe orden de alejamiento contra sus agresores - Diario 21","isPartOf":{"@id":"https:\/\/www.diario21.tv\/noticias\/#website"},"primaryImageOfPage":{"@id":"https:\/\/www.diario21.tv\/noticias\/impactante-menor-con-paralisis-cerebral-recibe-orden-de-alejamiento-contra-sus-agresores\/#primaryimage"},"image":{"@id":"https:\/\/www.diario21.tv\/noticias\/impactante-menor-con-paralisis-cerebral-recibe-orden-de-alejamiento-contra-sus-agresores\/#primaryimage"},"thumbnailUrl":"https:\/\/www.diario21.tv\/noticias\/wp-content\/uploads\/2025\/04\/\u00a1Impactante-Menor-con-paralisis-cerebral-recibe-orden-de-alejamiento-contra.jpg","datePublished":"2025-04-06T12:38:47+00:00","dateModified":"2025-04-06T12:38:48+00:00","author":{"@id":"https:\/\/www.diario21.tv\/noticias\/#\/schema\/person\/dfb778f73814d8f09f302618446a526b"},"breadcrumb":{"@id":"https:\/\/www.diario21.tv\/noticias\/impactante-menor-con-paralisis-cerebral-recibe-orden-de-alejamiento-contra-sus-agresores\/#breadcrumb"},"inLanguage":"es-AR","potentialAction":[{"@type":"ReadAction","target":["https:\/\/www.diario21.tv\/noticias\/impactante-menor-con-paralisis-cerebral-recibe-orden-de-alejamiento-contra-sus-agresores\/"]}]},{"@type":"ImageObject","inLanguage":"es-AR","@id":"https:\/\/www.diario21.tv\/noticias\/impactante-menor-con-paralisis-cerebral-recibe-orden-de-alejamiento-contra-sus-agresores\/#primaryimage","url":"https:\/\/www.diario21.tv\/noticias\/wp-content\/uploads\/2025\/04\/\u00a1Impactante-Menor-con-paralisis-cerebral-recibe-orden-de-alejamiento-contra.jpg","contentUrl":"https:\/\/www.diario21.tv\/noticias\/wp-content\/uploads\/2025\/04\/\u00a1Impactante-Menor-con-paralisis-cerebral-recibe-orden-de-alejamiento-contra.jpg","width":1916,"height":1080,"caption":"Orden de alejamiento para los cuatro agresores del menor con par\u00e1lisis cerebral"},{"@type":"BreadcrumbList","@id":"https:\/\/www.diario21.tv\/noticias\/impactante-menor-con-paralisis-cerebral-recibe-orden-de-alejamiento-contra-sus-agresores\/#breadcrumb","itemListElement":[{"@type":"ListItem","position":1,"name":"Accueil","item":"https:\/\/www.diario21.tv\/noticias\/"},{"@type":"ListItem","position":2,"name":"\u00a1Impactante! Menor con par\u00e1lisis cerebral recibe orden de alejamiento contra sus agresores"}]},{"@type":"WebSite","@id":"https:\/\/www.diario21.tv\/noticias\/#website","url":"https:\/\/www.diario21.tv\/noticias\/","name":"Diario 21","description":"","potentialAction":[{"@type":"SearchAction","target":{"@type":"EntryPoint","urlTemplate":"https:\/\/www.diario21.tv\/noticias\/?s={search_term_string}"},"query-input":{"@type":"PropertyValueSpecification","valueRequired":true,"valueName":"search_term_string"}}],"inLanguage":"es-AR"},{"@type":"Person","@id":"https:\/\/www.diario21.tv\/noticias\/#\/schema\/person\/dfb778f73814d8f09f302618446a526b","name":"Juan P\u00e9rez","image":{"@type":"ImageObject","inLanguage":"es-AR","@id":"https:\/\/www.diario21.tv\/noticias\/#\/schema\/person\/image\/","url":"https:\/\/secure.gravatar.com\/avatar\/c478a405bd10621167f4c3167cc770f5?s=96&d=mm&r=g","contentUrl":"https:\/\/secure.gravatar.com\/avatar\/c478a405bd10621167f4c3167cc770f5?s=96&d=mm&r=g","caption":"Juan P\u00e9rez"},"description":"Juan P\u00e9rez es el redactor en jefe de Diario 21. Con m\u00e1s de 10 a\u00f1os de experiencia en el periodismo, se especializa en pol\u00edtica nacional y an\u00e1lisis socioecon\u00f3mico. Su enfoque cr\u00edtico y riguroso aporta una perspectiva \u00fanica a cada art\u00edculo.","sameAs":["https:\/\/www.diario21.tv\/noticias\/"],"url":"https:\/\/www.diario21.tv\/noticias\/author\/juan-perez\/"}]}},"_links":{"self":[{"href":"https:\/\/www.diario21.tv\/noticias\/wp-json\/wp\/v2\/posts\/2707"}],"collection":[{"href":"https:\/\/www.diario21.tv\/noticias\/wp-json\/wp\/v2\/posts"}],"about":[{"href":"https:\/\/www.diario21.tv\/noticias\/wp-json\/wp\/v2\/types\/post"}],"author":[{"embeddable":true,"href":"https:\/\/www.diario21.tv\/noticias\/wp-json\/wp\/v2\/users\/20"}],"replies":[{"embeddable":true,"href":"https:\/\/www.diario21.tv\/noticias\/wp-json\/wp\/v2\/comments?post=2707"}],"version-history":[{"count":1,"href":"https:\/\/www.diario21.tv\/noticias\/wp-json\/wp\/v2\/posts\/2707\/revisions"}],"predecessor-version":[{"id":2709,"href":"https:\/\/www.diario21.tv\/noticias\/wp-json\/wp\/v2\/posts\/2707\/revisions\/2709"}],"wp:featuredmedia":[{"embeddable":true,"href":"https:\/\/www.diario21.tv\/noticias\/wp-json\/wp\/v2\/media\/2708"}],"wp:attachment":[{"href":"https:\/\/www.diario21.tv\/noticias\/wp-json\/wp\/v2\/media?parent=2707"}],"wp:term":[{"taxonomy":"category","embeddable":true,"href":"https:\/\/www.diario21.tv\/noticias\/wp-json\/wp\/v2\/categories?post=2707"},{"taxonomy":"post_tag","embeddable":true,"href":"https:\/\/www.diario21.tv\/noticias\/wp-json\/wp\/v2\/tags?post=2707"}],"curies":[{"name":"wp","href":"https:\/\/api.w.org\/{rel}","templated":true}]}}