{"id":2704,"date":"2025-04-06T06:36:03","date_gmt":"2025-04-06T06:36:03","guid":{"rendered":"https:\/\/www.diario21.tv\/noticias\/escandalo-en-gran-canaria-seis-detenidos-por-agresion-sexual-a-joven-de-19-anos\/"},"modified":"2025-04-06T06:36:05","modified_gmt":"2025-04-06T06:36:05","slug":"escandalo-en-gran-canaria-seis-detenidos-por-agresion-sexual-a-joven-de-19-anos","status":"publish","type":"post","link":"https:\/\/www.diario21.tv\/noticias\/escandalo-en-gran-canaria-seis-detenidos-por-agresion-sexual-a-joven-de-19-anos\/","title":{"rendered":"\u00a1Esc\u00e1ndalo en Gran Canaria! Seis detenidos por agresi\u00f3n sexual a joven de 19 a\u00f1os"},"content":{"rendered":"<h2>Seis Arrestados por Agresi\u00f3n Sexual a Joven en Gran Canaria<\/h2>\n<p>En un incidente preocupante, seis individuos han sido arrestados por su presunta participaci\u00f3n en la agresi\u00f3n sexual de una joven de 19 a\u00f1os en Gran Canaria. Este suceso ha conmocionado a la comunidad local y ha puesto de manifiesto la persistente problem\u00e1tica de la violencia sexual en la sociedad.<\/p>\n<h3>Detalles del Incidente<\/h3>\n<p>El ataque ocurri\u00f3 en la madrugada, cuando la joven, que estaba disfrutando de una salida nocturna, fue abordada por un grupo de hombres. Seg\u00fan informes de la polic\u00eda, los sospechosos llevaron a la v\u00edctima a un lugar apartado donde cometieron el acto de violencia sexual. La r\u00e1pida respuesta de las fuerzas del orden permiti\u00f3 la detenci\u00f3n de los seis hombres poco despu\u00e9s del incidente.<\/p>\n<h3>Reacci\u00f3n de las Autoridades<\/h3>\n<p>Las autoridades han expresado su firme condena ante este acto y se han comprometido a realizar una investigaci\u00f3n exhaustiva para esclarecer los hechos. El suceso ha sido categorizado como un delito grave, y se est\u00e1 llevando a cabo un proceso legal riguroso para asegurar que los responsables enfrenten la justicia.<\/p>\n<h3>Impacto en la Comunidad<\/h3>\n<p>La comunidad de Gran Canaria ha reaccionado con indignaci\u00f3n y tristeza ante la noticia de la agresi\u00f3n. Diversos grupos y organizaciones locales han convocado a manifestaciones para denunciar la violencia de g\u00e9nero y exigir medidas m\u00e1s efectivas para proteger a las mujeres en la isla. Este caso ha reavivado el debate sobre la seguridad y la prevenci\u00f3n de agresiones sexuales en espacios p\u00fablicos.<\/p>\n<h3>Medidas de Prevenci\u00f3n y Apoyo<\/h3>\n<p>Ante la creciente preocupaci\u00f3n por este tipo de incidentes, las autoridades han anunciado iniciativas para reforzar la seguridad en \u00e1reas de alto riesgo y promover campa\u00f1as de concienciaci\u00f3n sobre el respeto y la protecci\u00f3n de los derechos de las mujeres. Adem\u00e1s, se est\u00e1n fortaleciendo los servicios de apoyo a v\u00edctimas de agresiones sexuales, proporcionando asistencia legal, psicol\u00f3gica y m\u00e9dica a quienes lo necesiten.<\/p>\n<p>Este lamentable suceso subraya la necesidad de continuar trabajando en la prevenci\u00f3n de la violencia sexual y en la construcci\u00f3n de una sociedad m\u00e1s segura para todos sus miembros. La respuesta de la comunidad y el enfoque de las autoridades ser\u00e1n fundamentales para lograr estos objetivos.<\/p>\n\n\n<div class=\"kk-star-ratings kksr-auto kksr-align-left kksr-valign-bottom\"\n    data-payload='{&quot;align&quot;:&quot;left&quot;,&quot;id&quot;:&quot;2704&quot;,&quot;slug&quot;:&quot;default&quot;,&quot;valign&quot;:&quot;bottom&quot;,&quot;ignore&quot;:&quot;&quot;,&quot;reference&quot;:&quot;auto&quot;,&quot;class&quot;:&quot;&quot;,&quot;count&quot;:&quot;0&quot;,&quot;legendonly&quot;:&quot;&quot;,&quot;readonly&quot;:&quot;&quot;,&quot;score&quot;:&quot;0&quot;,&quot;starsonly&quot;:&quot;&quot;,&quot;best&quot;:&quot;5&quot;,&quot;gap&quot;:&quot;5&quot;,&quot;greet&quot;:&quot;Valora este post&quot;,&quot;legend&quot;:&quot;0\\\/5 - (0 votes)&quot;,&quot;size&quot;:&quot;22&quot;,&quot;title&quot;:&quot;\u00a1Esc\u00e1ndalo en Gran Canaria! Seis detenidos por agresi\u00f3n sexual a joven de 19 a\u00f1os&quot;,&quot;width&quot;:&quot;0&quot;,&quot;_legend&quot;:&quot;{score}\\\/{best} - ({count} {votes})&quot;,&quot;font_factor&quot;:&quot;1.25&quot;}'>\n            \n<div class=\"kksr-stars\">\n    \n<div class=\"kksr-stars-inactive\">\n            <div class=\"kksr-star\" data-star=\"1\" style=\"padding-right: 5px\">\n            \n\n<div class=\"kksr-icon\" style=\"width: 22px; height: 22px;\"><\/div>\n        <\/div>\n            <div class=\"kksr-star\" data-star=\"2\" style=\"padding-right: 5px\">\n            \n\n<div class=\"kksr-icon\" style=\"width: 22px; height: 22px;\"><\/div>\n        <\/div>\n            <div class=\"kksr-star\" data-star=\"3\" style=\"padding-right: 5px\">\n            \n\n<div class=\"kksr-icon\" style=\"width: 22px; height: 22px;\"><\/div>\n        <\/div>\n            <div class=\"kksr-star\" data-star=\"4\" style=\"padding-right: 5px\">\n            \n\n<div class=\"kksr-icon\" style=\"width: 22px; height: 22px;\"><\/div>\n        <\/div>\n            <div class=\"kksr-star\" data-star=\"5\" style=\"padding-right: 5px\">\n            \n\n<div class=\"kksr-icon\" style=\"width: 22px; height: 22px;\"><\/div>\n        <\/div>\n    <\/div>\n    \n<div class=\"kksr-stars-active\" style=\"width: 0px;\">\n            <div class=\"kksr-star\" style=\"padding-right: 5px\">\n            \n\n<div class=\"kksr-icon\" style=\"width: 22px; height: 22px;\"><\/div>\n        <\/div>\n            <div class=\"kksr-star\" style=\"padding-right: 5px\">\n            \n\n<div class=\"kksr-icon\" style=\"width: 22px; height: 22px;\"><\/div>\n        <\/div>\n            <div class=\"kksr-star\" style=\"padding-right: 5px\">\n            \n\n<div class=\"kksr-icon\" style=\"width: 22px; height: 22px;\"><\/div>\n        <\/div>\n            <div class=\"kksr-star\" style=\"padding-right: 5px\">\n            \n\n<div class=\"kksr-icon\" style=\"width: 22px; height: 22px;\"><\/div>\n        <\/div>\n            <div class=\"kksr-star\" style=\"padding-right: 5px\">\n            \n\n<div class=\"kksr-icon\" style=\"width: 22px; height: 22px;\"><\/div>\n        <\/div>\n    <\/div>\n<\/div>\n                \n\n<div class=\"kksr-legend\" style=\"font-size: 17.6px;\">\n            <span class=\"kksr-muted\">Valora este post<\/span>\n    <\/div>\n    <\/div>\n","protected":false},"excerpt":{"rendered":"<p>Seis Arrestados por Agresi\u00f3n Sexual a Joven en Gran Canaria En un incidente preocupante, seis individuos han sido arrestados por su presunta participaci\u00f3n en la agresi\u00f3n &#8230; <a title=\"\u00a1Esc\u00e1ndalo en Gran Canaria! Seis detenidos por agresi\u00f3n sexual a joven de 19 a\u00f1os\" class=\"read-more\" href=\"https:\/\/www.diario21.tv\/noticias\/escandalo-en-gran-canaria-seis-detenidos-por-agresion-sexual-a-joven-de-19-anos\/\" aria-label=\"Leer m\u00e1s sobre \u00a1Esc\u00e1ndalo en Gran Canaria! Seis detenidos por agresi\u00f3n sexual a joven de 19 a\u00f1os\">Seguir leyendo &rarr;<\/a><\/p>\n","protected":false},"author":20,"featured_media":2705,"comment_status":"open","ping_status":"open","sticky":false,"template":"","format":"standard","meta":{"footnotes":""},"categories":[13],"tags":[],"class_list":["post-2704","post","type-post","status-publish","format-standard","has-post-thumbnail","hentry","category-portada"],"yoast_head":"<!-- This site is optimized with the Yoast SEO plugin v25.6 - https:\/\/yoast.com\/wordpress\/plugins\/seo\/ -->\n<title>\u00a1Esc\u00e1ndalo en Gran Canaria! Seis detenidos por agresi\u00f3n sexual a joven de 19 a\u00f1os - Diario 21<\/title>\n<meta name=\"robots\" content=\"index, follow, max-snippet:-1, max-image-preview:large, max-video-preview:-1\" \/>\n<link rel=\"canonical\" href=\"https:\/\/www.diario21.tv\/noticias\/escandalo-en-gran-canaria-seis-detenidos-por-agresion-sexual-a-joven-de-19-anos\/\" \/>\n<meta property=\"og:locale\" content=\"es_ES\" \/>\n<meta property=\"og:type\" content=\"article\" \/>\n<meta property=\"og:title\" content=\"\u00a1Esc\u00e1ndalo en Gran Canaria! Seis detenidos por agresi\u00f3n sexual a joven de 19 a\u00f1os - Diario 21\" \/>\n<meta property=\"og:description\" content=\"Seis Arrestados por Agresi\u00f3n Sexual a Joven en Gran Canaria En un incidente preocupante, seis individuos han sido arrestados por su presunta participaci\u00f3n en la agresi\u00f3n ... Seguir leyendo &rarr;\" \/>\n<meta property=\"og:url\" content=\"https:\/\/www.diario21.tv\/noticias\/escandalo-en-gran-canaria-seis-detenidos-por-agresion-sexual-a-joven-de-19-anos\/\" \/>\n<meta property=\"og:site_name\" content=\"Diario 21\" \/>\n<meta property=\"article:published_time\" content=\"2025-04-06T06:36:03+00:00\" \/>\n<meta property=\"article:modified_time\" content=\"2025-04-06T06:36:05+00:00\" \/>\n<meta property=\"og:image\" content=\"https:\/\/www.diario21.tv\/noticias\/wp-content\/uploads\/2025\/04\/\u00a1Escandalo-en-Gran-Canaria-Seis-detenidos-por-agresion-sexual-a.jpg\" \/>\n\t<meta property=\"og:image:width\" content=\"1920\" \/>\n\t<meta property=\"og:image:height\" content=\"1080\" \/>\n\t<meta property=\"og:image:type\" content=\"image\/jpeg\" \/>\n<meta name=\"author\" content=\"Juan P\u00e9rez\" \/>\n<meta name=\"twitter:card\" content=\"summary_large_image\" \/>\n<meta name=\"twitter:label1\" content=\"Escrito por\" \/>\n\t<meta name=\"twitter:data1\" content=\"Juan P\u00e9rez\" \/>\n\t<meta name=\"twitter:label2\" content=\"Tiempo de lectura\" \/>\n\t<meta name=\"twitter:data2\" content=\"2 minutos\" \/>\n<script type=\"application\/ld+json\" class=\"yoast-schema-graph\">{\"@context\":\"https:\/\/schema.org\",\"@graph\":[{\"@type\":\"WebPage\",\"@id\":\"https:\/\/www.diario21.tv\/noticias\/escandalo-en-gran-canaria-seis-detenidos-por-agresion-sexual-a-joven-de-19-anos\/\",\"url\":\"https:\/\/www.diario21.tv\/noticias\/escandalo-en-gran-canaria-seis-detenidos-por-agresion-sexual-a-joven-de-19-anos\/\",\"name\":\"\u00a1Esc\u00e1ndalo en Gran Canaria! Seis detenidos por agresi\u00f3n sexual a joven de 19 a\u00f1os - Diario 21\",\"isPartOf\":{\"@id\":\"https:\/\/www.diario21.tv\/noticias\/#website\"},\"primaryImageOfPage\":{\"@id\":\"https:\/\/www.diario21.tv\/noticias\/escandalo-en-gran-canaria-seis-detenidos-por-agresion-sexual-a-joven-de-19-anos\/#primaryimage\"},\"image\":{\"@id\":\"https:\/\/www.diario21.tv\/noticias\/escandalo-en-gran-canaria-seis-detenidos-por-agresion-sexual-a-joven-de-19-anos\/#primaryimage\"},\"thumbnailUrl\":\"https:\/\/www.diario21.tv\/noticias\/wp-content\/uploads\/2025\/04\/\u00a1Escandalo-en-Gran-Canaria-Seis-detenidos-por-agresion-sexual-a.jpg\",\"datePublished\":\"2025-04-06T06:36:03+00:00\",\"dateModified\":\"2025-04-06T06:36:05+00:00\",\"author\":{\"@id\":\"https:\/\/www.diario21.tv\/noticias\/#\/schema\/person\/dfb778f73814d8f09f302618446a526b\"},\"breadcrumb\":{\"@id\":\"https:\/\/www.diario21.tv\/noticias\/escandalo-en-gran-canaria-seis-detenidos-por-agresion-sexual-a-joven-de-19-anos\/#breadcrumb\"},\"inLanguage\":\"es-AR\",\"potentialAction\":[{\"@type\":\"ReadAction\",\"target\":[\"https:\/\/www.diario21.tv\/noticias\/escandalo-en-gran-canaria-seis-detenidos-por-agresion-sexual-a-joven-de-19-anos\/\"]}]},{\"@type\":\"ImageObject\",\"inLanguage\":\"es-AR\",\"@id\":\"https:\/\/www.diario21.tv\/noticias\/escandalo-en-gran-canaria-seis-detenidos-por-agresion-sexual-a-joven-de-19-anos\/#primaryimage\",\"url\":\"https:\/\/www.diario21.tv\/noticias\/wp-content\/uploads\/2025\/04\/\u00a1Escandalo-en-Gran-Canaria-Seis-detenidos-por-agresion-sexual-a.jpg\",\"contentUrl\":\"https:\/\/www.diario21.tv\/noticias\/wp-content\/uploads\/2025\/04\/\u00a1Escandalo-en-Gran-Canaria-Seis-detenidos-por-agresion-sexual-a.jpg\",\"width\":1920,\"height\":1080,\"caption\":\"Seis detenidos por agredir sexualmente a una joven de 19 a\u00f1os en Gran Canaria\"},{\"@type\":\"BreadcrumbList\",\"@id\":\"https:\/\/www.diario21.tv\/noticias\/escandalo-en-gran-canaria-seis-detenidos-por-agresion-sexual-a-joven-de-19-anos\/#breadcrumb\",\"itemListElement\":[{\"@type\":\"ListItem\",\"position\":1,\"name\":\"Accueil\",\"item\":\"https:\/\/www.diario21.tv\/noticias\/\"},{\"@type\":\"ListItem\",\"position\":2,\"name\":\"\u00a1Esc\u00e1ndalo en Gran Canaria! Seis detenidos por agresi\u00f3n sexual a joven de 19 a\u00f1os\"}]},{\"@type\":\"WebSite\",\"@id\":\"https:\/\/www.diario21.tv\/noticias\/#website\",\"url\":\"https:\/\/www.diario21.tv\/noticias\/\",\"name\":\"Diario 21\",\"description\":\"\",\"potentialAction\":[{\"@type\":\"SearchAction\",\"target\":{\"@type\":\"EntryPoint\",\"urlTemplate\":\"https:\/\/www.diario21.tv\/noticias\/?s={search_term_string}\"},\"query-input\":{\"@type\":\"PropertyValueSpecification\",\"valueRequired\":true,\"valueName\":\"search_term_string\"}}],\"inLanguage\":\"es-AR\"},{\"@type\":\"Person\",\"@id\":\"https:\/\/www.diario21.tv\/noticias\/#\/schema\/person\/dfb778f73814d8f09f302618446a526b\",\"name\":\"Juan P\u00e9rez\",\"image\":{\"@type\":\"ImageObject\",\"inLanguage\":\"es-AR\",\"@id\":\"https:\/\/www.diario21.tv\/noticias\/#\/schema\/person\/image\/\",\"url\":\"https:\/\/secure.gravatar.com\/avatar\/c478a405bd10621167f4c3167cc770f5?s=96&d=mm&r=g\",\"contentUrl\":\"https:\/\/secure.gravatar.com\/avatar\/c478a405bd10621167f4c3167cc770f5?s=96&d=mm&r=g\",\"caption\":\"Juan P\u00e9rez\"},\"description\":\"Juan P\u00e9rez es el redactor en jefe de Diario 21. Con m\u00e1s de 10 a\u00f1os de experiencia en el periodismo, se especializa en pol\u00edtica nacional y an\u00e1lisis socioecon\u00f3mico. Su enfoque cr\u00edtico y riguroso aporta una perspectiva \u00fanica a cada art\u00edculo.\",\"sameAs\":[\"https:\/\/www.diario21.tv\/noticias\/\"],\"url\":\"https:\/\/www.diario21.tv\/noticias\/author\/juan-perez\/\"}]}<\/script>\n<!-- \/ Yoast SEO plugin. -->","yoast_head_json":{"title":"\u00a1Esc\u00e1ndalo en Gran Canaria! Seis detenidos por agresi\u00f3n sexual a joven de 19 a\u00f1os - Diario 21","robots":{"index":"index","follow":"follow","max-snippet":"max-snippet:-1","max-image-preview":"max-image-preview:large","max-video-preview":"max-video-preview:-1"},"canonical":"https:\/\/www.diario21.tv\/noticias\/escandalo-en-gran-canaria-seis-detenidos-por-agresion-sexual-a-joven-de-19-anos\/","og_locale":"es_ES","og_type":"article","og_title":"\u00a1Esc\u00e1ndalo en Gran Canaria! Seis detenidos por agresi\u00f3n sexual a joven de 19 a\u00f1os - Diario 21","og_description":"Seis Arrestados por Agresi\u00f3n Sexual a Joven en Gran Canaria En un incidente preocupante, seis individuos han sido arrestados por su presunta participaci\u00f3n en la agresi\u00f3n ... Seguir leyendo &rarr;","og_url":"https:\/\/www.diario21.tv\/noticias\/escandalo-en-gran-canaria-seis-detenidos-por-agresion-sexual-a-joven-de-19-anos\/","og_site_name":"Diario 21","article_published_time":"2025-04-06T06:36:03+00:00","article_modified_time":"2025-04-06T06:36:05+00:00","og_image":[{"width":1920,"height":1080,"url":"https:\/\/www.diario21.tv\/noticias\/wp-content\/uploads\/2025\/04\/\u00a1Escandalo-en-Gran-Canaria-Seis-detenidos-por-agresion-sexual-a.jpg","type":"image\/jpeg"}],"author":"Juan P\u00e9rez","twitter_card":"summary_large_image","twitter_misc":{"Escrito por":"Juan P\u00e9rez","Tiempo de lectura":"2 minutos"},"schema":{"@context":"https:\/\/schema.org","@graph":[{"@type":"WebPage","@id":"https:\/\/www.diario21.tv\/noticias\/escandalo-en-gran-canaria-seis-detenidos-por-agresion-sexual-a-joven-de-19-anos\/","url":"https:\/\/www.diario21.tv\/noticias\/escandalo-en-gran-canaria-seis-detenidos-por-agresion-sexual-a-joven-de-19-anos\/","name":"\u00a1Esc\u00e1ndalo en Gran Canaria! Seis detenidos por agresi\u00f3n sexual a joven de 19 a\u00f1os - Diario 21","isPartOf":{"@id":"https:\/\/www.diario21.tv\/noticias\/#website"},"primaryImageOfPage":{"@id":"https:\/\/www.diario21.tv\/noticias\/escandalo-en-gran-canaria-seis-detenidos-por-agresion-sexual-a-joven-de-19-anos\/#primaryimage"},"image":{"@id":"https:\/\/www.diario21.tv\/noticias\/escandalo-en-gran-canaria-seis-detenidos-por-agresion-sexual-a-joven-de-19-anos\/#primaryimage"},"thumbnailUrl":"https:\/\/www.diario21.tv\/noticias\/wp-content\/uploads\/2025\/04\/\u00a1Escandalo-en-Gran-Canaria-Seis-detenidos-por-agresion-sexual-a.jpg","datePublished":"2025-04-06T06:36:03+00:00","dateModified":"2025-04-06T06:36:05+00:00","author":{"@id":"https:\/\/www.diario21.tv\/noticias\/#\/schema\/person\/dfb778f73814d8f09f302618446a526b"},"breadcrumb":{"@id":"https:\/\/www.diario21.tv\/noticias\/escandalo-en-gran-canaria-seis-detenidos-por-agresion-sexual-a-joven-de-19-anos\/#breadcrumb"},"inLanguage":"es-AR","potentialAction":[{"@type":"ReadAction","target":["https:\/\/www.diario21.tv\/noticias\/escandalo-en-gran-canaria-seis-detenidos-por-agresion-sexual-a-joven-de-19-anos\/"]}]},{"@type":"ImageObject","inLanguage":"es-AR","@id":"https:\/\/www.diario21.tv\/noticias\/escandalo-en-gran-canaria-seis-detenidos-por-agresion-sexual-a-joven-de-19-anos\/#primaryimage","url":"https:\/\/www.diario21.tv\/noticias\/wp-content\/uploads\/2025\/04\/\u00a1Escandalo-en-Gran-Canaria-Seis-detenidos-por-agresion-sexual-a.jpg","contentUrl":"https:\/\/www.diario21.tv\/noticias\/wp-content\/uploads\/2025\/04\/\u00a1Escandalo-en-Gran-Canaria-Seis-detenidos-por-agresion-sexual-a.jpg","width":1920,"height":1080,"caption":"Seis detenidos por agredir sexualmente a una joven de 19 a\u00f1os en Gran Canaria"},{"@type":"BreadcrumbList","@id":"https:\/\/www.diario21.tv\/noticias\/escandalo-en-gran-canaria-seis-detenidos-por-agresion-sexual-a-joven-de-19-anos\/#breadcrumb","itemListElement":[{"@type":"ListItem","position":1,"name":"Accueil","item":"https:\/\/www.diario21.tv\/noticias\/"},{"@type":"ListItem","position":2,"name":"\u00a1Esc\u00e1ndalo en Gran Canaria! Seis detenidos por agresi\u00f3n sexual a joven de 19 a\u00f1os"}]},{"@type":"WebSite","@id":"https:\/\/www.diario21.tv\/noticias\/#website","url":"https:\/\/www.diario21.tv\/noticias\/","name":"Diario 21","description":"","potentialAction":[{"@type":"SearchAction","target":{"@type":"EntryPoint","urlTemplate":"https:\/\/www.diario21.tv\/noticias\/?s={search_term_string}"},"query-input":{"@type":"PropertyValueSpecification","valueRequired":true,"valueName":"search_term_string"}}],"inLanguage":"es-AR"},{"@type":"Person","@id":"https:\/\/www.diario21.tv\/noticias\/#\/schema\/person\/dfb778f73814d8f09f302618446a526b","name":"Juan P\u00e9rez","image":{"@type":"ImageObject","inLanguage":"es-AR","@id":"https:\/\/www.diario21.tv\/noticias\/#\/schema\/person\/image\/","url":"https:\/\/secure.gravatar.com\/avatar\/c478a405bd10621167f4c3167cc770f5?s=96&d=mm&r=g","contentUrl":"https:\/\/secure.gravatar.com\/avatar\/c478a405bd10621167f4c3167cc770f5?s=96&d=mm&r=g","caption":"Juan P\u00e9rez"},"description":"Juan P\u00e9rez es el redactor en jefe de Diario 21. Con m\u00e1s de 10 a\u00f1os de experiencia en el periodismo, se especializa en pol\u00edtica nacional y an\u00e1lisis socioecon\u00f3mico. Su enfoque cr\u00edtico y riguroso aporta una perspectiva \u00fanica a cada art\u00edculo.","sameAs":["https:\/\/www.diario21.tv\/noticias\/"],"url":"https:\/\/www.diario21.tv\/noticias\/author\/juan-perez\/"}]}},"_links":{"self":[{"href":"https:\/\/www.diario21.tv\/noticias\/wp-json\/wp\/v2\/posts\/2704"}],"collection":[{"href":"https:\/\/www.diario21.tv\/noticias\/wp-json\/wp\/v2\/posts"}],"about":[{"href":"https:\/\/www.diario21.tv\/noticias\/wp-json\/wp\/v2\/types\/post"}],"author":[{"embeddable":true,"href":"https:\/\/www.diario21.tv\/noticias\/wp-json\/wp\/v2\/users\/20"}],"replies":[{"embeddable":true,"href":"https:\/\/www.diario21.tv\/noticias\/wp-json\/wp\/v2\/comments?post=2704"}],"version-history":[{"count":1,"href":"https:\/\/www.diario21.tv\/noticias\/wp-json\/wp\/v2\/posts\/2704\/revisions"}],"predecessor-version":[{"id":2706,"href":"https:\/\/www.diario21.tv\/noticias\/wp-json\/wp\/v2\/posts\/2704\/revisions\/2706"}],"wp:featuredmedia":[{"embeddable":true,"href":"https:\/\/www.diario21.tv\/noticias\/wp-json\/wp\/v2\/media\/2705"}],"wp:attachment":[{"href":"https:\/\/www.diario21.tv\/noticias\/wp-json\/wp\/v2\/media?parent=2704"}],"wp:term":[{"taxonomy":"category","embeddable":true,"href":"https:\/\/www.diario21.tv\/noticias\/wp-json\/wp\/v2\/categories?post=2704"},{"taxonomy":"post_tag","embeddable":true,"href":"https:\/\/www.diario21.tv\/noticias\/wp-json\/wp\/v2\/tags?post=2704"}],"curies":[{"name":"wp","href":"https:\/\/api.w.org\/{rel}","templated":true}]}}