{"id":2689,"date":"2025-04-05T00:18:12","date_gmt":"2025-04-05T00:18:12","guid":{"rendered":"https:\/\/www.diario21.tv\/noticias\/impactante-personal-de-centro-de-salud-en-toledo-se-da-de-baja-tras-agresion-de-paciente\/"},"modified":"2025-04-05T00:18:13","modified_gmt":"2025-04-05T00:18:13","slug":"impactante-personal-de-centro-de-salud-en-toledo-se-da-de-baja-tras-agresion-de-paciente","status":"publish","type":"post","link":"https:\/\/www.diario21.tv\/noticias\/impactante-personal-de-centro-de-salud-en-toledo-se-da-de-baja-tras-agresion-de-paciente\/","title":{"rendered":"\u00a1Impactante! Personal de centro de salud en Toledo se da de baja tras agresi\u00f3n de paciente"},"content":{"rendered":"<h2>El Personal de un Centro M\u00e9dico en Toledo Se Ausenta Colectivamente Despu\u00e9s de un Incidente Violento<\/h2>\n<p>En un reciente y alarmante suceso en Toledo, la totalidad de los trabajadores de un centro de salud opt\u00f3 por tomar una baja m\u00e9dica simult\u00e1nea. Este acto masivo de ausencia laboral fue la respuesta directa a un violento episodio en el que un paciente agredi\u00f3 f\u00edsicamente a uno de los miembros del personal.<\/p>\n<h3>Detalles del Incidente<\/h3>\n<p>El conflicto se desencaden\u00f3 cuando un paciente, aparentemente insatisfecho con la atenci\u00f3n recibida, reaccion\u00f3 de manera agresiva. Seg\u00fan fuentes cercanas al caso, el paciente inici\u00f3 una discusi\u00f3n acalorada con el personal, la cual escal\u00f3 r\u00e1pidamente hasta convertirse en un ataque f\u00edsico hacia uno de los trabajadores del centro. Este tipo de comportamiento no solo pone en riesgo la integridad f\u00edsica del personal, sino que tambi\u00e9n crea un ambiente de trabajo hostil y temeroso.<\/p>\n<h3>Reacciones y Consecuencias<\/h3>\n<p>La agresi\u00f3n ha tenido un profundo impacto en el moral del equipo, llevando a cada uno de los empleados del centro a solicitar baja m\u00e9dica en protesta por las condiciones de seguridad en su lugar de trabajo. Este acto de solidaridad busca llamar la atenci\u00f3n sobre la necesidad urgente de mejorar las medidas de seguridad en los centros de salud, as\u00ed como de implementar protocolos m\u00e1s efectivos para la protecci\u00f3n del personal sanitario.<\/p>\n<p>El centro de salud ahora enfrenta un dilema significativo, ya que debe encontrar la manera de continuar ofreciendo servicios m\u00e9dicos a la comunidad mientras aborda las preocupaciones de seguridad de su personal. La administraci\u00f3n del centro ha prometido revisar y fortalecer las pol\u00edticas de seguridad, pero estas medidas tomar\u00e1n tiempo para implementarse y m\u00e1s a\u00fan para restaurar la confianza del personal.<\/p>\n<h3>Implicaciones para la Atenci\u00f3n Sanitaria<\/h3>\n<p>Este incidente resalta una problem\u00e1tica m\u00e1s amplia en el sector de la salud: la seguridad del personal. Incidentes de violencia contra trabajadores de la salud no son raros y representan una amenaza seria para el bienestar de estos profesionales, quienes ya enfrentan numerosos desaf\u00edos en sus roles diarios. La situaci\u00f3n en Toledo es un claro recordatorio de que la seguridad en los lugares de trabajo sanitarios debe ser una prioridad.<\/p>\n<p>El ausentismo masivo en respuesta a actos de violencia tambi\u00e9n subraya la necesidad de que existan mecanismos de apoyo y protecci\u00f3n efectivos para los trabajadores de la salud. Sin estos, el sistema de salud podr\u00eda verse comprometido, afectando la calidad y disponibilidad de la atenci\u00f3n m\u00e9dica para la poblaci\u00f3n general.<\/p>\n<p>En conclusi\u00f3n, la respuesta del personal del centro de salud de Toledo no solo es un llamado a la acci\u00f3n para mejorar las condiciones de seguridad laboral, sino tambi\u00e9n un reflejo de los crecientes desaf\u00edos que enfrentan los profesionales de la salud en la actualidad. La esperanza es que este incidente sirva de catalizador para cambios significativos que garanticen un entorno de trabajo seguro para todos los trabajadores sanitarios.<\/p>\n\n\n<div class=\"kk-star-ratings kksr-auto kksr-align-left kksr-valign-bottom\"\n    data-payload='{&quot;align&quot;:&quot;left&quot;,&quot;id&quot;:&quot;2689&quot;,&quot;slug&quot;:&quot;default&quot;,&quot;valign&quot;:&quot;bottom&quot;,&quot;ignore&quot;:&quot;&quot;,&quot;reference&quot;:&quot;auto&quot;,&quot;class&quot;:&quot;&quot;,&quot;count&quot;:&quot;0&quot;,&quot;legendonly&quot;:&quot;&quot;,&quot;readonly&quot;:&quot;&quot;,&quot;score&quot;:&quot;0&quot;,&quot;starsonly&quot;:&quot;&quot;,&quot;best&quot;:&quot;5&quot;,&quot;gap&quot;:&quot;5&quot;,&quot;greet&quot;:&quot;Valora este post&quot;,&quot;legend&quot;:&quot;0\\\/5 - (0 votes)&quot;,&quot;size&quot;:&quot;22&quot;,&quot;title&quot;:&quot;\u00a1Impactante! Personal de centro de salud en Toledo se da de baja tras agresi\u00f3n de paciente&quot;,&quot;width&quot;:&quot;0&quot;,&quot;_legend&quot;:&quot;{score}\\\/{best} - ({count} {votes})&quot;,&quot;font_factor&quot;:&quot;1.25&quot;}'>\n            \n<div class=\"kksr-stars\">\n    \n<div class=\"kksr-stars-inactive\">\n            <div class=\"kksr-star\" data-star=\"1\" style=\"padding-right: 5px\">\n            \n\n<div class=\"kksr-icon\" style=\"width: 22px; height: 22px;\"><\/div>\n        <\/div>\n            <div class=\"kksr-star\" data-star=\"2\" style=\"padding-right: 5px\">\n            \n\n<div class=\"kksr-icon\" style=\"width: 22px; height: 22px;\"><\/div>\n        <\/div>\n            <div class=\"kksr-star\" data-star=\"3\" style=\"padding-right: 5px\">\n            \n\n<div class=\"kksr-icon\" style=\"width: 22px; height: 22px;\"><\/div>\n        <\/div>\n            <div class=\"kksr-star\" data-star=\"4\" style=\"padding-right: 5px\">\n            \n\n<div class=\"kksr-icon\" style=\"width: 22px; height: 22px;\"><\/div>\n        <\/div>\n            <div class=\"kksr-star\" data-star=\"5\" style=\"padding-right: 5px\">\n            \n\n<div class=\"kksr-icon\" style=\"width: 22px; height: 22px;\"><\/div>\n        <\/div>\n    <\/div>\n    \n<div class=\"kksr-stars-active\" style=\"width: 0px;\">\n            <div class=\"kksr-star\" style=\"padding-right: 5px\">\n            \n\n<div class=\"kksr-icon\" style=\"width: 22px; height: 22px;\"><\/div>\n        <\/div>\n            <div class=\"kksr-star\" style=\"padding-right: 5px\">\n            \n\n<div class=\"kksr-icon\" style=\"width: 22px; height: 22px;\"><\/div>\n        <\/div>\n            <div class=\"kksr-star\" style=\"padding-right: 5px\">\n            \n\n<div class=\"kksr-icon\" style=\"width: 22px; height: 22px;\"><\/div>\n        <\/div>\n            <div class=\"kksr-star\" style=\"padding-right: 5px\">\n            \n\n<div class=\"kksr-icon\" style=\"width: 22px; height: 22px;\"><\/div>\n        <\/div>\n            <div class=\"kksr-star\" style=\"padding-right: 5px\">\n            \n\n<div class=\"kksr-icon\" style=\"width: 22px; height: 22px;\"><\/div>\n        <\/div>\n    <\/div>\n<\/div>\n                \n\n<div class=\"kksr-legend\" style=\"font-size: 17.6px;\">\n            <span class=\"kksr-muted\">Valora este post<\/span>\n    <\/div>\n    <\/div>\n","protected":false},"excerpt":{"rendered":"<p>El Personal de un Centro M\u00e9dico en Toledo Se Ausenta Colectivamente Despu\u00e9s de un Incidente Violento En un reciente y alarmante suceso en Toledo, la totalidad &#8230; <a title=\"\u00a1Impactante! Personal de centro de salud en Toledo se da de baja tras agresi\u00f3n de paciente\" class=\"read-more\" href=\"https:\/\/www.diario21.tv\/noticias\/impactante-personal-de-centro-de-salud-en-toledo-se-da-de-baja-tras-agresion-de-paciente\/\" aria-label=\"Leer m\u00e1s sobre \u00a1Impactante! Personal de centro de salud en Toledo se da de baja tras agresi\u00f3n de paciente\">Seguir leyendo &rarr;<\/a><\/p>\n","protected":false},"author":20,"featured_media":2690,"comment_status":"open","ping_status":"open","sticky":false,"template":"","format":"standard","meta":{"footnotes":""},"categories":[13],"tags":[],"class_list":["post-2689","post","type-post","status-publish","format-standard","has-post-thumbnail","hentry","category-portada"],"yoast_head":"<!-- This site is optimized with the Yoast SEO plugin v25.6 - https:\/\/yoast.com\/wordpress\/plugins\/seo\/ -->\n<title>\u00a1Impactante! Personal de centro de salud en Toledo se da de baja tras agresi\u00f3n de paciente - Diario 21<\/title>\n<meta name=\"robots\" content=\"index, follow, max-snippet:-1, max-image-preview:large, max-video-preview:-1\" \/>\n<link rel=\"canonical\" href=\"https:\/\/www.diario21.tv\/noticias\/impactante-personal-de-centro-de-salud-en-toledo-se-da-de-baja-tras-agresion-de-paciente\/\" \/>\n<meta property=\"og:locale\" content=\"es_ES\" \/>\n<meta property=\"og:type\" content=\"article\" \/>\n<meta property=\"og:title\" content=\"\u00a1Impactante! Personal de centro de salud en Toledo se da de baja tras agresi\u00f3n de paciente - Diario 21\" \/>\n<meta property=\"og:description\" content=\"El Personal de un Centro M\u00e9dico en Toledo Se Ausenta Colectivamente Despu\u00e9s de un Incidente Violento En un reciente y alarmante suceso en Toledo, la totalidad ... Seguir leyendo &rarr;\" \/>\n<meta property=\"og:url\" content=\"https:\/\/www.diario21.tv\/noticias\/impactante-personal-de-centro-de-salud-en-toledo-se-da-de-baja-tras-agresion-de-paciente\/\" \/>\n<meta property=\"og:site_name\" content=\"Diario 21\" \/>\n<meta property=\"article:published_time\" content=\"2025-04-05T00:18:12+00:00\" \/>\n<meta property=\"article:modified_time\" content=\"2025-04-05T00:18:13+00:00\" \/>\n<meta property=\"og:image\" content=\"https:\/\/www.diario21.tv\/noticias\/wp-content\/uploads\/2025\/04\/\u00a1Impactante-Personal-de-centro-de-salud-en-Toledo-se-da.jpg\" \/>\n\t<meta property=\"og:image:width\" content=\"1920\" \/>\n\t<meta property=\"og:image:height\" content=\"1080\" \/>\n\t<meta property=\"og:image:type\" content=\"image\/jpeg\" \/>\n<meta name=\"author\" content=\"Juan P\u00e9rez\" \/>\n<meta name=\"twitter:card\" content=\"summary_large_image\" \/>\n<meta name=\"twitter:label1\" content=\"Escrito por\" \/>\n\t<meta name=\"twitter:data1\" content=\"Juan P\u00e9rez\" \/>\n\t<meta name=\"twitter:label2\" content=\"Tiempo de lectura\" \/>\n\t<meta name=\"twitter:data2\" content=\"3 minutos\" \/>\n<script type=\"application\/ld+json\" class=\"yoast-schema-graph\">{\"@context\":\"https:\/\/schema.org\",\"@graph\":[{\"@type\":\"WebPage\",\"@id\":\"https:\/\/www.diario21.tv\/noticias\/impactante-personal-de-centro-de-salud-en-toledo-se-da-de-baja-tras-agresion-de-paciente\/\",\"url\":\"https:\/\/www.diario21.tv\/noticias\/impactante-personal-de-centro-de-salud-en-toledo-se-da-de-baja-tras-agresion-de-paciente\/\",\"name\":\"\u00a1Impactante! Personal de centro de salud en Toledo se da de baja tras agresi\u00f3n de paciente - Diario 21\",\"isPartOf\":{\"@id\":\"https:\/\/www.diario21.tv\/noticias\/#website\"},\"primaryImageOfPage\":{\"@id\":\"https:\/\/www.diario21.tv\/noticias\/impactante-personal-de-centro-de-salud-en-toledo-se-da-de-baja-tras-agresion-de-paciente\/#primaryimage\"},\"image\":{\"@id\":\"https:\/\/www.diario21.tv\/noticias\/impactante-personal-de-centro-de-salud-en-toledo-se-da-de-baja-tras-agresion-de-paciente\/#primaryimage\"},\"thumbnailUrl\":\"https:\/\/www.diario21.tv\/noticias\/wp-content\/uploads\/2025\/04\/\u00a1Impactante-Personal-de-centro-de-salud-en-Toledo-se-da.jpg\",\"datePublished\":\"2025-04-05T00:18:12+00:00\",\"dateModified\":\"2025-04-05T00:18:13+00:00\",\"author\":{\"@id\":\"https:\/\/www.diario21.tv\/noticias\/#\/schema\/person\/dfb778f73814d8f09f302618446a526b\"},\"breadcrumb\":{\"@id\":\"https:\/\/www.diario21.tv\/noticias\/impactante-personal-de-centro-de-salud-en-toledo-se-da-de-baja-tras-agresion-de-paciente\/#breadcrumb\"},\"inLanguage\":\"es-AR\",\"potentialAction\":[{\"@type\":\"ReadAction\",\"target\":[\"https:\/\/www.diario21.tv\/noticias\/impactante-personal-de-centro-de-salud-en-toledo-se-da-de-baja-tras-agresion-de-paciente\/\"]}]},{\"@type\":\"ImageObject\",\"inLanguage\":\"es-AR\",\"@id\":\"https:\/\/www.diario21.tv\/noticias\/impactante-personal-de-centro-de-salud-en-toledo-se-da-de-baja-tras-agresion-de-paciente\/#primaryimage\",\"url\":\"https:\/\/www.diario21.tv\/noticias\/wp-content\/uploads\/2025\/04\/\u00a1Impactante-Personal-de-centro-de-salud-en-Toledo-se-da.jpg\",\"contentUrl\":\"https:\/\/www.diario21.tv\/noticias\/wp-content\/uploads\/2025\/04\/\u00a1Impactante-Personal-de-centro-de-salud-en-Toledo-se-da.jpg\",\"width\":1920,\"height\":1080,\"caption\":\"La plantilla de un centro de salud de Toledo se da de baja tras la agresi\u00f3n de un paciente\"},{\"@type\":\"BreadcrumbList\",\"@id\":\"https:\/\/www.diario21.tv\/noticias\/impactante-personal-de-centro-de-salud-en-toledo-se-da-de-baja-tras-agresion-de-paciente\/#breadcrumb\",\"itemListElement\":[{\"@type\":\"ListItem\",\"position\":1,\"name\":\"Accueil\",\"item\":\"https:\/\/www.diario21.tv\/noticias\/\"},{\"@type\":\"ListItem\",\"position\":2,\"name\":\"\u00a1Impactante! Personal de centro de salud en Toledo se da de baja tras agresi\u00f3n de paciente\"}]},{\"@type\":\"WebSite\",\"@id\":\"https:\/\/www.diario21.tv\/noticias\/#website\",\"url\":\"https:\/\/www.diario21.tv\/noticias\/\",\"name\":\"Diario 21\",\"description\":\"\",\"potentialAction\":[{\"@type\":\"SearchAction\",\"target\":{\"@type\":\"EntryPoint\",\"urlTemplate\":\"https:\/\/www.diario21.tv\/noticias\/?s={search_term_string}\"},\"query-input\":{\"@type\":\"PropertyValueSpecification\",\"valueRequired\":true,\"valueName\":\"search_term_string\"}}],\"inLanguage\":\"es-AR\"},{\"@type\":\"Person\",\"@id\":\"https:\/\/www.diario21.tv\/noticias\/#\/schema\/person\/dfb778f73814d8f09f302618446a526b\",\"name\":\"Juan P\u00e9rez\",\"image\":{\"@type\":\"ImageObject\",\"inLanguage\":\"es-AR\",\"@id\":\"https:\/\/www.diario21.tv\/noticias\/#\/schema\/person\/image\/\",\"url\":\"https:\/\/secure.gravatar.com\/avatar\/c478a405bd10621167f4c3167cc770f5?s=96&d=mm&r=g\",\"contentUrl\":\"https:\/\/secure.gravatar.com\/avatar\/c478a405bd10621167f4c3167cc770f5?s=96&d=mm&r=g\",\"caption\":\"Juan P\u00e9rez\"},\"description\":\"Juan P\u00e9rez es el redactor en jefe de Diario 21. Con m\u00e1s de 10 a\u00f1os de experiencia en el periodismo, se especializa en pol\u00edtica nacional y an\u00e1lisis socioecon\u00f3mico. Su enfoque cr\u00edtico y riguroso aporta una perspectiva \u00fanica a cada art\u00edculo.\",\"sameAs\":[\"https:\/\/www.diario21.tv\/noticias\/\"],\"url\":\"https:\/\/www.diario21.tv\/noticias\/author\/juan-perez\/\"}]}<\/script>\n<!-- \/ Yoast SEO plugin. -->","yoast_head_json":{"title":"\u00a1Impactante! Personal de centro de salud en Toledo se da de baja tras agresi\u00f3n de paciente - Diario 21","robots":{"index":"index","follow":"follow","max-snippet":"max-snippet:-1","max-image-preview":"max-image-preview:large","max-video-preview":"max-video-preview:-1"},"canonical":"https:\/\/www.diario21.tv\/noticias\/impactante-personal-de-centro-de-salud-en-toledo-se-da-de-baja-tras-agresion-de-paciente\/","og_locale":"es_ES","og_type":"article","og_title":"\u00a1Impactante! Personal de centro de salud en Toledo se da de baja tras agresi\u00f3n de paciente - Diario 21","og_description":"El Personal de un Centro M\u00e9dico en Toledo Se Ausenta Colectivamente Despu\u00e9s de un Incidente Violento En un reciente y alarmante suceso en Toledo, la totalidad ... Seguir leyendo &rarr;","og_url":"https:\/\/www.diario21.tv\/noticias\/impactante-personal-de-centro-de-salud-en-toledo-se-da-de-baja-tras-agresion-de-paciente\/","og_site_name":"Diario 21","article_published_time":"2025-04-05T00:18:12+00:00","article_modified_time":"2025-04-05T00:18:13+00:00","og_image":[{"width":1920,"height":1080,"url":"https:\/\/www.diario21.tv\/noticias\/wp-content\/uploads\/2025\/04\/\u00a1Impactante-Personal-de-centro-de-salud-en-Toledo-se-da.jpg","type":"image\/jpeg"}],"author":"Juan P\u00e9rez","twitter_card":"summary_large_image","twitter_misc":{"Escrito por":"Juan P\u00e9rez","Tiempo de lectura":"3 minutos"},"schema":{"@context":"https:\/\/schema.org","@graph":[{"@type":"WebPage","@id":"https:\/\/www.diario21.tv\/noticias\/impactante-personal-de-centro-de-salud-en-toledo-se-da-de-baja-tras-agresion-de-paciente\/","url":"https:\/\/www.diario21.tv\/noticias\/impactante-personal-de-centro-de-salud-en-toledo-se-da-de-baja-tras-agresion-de-paciente\/","name":"\u00a1Impactante! Personal de centro de salud en Toledo se da de baja tras agresi\u00f3n de paciente - Diario 21","isPartOf":{"@id":"https:\/\/www.diario21.tv\/noticias\/#website"},"primaryImageOfPage":{"@id":"https:\/\/www.diario21.tv\/noticias\/impactante-personal-de-centro-de-salud-en-toledo-se-da-de-baja-tras-agresion-de-paciente\/#primaryimage"},"image":{"@id":"https:\/\/www.diario21.tv\/noticias\/impactante-personal-de-centro-de-salud-en-toledo-se-da-de-baja-tras-agresion-de-paciente\/#primaryimage"},"thumbnailUrl":"https:\/\/www.diario21.tv\/noticias\/wp-content\/uploads\/2025\/04\/\u00a1Impactante-Personal-de-centro-de-salud-en-Toledo-se-da.jpg","datePublished":"2025-04-05T00:18:12+00:00","dateModified":"2025-04-05T00:18:13+00:00","author":{"@id":"https:\/\/www.diario21.tv\/noticias\/#\/schema\/person\/dfb778f73814d8f09f302618446a526b"},"breadcrumb":{"@id":"https:\/\/www.diario21.tv\/noticias\/impactante-personal-de-centro-de-salud-en-toledo-se-da-de-baja-tras-agresion-de-paciente\/#breadcrumb"},"inLanguage":"es-AR","potentialAction":[{"@type":"ReadAction","target":["https:\/\/www.diario21.tv\/noticias\/impactante-personal-de-centro-de-salud-en-toledo-se-da-de-baja-tras-agresion-de-paciente\/"]}]},{"@type":"ImageObject","inLanguage":"es-AR","@id":"https:\/\/www.diario21.tv\/noticias\/impactante-personal-de-centro-de-salud-en-toledo-se-da-de-baja-tras-agresion-de-paciente\/#primaryimage","url":"https:\/\/www.diario21.tv\/noticias\/wp-content\/uploads\/2025\/04\/\u00a1Impactante-Personal-de-centro-de-salud-en-Toledo-se-da.jpg","contentUrl":"https:\/\/www.diario21.tv\/noticias\/wp-content\/uploads\/2025\/04\/\u00a1Impactante-Personal-de-centro-de-salud-en-Toledo-se-da.jpg","width":1920,"height":1080,"caption":"La plantilla de un centro de salud de Toledo se da de baja tras la agresi\u00f3n de un paciente"},{"@type":"BreadcrumbList","@id":"https:\/\/www.diario21.tv\/noticias\/impactante-personal-de-centro-de-salud-en-toledo-se-da-de-baja-tras-agresion-de-paciente\/#breadcrumb","itemListElement":[{"@type":"ListItem","position":1,"name":"Accueil","item":"https:\/\/www.diario21.tv\/noticias\/"},{"@type":"ListItem","position":2,"name":"\u00a1Impactante! Personal de centro de salud en Toledo se da de baja tras agresi\u00f3n de paciente"}]},{"@type":"WebSite","@id":"https:\/\/www.diario21.tv\/noticias\/#website","url":"https:\/\/www.diario21.tv\/noticias\/","name":"Diario 21","description":"","potentialAction":[{"@type":"SearchAction","target":{"@type":"EntryPoint","urlTemplate":"https:\/\/www.diario21.tv\/noticias\/?s={search_term_string}"},"query-input":{"@type":"PropertyValueSpecification","valueRequired":true,"valueName":"search_term_string"}}],"inLanguage":"es-AR"},{"@type":"Person","@id":"https:\/\/www.diario21.tv\/noticias\/#\/schema\/person\/dfb778f73814d8f09f302618446a526b","name":"Juan P\u00e9rez","image":{"@type":"ImageObject","inLanguage":"es-AR","@id":"https:\/\/www.diario21.tv\/noticias\/#\/schema\/person\/image\/","url":"https:\/\/secure.gravatar.com\/avatar\/c478a405bd10621167f4c3167cc770f5?s=96&d=mm&r=g","contentUrl":"https:\/\/secure.gravatar.com\/avatar\/c478a405bd10621167f4c3167cc770f5?s=96&d=mm&r=g","caption":"Juan P\u00e9rez"},"description":"Juan P\u00e9rez es el redactor en jefe de Diario 21. Con m\u00e1s de 10 a\u00f1os de experiencia en el periodismo, se especializa en pol\u00edtica nacional y an\u00e1lisis socioecon\u00f3mico. Su enfoque cr\u00edtico y riguroso aporta una perspectiva \u00fanica a cada art\u00edculo.","sameAs":["https:\/\/www.diario21.tv\/noticias\/"],"url":"https:\/\/www.diario21.tv\/noticias\/author\/juan-perez\/"}]}},"_links":{"self":[{"href":"https:\/\/www.diario21.tv\/noticias\/wp-json\/wp\/v2\/posts\/2689"}],"collection":[{"href":"https:\/\/www.diario21.tv\/noticias\/wp-json\/wp\/v2\/posts"}],"about":[{"href":"https:\/\/www.diario21.tv\/noticias\/wp-json\/wp\/v2\/types\/post"}],"author":[{"embeddable":true,"href":"https:\/\/www.diario21.tv\/noticias\/wp-json\/wp\/v2\/users\/20"}],"replies":[{"embeddable":true,"href":"https:\/\/www.diario21.tv\/noticias\/wp-json\/wp\/v2\/comments?post=2689"}],"version-history":[{"count":1,"href":"https:\/\/www.diario21.tv\/noticias\/wp-json\/wp\/v2\/posts\/2689\/revisions"}],"predecessor-version":[{"id":2691,"href":"https:\/\/www.diario21.tv\/noticias\/wp-json\/wp\/v2\/posts\/2689\/revisions\/2691"}],"wp:featuredmedia":[{"embeddable":true,"href":"https:\/\/www.diario21.tv\/noticias\/wp-json\/wp\/v2\/media\/2690"}],"wp:attachment":[{"href":"https:\/\/www.diario21.tv\/noticias\/wp-json\/wp\/v2\/media?parent=2689"}],"wp:term":[{"taxonomy":"category","embeddable":true,"href":"https:\/\/www.diario21.tv\/noticias\/wp-json\/wp\/v2\/categories?post=2689"},{"taxonomy":"post_tag","embeddable":true,"href":"https:\/\/www.diario21.tv\/noticias\/wp-json\/wp\/v2\/tags?post=2689"}],"curies":[{"name":"wp","href":"https:\/\/api.w.org\/{rel}","templated":true}]}}