{"id":2676,"date":"2025-04-03T17:56:57","date_gmt":"2025-04-03T17:56:57","guid":{"rendered":"https:\/\/www.diario21.tv\/noticias\/inspeccion-en-mina-de-cerredo-el-principado-no-halla-anomalias-en-agosto\/"},"modified":"2025-04-03T17:56:59","modified_gmt":"2025-04-03T17:56:59","slug":"inspeccion-en-mina-de-cerredo-el-principado-no-halla-anomalias-en-agosto","status":"publish","type":"post","link":"https:\/\/www.diario21.tv\/noticias\/inspeccion-en-mina-de-cerredo-el-principado-no-halla-anomalias-en-agosto\/","title":{"rendered":"Inspecci\u00f3n en mina de Cerredo: El Principado no halla anomal\u00edas en agosto"},"content":{"rendered":"<h2>Inspecci\u00f3n en la Mina de Cerredo por el Principado<\/h2>\n<p>En agosto, autoridades del Principado llevaron a cabo una inspecci\u00f3n en la mina de Cerredo, ubicada en la regi\u00f3n. Durante esta revisi\u00f3n, no se encontraron irregularidades ni elementos que suscitaran preocupaciones. La revisi\u00f3n se realiz\u00f3 como parte de las rutinas de control y seguimiento que la administraci\u00f3n ejecuta regularmente en operaciones industriales y extractivas para asegurar el cumplimiento de las normativas vigentes.<\/p>\n<h3>Detalles de la Inspecci\u00f3n<\/h3>\n<p>La inspecci\u00f3n llevada a cabo no fue un evento aislado, sino una parte de las inspecciones peri\u00f3dicas que realiza el gobierno para monitorear las condiciones de trabajo y seguridad en las instalaciones industriales. Seg\u00fan informes, los inspectores no reportaron &#8220;nada anormal&#8221; durante su visita, indicando que la mina operaba dentro de los par\u00e1metros normales y bajo las regulaciones establecidas.<\/p>\n<p>Esta noticia viene a tranquilizar tanto a trabajadores como a residentes de la zona, quienes a menudo est\u00e1n preocupados por las condiciones de seguridad en las minas. La falta de hallazgos alarmantes sugiere que las operaciones en Cerredo est\u00e1n siendo llevadas a cabo de manera responsable y conforme a la ley.<\/p>\n<h3>Importancia de las Inspecciones<\/h3>\n<p>Las inspecciones como la realizada en la mina de Cerredo son vitales para la prevenci\u00f3n de accidentes y la protecci\u00f3n del medio ambiente. Estos chequeos ayudan a detectar posibles riesgos y a asegurar que las empresas cumplan con las leyes laborales y ambientales. Tambi\u00e9n sirven para verificar que las medidas de seguridad y los equipos de protecci\u00f3n est\u00e9n en lugar y funcionando correctamente.<\/p>\n<p>El hecho de que no se hayan detectado irregularidades en esta ocasi\u00f3n es un indicativo positivo, pero las autoridades mantienen un r\u00e9gimen de inspecciones continuas para garantizar que se mantengan los est\u00e1ndares. La seguridad de los trabajadores y el respeto por el entorno natural son prioridades para el gobierno, y estas inspecciones son un componente crucial para lograr estos objetivos.<\/p>\n<h3>Conclusi\u00f3n<\/h3>\n<p>La inspecci\u00f3n en la mina de Cerredo realizada por el Principado en agosto concluy\u00f3 sin encontrar anomal\u00edas. Este resultado es un testimonio del cumplimiento de la operaci\u00f3n minera con las normativas vigentes. Sin embargo, las autoridades contin\u00faan con su programa de inspecciones regulares para asegurar que todas las operaciones mineras en la regi\u00f3n sigan siendo seguras y responsables.<\/p>\n\n\n<div class=\"kk-star-ratings kksr-auto kksr-align-left kksr-valign-bottom\"\n    data-payload='{&quot;align&quot;:&quot;left&quot;,&quot;id&quot;:&quot;2676&quot;,&quot;slug&quot;:&quot;default&quot;,&quot;valign&quot;:&quot;bottom&quot;,&quot;ignore&quot;:&quot;&quot;,&quot;reference&quot;:&quot;auto&quot;,&quot;class&quot;:&quot;&quot;,&quot;count&quot;:&quot;0&quot;,&quot;legendonly&quot;:&quot;&quot;,&quot;readonly&quot;:&quot;&quot;,&quot;score&quot;:&quot;0&quot;,&quot;starsonly&quot;:&quot;&quot;,&quot;best&quot;:&quot;5&quot;,&quot;gap&quot;:&quot;5&quot;,&quot;greet&quot;:&quot;Valora este post&quot;,&quot;legend&quot;:&quot;0\\\/5 - (0 votes)&quot;,&quot;size&quot;:&quot;22&quot;,&quot;title&quot;:&quot;Inspecci\u00f3n en mina de Cerredo: El Principado no halla anomal\u00edas en agosto&quot;,&quot;width&quot;:&quot;0&quot;,&quot;_legend&quot;:&quot;{score}\\\/{best} - ({count} {votes})&quot;,&quot;font_factor&quot;:&quot;1.25&quot;}'>\n            \n<div class=\"kksr-stars\">\n    \n<div class=\"kksr-stars-inactive\">\n            <div class=\"kksr-star\" data-star=\"1\" style=\"padding-right: 5px\">\n            \n\n<div class=\"kksr-icon\" style=\"width: 22px; height: 22px;\"><\/div>\n        <\/div>\n            <div class=\"kksr-star\" data-star=\"2\" style=\"padding-right: 5px\">\n            \n\n<div class=\"kksr-icon\" style=\"width: 22px; height: 22px;\"><\/div>\n        <\/div>\n            <div class=\"kksr-star\" data-star=\"3\" style=\"padding-right: 5px\">\n            \n\n<div class=\"kksr-icon\" style=\"width: 22px; height: 22px;\"><\/div>\n        <\/div>\n            <div class=\"kksr-star\" data-star=\"4\" style=\"padding-right: 5px\">\n            \n\n<div class=\"kksr-icon\" style=\"width: 22px; height: 22px;\"><\/div>\n        <\/div>\n            <div class=\"kksr-star\" data-star=\"5\" style=\"padding-right: 5px\">\n            \n\n<div class=\"kksr-icon\" style=\"width: 22px; height: 22px;\"><\/div>\n        <\/div>\n    <\/div>\n    \n<div class=\"kksr-stars-active\" style=\"width: 0px;\">\n            <div class=\"kksr-star\" style=\"padding-right: 5px\">\n            \n\n<div class=\"kksr-icon\" style=\"width: 22px; height: 22px;\"><\/div>\n        <\/div>\n            <div class=\"kksr-star\" style=\"padding-right: 5px\">\n            \n\n<div class=\"kksr-icon\" style=\"width: 22px; height: 22px;\"><\/div>\n        <\/div>\n            <div class=\"kksr-star\" style=\"padding-right: 5px\">\n            \n\n<div class=\"kksr-icon\" style=\"width: 22px; height: 22px;\"><\/div>\n        <\/div>\n            <div class=\"kksr-star\" style=\"padding-right: 5px\">\n            \n\n<div class=\"kksr-icon\" style=\"width: 22px; height: 22px;\"><\/div>\n        <\/div>\n            <div class=\"kksr-star\" style=\"padding-right: 5px\">\n            \n\n<div class=\"kksr-icon\" style=\"width: 22px; height: 22px;\"><\/div>\n        <\/div>\n    <\/div>\n<\/div>\n                \n\n<div class=\"kksr-legend\" style=\"font-size: 17.6px;\">\n            <span class=\"kksr-muted\">Valora este post<\/span>\n    <\/div>\n    <\/div>\n","protected":false},"excerpt":{"rendered":"<p>Inspecci\u00f3n en la Mina de Cerredo por el Principado En agosto, autoridades del Principado llevaron a cabo una inspecci\u00f3n en la mina de Cerredo, ubicada en &#8230; <a title=\"Inspecci\u00f3n en mina de Cerredo: El Principado no halla anomal\u00edas en agosto\" class=\"read-more\" href=\"https:\/\/www.diario21.tv\/noticias\/inspeccion-en-mina-de-cerredo-el-principado-no-halla-anomalias-en-agosto\/\" aria-label=\"Leer m\u00e1s sobre Inspecci\u00f3n en mina de Cerredo: El Principado no halla anomal\u00edas en agosto\">Seguir leyendo &rarr;<\/a><\/p>\n","protected":false},"author":20,"featured_media":2677,"comment_status":"open","ping_status":"open","sticky":false,"template":"","format":"standard","meta":{"footnotes":""},"categories":[13],"tags":[],"class_list":["post-2676","post","type-post","status-publish","format-standard","has-post-thumbnail","hentry","category-portada"],"yoast_head":"<!-- This site is optimized with the Yoast SEO plugin v25.6 - https:\/\/yoast.com\/wordpress\/plugins\/seo\/ -->\n<title>Inspecci\u00f3n en mina de Cerredo: El Principado no halla anomal\u00edas en agosto - Diario 21<\/title>\n<meta name=\"robots\" content=\"index, follow, max-snippet:-1, max-image-preview:large, max-video-preview:-1\" \/>\n<link rel=\"canonical\" href=\"https:\/\/www.diario21.tv\/noticias\/inspeccion-en-mina-de-cerredo-el-principado-no-halla-anomalias-en-agosto\/\" \/>\n<meta property=\"og:locale\" content=\"es_ES\" \/>\n<meta property=\"og:type\" content=\"article\" \/>\n<meta property=\"og:title\" content=\"Inspecci\u00f3n en mina de Cerredo: El Principado no halla anomal\u00edas en agosto - Diario 21\" \/>\n<meta property=\"og:description\" content=\"Inspecci\u00f3n en la Mina de Cerredo por el Principado En agosto, autoridades del Principado llevaron a cabo una inspecci\u00f3n en la mina de Cerredo, ubicada en ... Seguir leyendo &rarr;\" \/>\n<meta property=\"og:url\" content=\"https:\/\/www.diario21.tv\/noticias\/inspeccion-en-mina-de-cerredo-el-principado-no-halla-anomalias-en-agosto\/\" \/>\n<meta property=\"og:site_name\" content=\"Diario 21\" \/>\n<meta property=\"article:published_time\" content=\"2025-04-03T17:56:57+00:00\" \/>\n<meta property=\"article:modified_time\" content=\"2025-04-03T17:56:59+00:00\" \/>\n<meta property=\"og:image\" content=\"https:\/\/www.diario21.tv\/noticias\/wp-content\/uploads\/2025\/04\/Inspeccion-en-mina-de-Cerredo-El-Principado-no-halla-anomalias.png\" \/>\n\t<meta property=\"og:image:width\" content=\"1200\" \/>\n\t<meta property=\"og:image:height\" content=\"840\" \/>\n\t<meta property=\"og:image:type\" content=\"image\/png\" \/>\n<meta name=\"author\" content=\"Juan P\u00e9rez\" \/>\n<meta name=\"twitter:card\" content=\"summary_large_image\" \/>\n<meta name=\"twitter:label1\" content=\"Escrito por\" \/>\n\t<meta name=\"twitter:data1\" content=\"Juan P\u00e9rez\" \/>\n\t<meta name=\"twitter:label2\" content=\"Tiempo de lectura\" \/>\n\t<meta name=\"twitter:data2\" content=\"2 minutos\" \/>\n<script type=\"application\/ld+json\" class=\"yoast-schema-graph\">{\"@context\":\"https:\/\/schema.org\",\"@graph\":[{\"@type\":\"WebPage\",\"@id\":\"https:\/\/www.diario21.tv\/noticias\/inspeccion-en-mina-de-cerredo-el-principado-no-halla-anomalias-en-agosto\/\",\"url\":\"https:\/\/www.diario21.tv\/noticias\/inspeccion-en-mina-de-cerredo-el-principado-no-halla-anomalias-en-agosto\/\",\"name\":\"Inspecci\u00f3n en mina de Cerredo: El Principado no halla anomal\u00edas en agosto - Diario 21\",\"isPartOf\":{\"@id\":\"https:\/\/www.diario21.tv\/noticias\/#website\"},\"primaryImageOfPage\":{\"@id\":\"https:\/\/www.diario21.tv\/noticias\/inspeccion-en-mina-de-cerredo-el-principado-no-halla-anomalias-en-agosto\/#primaryimage\"},\"image\":{\"@id\":\"https:\/\/www.diario21.tv\/noticias\/inspeccion-en-mina-de-cerredo-el-principado-no-halla-anomalias-en-agosto\/#primaryimage\"},\"thumbnailUrl\":\"https:\/\/www.diario21.tv\/noticias\/wp-content\/uploads\/2025\/04\/Inspeccion-en-mina-de-Cerredo-El-Principado-no-halla-anomalias.png\",\"datePublished\":\"2025-04-03T17:56:57+00:00\",\"dateModified\":\"2025-04-03T17:56:59+00:00\",\"author\":{\"@id\":\"https:\/\/www.diario21.tv\/noticias\/#\/schema\/person\/dfb778f73814d8f09f302618446a526b\"},\"breadcrumb\":{\"@id\":\"https:\/\/www.diario21.tv\/noticias\/inspeccion-en-mina-de-cerredo-el-principado-no-halla-anomalias-en-agosto\/#breadcrumb\"},\"inLanguage\":\"es-AR\",\"potentialAction\":[{\"@type\":\"ReadAction\",\"target\":[\"https:\/\/www.diario21.tv\/noticias\/inspeccion-en-mina-de-cerredo-el-principado-no-halla-anomalias-en-agosto\/\"]}]},{\"@type\":\"ImageObject\",\"inLanguage\":\"es-AR\",\"@id\":\"https:\/\/www.diario21.tv\/noticias\/inspeccion-en-mina-de-cerredo-el-principado-no-halla-anomalias-en-agosto\/#primaryimage\",\"url\":\"https:\/\/www.diario21.tv\/noticias\/wp-content\/uploads\/2025\/04\/Inspeccion-en-mina-de-Cerredo-El-Principado-no-halla-anomalias.png\",\"contentUrl\":\"https:\/\/www.diario21.tv\/noticias\/wp-content\/uploads\/2025\/04\/Inspeccion-en-mina-de-Cerredo-El-Principado-no-halla-anomalias.png\",\"width\":1200,\"height\":840,\"caption\":\"El Principado inspeccion\u00f3 la mina de Cerredo en agosto y no detect\u00f3 \u00abnada anormal\u00bb\"},{\"@type\":\"BreadcrumbList\",\"@id\":\"https:\/\/www.diario21.tv\/noticias\/inspeccion-en-mina-de-cerredo-el-principado-no-halla-anomalias-en-agosto\/#breadcrumb\",\"itemListElement\":[{\"@type\":\"ListItem\",\"position\":1,\"name\":\"Accueil\",\"item\":\"https:\/\/www.diario21.tv\/noticias\/\"},{\"@type\":\"ListItem\",\"position\":2,\"name\":\"Inspecci\u00f3n en mina de Cerredo: El Principado no halla anomal\u00edas en agosto\"}]},{\"@type\":\"WebSite\",\"@id\":\"https:\/\/www.diario21.tv\/noticias\/#website\",\"url\":\"https:\/\/www.diario21.tv\/noticias\/\",\"name\":\"Diario 21\",\"description\":\"\",\"potentialAction\":[{\"@type\":\"SearchAction\",\"target\":{\"@type\":\"EntryPoint\",\"urlTemplate\":\"https:\/\/www.diario21.tv\/noticias\/?s={search_term_string}\"},\"query-input\":{\"@type\":\"PropertyValueSpecification\",\"valueRequired\":true,\"valueName\":\"search_term_string\"}}],\"inLanguage\":\"es-AR\"},{\"@type\":\"Person\",\"@id\":\"https:\/\/www.diario21.tv\/noticias\/#\/schema\/person\/dfb778f73814d8f09f302618446a526b\",\"name\":\"Juan P\u00e9rez\",\"image\":{\"@type\":\"ImageObject\",\"inLanguage\":\"es-AR\",\"@id\":\"https:\/\/www.diario21.tv\/noticias\/#\/schema\/person\/image\/\",\"url\":\"https:\/\/secure.gravatar.com\/avatar\/c478a405bd10621167f4c3167cc770f5?s=96&d=mm&r=g\",\"contentUrl\":\"https:\/\/secure.gravatar.com\/avatar\/c478a405bd10621167f4c3167cc770f5?s=96&d=mm&r=g\",\"caption\":\"Juan P\u00e9rez\"},\"description\":\"Juan P\u00e9rez es el redactor en jefe de Diario 21. Con m\u00e1s de 10 a\u00f1os de experiencia en el periodismo, se especializa en pol\u00edtica nacional y an\u00e1lisis socioecon\u00f3mico. Su enfoque cr\u00edtico y riguroso aporta una perspectiva \u00fanica a cada art\u00edculo.\",\"sameAs\":[\"https:\/\/www.diario21.tv\/noticias\/\"],\"url\":\"https:\/\/www.diario21.tv\/noticias\/author\/juan-perez\/\"}]}<\/script>\n<!-- \/ Yoast SEO plugin. -->","yoast_head_json":{"title":"Inspecci\u00f3n en mina de Cerredo: El Principado no halla anomal\u00edas en agosto - Diario 21","robots":{"index":"index","follow":"follow","max-snippet":"max-snippet:-1","max-image-preview":"max-image-preview:large","max-video-preview":"max-video-preview:-1"},"canonical":"https:\/\/www.diario21.tv\/noticias\/inspeccion-en-mina-de-cerredo-el-principado-no-halla-anomalias-en-agosto\/","og_locale":"es_ES","og_type":"article","og_title":"Inspecci\u00f3n en mina de Cerredo: El Principado no halla anomal\u00edas en agosto - Diario 21","og_description":"Inspecci\u00f3n en la Mina de Cerredo por el Principado En agosto, autoridades del Principado llevaron a cabo una inspecci\u00f3n en la mina de Cerredo, ubicada en ... Seguir leyendo &rarr;","og_url":"https:\/\/www.diario21.tv\/noticias\/inspeccion-en-mina-de-cerredo-el-principado-no-halla-anomalias-en-agosto\/","og_site_name":"Diario 21","article_published_time":"2025-04-03T17:56:57+00:00","article_modified_time":"2025-04-03T17:56:59+00:00","og_image":[{"width":1200,"height":840,"url":"https:\/\/www.diario21.tv\/noticias\/wp-content\/uploads\/2025\/04\/Inspeccion-en-mina-de-Cerredo-El-Principado-no-halla-anomalias.png","type":"image\/png"}],"author":"Juan P\u00e9rez","twitter_card":"summary_large_image","twitter_misc":{"Escrito por":"Juan P\u00e9rez","Tiempo de lectura":"2 minutos"},"schema":{"@context":"https:\/\/schema.org","@graph":[{"@type":"WebPage","@id":"https:\/\/www.diario21.tv\/noticias\/inspeccion-en-mina-de-cerredo-el-principado-no-halla-anomalias-en-agosto\/","url":"https:\/\/www.diario21.tv\/noticias\/inspeccion-en-mina-de-cerredo-el-principado-no-halla-anomalias-en-agosto\/","name":"Inspecci\u00f3n en mina de Cerredo: El Principado no halla anomal\u00edas en agosto - Diario 21","isPartOf":{"@id":"https:\/\/www.diario21.tv\/noticias\/#website"},"primaryImageOfPage":{"@id":"https:\/\/www.diario21.tv\/noticias\/inspeccion-en-mina-de-cerredo-el-principado-no-halla-anomalias-en-agosto\/#primaryimage"},"image":{"@id":"https:\/\/www.diario21.tv\/noticias\/inspeccion-en-mina-de-cerredo-el-principado-no-halla-anomalias-en-agosto\/#primaryimage"},"thumbnailUrl":"https:\/\/www.diario21.tv\/noticias\/wp-content\/uploads\/2025\/04\/Inspeccion-en-mina-de-Cerredo-El-Principado-no-halla-anomalias.png","datePublished":"2025-04-03T17:56:57+00:00","dateModified":"2025-04-03T17:56:59+00:00","author":{"@id":"https:\/\/www.diario21.tv\/noticias\/#\/schema\/person\/dfb778f73814d8f09f302618446a526b"},"breadcrumb":{"@id":"https:\/\/www.diario21.tv\/noticias\/inspeccion-en-mina-de-cerredo-el-principado-no-halla-anomalias-en-agosto\/#breadcrumb"},"inLanguage":"es-AR","potentialAction":[{"@type":"ReadAction","target":["https:\/\/www.diario21.tv\/noticias\/inspeccion-en-mina-de-cerredo-el-principado-no-halla-anomalias-en-agosto\/"]}]},{"@type":"ImageObject","inLanguage":"es-AR","@id":"https:\/\/www.diario21.tv\/noticias\/inspeccion-en-mina-de-cerredo-el-principado-no-halla-anomalias-en-agosto\/#primaryimage","url":"https:\/\/www.diario21.tv\/noticias\/wp-content\/uploads\/2025\/04\/Inspeccion-en-mina-de-Cerredo-El-Principado-no-halla-anomalias.png","contentUrl":"https:\/\/www.diario21.tv\/noticias\/wp-content\/uploads\/2025\/04\/Inspeccion-en-mina-de-Cerredo-El-Principado-no-halla-anomalias.png","width":1200,"height":840,"caption":"El Principado inspeccion\u00f3 la mina de Cerredo en agosto y no detect\u00f3 \u00abnada anormal\u00bb"},{"@type":"BreadcrumbList","@id":"https:\/\/www.diario21.tv\/noticias\/inspeccion-en-mina-de-cerredo-el-principado-no-halla-anomalias-en-agosto\/#breadcrumb","itemListElement":[{"@type":"ListItem","position":1,"name":"Accueil","item":"https:\/\/www.diario21.tv\/noticias\/"},{"@type":"ListItem","position":2,"name":"Inspecci\u00f3n en mina de Cerredo: El Principado no halla anomal\u00edas en agosto"}]},{"@type":"WebSite","@id":"https:\/\/www.diario21.tv\/noticias\/#website","url":"https:\/\/www.diario21.tv\/noticias\/","name":"Diario 21","description":"","potentialAction":[{"@type":"SearchAction","target":{"@type":"EntryPoint","urlTemplate":"https:\/\/www.diario21.tv\/noticias\/?s={search_term_string}"},"query-input":{"@type":"PropertyValueSpecification","valueRequired":true,"valueName":"search_term_string"}}],"inLanguage":"es-AR"},{"@type":"Person","@id":"https:\/\/www.diario21.tv\/noticias\/#\/schema\/person\/dfb778f73814d8f09f302618446a526b","name":"Juan P\u00e9rez","image":{"@type":"ImageObject","inLanguage":"es-AR","@id":"https:\/\/www.diario21.tv\/noticias\/#\/schema\/person\/image\/","url":"https:\/\/secure.gravatar.com\/avatar\/c478a405bd10621167f4c3167cc770f5?s=96&d=mm&r=g","contentUrl":"https:\/\/secure.gravatar.com\/avatar\/c478a405bd10621167f4c3167cc770f5?s=96&d=mm&r=g","caption":"Juan P\u00e9rez"},"description":"Juan P\u00e9rez es el redactor en jefe de Diario 21. Con m\u00e1s de 10 a\u00f1os de experiencia en el periodismo, se especializa en pol\u00edtica nacional y an\u00e1lisis socioecon\u00f3mico. Su enfoque cr\u00edtico y riguroso aporta una perspectiva \u00fanica a cada art\u00edculo.","sameAs":["https:\/\/www.diario21.tv\/noticias\/"],"url":"https:\/\/www.diario21.tv\/noticias\/author\/juan-perez\/"}]}},"_links":{"self":[{"href":"https:\/\/www.diario21.tv\/noticias\/wp-json\/wp\/v2\/posts\/2676"}],"collection":[{"href":"https:\/\/www.diario21.tv\/noticias\/wp-json\/wp\/v2\/posts"}],"about":[{"href":"https:\/\/www.diario21.tv\/noticias\/wp-json\/wp\/v2\/types\/post"}],"author":[{"embeddable":true,"href":"https:\/\/www.diario21.tv\/noticias\/wp-json\/wp\/v2\/users\/20"}],"replies":[{"embeddable":true,"href":"https:\/\/www.diario21.tv\/noticias\/wp-json\/wp\/v2\/comments?post=2676"}],"version-history":[{"count":1,"href":"https:\/\/www.diario21.tv\/noticias\/wp-json\/wp\/v2\/posts\/2676\/revisions"}],"predecessor-version":[{"id":2678,"href":"https:\/\/www.diario21.tv\/noticias\/wp-json\/wp\/v2\/posts\/2676\/revisions\/2678"}],"wp:featuredmedia":[{"embeddable":true,"href":"https:\/\/www.diario21.tv\/noticias\/wp-json\/wp\/v2\/media\/2677"}],"wp:attachment":[{"href":"https:\/\/www.diario21.tv\/noticias\/wp-json\/wp\/v2\/media?parent=2676"}],"wp:term":[{"taxonomy":"category","embeddable":true,"href":"https:\/\/www.diario21.tv\/noticias\/wp-json\/wp\/v2\/categories?post=2676"},{"taxonomy":"post_tag","embeddable":true,"href":"https:\/\/www.diario21.tv\/noticias\/wp-json\/wp\/v2\/tags?post=2676"}],"curies":[{"name":"wp","href":"https:\/\/api.w.org\/{rel}","templated":true}]}}