{"id":2673,"date":"2025-04-03T11:50:39","date_gmt":"2025-04-03T11:50:39","guid":{"rendered":"https:\/\/www.diario21.tv\/noticias\/increible-segunda-oportunidad-para-fatima-ofkir-tras-ser-liberada-en-oman\/"},"modified":"2025-04-03T11:50:40","modified_gmt":"2025-04-03T11:50:40","slug":"increible-segunda-oportunidad-para-fatima-ofkir-tras-ser-liberada-en-oman","status":"publish","type":"post","link":"https:\/\/www.diario21.tv\/noticias\/increible-segunda-oportunidad-para-fatima-ofkir-tras-ser-liberada-en-oman\/","title":{"rendered":"\u00a1Incre\u00edble segunda oportunidad para F\u00e0tima Ofkir tras ser liberada en Om\u00e1n!"},"content":{"rendered":"<h2>F\u00e1tima Ofkir, La Joven Rescatada en Om\u00e1n, Cree Haber Recibido una &#8220;Segunda Oportunidad&#8221; en la Vida<\/h2>\n<p>F\u00e1tima Ofkir, una joven cuya liberaci\u00f3n reciente en Om\u00e1n ha captado la atenci\u00f3n de medios internacionales, ha expresado su gratitud y alivio, describiendo su experiencia como una &#8220;segunda oportunidad&#8221; en la vida. <\/p>\n<h3>El Rescate de F\u00e1tima<\/h3>\n<p>Despu\u00e9s de un per\u00edodo de angustia y desesperaci\u00f3n, F\u00e1tima finalmente puede respirar tranquila. Su liberaci\u00f3n fue el resultado de un esfuerzo coordinado que involucr\u00f3 m\u00faltiples agencias y negociaciones diplom\u00e1ticas. Aunque los detalles espec\u00edficos de su captura y posterior liberaci\u00f3n no han sido completamente divulgados por razones de seguridad y privacidad, es evidente que el proceso fue complejo y delicado.<\/p>\n<h3>La Vida Despu\u00e9s del Rescate<\/h3>\n<p>Al volver a la normalidad, F\u00e1tima se muestra reflexiva y enormemente agradecida. &#8220;Siento como si hubiera recibido una nueva vida. Todo lo que deseo ahora es aprovechar cada momento y hacer algo positivo con esta oportunidad&#8221;, mencion\u00f3 en una reciente entrevista. Esta experiencia traum\u00e1tica ha cambiado su perspectiva sobre la vida y lo que considera importante.<\/p>\n<p>F\u00e1tima ahora planea dedicarse a ayudar a otros que han pasado por situaciones similares. Su objetivo es trabajar con organizaciones humanitarias y grupos de apoyo para compartir su experiencia y ofrecer esperanza a otros. Adem\u00e1s, est\u00e1 considerando escribir un libro sobre su experiencia, con la esperanza de que su historia pueda inspirar y educar a otros sobre la importancia de la seguridad y la resiliencia personal.<\/p>\n<h3>El Apoyo de la Comunidad y el Futuro<\/h3>\n<p>La comunidad ha jugado un papel crucial en el proceso de recuperaci\u00f3n de F\u00e1tima. Desde su regreso, ha recibido un apoyo abrumador, no solo de su familia y amigos sino tambi\u00e9n de desconocidos que han seguido su historia. Este apoyo ha sido un b\u00e1lsamo para ella en momentos de dificultad y le ha demostrado la bondad y la solidaridad que puede surgir en tiempos de crisis.<\/p>\n<p>Mirando hacia el futuro, F\u00e1tima est\u00e1 determinada a vivir su vida al m\u00e1ximo y a contribuir positivamente a la sociedad. Si bien el camino hacia la recuperaci\u00f3n completa puede ser largo y lleno de desaf\u00edos, su esp\u00edritu indomable y su nueva perspectiva le proporcionan una base s\u00f3lida para enfrentar lo que venga.<\/p>\n<p>En resumen, la historia de F\u00e1tima Ofkir es una de valent\u00eda, resiliencia y transformaci\u00f3n. Su experiencia le ha otorgado una segunda oportunidad en la vida, y ella est\u00e1 decidida a hacer que cada momento cuente, no solo para ella sino tambi\u00e9n para aquellos alrededor de ella.<\/p>\n\n\n<div class=\"kk-star-ratings kksr-auto kksr-align-left kksr-valign-bottom\"\n    data-payload='{&quot;align&quot;:&quot;left&quot;,&quot;id&quot;:&quot;2673&quot;,&quot;slug&quot;:&quot;default&quot;,&quot;valign&quot;:&quot;bottom&quot;,&quot;ignore&quot;:&quot;&quot;,&quot;reference&quot;:&quot;auto&quot;,&quot;class&quot;:&quot;&quot;,&quot;count&quot;:&quot;0&quot;,&quot;legendonly&quot;:&quot;&quot;,&quot;readonly&quot;:&quot;&quot;,&quot;score&quot;:&quot;0&quot;,&quot;starsonly&quot;:&quot;&quot;,&quot;best&quot;:&quot;5&quot;,&quot;gap&quot;:&quot;5&quot;,&quot;greet&quot;:&quot;Valora este post&quot;,&quot;legend&quot;:&quot;0\\\/5 - (0 votes)&quot;,&quot;size&quot;:&quot;22&quot;,&quot;title&quot;:&quot;\u00a1Incre\u00edble segunda oportunidad para F\u00e0tima Ofkir tras ser liberada en Om\u00e1n!&quot;,&quot;width&quot;:&quot;0&quot;,&quot;_legend&quot;:&quot;{score}\\\/{best} - ({count} {votes})&quot;,&quot;font_factor&quot;:&quot;1.25&quot;}'>\n            \n<div class=\"kksr-stars\">\n    \n<div class=\"kksr-stars-inactive\">\n            <div class=\"kksr-star\" data-star=\"1\" style=\"padding-right: 5px\">\n            \n\n<div class=\"kksr-icon\" style=\"width: 22px; height: 22px;\"><\/div>\n        <\/div>\n            <div class=\"kksr-star\" data-star=\"2\" style=\"padding-right: 5px\">\n            \n\n<div class=\"kksr-icon\" style=\"width: 22px; height: 22px;\"><\/div>\n        <\/div>\n            <div class=\"kksr-star\" data-star=\"3\" style=\"padding-right: 5px\">\n            \n\n<div class=\"kksr-icon\" style=\"width: 22px; height: 22px;\"><\/div>\n        <\/div>\n            <div class=\"kksr-star\" data-star=\"4\" style=\"padding-right: 5px\">\n            \n\n<div class=\"kksr-icon\" style=\"width: 22px; height: 22px;\"><\/div>\n        <\/div>\n            <div class=\"kksr-star\" data-star=\"5\" style=\"padding-right: 5px\">\n            \n\n<div class=\"kksr-icon\" style=\"width: 22px; height: 22px;\"><\/div>\n        <\/div>\n    <\/div>\n    \n<div class=\"kksr-stars-active\" style=\"width: 0px;\">\n            <div class=\"kksr-star\" style=\"padding-right: 5px\">\n            \n\n<div class=\"kksr-icon\" style=\"width: 22px; height: 22px;\"><\/div>\n        <\/div>\n            <div class=\"kksr-star\" style=\"padding-right: 5px\">\n            \n\n<div class=\"kksr-icon\" style=\"width: 22px; height: 22px;\"><\/div>\n        <\/div>\n            <div class=\"kksr-star\" style=\"padding-right: 5px\">\n            \n\n<div class=\"kksr-icon\" style=\"width: 22px; height: 22px;\"><\/div>\n        <\/div>\n            <div class=\"kksr-star\" style=\"padding-right: 5px\">\n            \n\n<div class=\"kksr-icon\" style=\"width: 22px; height: 22px;\"><\/div>\n        <\/div>\n            <div class=\"kksr-star\" style=\"padding-right: 5px\">\n            \n\n<div class=\"kksr-icon\" style=\"width: 22px; height: 22px;\"><\/div>\n        <\/div>\n    <\/div>\n<\/div>\n                \n\n<div class=\"kksr-legend\" style=\"font-size: 17.6px;\">\n            <span class=\"kksr-muted\">Valora este post<\/span>\n    <\/div>\n    <\/div>\n","protected":false},"excerpt":{"rendered":"<p>F\u00e1tima Ofkir, La Joven Rescatada en Om\u00e1n, Cree Haber Recibido una &#8220;Segunda Oportunidad&#8221; en la Vida F\u00e1tima Ofkir, una joven cuya liberaci\u00f3n reciente en Om\u00e1n ha &#8230; <a title=\"\u00a1Incre\u00edble segunda oportunidad para F\u00e0tima Ofkir tras ser liberada en Om\u00e1n!\" class=\"read-more\" href=\"https:\/\/www.diario21.tv\/noticias\/increible-segunda-oportunidad-para-fatima-ofkir-tras-ser-liberada-en-oman\/\" aria-label=\"Leer m\u00e1s sobre \u00a1Incre\u00edble segunda oportunidad para F\u00e0tima Ofkir tras ser liberada en Om\u00e1n!\">Seguir leyendo &rarr;<\/a><\/p>\n","protected":false},"author":20,"featured_media":2674,"comment_status":"open","ping_status":"open","sticky":false,"template":"","format":"standard","meta":{"footnotes":""},"categories":[13],"tags":[],"class_list":["post-2673","post","type-post","status-publish","format-standard","has-post-thumbnail","hentry","category-portada"],"yoast_head":"<!-- This site is optimized with the Yoast SEO plugin v25.6 - https:\/\/yoast.com\/wordpress\/plugins\/seo\/ -->\n<title>\u00a1Incre\u00edble segunda oportunidad para F\u00e0tima Ofkir tras ser liberada en Om\u00e1n! - Diario 21<\/title>\n<meta name=\"robots\" content=\"index, follow, max-snippet:-1, max-image-preview:large, max-video-preview:-1\" \/>\n<link rel=\"canonical\" href=\"https:\/\/www.diario21.tv\/noticias\/increible-segunda-oportunidad-para-fatima-ofkir-tras-ser-liberada-en-oman\/\" \/>\n<meta property=\"og:locale\" content=\"es_ES\" \/>\n<meta property=\"og:type\" content=\"article\" \/>\n<meta property=\"og:title\" content=\"\u00a1Incre\u00edble segunda oportunidad para F\u00e0tima Ofkir tras ser liberada en Om\u00e1n! - Diario 21\" \/>\n<meta property=\"og:description\" content=\"F\u00e1tima Ofkir, La Joven Rescatada en Om\u00e1n, Cree Haber Recibido una &#8220;Segunda Oportunidad&#8221; en la Vida F\u00e1tima Ofkir, una joven cuya liberaci\u00f3n reciente en Om\u00e1n ha ... Seguir leyendo &rarr;\" \/>\n<meta property=\"og:url\" content=\"https:\/\/www.diario21.tv\/noticias\/increible-segunda-oportunidad-para-fatima-ofkir-tras-ser-liberada-en-oman\/\" \/>\n<meta property=\"og:site_name\" content=\"Diario 21\" \/>\n<meta property=\"article:published_time\" content=\"2025-04-03T11:50:39+00:00\" \/>\n<meta property=\"article:modified_time\" content=\"2025-04-03T11:50:40+00:00\" \/>\n<meta property=\"og:image\" content=\"https:\/\/www.diario21.tv\/noticias\/wp-content\/uploads\/2025\/04\/\u00a1Increible-segunda-oportunidad-para-Fatima-Ofkir-tras-ser-liberada-en.jpg\" \/>\n\t<meta property=\"og:image:width\" content=\"1913\" \/>\n\t<meta property=\"og:image:height\" content=\"1080\" \/>\n\t<meta property=\"og:image:type\" content=\"image\/jpeg\" \/>\n<meta name=\"author\" content=\"Juan P\u00e9rez\" \/>\n<meta name=\"twitter:card\" content=\"summary_large_image\" \/>\n<meta name=\"twitter:label1\" content=\"Escrito por\" \/>\n\t<meta name=\"twitter:data1\" content=\"Juan P\u00e9rez\" \/>\n\t<meta name=\"twitter:label2\" content=\"Tiempo de lectura\" \/>\n\t<meta name=\"twitter:data2\" content=\"2 minutos\" \/>\n<script type=\"application\/ld+json\" class=\"yoast-schema-graph\">{\"@context\":\"https:\/\/schema.org\",\"@graph\":[{\"@type\":\"WebPage\",\"@id\":\"https:\/\/www.diario21.tv\/noticias\/increible-segunda-oportunidad-para-fatima-ofkir-tras-ser-liberada-en-oman\/\",\"url\":\"https:\/\/www.diario21.tv\/noticias\/increible-segunda-oportunidad-para-fatima-ofkir-tras-ser-liberada-en-oman\/\",\"name\":\"\u00a1Incre\u00edble segunda oportunidad para F\u00e0tima Ofkir tras ser liberada en Om\u00e1n! - Diario 21\",\"isPartOf\":{\"@id\":\"https:\/\/www.diario21.tv\/noticias\/#website\"},\"primaryImageOfPage\":{\"@id\":\"https:\/\/www.diario21.tv\/noticias\/increible-segunda-oportunidad-para-fatima-ofkir-tras-ser-liberada-en-oman\/#primaryimage\"},\"image\":{\"@id\":\"https:\/\/www.diario21.tv\/noticias\/increible-segunda-oportunidad-para-fatima-ofkir-tras-ser-liberada-en-oman\/#primaryimage\"},\"thumbnailUrl\":\"https:\/\/www.diario21.tv\/noticias\/wp-content\/uploads\/2025\/04\/\u00a1Increible-segunda-oportunidad-para-Fatima-Ofkir-tras-ser-liberada-en.jpg\",\"datePublished\":\"2025-04-03T11:50:39+00:00\",\"dateModified\":\"2025-04-03T11:50:40+00:00\",\"author\":{\"@id\":\"https:\/\/www.diario21.tv\/noticias\/#\/schema\/person\/dfb778f73814d8f09f302618446a526b\"},\"breadcrumb\":{\"@id\":\"https:\/\/www.diario21.tv\/noticias\/increible-segunda-oportunidad-para-fatima-ofkir-tras-ser-liberada-en-oman\/#breadcrumb\"},\"inLanguage\":\"es-AR\",\"potentialAction\":[{\"@type\":\"ReadAction\",\"target\":[\"https:\/\/www.diario21.tv\/noticias\/increible-segunda-oportunidad-para-fatima-ofkir-tras-ser-liberada-en-oman\/\"]}]},{\"@type\":\"ImageObject\",\"inLanguage\":\"es-AR\",\"@id\":\"https:\/\/www.diario21.tv\/noticias\/increible-segunda-oportunidad-para-fatima-ofkir-tras-ser-liberada-en-oman\/#primaryimage\",\"url\":\"https:\/\/www.diario21.tv\/noticias\/wp-content\/uploads\/2025\/04\/\u00a1Increible-segunda-oportunidad-para-Fatima-Ofkir-tras-ser-liberada-en.jpg\",\"contentUrl\":\"https:\/\/www.diario21.tv\/noticias\/wp-content\/uploads\/2025\/04\/\u00a1Increible-segunda-oportunidad-para-Fatima-Ofkir-tras-ser-liberada-en.jpg\",\"width\":1913,\"height\":1080,\"caption\":\"F\u00e0tima Ofkir, la joven liberada en Om\u00e1n, siente que la vida le ha brindado una \u00absegunda oportunidad\u00bb\"},{\"@type\":\"BreadcrumbList\",\"@id\":\"https:\/\/www.diario21.tv\/noticias\/increible-segunda-oportunidad-para-fatima-ofkir-tras-ser-liberada-en-oman\/#breadcrumb\",\"itemListElement\":[{\"@type\":\"ListItem\",\"position\":1,\"name\":\"Accueil\",\"item\":\"https:\/\/www.diario21.tv\/noticias\/\"},{\"@type\":\"ListItem\",\"position\":2,\"name\":\"\u00a1Incre\u00edble segunda oportunidad para F\u00e0tima Ofkir tras ser liberada en Om\u00e1n!\"}]},{\"@type\":\"WebSite\",\"@id\":\"https:\/\/www.diario21.tv\/noticias\/#website\",\"url\":\"https:\/\/www.diario21.tv\/noticias\/\",\"name\":\"Diario 21\",\"description\":\"\",\"potentialAction\":[{\"@type\":\"SearchAction\",\"target\":{\"@type\":\"EntryPoint\",\"urlTemplate\":\"https:\/\/www.diario21.tv\/noticias\/?s={search_term_string}\"},\"query-input\":{\"@type\":\"PropertyValueSpecification\",\"valueRequired\":true,\"valueName\":\"search_term_string\"}}],\"inLanguage\":\"es-AR\"},{\"@type\":\"Person\",\"@id\":\"https:\/\/www.diario21.tv\/noticias\/#\/schema\/person\/dfb778f73814d8f09f302618446a526b\",\"name\":\"Juan P\u00e9rez\",\"image\":{\"@type\":\"ImageObject\",\"inLanguage\":\"es-AR\",\"@id\":\"https:\/\/www.diario21.tv\/noticias\/#\/schema\/person\/image\/\",\"url\":\"https:\/\/secure.gravatar.com\/avatar\/c478a405bd10621167f4c3167cc770f5?s=96&d=mm&r=g\",\"contentUrl\":\"https:\/\/secure.gravatar.com\/avatar\/c478a405bd10621167f4c3167cc770f5?s=96&d=mm&r=g\",\"caption\":\"Juan P\u00e9rez\"},\"description\":\"Juan P\u00e9rez es el redactor en jefe de Diario 21. Con m\u00e1s de 10 a\u00f1os de experiencia en el periodismo, se especializa en pol\u00edtica nacional y an\u00e1lisis socioecon\u00f3mico. Su enfoque cr\u00edtico y riguroso aporta una perspectiva \u00fanica a cada art\u00edculo.\",\"sameAs\":[\"https:\/\/www.diario21.tv\/noticias\/\"],\"url\":\"https:\/\/www.diario21.tv\/noticias\/author\/juan-perez\/\"}]}<\/script>\n<!-- \/ Yoast SEO plugin. -->","yoast_head_json":{"title":"\u00a1Incre\u00edble segunda oportunidad para F\u00e0tima Ofkir tras ser liberada en Om\u00e1n! - Diario 21","robots":{"index":"index","follow":"follow","max-snippet":"max-snippet:-1","max-image-preview":"max-image-preview:large","max-video-preview":"max-video-preview:-1"},"canonical":"https:\/\/www.diario21.tv\/noticias\/increible-segunda-oportunidad-para-fatima-ofkir-tras-ser-liberada-en-oman\/","og_locale":"es_ES","og_type":"article","og_title":"\u00a1Incre\u00edble segunda oportunidad para F\u00e0tima Ofkir tras ser liberada en Om\u00e1n! - Diario 21","og_description":"F\u00e1tima Ofkir, La Joven Rescatada en Om\u00e1n, Cree Haber Recibido una &#8220;Segunda Oportunidad&#8221; en la Vida F\u00e1tima Ofkir, una joven cuya liberaci\u00f3n reciente en Om\u00e1n ha ... Seguir leyendo &rarr;","og_url":"https:\/\/www.diario21.tv\/noticias\/increible-segunda-oportunidad-para-fatima-ofkir-tras-ser-liberada-en-oman\/","og_site_name":"Diario 21","article_published_time":"2025-04-03T11:50:39+00:00","article_modified_time":"2025-04-03T11:50:40+00:00","og_image":[{"width":1913,"height":1080,"url":"https:\/\/www.diario21.tv\/noticias\/wp-content\/uploads\/2025\/04\/\u00a1Increible-segunda-oportunidad-para-Fatima-Ofkir-tras-ser-liberada-en.jpg","type":"image\/jpeg"}],"author":"Juan P\u00e9rez","twitter_card":"summary_large_image","twitter_misc":{"Escrito por":"Juan P\u00e9rez","Tiempo de lectura":"2 minutos"},"schema":{"@context":"https:\/\/schema.org","@graph":[{"@type":"WebPage","@id":"https:\/\/www.diario21.tv\/noticias\/increible-segunda-oportunidad-para-fatima-ofkir-tras-ser-liberada-en-oman\/","url":"https:\/\/www.diario21.tv\/noticias\/increible-segunda-oportunidad-para-fatima-ofkir-tras-ser-liberada-en-oman\/","name":"\u00a1Incre\u00edble segunda oportunidad para F\u00e0tima Ofkir tras ser liberada en Om\u00e1n! - Diario 21","isPartOf":{"@id":"https:\/\/www.diario21.tv\/noticias\/#website"},"primaryImageOfPage":{"@id":"https:\/\/www.diario21.tv\/noticias\/increible-segunda-oportunidad-para-fatima-ofkir-tras-ser-liberada-en-oman\/#primaryimage"},"image":{"@id":"https:\/\/www.diario21.tv\/noticias\/increible-segunda-oportunidad-para-fatima-ofkir-tras-ser-liberada-en-oman\/#primaryimage"},"thumbnailUrl":"https:\/\/www.diario21.tv\/noticias\/wp-content\/uploads\/2025\/04\/\u00a1Increible-segunda-oportunidad-para-Fatima-Ofkir-tras-ser-liberada-en.jpg","datePublished":"2025-04-03T11:50:39+00:00","dateModified":"2025-04-03T11:50:40+00:00","author":{"@id":"https:\/\/www.diario21.tv\/noticias\/#\/schema\/person\/dfb778f73814d8f09f302618446a526b"},"breadcrumb":{"@id":"https:\/\/www.diario21.tv\/noticias\/increible-segunda-oportunidad-para-fatima-ofkir-tras-ser-liberada-en-oman\/#breadcrumb"},"inLanguage":"es-AR","potentialAction":[{"@type":"ReadAction","target":["https:\/\/www.diario21.tv\/noticias\/increible-segunda-oportunidad-para-fatima-ofkir-tras-ser-liberada-en-oman\/"]}]},{"@type":"ImageObject","inLanguage":"es-AR","@id":"https:\/\/www.diario21.tv\/noticias\/increible-segunda-oportunidad-para-fatima-ofkir-tras-ser-liberada-en-oman\/#primaryimage","url":"https:\/\/www.diario21.tv\/noticias\/wp-content\/uploads\/2025\/04\/\u00a1Increible-segunda-oportunidad-para-Fatima-Ofkir-tras-ser-liberada-en.jpg","contentUrl":"https:\/\/www.diario21.tv\/noticias\/wp-content\/uploads\/2025\/04\/\u00a1Increible-segunda-oportunidad-para-Fatima-Ofkir-tras-ser-liberada-en.jpg","width":1913,"height":1080,"caption":"F\u00e0tima Ofkir, la joven liberada en Om\u00e1n, siente que la vida le ha brindado una \u00absegunda oportunidad\u00bb"},{"@type":"BreadcrumbList","@id":"https:\/\/www.diario21.tv\/noticias\/increible-segunda-oportunidad-para-fatima-ofkir-tras-ser-liberada-en-oman\/#breadcrumb","itemListElement":[{"@type":"ListItem","position":1,"name":"Accueil","item":"https:\/\/www.diario21.tv\/noticias\/"},{"@type":"ListItem","position":2,"name":"\u00a1Incre\u00edble segunda oportunidad para F\u00e0tima Ofkir tras ser liberada en Om\u00e1n!"}]},{"@type":"WebSite","@id":"https:\/\/www.diario21.tv\/noticias\/#website","url":"https:\/\/www.diario21.tv\/noticias\/","name":"Diario 21","description":"","potentialAction":[{"@type":"SearchAction","target":{"@type":"EntryPoint","urlTemplate":"https:\/\/www.diario21.tv\/noticias\/?s={search_term_string}"},"query-input":{"@type":"PropertyValueSpecification","valueRequired":true,"valueName":"search_term_string"}}],"inLanguage":"es-AR"},{"@type":"Person","@id":"https:\/\/www.diario21.tv\/noticias\/#\/schema\/person\/dfb778f73814d8f09f302618446a526b","name":"Juan P\u00e9rez","image":{"@type":"ImageObject","inLanguage":"es-AR","@id":"https:\/\/www.diario21.tv\/noticias\/#\/schema\/person\/image\/","url":"https:\/\/secure.gravatar.com\/avatar\/c478a405bd10621167f4c3167cc770f5?s=96&d=mm&r=g","contentUrl":"https:\/\/secure.gravatar.com\/avatar\/c478a405bd10621167f4c3167cc770f5?s=96&d=mm&r=g","caption":"Juan P\u00e9rez"},"description":"Juan P\u00e9rez es el redactor en jefe de Diario 21. Con m\u00e1s de 10 a\u00f1os de experiencia en el periodismo, se especializa en pol\u00edtica nacional y an\u00e1lisis socioecon\u00f3mico. Su enfoque cr\u00edtico y riguroso aporta una perspectiva \u00fanica a cada art\u00edculo.","sameAs":["https:\/\/www.diario21.tv\/noticias\/"],"url":"https:\/\/www.diario21.tv\/noticias\/author\/juan-perez\/"}]}},"_links":{"self":[{"href":"https:\/\/www.diario21.tv\/noticias\/wp-json\/wp\/v2\/posts\/2673"}],"collection":[{"href":"https:\/\/www.diario21.tv\/noticias\/wp-json\/wp\/v2\/posts"}],"about":[{"href":"https:\/\/www.diario21.tv\/noticias\/wp-json\/wp\/v2\/types\/post"}],"author":[{"embeddable":true,"href":"https:\/\/www.diario21.tv\/noticias\/wp-json\/wp\/v2\/users\/20"}],"replies":[{"embeddable":true,"href":"https:\/\/www.diario21.tv\/noticias\/wp-json\/wp\/v2\/comments?post=2673"}],"version-history":[{"count":1,"href":"https:\/\/www.diario21.tv\/noticias\/wp-json\/wp\/v2\/posts\/2673\/revisions"}],"predecessor-version":[{"id":2675,"href":"https:\/\/www.diario21.tv\/noticias\/wp-json\/wp\/v2\/posts\/2673\/revisions\/2675"}],"wp:featuredmedia":[{"embeddable":true,"href":"https:\/\/www.diario21.tv\/noticias\/wp-json\/wp\/v2\/media\/2674"}],"wp:attachment":[{"href":"https:\/\/www.diario21.tv\/noticias\/wp-json\/wp\/v2\/media?parent=2673"}],"wp:term":[{"taxonomy":"category","embeddable":true,"href":"https:\/\/www.diario21.tv\/noticias\/wp-json\/wp\/v2\/categories?post=2673"},{"taxonomy":"post_tag","embeddable":true,"href":"https:\/\/www.diario21.tv\/noticias\/wp-json\/wp\/v2\/tags?post=2673"}],"curies":[{"name":"wp","href":"https:\/\/api.w.org\/{rel}","templated":true}]}}