{"id":2655,"date":"2025-04-01T17:18:05","date_gmt":"2025-04-01T17:18:05","guid":{"rendered":"https:\/\/www.diario21.tv\/noticias\/libertad-tras-7-anos-en-oman-fatima-ofkir-la-joven-catalana-regresa-a-espana\/"},"modified":"2025-04-01T17:18:07","modified_gmt":"2025-04-01T17:18:07","slug":"libertad-tras-7-anos-en-oman-fatima-ofkir-la-joven-catalana-regresa-a-espana","status":"publish","type":"post","link":"https:\/\/www.diario21.tv\/noticias\/libertad-tras-7-anos-en-oman-fatima-ofkir-la-joven-catalana-regresa-a-espana\/","title":{"rendered":"\u00a1Libertad tras 7 a\u00f1os en Om\u00e1n! F\u00e1tima Ofkir, la joven catalana, regresa a Espa\u00f1a."},"content":{"rendered":"<h2>Llegada a Espa\u00f1a de F\u00e1tima Ofkir<\/h2>\n<p>F\u00e1tima Ofkir, una joven originaria de Catalu\u00f1a, ha regresado a Espa\u00f1a despu\u00e9s de recibir una amnist\u00eda que puso fin a su encarcelamiento de siete a\u00f1os en Om\u00e1n. Su retorno es el resultado de intensas negociaciones diplom\u00e1ticas y resalta las complejidades del sistema judicial en el extranjero que a menudo afectan a los ciudadanos espa\u00f1oles.<\/p>\n<h3>El caso de F\u00e1tima Ofkir<\/h3>\n<p>F\u00e1tima, que ha pasado los \u00faltimos siete a\u00f1os en una prisi\u00f3n oman\u00ed, fue condenada bajo cargos que, seg\u00fan informes, inclu\u00edan acusaciones severas que muchos consideraron cuestionables. Su caso captur\u00f3 la atenci\u00f3n de organizaciones de derechos humanos y del p\u00fablico general, tanto dentro como fuera de Espa\u00f1a, quienes argumentaron que su juicio y las condiciones de su detenci\u00f3n no cumpl\u00edan con los est\u00e1ndares internacionales de justicia y derechos humanos.<\/p>\n<h3>Diplomacia y esfuerzos por la liberaci\u00f3n<\/h3>\n<p>El gobierno espa\u00f1ol, a trav\u00e9s de su ministerio de exteriores, ha estado trabajando diligentemente para asegurar la liberaci\u00f3n de F\u00e1tima. Este proceso involucr\u00f3 extensas discusiones diplom\u00e1ticas con las autoridades de Om\u00e1n, destacando la importancia de los derechos de los ciudadanos espa\u00f1oles en el extranjero. La decisi\u00f3n de amnistiar a F\u00e1tima fue recibida con alivio y satisfacci\u00f3n por parte de sus familiares y los activistas que siguieron su caso de cerca.<\/p>\n<h3>Reacciones y futuro<\/h3>\n<p>A su llegada a Espa\u00f1a, F\u00e1tima Ofkir fue recibida por su familia y una peque\u00f1a multitud de seguidores y periodistas. Su caso ha suscitado un debate m\u00e1s amplio sobre las pol\u00edticas de Espa\u00f1a en relaci\u00f3n con sus ciudadanos detenidos en el extranjero y ha puesto de relieve la necesidad de una mayor protecci\u00f3n consular y legal.<\/p>\n<p>En los pr\u00f3ximos d\u00edas, se espera que F\u00e1tima y su familia hagan declaraciones m\u00e1s detalladas sobre su experiencia y los pasos a seguir. Por ahora, el regreso de F\u00e1tima a casa es un momento de celebraci\u00f3n y reflexi\u00f3n sobre las complejas interacciones entre la ley internacional, los derechos humanos y la diplomacia.<\/p>\n\n\n<div class=\"kk-star-ratings kksr-auto kksr-align-left kksr-valign-bottom\"\n    data-payload='{&quot;align&quot;:&quot;left&quot;,&quot;id&quot;:&quot;2655&quot;,&quot;slug&quot;:&quot;default&quot;,&quot;valign&quot;:&quot;bottom&quot;,&quot;ignore&quot;:&quot;&quot;,&quot;reference&quot;:&quot;auto&quot;,&quot;class&quot;:&quot;&quot;,&quot;count&quot;:&quot;0&quot;,&quot;legendonly&quot;:&quot;&quot;,&quot;readonly&quot;:&quot;&quot;,&quot;score&quot;:&quot;0&quot;,&quot;starsonly&quot;:&quot;&quot;,&quot;best&quot;:&quot;5&quot;,&quot;gap&quot;:&quot;5&quot;,&quot;greet&quot;:&quot;Valora este post&quot;,&quot;legend&quot;:&quot;0\\\/5 - (0 votes)&quot;,&quot;size&quot;:&quot;22&quot;,&quot;title&quot;:&quot;\u00a1Libertad tras 7 a\u00f1os en Om\u00e1n! F\u00e1tima Ofkir, la joven catalana, regresa a Espa\u00f1a.&quot;,&quot;width&quot;:&quot;0&quot;,&quot;_legend&quot;:&quot;{score}\\\/{best} - ({count} {votes})&quot;,&quot;font_factor&quot;:&quot;1.25&quot;}'>\n            \n<div class=\"kksr-stars\">\n    \n<div class=\"kksr-stars-inactive\">\n            <div class=\"kksr-star\" data-star=\"1\" style=\"padding-right: 5px\">\n            \n\n<div class=\"kksr-icon\" style=\"width: 22px; height: 22px;\"><\/div>\n        <\/div>\n            <div class=\"kksr-star\" data-star=\"2\" style=\"padding-right: 5px\">\n            \n\n<div class=\"kksr-icon\" style=\"width: 22px; height: 22px;\"><\/div>\n        <\/div>\n            <div class=\"kksr-star\" data-star=\"3\" style=\"padding-right: 5px\">\n            \n\n<div class=\"kksr-icon\" style=\"width: 22px; height: 22px;\"><\/div>\n        <\/div>\n            <div class=\"kksr-star\" data-star=\"4\" style=\"padding-right: 5px\">\n            \n\n<div class=\"kksr-icon\" style=\"width: 22px; height: 22px;\"><\/div>\n        <\/div>\n            <div class=\"kksr-star\" data-star=\"5\" style=\"padding-right: 5px\">\n            \n\n<div class=\"kksr-icon\" style=\"width: 22px; height: 22px;\"><\/div>\n        <\/div>\n    <\/div>\n    \n<div class=\"kksr-stars-active\" style=\"width: 0px;\">\n            <div class=\"kksr-star\" style=\"padding-right: 5px\">\n            \n\n<div class=\"kksr-icon\" style=\"width: 22px; height: 22px;\"><\/div>\n        <\/div>\n            <div class=\"kksr-star\" style=\"padding-right: 5px\">\n            \n\n<div class=\"kksr-icon\" style=\"width: 22px; height: 22px;\"><\/div>\n        <\/div>\n            <div class=\"kksr-star\" style=\"padding-right: 5px\">\n            \n\n<div class=\"kksr-icon\" style=\"width: 22px; height: 22px;\"><\/div>\n        <\/div>\n            <div class=\"kksr-star\" style=\"padding-right: 5px\">\n            \n\n<div class=\"kksr-icon\" style=\"width: 22px; height: 22px;\"><\/div>\n        <\/div>\n            <div class=\"kksr-star\" style=\"padding-right: 5px\">\n            \n\n<div class=\"kksr-icon\" style=\"width: 22px; height: 22px;\"><\/div>\n        <\/div>\n    <\/div>\n<\/div>\n                \n\n<div class=\"kksr-legend\" style=\"font-size: 17.6px;\">\n            <span class=\"kksr-muted\">Valora este post<\/span>\n    <\/div>\n    <\/div>\n","protected":false},"excerpt":{"rendered":"<p>Llegada a Espa\u00f1a de F\u00e1tima Ofkir F\u00e1tima Ofkir, una joven originaria de Catalu\u00f1a, ha regresado a Espa\u00f1a despu\u00e9s de recibir una amnist\u00eda que puso fin a &#8230; <a title=\"\u00a1Libertad tras 7 a\u00f1os en Om\u00e1n! F\u00e1tima Ofkir, la joven catalana, regresa a Espa\u00f1a.\" class=\"read-more\" href=\"https:\/\/www.diario21.tv\/noticias\/libertad-tras-7-anos-en-oman-fatima-ofkir-la-joven-catalana-regresa-a-espana\/\" aria-label=\"Leer m\u00e1s sobre \u00a1Libertad tras 7 a\u00f1os en Om\u00e1n! F\u00e1tima Ofkir, la joven catalana, regresa a Espa\u00f1a.\">Seguir leyendo &rarr;<\/a><\/p>\n","protected":false},"author":20,"featured_media":2656,"comment_status":"open","ping_status":"open","sticky":false,"template":"","format":"standard","meta":{"footnotes":""},"categories":[13],"tags":[],"class_list":["post-2655","post","type-post","status-publish","format-standard","has-post-thumbnail","hentry","category-portada"],"yoast_head":"<!-- This site is optimized with the Yoast SEO plugin v25.6 - https:\/\/yoast.com\/wordpress\/plugins\/seo\/ -->\n<title>\u00a1Libertad tras 7 a\u00f1os en Om\u00e1n! F\u00e1tima Ofkir, la joven catalana, regresa a Espa\u00f1a. - Diario 21<\/title>\n<meta name=\"robots\" content=\"index, follow, max-snippet:-1, max-image-preview:large, max-video-preview:-1\" \/>\n<link rel=\"canonical\" href=\"https:\/\/www.diario21.tv\/noticias\/libertad-tras-7-anos-en-oman-fatima-ofkir-la-joven-catalana-regresa-a-espana\/\" \/>\n<meta property=\"og:locale\" content=\"es_ES\" \/>\n<meta property=\"og:type\" content=\"article\" \/>\n<meta property=\"og:title\" content=\"\u00a1Libertad tras 7 a\u00f1os en Om\u00e1n! F\u00e1tima Ofkir, la joven catalana, regresa a Espa\u00f1a. - Diario 21\" \/>\n<meta property=\"og:description\" content=\"Llegada a Espa\u00f1a de F\u00e1tima Ofkir F\u00e1tima Ofkir, una joven originaria de Catalu\u00f1a, ha regresado a Espa\u00f1a despu\u00e9s de recibir una amnist\u00eda que puso fin a ... Seguir leyendo &rarr;\" \/>\n<meta property=\"og:url\" content=\"https:\/\/www.diario21.tv\/noticias\/libertad-tras-7-anos-en-oman-fatima-ofkir-la-joven-catalana-regresa-a-espana\/\" \/>\n<meta property=\"og:site_name\" content=\"Diario 21\" \/>\n<meta property=\"article:published_time\" content=\"2025-04-01T17:18:05+00:00\" \/>\n<meta property=\"article:modified_time\" content=\"2025-04-01T17:18:07+00:00\" \/>\n<meta property=\"og:image\" content=\"https:\/\/www.diario21.tv\/noticias\/wp-content\/uploads\/2025\/04\/\u00a1Libertad-tras-7-anos-en-Oman-Fatima-Ofkir-la-joven.jpg\" \/>\n\t<meta property=\"og:image:width\" content=\"1920\" \/>\n\t<meta property=\"og:image:height\" content=\"1080\" \/>\n\t<meta property=\"og:image:type\" content=\"image\/jpeg\" \/>\n<meta name=\"author\" content=\"Juan P\u00e9rez\" \/>\n<meta name=\"twitter:card\" content=\"summary_large_image\" \/>\n<meta name=\"twitter:label1\" content=\"Escrito por\" \/>\n\t<meta name=\"twitter:data1\" content=\"Juan P\u00e9rez\" \/>\n\t<meta name=\"twitter:label2\" content=\"Tiempo de lectura\" \/>\n\t<meta name=\"twitter:data2\" content=\"2 minutos\" \/>\n<script type=\"application\/ld+json\" class=\"yoast-schema-graph\">{\"@context\":\"https:\/\/schema.org\",\"@graph\":[{\"@type\":\"WebPage\",\"@id\":\"https:\/\/www.diario21.tv\/noticias\/libertad-tras-7-anos-en-oman-fatima-ofkir-la-joven-catalana-regresa-a-espana\/\",\"url\":\"https:\/\/www.diario21.tv\/noticias\/libertad-tras-7-anos-en-oman-fatima-ofkir-la-joven-catalana-regresa-a-espana\/\",\"name\":\"\u00a1Libertad tras 7 a\u00f1os en Om\u00e1n! F\u00e1tima Ofkir, la joven catalana, regresa a Espa\u00f1a. - Diario 21\",\"isPartOf\":{\"@id\":\"https:\/\/www.diario21.tv\/noticias\/#website\"},\"primaryImageOfPage\":{\"@id\":\"https:\/\/www.diario21.tv\/noticias\/libertad-tras-7-anos-en-oman-fatima-ofkir-la-joven-catalana-regresa-a-espana\/#primaryimage\"},\"image\":{\"@id\":\"https:\/\/www.diario21.tv\/noticias\/libertad-tras-7-anos-en-oman-fatima-ofkir-la-joven-catalana-regresa-a-espana\/#primaryimage\"},\"thumbnailUrl\":\"https:\/\/www.diario21.tv\/noticias\/wp-content\/uploads\/2025\/04\/\u00a1Libertad-tras-7-anos-en-Oman-Fatima-Ofkir-la-joven.jpg\",\"datePublished\":\"2025-04-01T17:18:05+00:00\",\"dateModified\":\"2025-04-01T17:18:07+00:00\",\"author\":{\"@id\":\"https:\/\/www.diario21.tv\/noticias\/#\/schema\/person\/dfb778f73814d8f09f302618446a526b\"},\"breadcrumb\":{\"@id\":\"https:\/\/www.diario21.tv\/noticias\/libertad-tras-7-anos-en-oman-fatima-ofkir-la-joven-catalana-regresa-a-espana\/#breadcrumb\"},\"inLanguage\":\"es-AR\",\"potentialAction\":[{\"@type\":\"ReadAction\",\"target\":[\"https:\/\/www.diario21.tv\/noticias\/libertad-tras-7-anos-en-oman-fatima-ofkir-la-joven-catalana-regresa-a-espana\/\"]}]},{\"@type\":\"ImageObject\",\"inLanguage\":\"es-AR\",\"@id\":\"https:\/\/www.diario21.tv\/noticias\/libertad-tras-7-anos-en-oman-fatima-ofkir-la-joven-catalana-regresa-a-espana\/#primaryimage\",\"url\":\"https:\/\/www.diario21.tv\/noticias\/wp-content\/uploads\/2025\/04\/\u00a1Libertad-tras-7-anos-en-Oman-Fatima-Ofkir-la-joven.jpg\",\"contentUrl\":\"https:\/\/www.diario21.tv\/noticias\/wp-content\/uploads\/2025\/04\/\u00a1Libertad-tras-7-anos-en-Oman-Fatima-Ofkir-la-joven.jpg\",\"width\":1920,\"height\":1080,\"caption\":\"Llega a Espa\u00f1a F\u00e1tima Ofkir, la joven catalana amnistiada tras pasar 7 a\u00f1os en una prisi\u00f3n de Om\u00e1n\"},{\"@type\":\"BreadcrumbList\",\"@id\":\"https:\/\/www.diario21.tv\/noticias\/libertad-tras-7-anos-en-oman-fatima-ofkir-la-joven-catalana-regresa-a-espana\/#breadcrumb\",\"itemListElement\":[{\"@type\":\"ListItem\",\"position\":1,\"name\":\"Accueil\",\"item\":\"https:\/\/www.diario21.tv\/noticias\/\"},{\"@type\":\"ListItem\",\"position\":2,\"name\":\"\u00a1Libertad tras 7 a\u00f1os en Om\u00e1n! F\u00e1tima Ofkir, la joven catalana, regresa a Espa\u00f1a.\"}]},{\"@type\":\"WebSite\",\"@id\":\"https:\/\/www.diario21.tv\/noticias\/#website\",\"url\":\"https:\/\/www.diario21.tv\/noticias\/\",\"name\":\"Diario 21\",\"description\":\"\",\"potentialAction\":[{\"@type\":\"SearchAction\",\"target\":{\"@type\":\"EntryPoint\",\"urlTemplate\":\"https:\/\/www.diario21.tv\/noticias\/?s={search_term_string}\"},\"query-input\":{\"@type\":\"PropertyValueSpecification\",\"valueRequired\":true,\"valueName\":\"search_term_string\"}}],\"inLanguage\":\"es-AR\"},{\"@type\":\"Person\",\"@id\":\"https:\/\/www.diario21.tv\/noticias\/#\/schema\/person\/dfb778f73814d8f09f302618446a526b\",\"name\":\"Juan P\u00e9rez\",\"image\":{\"@type\":\"ImageObject\",\"inLanguage\":\"es-AR\",\"@id\":\"https:\/\/www.diario21.tv\/noticias\/#\/schema\/person\/image\/\",\"url\":\"https:\/\/secure.gravatar.com\/avatar\/c478a405bd10621167f4c3167cc770f5?s=96&d=mm&r=g\",\"contentUrl\":\"https:\/\/secure.gravatar.com\/avatar\/c478a405bd10621167f4c3167cc770f5?s=96&d=mm&r=g\",\"caption\":\"Juan P\u00e9rez\"},\"description\":\"Juan P\u00e9rez es el redactor en jefe de Diario 21. Con m\u00e1s de 10 a\u00f1os de experiencia en el periodismo, se especializa en pol\u00edtica nacional y an\u00e1lisis socioecon\u00f3mico. Su enfoque cr\u00edtico y riguroso aporta una perspectiva \u00fanica a cada art\u00edculo.\",\"sameAs\":[\"https:\/\/www.diario21.tv\/noticias\/\"],\"url\":\"https:\/\/www.diario21.tv\/noticias\/author\/juan-perez\/\"}]}<\/script>\n<!-- \/ Yoast SEO plugin. -->","yoast_head_json":{"title":"\u00a1Libertad tras 7 a\u00f1os en Om\u00e1n! F\u00e1tima Ofkir, la joven catalana, regresa a Espa\u00f1a. - Diario 21","robots":{"index":"index","follow":"follow","max-snippet":"max-snippet:-1","max-image-preview":"max-image-preview:large","max-video-preview":"max-video-preview:-1"},"canonical":"https:\/\/www.diario21.tv\/noticias\/libertad-tras-7-anos-en-oman-fatima-ofkir-la-joven-catalana-regresa-a-espana\/","og_locale":"es_ES","og_type":"article","og_title":"\u00a1Libertad tras 7 a\u00f1os en Om\u00e1n! F\u00e1tima Ofkir, la joven catalana, regresa a Espa\u00f1a. - Diario 21","og_description":"Llegada a Espa\u00f1a de F\u00e1tima Ofkir F\u00e1tima Ofkir, una joven originaria de Catalu\u00f1a, ha regresado a Espa\u00f1a despu\u00e9s de recibir una amnist\u00eda que puso fin a ... Seguir leyendo &rarr;","og_url":"https:\/\/www.diario21.tv\/noticias\/libertad-tras-7-anos-en-oman-fatima-ofkir-la-joven-catalana-regresa-a-espana\/","og_site_name":"Diario 21","article_published_time":"2025-04-01T17:18:05+00:00","article_modified_time":"2025-04-01T17:18:07+00:00","og_image":[{"width":1920,"height":1080,"url":"https:\/\/www.diario21.tv\/noticias\/wp-content\/uploads\/2025\/04\/\u00a1Libertad-tras-7-anos-en-Oman-Fatima-Ofkir-la-joven.jpg","type":"image\/jpeg"}],"author":"Juan P\u00e9rez","twitter_card":"summary_large_image","twitter_misc":{"Escrito por":"Juan P\u00e9rez","Tiempo de lectura":"2 minutos"},"schema":{"@context":"https:\/\/schema.org","@graph":[{"@type":"WebPage","@id":"https:\/\/www.diario21.tv\/noticias\/libertad-tras-7-anos-en-oman-fatima-ofkir-la-joven-catalana-regresa-a-espana\/","url":"https:\/\/www.diario21.tv\/noticias\/libertad-tras-7-anos-en-oman-fatima-ofkir-la-joven-catalana-regresa-a-espana\/","name":"\u00a1Libertad tras 7 a\u00f1os en Om\u00e1n! F\u00e1tima Ofkir, la joven catalana, regresa a Espa\u00f1a. - Diario 21","isPartOf":{"@id":"https:\/\/www.diario21.tv\/noticias\/#website"},"primaryImageOfPage":{"@id":"https:\/\/www.diario21.tv\/noticias\/libertad-tras-7-anos-en-oman-fatima-ofkir-la-joven-catalana-regresa-a-espana\/#primaryimage"},"image":{"@id":"https:\/\/www.diario21.tv\/noticias\/libertad-tras-7-anos-en-oman-fatima-ofkir-la-joven-catalana-regresa-a-espana\/#primaryimage"},"thumbnailUrl":"https:\/\/www.diario21.tv\/noticias\/wp-content\/uploads\/2025\/04\/\u00a1Libertad-tras-7-anos-en-Oman-Fatima-Ofkir-la-joven.jpg","datePublished":"2025-04-01T17:18:05+00:00","dateModified":"2025-04-01T17:18:07+00:00","author":{"@id":"https:\/\/www.diario21.tv\/noticias\/#\/schema\/person\/dfb778f73814d8f09f302618446a526b"},"breadcrumb":{"@id":"https:\/\/www.diario21.tv\/noticias\/libertad-tras-7-anos-en-oman-fatima-ofkir-la-joven-catalana-regresa-a-espana\/#breadcrumb"},"inLanguage":"es-AR","potentialAction":[{"@type":"ReadAction","target":["https:\/\/www.diario21.tv\/noticias\/libertad-tras-7-anos-en-oman-fatima-ofkir-la-joven-catalana-regresa-a-espana\/"]}]},{"@type":"ImageObject","inLanguage":"es-AR","@id":"https:\/\/www.diario21.tv\/noticias\/libertad-tras-7-anos-en-oman-fatima-ofkir-la-joven-catalana-regresa-a-espana\/#primaryimage","url":"https:\/\/www.diario21.tv\/noticias\/wp-content\/uploads\/2025\/04\/\u00a1Libertad-tras-7-anos-en-Oman-Fatima-Ofkir-la-joven.jpg","contentUrl":"https:\/\/www.diario21.tv\/noticias\/wp-content\/uploads\/2025\/04\/\u00a1Libertad-tras-7-anos-en-Oman-Fatima-Ofkir-la-joven.jpg","width":1920,"height":1080,"caption":"Llega a Espa\u00f1a F\u00e1tima Ofkir, la joven catalana amnistiada tras pasar 7 a\u00f1os en una prisi\u00f3n de Om\u00e1n"},{"@type":"BreadcrumbList","@id":"https:\/\/www.diario21.tv\/noticias\/libertad-tras-7-anos-en-oman-fatima-ofkir-la-joven-catalana-regresa-a-espana\/#breadcrumb","itemListElement":[{"@type":"ListItem","position":1,"name":"Accueil","item":"https:\/\/www.diario21.tv\/noticias\/"},{"@type":"ListItem","position":2,"name":"\u00a1Libertad tras 7 a\u00f1os en Om\u00e1n! F\u00e1tima Ofkir, la joven catalana, regresa a Espa\u00f1a."}]},{"@type":"WebSite","@id":"https:\/\/www.diario21.tv\/noticias\/#website","url":"https:\/\/www.diario21.tv\/noticias\/","name":"Diario 21","description":"","potentialAction":[{"@type":"SearchAction","target":{"@type":"EntryPoint","urlTemplate":"https:\/\/www.diario21.tv\/noticias\/?s={search_term_string}"},"query-input":{"@type":"PropertyValueSpecification","valueRequired":true,"valueName":"search_term_string"}}],"inLanguage":"es-AR"},{"@type":"Person","@id":"https:\/\/www.diario21.tv\/noticias\/#\/schema\/person\/dfb778f73814d8f09f302618446a526b","name":"Juan P\u00e9rez","image":{"@type":"ImageObject","inLanguage":"es-AR","@id":"https:\/\/www.diario21.tv\/noticias\/#\/schema\/person\/image\/","url":"https:\/\/secure.gravatar.com\/avatar\/c478a405bd10621167f4c3167cc770f5?s=96&d=mm&r=g","contentUrl":"https:\/\/secure.gravatar.com\/avatar\/c478a405bd10621167f4c3167cc770f5?s=96&d=mm&r=g","caption":"Juan P\u00e9rez"},"description":"Juan P\u00e9rez es el redactor en jefe de Diario 21. Con m\u00e1s de 10 a\u00f1os de experiencia en el periodismo, se especializa en pol\u00edtica nacional y an\u00e1lisis socioecon\u00f3mico. Su enfoque cr\u00edtico y riguroso aporta una perspectiva \u00fanica a cada art\u00edculo.","sameAs":["https:\/\/www.diario21.tv\/noticias\/"],"url":"https:\/\/www.diario21.tv\/noticias\/author\/juan-perez\/"}]}},"_links":{"self":[{"href":"https:\/\/www.diario21.tv\/noticias\/wp-json\/wp\/v2\/posts\/2655"}],"collection":[{"href":"https:\/\/www.diario21.tv\/noticias\/wp-json\/wp\/v2\/posts"}],"about":[{"href":"https:\/\/www.diario21.tv\/noticias\/wp-json\/wp\/v2\/types\/post"}],"author":[{"embeddable":true,"href":"https:\/\/www.diario21.tv\/noticias\/wp-json\/wp\/v2\/users\/20"}],"replies":[{"embeddable":true,"href":"https:\/\/www.diario21.tv\/noticias\/wp-json\/wp\/v2\/comments?post=2655"}],"version-history":[{"count":1,"href":"https:\/\/www.diario21.tv\/noticias\/wp-json\/wp\/v2\/posts\/2655\/revisions"}],"predecessor-version":[{"id":2657,"href":"https:\/\/www.diario21.tv\/noticias\/wp-json\/wp\/v2\/posts\/2655\/revisions\/2657"}],"wp:featuredmedia":[{"embeddable":true,"href":"https:\/\/www.diario21.tv\/noticias\/wp-json\/wp\/v2\/media\/2656"}],"wp:attachment":[{"href":"https:\/\/www.diario21.tv\/noticias\/wp-json\/wp\/v2\/media?parent=2655"}],"wp:term":[{"taxonomy":"category","embeddable":true,"href":"https:\/\/www.diario21.tv\/noticias\/wp-json\/wp\/v2\/categories?post=2655"},{"taxonomy":"post_tag","embeddable":true,"href":"https:\/\/www.diario21.tv\/noticias\/wp-json\/wp\/v2\/tags?post=2655"}],"curies":[{"name":"wp","href":"https:\/\/api.w.org\/{rel}","templated":true}]}}