{"id":2643,"date":"2025-03-31T16:48:36","date_gmt":"2025-03-31T16:48:36","guid":{"rendered":"https:\/\/www.diario21.tv\/noticias\/impactante-joven-intenta-robar-a-indigente-y-termina-muerto-en-manilva\/"},"modified":"2025-03-31T16:48:37","modified_gmt":"2025-03-31T16:48:37","slug":"impactante-joven-intenta-robar-a-indigente-y-termina-muerto-en-manilva","status":"publish","type":"post","link":"https:\/\/www.diario21.tv\/noticias\/impactante-joven-intenta-robar-a-indigente-y-termina-muerto-en-manilva\/","title":{"rendered":"\u00a1Impactante! Joven intenta robar a indigente y termina muerto en Manilva"},"content":{"rendered":"<h2>Un Joven Fallece Tras Intentar Robar a un Indigente en Manilva<\/h2>\n<p>En un giro inesperado de los acontecimientos, un joven perdi\u00f3 la vida despu\u00e9s de recibir una pu\u00f1alada de un hombre sin hogar a quien intent\u00f3 robar. El suceso tuvo lugar en la localidad de Manilva, generando conmoci\u00f3n entre los habitantes de la zona.<\/p>\n<h3>Detalles del Incidente<\/h3>\n<p>Seg\u00fan los informes de la polic\u00eda local, el incidente ocurri\u00f3 en las primeras horas de la ma\u00f1ana en una calle poco transitada de Manilva. El joven, cuya identidad no ha sido revelada, abord\u00f3 al indigente con la intenci\u00f3n de robarle. Durante el enfrentamiento, el hombre sin hogar, en un acto de defensa propia, sac\u00f3 un arma blanca y acab\u00f3 hiriendo mortalmente al asaltante.<\/p>\n<p>Los servicios de emergencia fueron alertados inmediatamente, pero desafortunadamente, a pesar de los esfuerzos por salvarlo, el joven fue declarado muerto en el lugar. El hombre sin hogar fue detenido por las autoridades para realizar las investigaciones pertinentes.<\/p>\n<h3>Reacciones de la Comunidad<\/h3>\n<p>Este tr\u00e1gico suceso ha provocado una variedad de reacciones entre los residentes de Manilva. Algunos expresan preocupaci\u00f3n por el aumento de la delincuencia y la inseguridad en la zona, mientras que otros muestran compasi\u00f3n tanto por la v\u00edctima como por el indigente, destacando las dif\u00edciles circunstancias que enfrentan las personas sin hogar.<\/p>\n<h3>Investigaci\u00f3n en Curso<\/h3>\n<p>La polic\u00eda de Manilva est\u00e1 investigando el caso con detalle para esclarecer todos los hechos y determinar las circunstancias exactas que llevaron a este fatal desenlace. El hombre sin hogar se encuentra en custodia y est\u00e1 colaborando con las autoridades. Los resultados de la investigaci\u00f3n determinar\u00e1n las medidas legales que se tomar\u00e1n al respecto.<\/p>\n<p>Este suceso subraya la creciente problem\u00e1tica de la seguridad en \u00e1reas urbanas y la urgencia de abordar las condiciones de vida de los indigentes, que a menudo se encuentran en situaciones de extrema vulnerabilidad. La comunidad de Manilva y las autoridades locales est\u00e1n llamadas a reflexionar y actuar para prevenir que incidentes como este se repitan en el futuro.<\/p>\n\n\n<div class=\"kk-star-ratings kksr-auto kksr-align-left kksr-valign-bottom\"\n    data-payload='{&quot;align&quot;:&quot;left&quot;,&quot;id&quot;:&quot;2643&quot;,&quot;slug&quot;:&quot;default&quot;,&quot;valign&quot;:&quot;bottom&quot;,&quot;ignore&quot;:&quot;&quot;,&quot;reference&quot;:&quot;auto&quot;,&quot;class&quot;:&quot;&quot;,&quot;count&quot;:&quot;0&quot;,&quot;legendonly&quot;:&quot;&quot;,&quot;readonly&quot;:&quot;&quot;,&quot;score&quot;:&quot;0&quot;,&quot;starsonly&quot;:&quot;&quot;,&quot;best&quot;:&quot;5&quot;,&quot;gap&quot;:&quot;5&quot;,&quot;greet&quot;:&quot;Valora este post&quot;,&quot;legend&quot;:&quot;0\\\/5 - (0 votes)&quot;,&quot;size&quot;:&quot;22&quot;,&quot;title&quot;:&quot;\u00a1Impactante! Joven intenta robar a indigente y termina muerto en Manilva&quot;,&quot;width&quot;:&quot;0&quot;,&quot;_legend&quot;:&quot;{score}\\\/{best} - ({count} {votes})&quot;,&quot;font_factor&quot;:&quot;1.25&quot;}'>\n            \n<div class=\"kksr-stars\">\n    \n<div class=\"kksr-stars-inactive\">\n            <div class=\"kksr-star\" data-star=\"1\" style=\"padding-right: 5px\">\n            \n\n<div class=\"kksr-icon\" style=\"width: 22px; height: 22px;\"><\/div>\n        <\/div>\n            <div class=\"kksr-star\" data-star=\"2\" style=\"padding-right: 5px\">\n            \n\n<div class=\"kksr-icon\" style=\"width: 22px; height: 22px;\"><\/div>\n        <\/div>\n            <div class=\"kksr-star\" data-star=\"3\" style=\"padding-right: 5px\">\n            \n\n<div class=\"kksr-icon\" style=\"width: 22px; height: 22px;\"><\/div>\n        <\/div>\n            <div class=\"kksr-star\" data-star=\"4\" style=\"padding-right: 5px\">\n            \n\n<div class=\"kksr-icon\" style=\"width: 22px; height: 22px;\"><\/div>\n        <\/div>\n            <div class=\"kksr-star\" data-star=\"5\" style=\"padding-right: 5px\">\n            \n\n<div class=\"kksr-icon\" style=\"width: 22px; height: 22px;\"><\/div>\n        <\/div>\n    <\/div>\n    \n<div class=\"kksr-stars-active\" style=\"width: 0px;\">\n            <div class=\"kksr-star\" style=\"padding-right: 5px\">\n            \n\n<div class=\"kksr-icon\" style=\"width: 22px; height: 22px;\"><\/div>\n        <\/div>\n            <div class=\"kksr-star\" style=\"padding-right: 5px\">\n            \n\n<div class=\"kksr-icon\" style=\"width: 22px; height: 22px;\"><\/div>\n        <\/div>\n            <div class=\"kksr-star\" style=\"padding-right: 5px\">\n            \n\n<div class=\"kksr-icon\" style=\"width: 22px; height: 22px;\"><\/div>\n        <\/div>\n            <div class=\"kksr-star\" style=\"padding-right: 5px\">\n            \n\n<div class=\"kksr-icon\" style=\"width: 22px; height: 22px;\"><\/div>\n        <\/div>\n            <div class=\"kksr-star\" style=\"padding-right: 5px\">\n            \n\n<div class=\"kksr-icon\" style=\"width: 22px; height: 22px;\"><\/div>\n        <\/div>\n    <\/div>\n<\/div>\n                \n\n<div class=\"kksr-legend\" style=\"font-size: 17.6px;\">\n            <span class=\"kksr-muted\">Valora este post<\/span>\n    <\/div>\n    <\/div>\n","protected":false},"excerpt":{"rendered":"<p>Un Joven Fallece Tras Intentar Robar a un Indigente en Manilva En un giro inesperado de los acontecimientos, un joven perdi\u00f3 la vida despu\u00e9s de recibir &#8230; <a title=\"\u00a1Impactante! Joven intenta robar a indigente y termina muerto en Manilva\" class=\"read-more\" href=\"https:\/\/www.diario21.tv\/noticias\/impactante-joven-intenta-robar-a-indigente-y-termina-muerto-en-manilva\/\" aria-label=\"Leer m\u00e1s sobre \u00a1Impactante! Joven intenta robar a indigente y termina muerto en Manilva\">Seguir leyendo &rarr;<\/a><\/p>\n","protected":false},"author":20,"featured_media":2644,"comment_status":"open","ping_status":"open","sticky":false,"template":"","format":"standard","meta":{"footnotes":""},"categories":[13],"tags":[],"class_list":["post-2643","post","type-post","status-publish","format-standard","has-post-thumbnail","hentry","category-portada"],"yoast_head":"<!-- This site is optimized with the Yoast SEO plugin v25.6 - https:\/\/yoast.com\/wordpress\/plugins\/seo\/ -->\n<title>\u00a1Impactante! Joven intenta robar a indigente y termina muerto en Manilva - Diario 21<\/title>\n<meta name=\"robots\" content=\"index, follow, max-snippet:-1, max-image-preview:large, max-video-preview:-1\" \/>\n<link rel=\"canonical\" href=\"https:\/\/www.diario21.tv\/noticias\/impactante-joven-intenta-robar-a-indigente-y-termina-muerto-en-manilva\/\" \/>\n<meta property=\"og:locale\" content=\"es_ES\" \/>\n<meta property=\"og:type\" content=\"article\" \/>\n<meta property=\"og:title\" content=\"\u00a1Impactante! Joven intenta robar a indigente y termina muerto en Manilva - Diario 21\" \/>\n<meta property=\"og:description\" content=\"Un Joven Fallece Tras Intentar Robar a un Indigente en Manilva En un giro inesperado de los acontecimientos, un joven perdi\u00f3 la vida despu\u00e9s de recibir ... Seguir leyendo &rarr;\" \/>\n<meta property=\"og:url\" content=\"https:\/\/www.diario21.tv\/noticias\/impactante-joven-intenta-robar-a-indigente-y-termina-muerto-en-manilva\/\" \/>\n<meta property=\"og:site_name\" content=\"Diario 21\" \/>\n<meta property=\"article:published_time\" content=\"2025-03-31T16:48:36+00:00\" \/>\n<meta property=\"article:modified_time\" content=\"2025-03-31T16:48:37+00:00\" \/>\n<meta property=\"og:image\" content=\"https:\/\/www.diario21.tv\/noticias\/wp-content\/uploads\/2025\/03\/\u00a1Impactante-Joven-intenta-robar-a-indigente-y-termina-muerto-en.jpg\" \/>\n\t<meta property=\"og:image:width\" content=\"1920\" \/>\n\t<meta property=\"og:image:height\" content=\"1080\" \/>\n\t<meta property=\"og:image:type\" content=\"image\/jpeg\" \/>\n<meta name=\"author\" content=\"Juan P\u00e9rez\" \/>\n<meta name=\"twitter:card\" content=\"summary_large_image\" \/>\n<meta name=\"twitter:label1\" content=\"Escrito por\" \/>\n\t<meta name=\"twitter:data1\" content=\"Juan P\u00e9rez\" \/>\n\t<meta name=\"twitter:label2\" content=\"Tiempo de lectura\" \/>\n\t<meta name=\"twitter:data2\" content=\"2 minutos\" \/>\n<script type=\"application\/ld+json\" class=\"yoast-schema-graph\">{\"@context\":\"https:\/\/schema.org\",\"@graph\":[{\"@type\":\"WebPage\",\"@id\":\"https:\/\/www.diario21.tv\/noticias\/impactante-joven-intenta-robar-a-indigente-y-termina-muerto-en-manilva\/\",\"url\":\"https:\/\/www.diario21.tv\/noticias\/impactante-joven-intenta-robar-a-indigente-y-termina-muerto-en-manilva\/\",\"name\":\"\u00a1Impactante! Joven intenta robar a indigente y termina muerto en Manilva - Diario 21\",\"isPartOf\":{\"@id\":\"https:\/\/www.diario21.tv\/noticias\/#website\"},\"primaryImageOfPage\":{\"@id\":\"https:\/\/www.diario21.tv\/noticias\/impactante-joven-intenta-robar-a-indigente-y-termina-muerto-en-manilva\/#primaryimage\"},\"image\":{\"@id\":\"https:\/\/www.diario21.tv\/noticias\/impactante-joven-intenta-robar-a-indigente-y-termina-muerto-en-manilva\/#primaryimage\"},\"thumbnailUrl\":\"https:\/\/www.diario21.tv\/noticias\/wp-content\/uploads\/2025\/03\/\u00a1Impactante-Joven-intenta-robar-a-indigente-y-termina-muerto-en.jpg\",\"datePublished\":\"2025-03-31T16:48:36+00:00\",\"dateModified\":\"2025-03-31T16:48:37+00:00\",\"author\":{\"@id\":\"https:\/\/www.diario21.tv\/noticias\/#\/schema\/person\/dfb778f73814d8f09f302618446a526b\"},\"breadcrumb\":{\"@id\":\"https:\/\/www.diario21.tv\/noticias\/impactante-joven-intenta-robar-a-indigente-y-termina-muerto-en-manilva\/#breadcrumb\"},\"inLanguage\":\"es-AR\",\"potentialAction\":[{\"@type\":\"ReadAction\",\"target\":[\"https:\/\/www.diario21.tv\/noticias\/impactante-joven-intenta-robar-a-indigente-y-termina-muerto-en-manilva\/\"]}]},{\"@type\":\"ImageObject\",\"inLanguage\":\"es-AR\",\"@id\":\"https:\/\/www.diario21.tv\/noticias\/impactante-joven-intenta-robar-a-indigente-y-termina-muerto-en-manilva\/#primaryimage\",\"url\":\"https:\/\/www.diario21.tv\/noticias\/wp-content\/uploads\/2025\/03\/\u00a1Impactante-Joven-intenta-robar-a-indigente-y-termina-muerto-en.jpg\",\"contentUrl\":\"https:\/\/www.diario21.tv\/noticias\/wp-content\/uploads\/2025\/03\/\u00a1Impactante-Joven-intenta-robar-a-indigente-y-termina-muerto-en.jpg\",\"width\":1920,\"height\":1080,\"caption\":\"Un indigente mata de una pu\u00f1alada a un joven que intent\u00f3 robarle en Manilva\"},{\"@type\":\"BreadcrumbList\",\"@id\":\"https:\/\/www.diario21.tv\/noticias\/impactante-joven-intenta-robar-a-indigente-y-termina-muerto-en-manilva\/#breadcrumb\",\"itemListElement\":[{\"@type\":\"ListItem\",\"position\":1,\"name\":\"Accueil\",\"item\":\"https:\/\/www.diario21.tv\/noticias\/\"},{\"@type\":\"ListItem\",\"position\":2,\"name\":\"\u00a1Impactante! Joven intenta robar a indigente y termina muerto en Manilva\"}]},{\"@type\":\"WebSite\",\"@id\":\"https:\/\/www.diario21.tv\/noticias\/#website\",\"url\":\"https:\/\/www.diario21.tv\/noticias\/\",\"name\":\"Diario 21\",\"description\":\"\",\"potentialAction\":[{\"@type\":\"SearchAction\",\"target\":{\"@type\":\"EntryPoint\",\"urlTemplate\":\"https:\/\/www.diario21.tv\/noticias\/?s={search_term_string}\"},\"query-input\":{\"@type\":\"PropertyValueSpecification\",\"valueRequired\":true,\"valueName\":\"search_term_string\"}}],\"inLanguage\":\"es-AR\"},{\"@type\":\"Person\",\"@id\":\"https:\/\/www.diario21.tv\/noticias\/#\/schema\/person\/dfb778f73814d8f09f302618446a526b\",\"name\":\"Juan P\u00e9rez\",\"image\":{\"@type\":\"ImageObject\",\"inLanguage\":\"es-AR\",\"@id\":\"https:\/\/www.diario21.tv\/noticias\/#\/schema\/person\/image\/\",\"url\":\"https:\/\/secure.gravatar.com\/avatar\/c478a405bd10621167f4c3167cc770f5?s=96&d=mm&r=g\",\"contentUrl\":\"https:\/\/secure.gravatar.com\/avatar\/c478a405bd10621167f4c3167cc770f5?s=96&d=mm&r=g\",\"caption\":\"Juan P\u00e9rez\"},\"description\":\"Juan P\u00e9rez es el redactor en jefe de Diario 21. Con m\u00e1s de 10 a\u00f1os de experiencia en el periodismo, se especializa en pol\u00edtica nacional y an\u00e1lisis socioecon\u00f3mico. Su enfoque cr\u00edtico y riguroso aporta una perspectiva \u00fanica a cada art\u00edculo.\",\"sameAs\":[\"https:\/\/www.diario21.tv\/noticias\/\"],\"url\":\"https:\/\/www.diario21.tv\/noticias\/author\/juan-perez\/\"}]}<\/script>\n<!-- \/ Yoast SEO plugin. -->","yoast_head_json":{"title":"\u00a1Impactante! Joven intenta robar a indigente y termina muerto en Manilva - Diario 21","robots":{"index":"index","follow":"follow","max-snippet":"max-snippet:-1","max-image-preview":"max-image-preview:large","max-video-preview":"max-video-preview:-1"},"canonical":"https:\/\/www.diario21.tv\/noticias\/impactante-joven-intenta-robar-a-indigente-y-termina-muerto-en-manilva\/","og_locale":"es_ES","og_type":"article","og_title":"\u00a1Impactante! Joven intenta robar a indigente y termina muerto en Manilva - Diario 21","og_description":"Un Joven Fallece Tras Intentar Robar a un Indigente en Manilva En un giro inesperado de los acontecimientos, un joven perdi\u00f3 la vida despu\u00e9s de recibir ... Seguir leyendo &rarr;","og_url":"https:\/\/www.diario21.tv\/noticias\/impactante-joven-intenta-robar-a-indigente-y-termina-muerto-en-manilva\/","og_site_name":"Diario 21","article_published_time":"2025-03-31T16:48:36+00:00","article_modified_time":"2025-03-31T16:48:37+00:00","og_image":[{"width":1920,"height":1080,"url":"https:\/\/www.diario21.tv\/noticias\/wp-content\/uploads\/2025\/03\/\u00a1Impactante-Joven-intenta-robar-a-indigente-y-termina-muerto-en.jpg","type":"image\/jpeg"}],"author":"Juan P\u00e9rez","twitter_card":"summary_large_image","twitter_misc":{"Escrito por":"Juan P\u00e9rez","Tiempo de lectura":"2 minutos"},"schema":{"@context":"https:\/\/schema.org","@graph":[{"@type":"WebPage","@id":"https:\/\/www.diario21.tv\/noticias\/impactante-joven-intenta-robar-a-indigente-y-termina-muerto-en-manilva\/","url":"https:\/\/www.diario21.tv\/noticias\/impactante-joven-intenta-robar-a-indigente-y-termina-muerto-en-manilva\/","name":"\u00a1Impactante! Joven intenta robar a indigente y termina muerto en Manilva - Diario 21","isPartOf":{"@id":"https:\/\/www.diario21.tv\/noticias\/#website"},"primaryImageOfPage":{"@id":"https:\/\/www.diario21.tv\/noticias\/impactante-joven-intenta-robar-a-indigente-y-termina-muerto-en-manilva\/#primaryimage"},"image":{"@id":"https:\/\/www.diario21.tv\/noticias\/impactante-joven-intenta-robar-a-indigente-y-termina-muerto-en-manilva\/#primaryimage"},"thumbnailUrl":"https:\/\/www.diario21.tv\/noticias\/wp-content\/uploads\/2025\/03\/\u00a1Impactante-Joven-intenta-robar-a-indigente-y-termina-muerto-en.jpg","datePublished":"2025-03-31T16:48:36+00:00","dateModified":"2025-03-31T16:48:37+00:00","author":{"@id":"https:\/\/www.diario21.tv\/noticias\/#\/schema\/person\/dfb778f73814d8f09f302618446a526b"},"breadcrumb":{"@id":"https:\/\/www.diario21.tv\/noticias\/impactante-joven-intenta-robar-a-indigente-y-termina-muerto-en-manilva\/#breadcrumb"},"inLanguage":"es-AR","potentialAction":[{"@type":"ReadAction","target":["https:\/\/www.diario21.tv\/noticias\/impactante-joven-intenta-robar-a-indigente-y-termina-muerto-en-manilva\/"]}]},{"@type":"ImageObject","inLanguage":"es-AR","@id":"https:\/\/www.diario21.tv\/noticias\/impactante-joven-intenta-robar-a-indigente-y-termina-muerto-en-manilva\/#primaryimage","url":"https:\/\/www.diario21.tv\/noticias\/wp-content\/uploads\/2025\/03\/\u00a1Impactante-Joven-intenta-robar-a-indigente-y-termina-muerto-en.jpg","contentUrl":"https:\/\/www.diario21.tv\/noticias\/wp-content\/uploads\/2025\/03\/\u00a1Impactante-Joven-intenta-robar-a-indigente-y-termina-muerto-en.jpg","width":1920,"height":1080,"caption":"Un indigente mata de una pu\u00f1alada a un joven que intent\u00f3 robarle en Manilva"},{"@type":"BreadcrumbList","@id":"https:\/\/www.diario21.tv\/noticias\/impactante-joven-intenta-robar-a-indigente-y-termina-muerto-en-manilva\/#breadcrumb","itemListElement":[{"@type":"ListItem","position":1,"name":"Accueil","item":"https:\/\/www.diario21.tv\/noticias\/"},{"@type":"ListItem","position":2,"name":"\u00a1Impactante! Joven intenta robar a indigente y termina muerto en Manilva"}]},{"@type":"WebSite","@id":"https:\/\/www.diario21.tv\/noticias\/#website","url":"https:\/\/www.diario21.tv\/noticias\/","name":"Diario 21","description":"","potentialAction":[{"@type":"SearchAction","target":{"@type":"EntryPoint","urlTemplate":"https:\/\/www.diario21.tv\/noticias\/?s={search_term_string}"},"query-input":{"@type":"PropertyValueSpecification","valueRequired":true,"valueName":"search_term_string"}}],"inLanguage":"es-AR"},{"@type":"Person","@id":"https:\/\/www.diario21.tv\/noticias\/#\/schema\/person\/dfb778f73814d8f09f302618446a526b","name":"Juan P\u00e9rez","image":{"@type":"ImageObject","inLanguage":"es-AR","@id":"https:\/\/www.diario21.tv\/noticias\/#\/schema\/person\/image\/","url":"https:\/\/secure.gravatar.com\/avatar\/c478a405bd10621167f4c3167cc770f5?s=96&d=mm&r=g","contentUrl":"https:\/\/secure.gravatar.com\/avatar\/c478a405bd10621167f4c3167cc770f5?s=96&d=mm&r=g","caption":"Juan P\u00e9rez"},"description":"Juan P\u00e9rez es el redactor en jefe de Diario 21. Con m\u00e1s de 10 a\u00f1os de experiencia en el periodismo, se especializa en pol\u00edtica nacional y an\u00e1lisis socioecon\u00f3mico. Su enfoque cr\u00edtico y riguroso aporta una perspectiva \u00fanica a cada art\u00edculo.","sameAs":["https:\/\/www.diario21.tv\/noticias\/"],"url":"https:\/\/www.diario21.tv\/noticias\/author\/juan-perez\/"}]}},"_links":{"self":[{"href":"https:\/\/www.diario21.tv\/noticias\/wp-json\/wp\/v2\/posts\/2643"}],"collection":[{"href":"https:\/\/www.diario21.tv\/noticias\/wp-json\/wp\/v2\/posts"}],"about":[{"href":"https:\/\/www.diario21.tv\/noticias\/wp-json\/wp\/v2\/types\/post"}],"author":[{"embeddable":true,"href":"https:\/\/www.diario21.tv\/noticias\/wp-json\/wp\/v2\/users\/20"}],"replies":[{"embeddable":true,"href":"https:\/\/www.diario21.tv\/noticias\/wp-json\/wp\/v2\/comments?post=2643"}],"version-history":[{"count":1,"href":"https:\/\/www.diario21.tv\/noticias\/wp-json\/wp\/v2\/posts\/2643\/revisions"}],"predecessor-version":[{"id":2645,"href":"https:\/\/www.diario21.tv\/noticias\/wp-json\/wp\/v2\/posts\/2643\/revisions\/2645"}],"wp:featuredmedia":[{"embeddable":true,"href":"https:\/\/www.diario21.tv\/noticias\/wp-json\/wp\/v2\/media\/2644"}],"wp:attachment":[{"href":"https:\/\/www.diario21.tv\/noticias\/wp-json\/wp\/v2\/media?parent=2643"}],"wp:term":[{"taxonomy":"category","embeddable":true,"href":"https:\/\/www.diario21.tv\/noticias\/wp-json\/wp\/v2\/categories?post=2643"},{"taxonomy":"post_tag","embeddable":true,"href":"https:\/\/www.diario21.tv\/noticias\/wp-json\/wp\/v2\/tags?post=2643"}],"curies":[{"name":"wp","href":"https:\/\/api.w.org\/{rel}","templated":true}]}}