{"id":2637,"date":"2025-03-31T04:32:37","date_gmt":"2025-03-31T04:32:37","guid":{"rendered":"https:\/\/www.diario21.tv\/noticias\/irak-en-dos-minutos-diarios-volver-no-no-no\/"},"modified":"2025-03-31T04:32:39","modified_gmt":"2025-03-31T04:32:39","slug":"irak-en-dos-minutos-diarios-volver-no-no-no","status":"publish","type":"post","link":"https:\/\/www.diario21.tv\/noticias\/irak-en-dos-minutos-diarios-volver-no-no-no\/","title":{"rendered":"Irak en dos minutos diarios: \u00bfVolver? No, no, no"},"content":{"rendered":"<h2>Retorno a Irak? No, Gracias<\/h2>\n<p>Tras pasar una cantidad sustancial de tiempo en Irak, la idea de volver no es algo que entusiasme a muchas personas que ya han estado all\u00ed, especialmente aquellos que han servido en roles exigentes o peligrosos. &#8220;No, no, no. Ya paso all\u00ed dos minutos cada d\u00eda&#8221;, es una frase que captura bien el sentimiento de quienes sienten que su tiempo en ese lugar a\u00fan perdura en su mente mucho m\u00e1s all\u00e1 de lo que desear\u00edan.<\/p>\n<h3>La Carga Emocional de los Recuerdos<\/h3>\n<p>Muchas veces, quienes han pasado por experiencias intensas en lugares como Irak cargan con un peso emocional que se prolonga mucho despu\u00e9s de haber dejado f\u00edsicamente el lugar. Esta carga puede manifestarse en forma de recuerdos recurrentes, sue\u00f1os y hasta episodios de estr\u00e9s postraum\u00e1tico. La simple menci\u00f3n de volver puede desencadenar una serie de emociones y recuerdos que muchos preferir\u00edan dejar atr\u00e1s.<\/p>\n<p>Para estas personas, decir que &#8220;pasan dos minutos cada d\u00eda&#8221; en Irak significa que, a pesar de estar f\u00edsicamente lejos, mental y emocionalmente siguen conectados con lo que vivieron all\u00ed. Estos dos minutos diarios representan momentos en los que los recuerdos afloran sin invitaci\u00f3n, record\u00e1ndoles un cap\u00edtulo de sus vidas que, aunque significativo, preferir\u00edan poder archivar definitivamente.<\/p>\n<h3>El Desaf\u00edo de Dejar Ir<\/h3>\n<p>Dejar atr\u00e1s las experiencias traum\u00e1ticas no es sencillo. A menudo, quienes regresan de zonas de conflicto enfrentan desaf\u00edos significativos para reintegrarse a una vida normal. El proceso de adaptaci\u00f3n puede ser lento y doloroso, y la idea de volver a visitar f\u00edsicamente el lugar puede parecer no solo innecesaria, sino tambi\u00e9n contraproducente.<\/p>\n<p>En este contexto, la resistencia a la idea de volver a Irak es comprensible. No se trata solo de evitar un lugar geogr\u00e1fico, sino de protegerse de la reactivaci\u00f3n de recuerdos que pueden haber sido traum\u00e1ticos. Para estas personas, el bienestar emocional depende en gran medida de su capacidad para mantener esos recuerdos a una distancia manejable.<\/p>\n<h3>Respetando las Experiencias Vividas<\/h3>\n<p>Es crucial respetar y entender estas posturas y emociones. Cada persona maneja las secuelas de sus experiencias de manera diferente, y lo que para uno puede ser una mera visita a un lugar conocido, para otro puede representar un retroceso significativo en su proceso de recuperaci\u00f3n.<\/p>\n<p>Por ello, cuando alguien expresa que no desea volver a Irak, no se trata de una simple preferencia personal. Es un reflejo de una lucha interna y de un proceso de sanaci\u00f3n que a\u00fan est\u00e1 en curso. Reconocer y validar estos sentimientos es fundamental para apoyar a quienes han vivido situaciones extremas en su camino hacia la recuperaci\u00f3n y la paz interior.<\/p>\n<p>En conclusi\u00f3n, aunque f\u00edsicamente solo se est\u00e9 dos minutos al d\u00eda en Irak, la carga emocional y los recuerdos pueden hacer que esos dos minutos se sientan como una eternidad. Respetar y entender esta realidad es esencial para apoyar a quienes contin\u00faan lidiando con las secuelas de sus experiencias.<\/p>\n\n\n<div class=\"kk-star-ratings kksr-auto kksr-align-left kksr-valign-bottom\"\n    data-payload='{&quot;align&quot;:&quot;left&quot;,&quot;id&quot;:&quot;2637&quot;,&quot;slug&quot;:&quot;default&quot;,&quot;valign&quot;:&quot;bottom&quot;,&quot;ignore&quot;:&quot;&quot;,&quot;reference&quot;:&quot;auto&quot;,&quot;class&quot;:&quot;&quot;,&quot;count&quot;:&quot;0&quot;,&quot;legendonly&quot;:&quot;&quot;,&quot;readonly&quot;:&quot;&quot;,&quot;score&quot;:&quot;0&quot;,&quot;starsonly&quot;:&quot;&quot;,&quot;best&quot;:&quot;5&quot;,&quot;gap&quot;:&quot;5&quot;,&quot;greet&quot;:&quot;Valora este post&quot;,&quot;legend&quot;:&quot;0\\\/5 - (0 votes)&quot;,&quot;size&quot;:&quot;22&quot;,&quot;title&quot;:&quot;Irak en dos minutos diarios: \u00bfVolver? No, no, no&quot;,&quot;width&quot;:&quot;0&quot;,&quot;_legend&quot;:&quot;{score}\\\/{best} - ({count} {votes})&quot;,&quot;font_factor&quot;:&quot;1.25&quot;}'>\n            \n<div class=\"kksr-stars\">\n    \n<div class=\"kksr-stars-inactive\">\n            <div class=\"kksr-star\" data-star=\"1\" style=\"padding-right: 5px\">\n            \n\n<div class=\"kksr-icon\" style=\"width: 22px; height: 22px;\"><\/div>\n        <\/div>\n            <div class=\"kksr-star\" data-star=\"2\" style=\"padding-right: 5px\">\n            \n\n<div class=\"kksr-icon\" style=\"width: 22px; height: 22px;\"><\/div>\n        <\/div>\n            <div class=\"kksr-star\" data-star=\"3\" style=\"padding-right: 5px\">\n            \n\n<div class=\"kksr-icon\" style=\"width: 22px; height: 22px;\"><\/div>\n        <\/div>\n            <div class=\"kksr-star\" data-star=\"4\" style=\"padding-right: 5px\">\n            \n\n<div class=\"kksr-icon\" style=\"width: 22px; height: 22px;\"><\/div>\n        <\/div>\n            <div class=\"kksr-star\" data-star=\"5\" style=\"padding-right: 5px\">\n            \n\n<div class=\"kksr-icon\" style=\"width: 22px; height: 22px;\"><\/div>\n        <\/div>\n    <\/div>\n    \n<div class=\"kksr-stars-active\" style=\"width: 0px;\">\n            <div class=\"kksr-star\" style=\"padding-right: 5px\">\n            \n\n<div class=\"kksr-icon\" style=\"width: 22px; height: 22px;\"><\/div>\n        <\/div>\n            <div class=\"kksr-star\" style=\"padding-right: 5px\">\n            \n\n<div class=\"kksr-icon\" style=\"width: 22px; height: 22px;\"><\/div>\n        <\/div>\n            <div class=\"kksr-star\" style=\"padding-right: 5px\">\n            \n\n<div class=\"kksr-icon\" style=\"width: 22px; height: 22px;\"><\/div>\n        <\/div>\n            <div class=\"kksr-star\" style=\"padding-right: 5px\">\n            \n\n<div class=\"kksr-icon\" style=\"width: 22px; height: 22px;\"><\/div>\n        <\/div>\n            <div class=\"kksr-star\" style=\"padding-right: 5px\">\n            \n\n<div class=\"kksr-icon\" style=\"width: 22px; height: 22px;\"><\/div>\n        <\/div>\n    <\/div>\n<\/div>\n                \n\n<div class=\"kksr-legend\" style=\"font-size: 17.6px;\">\n            <span class=\"kksr-muted\">Valora este post<\/span>\n    <\/div>\n    <\/div>\n","protected":false},"excerpt":{"rendered":"<p>Retorno a Irak? No, Gracias Tras pasar una cantidad sustancial de tiempo en Irak, la idea de volver no es algo que entusiasme a muchas personas &#8230; <a title=\"Irak en dos minutos diarios: \u00bfVolver? No, no, no\" class=\"read-more\" href=\"https:\/\/www.diario21.tv\/noticias\/irak-en-dos-minutos-diarios-volver-no-no-no\/\" aria-label=\"Leer m\u00e1s sobre Irak en dos minutos diarios: \u00bfVolver? No, no, no\">Seguir leyendo &rarr;<\/a><\/p>\n","protected":false},"author":20,"featured_media":2638,"comment_status":"open","ping_status":"open","sticky":false,"template":"","format":"standard","meta":{"footnotes":""},"categories":[13],"tags":[],"class_list":["post-2637","post","type-post","status-publish","format-standard","has-post-thumbnail","hentry","category-portada"],"yoast_head":"<!-- This site is optimized with the Yoast SEO plugin v25.6 - https:\/\/yoast.com\/wordpress\/plugins\/seo\/ -->\n<title>Irak en dos minutos diarios: \u00bfVolver? No, no, no - Diario 21<\/title>\n<meta name=\"robots\" content=\"index, follow, max-snippet:-1, max-image-preview:large, max-video-preview:-1\" \/>\n<link rel=\"canonical\" href=\"https:\/\/www.diario21.tv\/noticias\/irak-en-dos-minutos-diarios-volver-no-no-no\/\" \/>\n<meta property=\"og:locale\" content=\"es_ES\" \/>\n<meta property=\"og:type\" content=\"article\" \/>\n<meta property=\"og:title\" content=\"Irak en dos minutos diarios: \u00bfVolver? No, no, no - Diario 21\" \/>\n<meta property=\"og:description\" content=\"Retorno a Irak? No, Gracias Tras pasar una cantidad sustancial de tiempo en Irak, la idea de volver no es algo que entusiasme a muchas personas ... Seguir leyendo &rarr;\" \/>\n<meta property=\"og:url\" content=\"https:\/\/www.diario21.tv\/noticias\/irak-en-dos-minutos-diarios-volver-no-no-no\/\" \/>\n<meta property=\"og:site_name\" content=\"Diario 21\" \/>\n<meta property=\"article:published_time\" content=\"2025-03-31T04:32:37+00:00\" \/>\n<meta property=\"article:modified_time\" content=\"2025-03-31T04:32:39+00:00\" \/>\n<meta property=\"og:image\" content=\"https:\/\/www.diario21.tv\/noticias\/wp-content\/uploads\/2025\/03\/Irak-en-dos-minutos-diarios-\u00bfVolver-No-no-no.jpg\" \/>\n\t<meta property=\"og:image:width\" content=\"1920\" \/>\n\t<meta property=\"og:image:height\" content=\"1080\" \/>\n\t<meta property=\"og:image:type\" content=\"image\/jpeg\" \/>\n<meta name=\"author\" content=\"Juan P\u00e9rez\" \/>\n<meta name=\"twitter:card\" content=\"summary_large_image\" \/>\n<meta name=\"twitter:label1\" content=\"Escrito por\" \/>\n\t<meta name=\"twitter:data1\" content=\"Juan P\u00e9rez\" \/>\n\t<meta name=\"twitter:label2\" content=\"Tiempo de lectura\" \/>\n\t<meta name=\"twitter:data2\" content=\"3 minutos\" \/>\n<script type=\"application\/ld+json\" class=\"yoast-schema-graph\">{\"@context\":\"https:\/\/schema.org\",\"@graph\":[{\"@type\":\"WebPage\",\"@id\":\"https:\/\/www.diario21.tv\/noticias\/irak-en-dos-minutos-diarios-volver-no-no-no\/\",\"url\":\"https:\/\/www.diario21.tv\/noticias\/irak-en-dos-minutos-diarios-volver-no-no-no\/\",\"name\":\"Irak en dos minutos diarios: \u00bfVolver? No, no, no - Diario 21\",\"isPartOf\":{\"@id\":\"https:\/\/www.diario21.tv\/noticias\/#website\"},\"primaryImageOfPage\":{\"@id\":\"https:\/\/www.diario21.tv\/noticias\/irak-en-dos-minutos-diarios-volver-no-no-no\/#primaryimage\"},\"image\":{\"@id\":\"https:\/\/www.diario21.tv\/noticias\/irak-en-dos-minutos-diarios-volver-no-no-no\/#primaryimage\"},\"thumbnailUrl\":\"https:\/\/www.diario21.tv\/noticias\/wp-content\/uploads\/2025\/03\/Irak-en-dos-minutos-diarios-\u00bfVolver-No-no-no.jpg\",\"datePublished\":\"2025-03-31T04:32:37+00:00\",\"dateModified\":\"2025-03-31T04:32:39+00:00\",\"author\":{\"@id\":\"https:\/\/www.diario21.tv\/noticias\/#\/schema\/person\/dfb778f73814d8f09f302618446a526b\"},\"breadcrumb\":{\"@id\":\"https:\/\/www.diario21.tv\/noticias\/irak-en-dos-minutos-diarios-volver-no-no-no\/#breadcrumb\"},\"inLanguage\":\"es-AR\",\"potentialAction\":[{\"@type\":\"ReadAction\",\"target\":[\"https:\/\/www.diario21.tv\/noticias\/irak-en-dos-minutos-diarios-volver-no-no-no\/\"]}]},{\"@type\":\"ImageObject\",\"inLanguage\":\"es-AR\",\"@id\":\"https:\/\/www.diario21.tv\/noticias\/irak-en-dos-minutos-diarios-volver-no-no-no\/#primaryimage\",\"url\":\"https:\/\/www.diario21.tv\/noticias\/wp-content\/uploads\/2025\/03\/Irak-en-dos-minutos-diarios-\u00bfVolver-No-no-no.jpg\",\"contentUrl\":\"https:\/\/www.diario21.tv\/noticias\/wp-content\/uploads\/2025\/03\/Irak-en-dos-minutos-diarios-\u00bfVolver-No-no-no.jpg\",\"width\":1920,\"height\":1080,\"caption\":\"\u00ab\u00bfVolver a Irak? No, no, no. Ya paso all\u00ed dos minutos cada d\u00eda\u00bb\"},{\"@type\":\"BreadcrumbList\",\"@id\":\"https:\/\/www.diario21.tv\/noticias\/irak-en-dos-minutos-diarios-volver-no-no-no\/#breadcrumb\",\"itemListElement\":[{\"@type\":\"ListItem\",\"position\":1,\"name\":\"Accueil\",\"item\":\"https:\/\/www.diario21.tv\/noticias\/\"},{\"@type\":\"ListItem\",\"position\":2,\"name\":\"Irak en dos minutos diarios: \u00bfVolver? No, no, no\"}]},{\"@type\":\"WebSite\",\"@id\":\"https:\/\/www.diario21.tv\/noticias\/#website\",\"url\":\"https:\/\/www.diario21.tv\/noticias\/\",\"name\":\"Diario 21\",\"description\":\"\",\"potentialAction\":[{\"@type\":\"SearchAction\",\"target\":{\"@type\":\"EntryPoint\",\"urlTemplate\":\"https:\/\/www.diario21.tv\/noticias\/?s={search_term_string}\"},\"query-input\":{\"@type\":\"PropertyValueSpecification\",\"valueRequired\":true,\"valueName\":\"search_term_string\"}}],\"inLanguage\":\"es-AR\"},{\"@type\":\"Person\",\"@id\":\"https:\/\/www.diario21.tv\/noticias\/#\/schema\/person\/dfb778f73814d8f09f302618446a526b\",\"name\":\"Juan P\u00e9rez\",\"image\":{\"@type\":\"ImageObject\",\"inLanguage\":\"es-AR\",\"@id\":\"https:\/\/www.diario21.tv\/noticias\/#\/schema\/person\/image\/\",\"url\":\"https:\/\/secure.gravatar.com\/avatar\/c478a405bd10621167f4c3167cc770f5?s=96&d=mm&r=g\",\"contentUrl\":\"https:\/\/secure.gravatar.com\/avatar\/c478a405bd10621167f4c3167cc770f5?s=96&d=mm&r=g\",\"caption\":\"Juan P\u00e9rez\"},\"description\":\"Juan P\u00e9rez es el redactor en jefe de Diario 21. Con m\u00e1s de 10 a\u00f1os de experiencia en el periodismo, se especializa en pol\u00edtica nacional y an\u00e1lisis socioecon\u00f3mico. Su enfoque cr\u00edtico y riguroso aporta una perspectiva \u00fanica a cada art\u00edculo.\",\"sameAs\":[\"https:\/\/www.diario21.tv\/noticias\/\"],\"url\":\"https:\/\/www.diario21.tv\/noticias\/author\/juan-perez\/\"}]}<\/script>\n<!-- \/ Yoast SEO plugin. -->","yoast_head_json":{"title":"Irak en dos minutos diarios: \u00bfVolver? No, no, no - Diario 21","robots":{"index":"index","follow":"follow","max-snippet":"max-snippet:-1","max-image-preview":"max-image-preview:large","max-video-preview":"max-video-preview:-1"},"canonical":"https:\/\/www.diario21.tv\/noticias\/irak-en-dos-minutos-diarios-volver-no-no-no\/","og_locale":"es_ES","og_type":"article","og_title":"Irak en dos minutos diarios: \u00bfVolver? No, no, no - Diario 21","og_description":"Retorno a Irak? No, Gracias Tras pasar una cantidad sustancial de tiempo en Irak, la idea de volver no es algo que entusiasme a muchas personas ... Seguir leyendo &rarr;","og_url":"https:\/\/www.diario21.tv\/noticias\/irak-en-dos-minutos-diarios-volver-no-no-no\/","og_site_name":"Diario 21","article_published_time":"2025-03-31T04:32:37+00:00","article_modified_time":"2025-03-31T04:32:39+00:00","og_image":[{"width":1920,"height":1080,"url":"https:\/\/www.diario21.tv\/noticias\/wp-content\/uploads\/2025\/03\/Irak-en-dos-minutos-diarios-\u00bfVolver-No-no-no.jpg","type":"image\/jpeg"}],"author":"Juan P\u00e9rez","twitter_card":"summary_large_image","twitter_misc":{"Escrito por":"Juan P\u00e9rez","Tiempo de lectura":"3 minutos"},"schema":{"@context":"https:\/\/schema.org","@graph":[{"@type":"WebPage","@id":"https:\/\/www.diario21.tv\/noticias\/irak-en-dos-minutos-diarios-volver-no-no-no\/","url":"https:\/\/www.diario21.tv\/noticias\/irak-en-dos-minutos-diarios-volver-no-no-no\/","name":"Irak en dos minutos diarios: \u00bfVolver? No, no, no - Diario 21","isPartOf":{"@id":"https:\/\/www.diario21.tv\/noticias\/#website"},"primaryImageOfPage":{"@id":"https:\/\/www.diario21.tv\/noticias\/irak-en-dos-minutos-diarios-volver-no-no-no\/#primaryimage"},"image":{"@id":"https:\/\/www.diario21.tv\/noticias\/irak-en-dos-minutos-diarios-volver-no-no-no\/#primaryimage"},"thumbnailUrl":"https:\/\/www.diario21.tv\/noticias\/wp-content\/uploads\/2025\/03\/Irak-en-dos-minutos-diarios-\u00bfVolver-No-no-no.jpg","datePublished":"2025-03-31T04:32:37+00:00","dateModified":"2025-03-31T04:32:39+00:00","author":{"@id":"https:\/\/www.diario21.tv\/noticias\/#\/schema\/person\/dfb778f73814d8f09f302618446a526b"},"breadcrumb":{"@id":"https:\/\/www.diario21.tv\/noticias\/irak-en-dos-minutos-diarios-volver-no-no-no\/#breadcrumb"},"inLanguage":"es-AR","potentialAction":[{"@type":"ReadAction","target":["https:\/\/www.diario21.tv\/noticias\/irak-en-dos-minutos-diarios-volver-no-no-no\/"]}]},{"@type":"ImageObject","inLanguage":"es-AR","@id":"https:\/\/www.diario21.tv\/noticias\/irak-en-dos-minutos-diarios-volver-no-no-no\/#primaryimage","url":"https:\/\/www.diario21.tv\/noticias\/wp-content\/uploads\/2025\/03\/Irak-en-dos-minutos-diarios-\u00bfVolver-No-no-no.jpg","contentUrl":"https:\/\/www.diario21.tv\/noticias\/wp-content\/uploads\/2025\/03\/Irak-en-dos-minutos-diarios-\u00bfVolver-No-no-no.jpg","width":1920,"height":1080,"caption":"\u00ab\u00bfVolver a Irak? No, no, no. Ya paso all\u00ed dos minutos cada d\u00eda\u00bb"},{"@type":"BreadcrumbList","@id":"https:\/\/www.diario21.tv\/noticias\/irak-en-dos-minutos-diarios-volver-no-no-no\/#breadcrumb","itemListElement":[{"@type":"ListItem","position":1,"name":"Accueil","item":"https:\/\/www.diario21.tv\/noticias\/"},{"@type":"ListItem","position":2,"name":"Irak en dos minutos diarios: \u00bfVolver? No, no, no"}]},{"@type":"WebSite","@id":"https:\/\/www.diario21.tv\/noticias\/#website","url":"https:\/\/www.diario21.tv\/noticias\/","name":"Diario 21","description":"","potentialAction":[{"@type":"SearchAction","target":{"@type":"EntryPoint","urlTemplate":"https:\/\/www.diario21.tv\/noticias\/?s={search_term_string}"},"query-input":{"@type":"PropertyValueSpecification","valueRequired":true,"valueName":"search_term_string"}}],"inLanguage":"es-AR"},{"@type":"Person","@id":"https:\/\/www.diario21.tv\/noticias\/#\/schema\/person\/dfb778f73814d8f09f302618446a526b","name":"Juan P\u00e9rez","image":{"@type":"ImageObject","inLanguage":"es-AR","@id":"https:\/\/www.diario21.tv\/noticias\/#\/schema\/person\/image\/","url":"https:\/\/secure.gravatar.com\/avatar\/c478a405bd10621167f4c3167cc770f5?s=96&d=mm&r=g","contentUrl":"https:\/\/secure.gravatar.com\/avatar\/c478a405bd10621167f4c3167cc770f5?s=96&d=mm&r=g","caption":"Juan P\u00e9rez"},"description":"Juan P\u00e9rez es el redactor en jefe de Diario 21. Con m\u00e1s de 10 a\u00f1os de experiencia en el periodismo, se especializa en pol\u00edtica nacional y an\u00e1lisis socioecon\u00f3mico. Su enfoque cr\u00edtico y riguroso aporta una perspectiva \u00fanica a cada art\u00edculo.","sameAs":["https:\/\/www.diario21.tv\/noticias\/"],"url":"https:\/\/www.diario21.tv\/noticias\/author\/juan-perez\/"}]}},"_links":{"self":[{"href":"https:\/\/www.diario21.tv\/noticias\/wp-json\/wp\/v2\/posts\/2637"}],"collection":[{"href":"https:\/\/www.diario21.tv\/noticias\/wp-json\/wp\/v2\/posts"}],"about":[{"href":"https:\/\/www.diario21.tv\/noticias\/wp-json\/wp\/v2\/types\/post"}],"author":[{"embeddable":true,"href":"https:\/\/www.diario21.tv\/noticias\/wp-json\/wp\/v2\/users\/20"}],"replies":[{"embeddable":true,"href":"https:\/\/www.diario21.tv\/noticias\/wp-json\/wp\/v2\/comments?post=2637"}],"version-history":[{"count":1,"href":"https:\/\/www.diario21.tv\/noticias\/wp-json\/wp\/v2\/posts\/2637\/revisions"}],"predecessor-version":[{"id":2639,"href":"https:\/\/www.diario21.tv\/noticias\/wp-json\/wp\/v2\/posts\/2637\/revisions\/2639"}],"wp:featuredmedia":[{"embeddable":true,"href":"https:\/\/www.diario21.tv\/noticias\/wp-json\/wp\/v2\/media\/2638"}],"wp:attachment":[{"href":"https:\/\/www.diario21.tv\/noticias\/wp-json\/wp\/v2\/media?parent=2637"}],"wp:term":[{"taxonomy":"category","embeddable":true,"href":"https:\/\/www.diario21.tv\/noticias\/wp-json\/wp\/v2\/categories?post=2637"},{"taxonomy":"post_tag","embeddable":true,"href":"https:\/\/www.diario21.tv\/noticias\/wp-json\/wp\/v2\/tags?post=2637"}],"curies":[{"name":"wp","href":"https:\/\/api.w.org\/{rel}","templated":true}]}}