{"id":2634,"date":"2025-03-30T22:30:54","date_gmt":"2025-03-30T22:30:54","guid":{"rendered":"https:\/\/www.diario21.tv\/noticias\/urgente-fiscalia-pide-alejar-a-agresores-de-joven-con-paralisis-cerebral\/"},"modified":"2025-03-30T22:30:56","modified_gmt":"2025-03-30T22:30:56","slug":"urgente-fiscalia-pide-alejar-a-agresores-de-joven-con-paralisis-cerebral","status":"publish","type":"post","link":"https:\/\/www.diario21.tv\/noticias\/urgente-fiscalia-pide-alejar-a-agresores-de-joven-con-paralisis-cerebral\/","title":{"rendered":"\u00a1Urgente! Fiscal\u00eda pide alejar a agresores de joven con par\u00e1lisis cerebral"},"content":{"rendered":"<h2>La Fiscal\u00eda Pide Medidas de Alejamiento para Agresores de Joven con Par\u00e1lisis Cerebral<\/h2>\n<p>En un reciente caso que ha conmovido a la opini\u00f3n p\u00fablica, la Fiscal\u00eda ha intervenido solicitando medidas restrictivas contra los individuos acusados de agredir a un adolescente que padece de par\u00e1lisis cerebral. Este pedido busca proteger la integridad f\u00edsica y emocional del menor, asegurando que los agresores mantengan una distancia prudencial que garantice la seguridad y el bienestar del joven.<\/p>\n<h3>Detalles del Incidente<\/h3>\n<p>El incidente, que tuvo lugar hace unas semanas, involucr\u00f3 a varios j\u00f3venes que presuntamente acosaron y agredieron f\u00edsicamente al menor, quien debido a su condici\u00f3n de par\u00e1lisis cerebral enfrenta desaf\u00edos adicionales en su d\u00eda a d\u00eda. La agresi\u00f3n no solo dej\u00f3 secuelas f\u00edsicas en el adolescente, sino que tambi\u00e9n ha tenido un impacto psicol\u00f3gico significativo, afectando su confianza y estado emocional.<\/p>\n<h3>Respuesta de las Autoridades<\/h3>\n<p>Tras ser notificadas del incidente, las autoridades locales iniciaron una investigaci\u00f3n para esclarecer los hechos y determinar la responsabilidad de los involucrados. La Fiscal\u00eda, al considerar la gravedad de la situaci\u00f3n y la vulnerabilidad del menor, ha propuesto que se implementen \u00f3rdenes de alejamiento. Estas \u00f3rdenes prohibir\u00edan a los agresores acercarse a una distancia determinada del joven, tanto en su entorno escolar como en otros espacios p\u00fablicos.<\/p>\n<h3>Impacto en la Comunidad<\/h3>\n<p>La comunidad ha reaccionado con consternaci\u00f3n y apoyo hacia el menor y su familia. Diversas organizaciones dedicadas a la defensa de los derechos de personas con discapacidad han expresado su solidaridad y han instado a las autoridades a tomar medidas firmes para prevenir que situaciones similares se repitan en el futuro. La familia del joven ha agradecido el apoyo recibido y ha hecho un llamado a la sociedad para fomentar una cultura de respeto y tolerancia hacia las personas con discapacidades.<\/p>\n<h3>Perspectivas Futuras<\/h3>\n<p>El caso sigue en proceso y se espera que en las pr\u00f3ximas semanas se tomen decisiones judiciales que refuercen la protecci\u00f3n hacia el menor. La Fiscal\u00eda ha manifestado su compromiso de seguir de cerca el desarrollo del caso y asegurar que se haga justicia. Adem\u00e1s, este incidente ha impulsado el debate sobre la necesidad de pol\u00edticas m\u00e1s eficaces para la protecci\u00f3n de personas con discapacidades, especialmente en entornos educativos y sociales.<\/p>\n<p>La intervenci\u00f3n de la Fiscal\u00eda en este caso subraya la importancia de la acci\u00f3n legal inmediata en situaciones donde los derechos y la seguridad de los menores est\u00e1n en riesgo. Se espera que este caso sirva como un precedente para fortalecer las leyes y medidas de protecci\u00f3n para los m\u00e1s vulnerables en la sociedad.<\/p>\n\n\n<div class=\"kk-star-ratings kksr-auto kksr-align-left kksr-valign-bottom\"\n    data-payload='{&quot;align&quot;:&quot;left&quot;,&quot;id&quot;:&quot;2634&quot;,&quot;slug&quot;:&quot;default&quot;,&quot;valign&quot;:&quot;bottom&quot;,&quot;ignore&quot;:&quot;&quot;,&quot;reference&quot;:&quot;auto&quot;,&quot;class&quot;:&quot;&quot;,&quot;count&quot;:&quot;0&quot;,&quot;legendonly&quot;:&quot;&quot;,&quot;readonly&quot;:&quot;&quot;,&quot;score&quot;:&quot;0&quot;,&quot;starsonly&quot;:&quot;&quot;,&quot;best&quot;:&quot;5&quot;,&quot;gap&quot;:&quot;5&quot;,&quot;greet&quot;:&quot;Valora este post&quot;,&quot;legend&quot;:&quot;0\\\/5 - (0 votes)&quot;,&quot;size&quot;:&quot;22&quot;,&quot;title&quot;:&quot;\u00a1Urgente! Fiscal\u00eda pide alejar a agresores de joven con par\u00e1lisis cerebral&quot;,&quot;width&quot;:&quot;0&quot;,&quot;_legend&quot;:&quot;{score}\\\/{best} - ({count} {votes})&quot;,&quot;font_factor&quot;:&quot;1.25&quot;}'>\n            \n<div class=\"kksr-stars\">\n    \n<div class=\"kksr-stars-inactive\">\n            <div class=\"kksr-star\" data-star=\"1\" style=\"padding-right: 5px\">\n            \n\n<div class=\"kksr-icon\" style=\"width: 22px; height: 22px;\"><\/div>\n        <\/div>\n            <div class=\"kksr-star\" data-star=\"2\" style=\"padding-right: 5px\">\n            \n\n<div class=\"kksr-icon\" style=\"width: 22px; height: 22px;\"><\/div>\n        <\/div>\n            <div class=\"kksr-star\" data-star=\"3\" style=\"padding-right: 5px\">\n            \n\n<div class=\"kksr-icon\" style=\"width: 22px; height: 22px;\"><\/div>\n        <\/div>\n            <div class=\"kksr-star\" data-star=\"4\" style=\"padding-right: 5px\">\n            \n\n<div class=\"kksr-icon\" style=\"width: 22px; height: 22px;\"><\/div>\n        <\/div>\n            <div class=\"kksr-star\" data-star=\"5\" style=\"padding-right: 5px\">\n            \n\n<div class=\"kksr-icon\" style=\"width: 22px; height: 22px;\"><\/div>\n        <\/div>\n    <\/div>\n    \n<div class=\"kksr-stars-active\" style=\"width: 0px;\">\n            <div class=\"kksr-star\" style=\"padding-right: 5px\">\n            \n\n<div class=\"kksr-icon\" style=\"width: 22px; height: 22px;\"><\/div>\n        <\/div>\n            <div class=\"kksr-star\" style=\"padding-right: 5px\">\n            \n\n<div class=\"kksr-icon\" style=\"width: 22px; height: 22px;\"><\/div>\n        <\/div>\n            <div class=\"kksr-star\" style=\"padding-right: 5px\">\n            \n\n<div class=\"kksr-icon\" style=\"width: 22px; height: 22px;\"><\/div>\n        <\/div>\n            <div class=\"kksr-star\" style=\"padding-right: 5px\">\n            \n\n<div class=\"kksr-icon\" style=\"width: 22px; height: 22px;\"><\/div>\n        <\/div>\n            <div class=\"kksr-star\" style=\"padding-right: 5px\">\n            \n\n<div class=\"kksr-icon\" style=\"width: 22px; height: 22px;\"><\/div>\n        <\/div>\n    <\/div>\n<\/div>\n                \n\n<div class=\"kksr-legend\" style=\"font-size: 17.6px;\">\n            <span class=\"kksr-muted\">Valora este post<\/span>\n    <\/div>\n    <\/div>\n","protected":false},"excerpt":{"rendered":"<p>La Fiscal\u00eda Pide Medidas de Alejamiento para Agresores de Joven con Par\u00e1lisis Cerebral En un reciente caso que ha conmovido a la opini\u00f3n p\u00fablica, la Fiscal\u00eda &#8230; <a title=\"\u00a1Urgente! Fiscal\u00eda pide alejar a agresores de joven con par\u00e1lisis cerebral\" class=\"read-more\" href=\"https:\/\/www.diario21.tv\/noticias\/urgente-fiscalia-pide-alejar-a-agresores-de-joven-con-paralisis-cerebral\/\" aria-label=\"Leer m\u00e1s sobre \u00a1Urgente! Fiscal\u00eda pide alejar a agresores de joven con par\u00e1lisis cerebral\">Seguir leyendo &rarr;<\/a><\/p>\n","protected":false},"author":20,"featured_media":2635,"comment_status":"open","ping_status":"open","sticky":false,"template":"","format":"standard","meta":{"footnotes":""},"categories":[13],"tags":[],"class_list":["post-2634","post","type-post","status-publish","format-standard","has-post-thumbnail","hentry","category-portada"],"yoast_head":"<!-- This site is optimized with the Yoast SEO plugin v25.6 - https:\/\/yoast.com\/wordpress\/plugins\/seo\/ -->\n<title>\u00a1Urgente! Fiscal\u00eda pide alejar a agresores de joven con par\u00e1lisis cerebral - Diario 21<\/title>\n<meta name=\"robots\" content=\"index, follow, max-snippet:-1, max-image-preview:large, max-video-preview:-1\" \/>\n<link rel=\"canonical\" href=\"https:\/\/www.diario21.tv\/noticias\/urgente-fiscalia-pide-alejar-a-agresores-de-joven-con-paralisis-cerebral\/\" \/>\n<meta property=\"og:locale\" content=\"es_ES\" \/>\n<meta property=\"og:type\" content=\"article\" \/>\n<meta property=\"og:title\" content=\"\u00a1Urgente! Fiscal\u00eda pide alejar a agresores de joven con par\u00e1lisis cerebral - Diario 21\" \/>\n<meta property=\"og:description\" content=\"La Fiscal\u00eda Pide Medidas de Alejamiento para Agresores de Joven con Par\u00e1lisis Cerebral En un reciente caso que ha conmovido a la opini\u00f3n p\u00fablica, la Fiscal\u00eda ... Seguir leyendo &rarr;\" \/>\n<meta property=\"og:url\" content=\"https:\/\/www.diario21.tv\/noticias\/urgente-fiscalia-pide-alejar-a-agresores-de-joven-con-paralisis-cerebral\/\" \/>\n<meta property=\"og:site_name\" content=\"Diario 21\" \/>\n<meta property=\"article:published_time\" content=\"2025-03-30T22:30:54+00:00\" \/>\n<meta property=\"article:modified_time\" content=\"2025-03-30T22:30:56+00:00\" \/>\n<meta property=\"og:image\" content=\"https:\/\/www.diario21.tv\/noticias\/wp-content\/uploads\/2025\/03\/\u00a1Urgente-Fiscalia-pide-alejar-a-agresores-de-joven-con-paralisis.jpg\" \/>\n\t<meta property=\"og:image:width\" content=\"1916\" \/>\n\t<meta property=\"og:image:height\" content=\"1080\" \/>\n\t<meta property=\"og:image:type\" content=\"image\/jpeg\" \/>\n<meta name=\"author\" content=\"Juan P\u00e9rez\" \/>\n<meta name=\"twitter:card\" content=\"summary_large_image\" \/>\n<meta name=\"twitter:label1\" content=\"Escrito por\" \/>\n\t<meta name=\"twitter:data1\" content=\"Juan P\u00e9rez\" \/>\n\t<meta name=\"twitter:label2\" content=\"Tiempo de lectura\" \/>\n\t<meta name=\"twitter:data2\" content=\"2 minutos\" \/>\n<script type=\"application\/ld+json\" class=\"yoast-schema-graph\">{\"@context\":\"https:\/\/schema.org\",\"@graph\":[{\"@type\":\"WebPage\",\"@id\":\"https:\/\/www.diario21.tv\/noticias\/urgente-fiscalia-pide-alejar-a-agresores-de-joven-con-paralisis-cerebral\/\",\"url\":\"https:\/\/www.diario21.tv\/noticias\/urgente-fiscalia-pide-alejar-a-agresores-de-joven-con-paralisis-cerebral\/\",\"name\":\"\u00a1Urgente! Fiscal\u00eda pide alejar a agresores de joven con par\u00e1lisis cerebral - Diario 21\",\"isPartOf\":{\"@id\":\"https:\/\/www.diario21.tv\/noticias\/#website\"},\"primaryImageOfPage\":{\"@id\":\"https:\/\/www.diario21.tv\/noticias\/urgente-fiscalia-pide-alejar-a-agresores-de-joven-con-paralisis-cerebral\/#primaryimage\"},\"image\":{\"@id\":\"https:\/\/www.diario21.tv\/noticias\/urgente-fiscalia-pide-alejar-a-agresores-de-joven-con-paralisis-cerebral\/#primaryimage\"},\"thumbnailUrl\":\"https:\/\/www.diario21.tv\/noticias\/wp-content\/uploads\/2025\/03\/\u00a1Urgente-Fiscalia-pide-alejar-a-agresores-de-joven-con-paralisis.jpg\",\"datePublished\":\"2025-03-30T22:30:54+00:00\",\"dateModified\":\"2025-03-30T22:30:56+00:00\",\"author\":{\"@id\":\"https:\/\/www.diario21.tv\/noticias\/#\/schema\/person\/dfb778f73814d8f09f302618446a526b\"},\"breadcrumb\":{\"@id\":\"https:\/\/www.diario21.tv\/noticias\/urgente-fiscalia-pide-alejar-a-agresores-de-joven-con-paralisis-cerebral\/#breadcrumb\"},\"inLanguage\":\"es-AR\",\"potentialAction\":[{\"@type\":\"ReadAction\",\"target\":[\"https:\/\/www.diario21.tv\/noticias\/urgente-fiscalia-pide-alejar-a-agresores-de-joven-con-paralisis-cerebral\/\"]}]},{\"@type\":\"ImageObject\",\"inLanguage\":\"es-AR\",\"@id\":\"https:\/\/www.diario21.tv\/noticias\/urgente-fiscalia-pide-alejar-a-agresores-de-joven-con-paralisis-cerebral\/#primaryimage\",\"url\":\"https:\/\/www.diario21.tv\/noticias\/wp-content\/uploads\/2025\/03\/\u00a1Urgente-Fiscalia-pide-alejar-a-agresores-de-joven-con-paralisis.jpg\",\"contentUrl\":\"https:\/\/www.diario21.tv\/noticias\/wp-content\/uploads\/2025\/03\/\u00a1Urgente-Fiscalia-pide-alejar-a-agresores-de-joven-con-paralisis.jpg\",\"width\":1916,\"height\":1080,\"caption\":\"La Fiscal\u00eda solicita el alejamiento para los agresores del menor con par\u00e1lisis cerebral\"},{\"@type\":\"BreadcrumbList\",\"@id\":\"https:\/\/www.diario21.tv\/noticias\/urgente-fiscalia-pide-alejar-a-agresores-de-joven-con-paralisis-cerebral\/#breadcrumb\",\"itemListElement\":[{\"@type\":\"ListItem\",\"position\":1,\"name\":\"Accueil\",\"item\":\"https:\/\/www.diario21.tv\/noticias\/\"},{\"@type\":\"ListItem\",\"position\":2,\"name\":\"\u00a1Urgente! Fiscal\u00eda pide alejar a agresores de joven con par\u00e1lisis cerebral\"}]},{\"@type\":\"WebSite\",\"@id\":\"https:\/\/www.diario21.tv\/noticias\/#website\",\"url\":\"https:\/\/www.diario21.tv\/noticias\/\",\"name\":\"Diario 21\",\"description\":\"\",\"potentialAction\":[{\"@type\":\"SearchAction\",\"target\":{\"@type\":\"EntryPoint\",\"urlTemplate\":\"https:\/\/www.diario21.tv\/noticias\/?s={search_term_string}\"},\"query-input\":{\"@type\":\"PropertyValueSpecification\",\"valueRequired\":true,\"valueName\":\"search_term_string\"}}],\"inLanguage\":\"es-AR\"},{\"@type\":\"Person\",\"@id\":\"https:\/\/www.diario21.tv\/noticias\/#\/schema\/person\/dfb778f73814d8f09f302618446a526b\",\"name\":\"Juan P\u00e9rez\",\"image\":{\"@type\":\"ImageObject\",\"inLanguage\":\"es-AR\",\"@id\":\"https:\/\/www.diario21.tv\/noticias\/#\/schema\/person\/image\/\",\"url\":\"https:\/\/secure.gravatar.com\/avatar\/c478a405bd10621167f4c3167cc770f5?s=96&d=mm&r=g\",\"contentUrl\":\"https:\/\/secure.gravatar.com\/avatar\/c478a405bd10621167f4c3167cc770f5?s=96&d=mm&r=g\",\"caption\":\"Juan P\u00e9rez\"},\"description\":\"Juan P\u00e9rez es el redactor en jefe de Diario 21. Con m\u00e1s de 10 a\u00f1os de experiencia en el periodismo, se especializa en pol\u00edtica nacional y an\u00e1lisis socioecon\u00f3mico. Su enfoque cr\u00edtico y riguroso aporta una perspectiva \u00fanica a cada art\u00edculo.\",\"sameAs\":[\"https:\/\/www.diario21.tv\/noticias\/\"],\"url\":\"https:\/\/www.diario21.tv\/noticias\/author\/juan-perez\/\"}]}<\/script>\n<!-- \/ Yoast SEO plugin. -->","yoast_head_json":{"title":"\u00a1Urgente! Fiscal\u00eda pide alejar a agresores de joven con par\u00e1lisis cerebral - Diario 21","robots":{"index":"index","follow":"follow","max-snippet":"max-snippet:-1","max-image-preview":"max-image-preview:large","max-video-preview":"max-video-preview:-1"},"canonical":"https:\/\/www.diario21.tv\/noticias\/urgente-fiscalia-pide-alejar-a-agresores-de-joven-con-paralisis-cerebral\/","og_locale":"es_ES","og_type":"article","og_title":"\u00a1Urgente! Fiscal\u00eda pide alejar a agresores de joven con par\u00e1lisis cerebral - Diario 21","og_description":"La Fiscal\u00eda Pide Medidas de Alejamiento para Agresores de Joven con Par\u00e1lisis Cerebral En un reciente caso que ha conmovido a la opini\u00f3n p\u00fablica, la Fiscal\u00eda ... Seguir leyendo &rarr;","og_url":"https:\/\/www.diario21.tv\/noticias\/urgente-fiscalia-pide-alejar-a-agresores-de-joven-con-paralisis-cerebral\/","og_site_name":"Diario 21","article_published_time":"2025-03-30T22:30:54+00:00","article_modified_time":"2025-03-30T22:30:56+00:00","og_image":[{"width":1916,"height":1080,"url":"https:\/\/www.diario21.tv\/noticias\/wp-content\/uploads\/2025\/03\/\u00a1Urgente-Fiscalia-pide-alejar-a-agresores-de-joven-con-paralisis.jpg","type":"image\/jpeg"}],"author":"Juan P\u00e9rez","twitter_card":"summary_large_image","twitter_misc":{"Escrito por":"Juan P\u00e9rez","Tiempo de lectura":"2 minutos"},"schema":{"@context":"https:\/\/schema.org","@graph":[{"@type":"WebPage","@id":"https:\/\/www.diario21.tv\/noticias\/urgente-fiscalia-pide-alejar-a-agresores-de-joven-con-paralisis-cerebral\/","url":"https:\/\/www.diario21.tv\/noticias\/urgente-fiscalia-pide-alejar-a-agresores-de-joven-con-paralisis-cerebral\/","name":"\u00a1Urgente! Fiscal\u00eda pide alejar a agresores de joven con par\u00e1lisis cerebral - Diario 21","isPartOf":{"@id":"https:\/\/www.diario21.tv\/noticias\/#website"},"primaryImageOfPage":{"@id":"https:\/\/www.diario21.tv\/noticias\/urgente-fiscalia-pide-alejar-a-agresores-de-joven-con-paralisis-cerebral\/#primaryimage"},"image":{"@id":"https:\/\/www.diario21.tv\/noticias\/urgente-fiscalia-pide-alejar-a-agresores-de-joven-con-paralisis-cerebral\/#primaryimage"},"thumbnailUrl":"https:\/\/www.diario21.tv\/noticias\/wp-content\/uploads\/2025\/03\/\u00a1Urgente-Fiscalia-pide-alejar-a-agresores-de-joven-con-paralisis.jpg","datePublished":"2025-03-30T22:30:54+00:00","dateModified":"2025-03-30T22:30:56+00:00","author":{"@id":"https:\/\/www.diario21.tv\/noticias\/#\/schema\/person\/dfb778f73814d8f09f302618446a526b"},"breadcrumb":{"@id":"https:\/\/www.diario21.tv\/noticias\/urgente-fiscalia-pide-alejar-a-agresores-de-joven-con-paralisis-cerebral\/#breadcrumb"},"inLanguage":"es-AR","potentialAction":[{"@type":"ReadAction","target":["https:\/\/www.diario21.tv\/noticias\/urgente-fiscalia-pide-alejar-a-agresores-de-joven-con-paralisis-cerebral\/"]}]},{"@type":"ImageObject","inLanguage":"es-AR","@id":"https:\/\/www.diario21.tv\/noticias\/urgente-fiscalia-pide-alejar-a-agresores-de-joven-con-paralisis-cerebral\/#primaryimage","url":"https:\/\/www.diario21.tv\/noticias\/wp-content\/uploads\/2025\/03\/\u00a1Urgente-Fiscalia-pide-alejar-a-agresores-de-joven-con-paralisis.jpg","contentUrl":"https:\/\/www.diario21.tv\/noticias\/wp-content\/uploads\/2025\/03\/\u00a1Urgente-Fiscalia-pide-alejar-a-agresores-de-joven-con-paralisis.jpg","width":1916,"height":1080,"caption":"La Fiscal\u00eda solicita el alejamiento para los agresores del menor con par\u00e1lisis cerebral"},{"@type":"BreadcrumbList","@id":"https:\/\/www.diario21.tv\/noticias\/urgente-fiscalia-pide-alejar-a-agresores-de-joven-con-paralisis-cerebral\/#breadcrumb","itemListElement":[{"@type":"ListItem","position":1,"name":"Accueil","item":"https:\/\/www.diario21.tv\/noticias\/"},{"@type":"ListItem","position":2,"name":"\u00a1Urgente! Fiscal\u00eda pide alejar a agresores de joven con par\u00e1lisis cerebral"}]},{"@type":"WebSite","@id":"https:\/\/www.diario21.tv\/noticias\/#website","url":"https:\/\/www.diario21.tv\/noticias\/","name":"Diario 21","description":"","potentialAction":[{"@type":"SearchAction","target":{"@type":"EntryPoint","urlTemplate":"https:\/\/www.diario21.tv\/noticias\/?s={search_term_string}"},"query-input":{"@type":"PropertyValueSpecification","valueRequired":true,"valueName":"search_term_string"}}],"inLanguage":"es-AR"},{"@type":"Person","@id":"https:\/\/www.diario21.tv\/noticias\/#\/schema\/person\/dfb778f73814d8f09f302618446a526b","name":"Juan P\u00e9rez","image":{"@type":"ImageObject","inLanguage":"es-AR","@id":"https:\/\/www.diario21.tv\/noticias\/#\/schema\/person\/image\/","url":"https:\/\/secure.gravatar.com\/avatar\/c478a405bd10621167f4c3167cc770f5?s=96&d=mm&r=g","contentUrl":"https:\/\/secure.gravatar.com\/avatar\/c478a405bd10621167f4c3167cc770f5?s=96&d=mm&r=g","caption":"Juan P\u00e9rez"},"description":"Juan P\u00e9rez es el redactor en jefe de Diario 21. Con m\u00e1s de 10 a\u00f1os de experiencia en el periodismo, se especializa en pol\u00edtica nacional y an\u00e1lisis socioecon\u00f3mico. Su enfoque cr\u00edtico y riguroso aporta una perspectiva \u00fanica a cada art\u00edculo.","sameAs":["https:\/\/www.diario21.tv\/noticias\/"],"url":"https:\/\/www.diario21.tv\/noticias\/author\/juan-perez\/"}]}},"_links":{"self":[{"href":"https:\/\/www.diario21.tv\/noticias\/wp-json\/wp\/v2\/posts\/2634"}],"collection":[{"href":"https:\/\/www.diario21.tv\/noticias\/wp-json\/wp\/v2\/posts"}],"about":[{"href":"https:\/\/www.diario21.tv\/noticias\/wp-json\/wp\/v2\/types\/post"}],"author":[{"embeddable":true,"href":"https:\/\/www.diario21.tv\/noticias\/wp-json\/wp\/v2\/users\/20"}],"replies":[{"embeddable":true,"href":"https:\/\/www.diario21.tv\/noticias\/wp-json\/wp\/v2\/comments?post=2634"}],"version-history":[{"count":1,"href":"https:\/\/www.diario21.tv\/noticias\/wp-json\/wp\/v2\/posts\/2634\/revisions"}],"predecessor-version":[{"id":2636,"href":"https:\/\/www.diario21.tv\/noticias\/wp-json\/wp\/v2\/posts\/2634\/revisions\/2636"}],"wp:featuredmedia":[{"embeddable":true,"href":"https:\/\/www.diario21.tv\/noticias\/wp-json\/wp\/v2\/media\/2635"}],"wp:attachment":[{"href":"https:\/\/www.diario21.tv\/noticias\/wp-json\/wp\/v2\/media?parent=2634"}],"wp:term":[{"taxonomy":"category","embeddable":true,"href":"https:\/\/www.diario21.tv\/noticias\/wp-json\/wp\/v2\/categories?post=2634"},{"taxonomy":"post_tag","embeddable":true,"href":"https:\/\/www.diario21.tv\/noticias\/wp-json\/wp\/v2\/tags?post=2634"}],"curies":[{"name":"wp","href":"https:\/\/api.w.org\/{rel}","templated":true}]}}