{"id":2601,"date":"2025-03-27T21:16:52","date_gmt":"2025-03-27T21:16:52","guid":{"rendered":"https:\/\/www.diario21.tv\/noticias\/alerta-en-albacete-detienen-a-hombre-por-envenenar-aves-rapaces\/"},"modified":"2025-03-27T21:16:54","modified_gmt":"2025-03-27T21:16:54","slug":"alerta-en-albacete-detienen-a-hombre-por-envenenar-aves-rapaces","status":"publish","type":"post","link":"https:\/\/www.diario21.tv\/noticias\/alerta-en-albacete-detienen-a-hombre-por-envenenar-aves-rapaces\/","title":{"rendered":"\u00a1Alerta en Albacete! Detienen a hombre por envenenar aves rapaces"},"content":{"rendered":"<h2>Arresto en Albacete por envenenamiento de aves rapaces<\/h2>\n<p>En un suceso reciente en Albacete, las autoridades han detenido a un individuo acusado de envenenar a varias aves rapaces. Este acto ha generado gran preocupaci\u00f3n entre los grupos de conservaci\u00f3n y la comunidad local, dado el impacto negativo en la biodiversidad de la regi\u00f3n.<\/p>\n<h3>Descubrimiento y captura del sospechoso<\/h3>\n<p>La investigaci\u00f3n comenz\u00f3 cuando se hallaron m\u00faltiples rapaces muertas en una zona rural cercana a Albacete. Los an\u00e1lisis toxicol\u00f3gicos confirmaron que las aves hab\u00edan sido envenenadas. Tras una serie de indagaciones, la Guardia Civil identific\u00f3 y arrest\u00f3 al presunto responsable, un hombre local cuyas actividades hab\u00edan levantado sospechas.<\/p>\n<h3>Impacto ambiental del envenenamiento<\/h3>\n<p>El envenenamiento de aves rapaces es un problema grave que afecta no solo a estas aves, sino a todo el ecosistema. Las rapaces son controladores naturales de plagas y su disminuci\u00f3n puede llevar a un desbalance en el h\u00e1bitat local. Adem\u00e1s, este tipo de actos il\u00edcitos contribuyen a la disminuci\u00f3n de especies ya de por s\u00ed en situaci\u00f3n de vulnerabilidad.<\/p>\n<h3>Medidas legales y consecuencias<\/h3>\n<p>El hombre detenido en Albacete enfrenta serias acusaciones bajo las leyes de protecci\u00f3n de fauna y flora. Este tipo de delitos son severamente castigados dado su impacto en la conservaci\u00f3n de la naturaleza. Las autoridades han reiterado su compromiso en la lucha contra el envenenamiento de la vida silvestre y contin\u00faan trabajando en la sensibilizaci\u00f3n y la educaci\u00f3n de la comunidad para prevenir futuros incidentes.<\/p>\n<p>Este caso subraya la importancia de la vigilancia y la acci\u00f3n legal r\u00e1pida para preservar la integridad de los ecosistemas naturales y proteger la vida silvestre.<\/p>\n\n\n<div class=\"kk-star-ratings kksr-auto kksr-align-left kksr-valign-bottom\"\n    data-payload='{&quot;align&quot;:&quot;left&quot;,&quot;id&quot;:&quot;2601&quot;,&quot;slug&quot;:&quot;default&quot;,&quot;valign&quot;:&quot;bottom&quot;,&quot;ignore&quot;:&quot;&quot;,&quot;reference&quot;:&quot;auto&quot;,&quot;class&quot;:&quot;&quot;,&quot;count&quot;:&quot;0&quot;,&quot;legendonly&quot;:&quot;&quot;,&quot;readonly&quot;:&quot;&quot;,&quot;score&quot;:&quot;0&quot;,&quot;starsonly&quot;:&quot;&quot;,&quot;best&quot;:&quot;5&quot;,&quot;gap&quot;:&quot;5&quot;,&quot;greet&quot;:&quot;Valora este post&quot;,&quot;legend&quot;:&quot;0\\\/5 - (0 votes)&quot;,&quot;size&quot;:&quot;22&quot;,&quot;title&quot;:&quot;\u00a1Alerta en Albacete! Detienen a hombre por envenenar aves rapaces&quot;,&quot;width&quot;:&quot;0&quot;,&quot;_legend&quot;:&quot;{score}\\\/{best} - ({count} {votes})&quot;,&quot;font_factor&quot;:&quot;1.25&quot;}'>\n            \n<div class=\"kksr-stars\">\n    \n<div class=\"kksr-stars-inactive\">\n            <div class=\"kksr-star\" data-star=\"1\" style=\"padding-right: 5px\">\n            \n\n<div class=\"kksr-icon\" style=\"width: 22px; height: 22px;\"><\/div>\n        <\/div>\n            <div class=\"kksr-star\" data-star=\"2\" style=\"padding-right: 5px\">\n            \n\n<div class=\"kksr-icon\" style=\"width: 22px; height: 22px;\"><\/div>\n        <\/div>\n            <div class=\"kksr-star\" data-star=\"3\" style=\"padding-right: 5px\">\n            \n\n<div class=\"kksr-icon\" style=\"width: 22px; height: 22px;\"><\/div>\n        <\/div>\n            <div class=\"kksr-star\" data-star=\"4\" style=\"padding-right: 5px\">\n            \n\n<div class=\"kksr-icon\" style=\"width: 22px; height: 22px;\"><\/div>\n        <\/div>\n            <div class=\"kksr-star\" data-star=\"5\" style=\"padding-right: 5px\">\n            \n\n<div class=\"kksr-icon\" style=\"width: 22px; height: 22px;\"><\/div>\n        <\/div>\n    <\/div>\n    \n<div class=\"kksr-stars-active\" style=\"width: 0px;\">\n            <div class=\"kksr-star\" style=\"padding-right: 5px\">\n            \n\n<div class=\"kksr-icon\" style=\"width: 22px; height: 22px;\"><\/div>\n        <\/div>\n            <div class=\"kksr-star\" style=\"padding-right: 5px\">\n            \n\n<div class=\"kksr-icon\" style=\"width: 22px; height: 22px;\"><\/div>\n        <\/div>\n            <div class=\"kksr-star\" style=\"padding-right: 5px\">\n            \n\n<div class=\"kksr-icon\" style=\"width: 22px; height: 22px;\"><\/div>\n        <\/div>\n            <div class=\"kksr-star\" style=\"padding-right: 5px\">\n            \n\n<div class=\"kksr-icon\" style=\"width: 22px; height: 22px;\"><\/div>\n        <\/div>\n            <div class=\"kksr-star\" style=\"padding-right: 5px\">\n            \n\n<div class=\"kksr-icon\" style=\"width: 22px; height: 22px;\"><\/div>\n        <\/div>\n    <\/div>\n<\/div>\n                \n\n<div class=\"kksr-legend\" style=\"font-size: 17.6px;\">\n            <span class=\"kksr-muted\">Valora este post<\/span>\n    <\/div>\n    <\/div>\n","protected":false},"excerpt":{"rendered":"<p>Arresto en Albacete por envenenamiento de aves rapaces En un suceso reciente en Albacete, las autoridades han detenido a un individuo acusado de envenenar a varias &#8230; <a title=\"\u00a1Alerta en Albacete! Detienen a hombre por envenenar aves rapaces\" class=\"read-more\" href=\"https:\/\/www.diario21.tv\/noticias\/alerta-en-albacete-detienen-a-hombre-por-envenenar-aves-rapaces\/\" aria-label=\"Leer m\u00e1s sobre \u00a1Alerta en Albacete! Detienen a hombre por envenenar aves rapaces\">Seguir leyendo &rarr;<\/a><\/p>\n","protected":false},"author":20,"featured_media":2602,"comment_status":"open","ping_status":"open","sticky":false,"template":"","format":"standard","meta":{"footnotes":""},"categories":[13],"tags":[],"class_list":["post-2601","post","type-post","status-publish","format-standard","has-post-thumbnail","hentry","category-portada"],"yoast_head":"<!-- This site is optimized with the Yoast SEO plugin v25.6 - https:\/\/yoast.com\/wordpress\/plugins\/seo\/ -->\n<title>\u00a1Alerta en Albacete! Detienen a hombre por envenenar aves rapaces - Diario 21<\/title>\n<meta name=\"robots\" content=\"index, follow, max-snippet:-1, max-image-preview:large, max-video-preview:-1\" \/>\n<link rel=\"canonical\" href=\"https:\/\/www.diario21.tv\/noticias\/alerta-en-albacete-detienen-a-hombre-por-envenenar-aves-rapaces\/\" \/>\n<meta property=\"og:locale\" content=\"es_ES\" \/>\n<meta property=\"og:type\" content=\"article\" \/>\n<meta property=\"og:title\" content=\"\u00a1Alerta en Albacete! Detienen a hombre por envenenar aves rapaces - Diario 21\" \/>\n<meta property=\"og:description\" content=\"Arresto en Albacete por envenenamiento de aves rapaces En un suceso reciente en Albacete, las autoridades han detenido a un individuo acusado de envenenar a varias ... Seguir leyendo &rarr;\" \/>\n<meta property=\"og:url\" content=\"https:\/\/www.diario21.tv\/noticias\/alerta-en-albacete-detienen-a-hombre-por-envenenar-aves-rapaces\/\" \/>\n<meta property=\"og:site_name\" content=\"Diario 21\" \/>\n<meta property=\"article:published_time\" content=\"2025-03-27T21:16:52+00:00\" \/>\n<meta property=\"article:modified_time\" content=\"2025-03-27T21:16:54+00:00\" \/>\n<meta property=\"og:image\" content=\"https:\/\/www.diario21.tv\/noticias\/wp-content\/uploads\/2025\/03\/\u00a1Alerta-en-Albacete-Detienen-a-hombre-por-envenenar-aves-rapaces.jpeg\" \/>\n\t<meta property=\"og:image:width\" content=\"1920\" \/>\n\t<meta property=\"og:image:height\" content=\"1080\" \/>\n\t<meta property=\"og:image:type\" content=\"image\/jpeg\" \/>\n<meta name=\"author\" content=\"Juan P\u00e9rez\" \/>\n<meta name=\"twitter:card\" content=\"summary_large_image\" \/>\n<meta name=\"twitter:label1\" content=\"Escrito por\" \/>\n\t<meta name=\"twitter:data1\" content=\"Juan P\u00e9rez\" \/>\n\t<meta name=\"twitter:label2\" content=\"Tiempo de lectura\" \/>\n\t<meta name=\"twitter:data2\" content=\"1 minuto\" \/>\n<script type=\"application\/ld+json\" class=\"yoast-schema-graph\">{\"@context\":\"https:\/\/schema.org\",\"@graph\":[{\"@type\":\"WebPage\",\"@id\":\"https:\/\/www.diario21.tv\/noticias\/alerta-en-albacete-detienen-a-hombre-por-envenenar-aves-rapaces\/\",\"url\":\"https:\/\/www.diario21.tv\/noticias\/alerta-en-albacete-detienen-a-hombre-por-envenenar-aves-rapaces\/\",\"name\":\"\u00a1Alerta en Albacete! Detienen a hombre por envenenar aves rapaces - Diario 21\",\"isPartOf\":{\"@id\":\"https:\/\/www.diario21.tv\/noticias\/#website\"},\"primaryImageOfPage\":{\"@id\":\"https:\/\/www.diario21.tv\/noticias\/alerta-en-albacete-detienen-a-hombre-por-envenenar-aves-rapaces\/#primaryimage\"},\"image\":{\"@id\":\"https:\/\/www.diario21.tv\/noticias\/alerta-en-albacete-detienen-a-hombre-por-envenenar-aves-rapaces\/#primaryimage\"},\"thumbnailUrl\":\"https:\/\/www.diario21.tv\/noticias\/wp-content\/uploads\/2025\/03\/\u00a1Alerta-en-Albacete-Detienen-a-hombre-por-envenenar-aves-rapaces.jpeg\",\"datePublished\":\"2025-03-27T21:16:52+00:00\",\"dateModified\":\"2025-03-27T21:16:54+00:00\",\"author\":{\"@id\":\"https:\/\/www.diario21.tv\/noticias\/#\/schema\/person\/dfb778f73814d8f09f302618446a526b\"},\"breadcrumb\":{\"@id\":\"https:\/\/www.diario21.tv\/noticias\/alerta-en-albacete-detienen-a-hombre-por-envenenar-aves-rapaces\/#breadcrumb\"},\"inLanguage\":\"es-AR\",\"potentialAction\":[{\"@type\":\"ReadAction\",\"target\":[\"https:\/\/www.diario21.tv\/noticias\/alerta-en-albacete-detienen-a-hombre-por-envenenar-aves-rapaces\/\"]}]},{\"@type\":\"ImageObject\",\"inLanguage\":\"es-AR\",\"@id\":\"https:\/\/www.diario21.tv\/noticias\/alerta-en-albacete-detienen-a-hombre-por-envenenar-aves-rapaces\/#primaryimage\",\"url\":\"https:\/\/www.diario21.tv\/noticias\/wp-content\/uploads\/2025\/03\/\u00a1Alerta-en-Albacete-Detienen-a-hombre-por-envenenar-aves-rapaces.jpeg\",\"contentUrl\":\"https:\/\/www.diario21.tv\/noticias\/wp-content\/uploads\/2025\/03\/\u00a1Alerta-en-Albacete-Detienen-a-hombre-por-envenenar-aves-rapaces.jpeg\",\"width\":1920,\"height\":1080,\"caption\":\"Detenido un hombre en Albacete por envenenar rapaces\"},{\"@type\":\"BreadcrumbList\",\"@id\":\"https:\/\/www.diario21.tv\/noticias\/alerta-en-albacete-detienen-a-hombre-por-envenenar-aves-rapaces\/#breadcrumb\",\"itemListElement\":[{\"@type\":\"ListItem\",\"position\":1,\"name\":\"Accueil\",\"item\":\"https:\/\/www.diario21.tv\/noticias\/\"},{\"@type\":\"ListItem\",\"position\":2,\"name\":\"\u00a1Alerta en Albacete! Detienen a hombre por envenenar aves rapaces\"}]},{\"@type\":\"WebSite\",\"@id\":\"https:\/\/www.diario21.tv\/noticias\/#website\",\"url\":\"https:\/\/www.diario21.tv\/noticias\/\",\"name\":\"Diario 21\",\"description\":\"\",\"potentialAction\":[{\"@type\":\"SearchAction\",\"target\":{\"@type\":\"EntryPoint\",\"urlTemplate\":\"https:\/\/www.diario21.tv\/noticias\/?s={search_term_string}\"},\"query-input\":{\"@type\":\"PropertyValueSpecification\",\"valueRequired\":true,\"valueName\":\"search_term_string\"}}],\"inLanguage\":\"es-AR\"},{\"@type\":\"Person\",\"@id\":\"https:\/\/www.diario21.tv\/noticias\/#\/schema\/person\/dfb778f73814d8f09f302618446a526b\",\"name\":\"Juan P\u00e9rez\",\"image\":{\"@type\":\"ImageObject\",\"inLanguage\":\"es-AR\",\"@id\":\"https:\/\/www.diario21.tv\/noticias\/#\/schema\/person\/image\/\",\"url\":\"https:\/\/secure.gravatar.com\/avatar\/c478a405bd10621167f4c3167cc770f5?s=96&d=mm&r=g\",\"contentUrl\":\"https:\/\/secure.gravatar.com\/avatar\/c478a405bd10621167f4c3167cc770f5?s=96&d=mm&r=g\",\"caption\":\"Juan P\u00e9rez\"},\"description\":\"Juan P\u00e9rez es el redactor en jefe de Diario 21. Con m\u00e1s de 10 a\u00f1os de experiencia en el periodismo, se especializa en pol\u00edtica nacional y an\u00e1lisis socioecon\u00f3mico. Su enfoque cr\u00edtico y riguroso aporta una perspectiva \u00fanica a cada art\u00edculo.\",\"sameAs\":[\"https:\/\/www.diario21.tv\/noticias\/\"],\"url\":\"https:\/\/www.diario21.tv\/noticias\/author\/juan-perez\/\"}]}<\/script>\n<!-- \/ Yoast SEO plugin. -->","yoast_head_json":{"title":"\u00a1Alerta en Albacete! Detienen a hombre por envenenar aves rapaces - Diario 21","robots":{"index":"index","follow":"follow","max-snippet":"max-snippet:-1","max-image-preview":"max-image-preview:large","max-video-preview":"max-video-preview:-1"},"canonical":"https:\/\/www.diario21.tv\/noticias\/alerta-en-albacete-detienen-a-hombre-por-envenenar-aves-rapaces\/","og_locale":"es_ES","og_type":"article","og_title":"\u00a1Alerta en Albacete! Detienen a hombre por envenenar aves rapaces - Diario 21","og_description":"Arresto en Albacete por envenenamiento de aves rapaces En un suceso reciente en Albacete, las autoridades han detenido a un individuo acusado de envenenar a varias ... Seguir leyendo &rarr;","og_url":"https:\/\/www.diario21.tv\/noticias\/alerta-en-albacete-detienen-a-hombre-por-envenenar-aves-rapaces\/","og_site_name":"Diario 21","article_published_time":"2025-03-27T21:16:52+00:00","article_modified_time":"2025-03-27T21:16:54+00:00","og_image":[{"width":1920,"height":1080,"url":"https:\/\/www.diario21.tv\/noticias\/wp-content\/uploads\/2025\/03\/\u00a1Alerta-en-Albacete-Detienen-a-hombre-por-envenenar-aves-rapaces.jpeg","type":"image\/jpeg"}],"author":"Juan P\u00e9rez","twitter_card":"summary_large_image","twitter_misc":{"Escrito por":"Juan P\u00e9rez","Tiempo de lectura":"1 minuto"},"schema":{"@context":"https:\/\/schema.org","@graph":[{"@type":"WebPage","@id":"https:\/\/www.diario21.tv\/noticias\/alerta-en-albacete-detienen-a-hombre-por-envenenar-aves-rapaces\/","url":"https:\/\/www.diario21.tv\/noticias\/alerta-en-albacete-detienen-a-hombre-por-envenenar-aves-rapaces\/","name":"\u00a1Alerta en Albacete! Detienen a hombre por envenenar aves rapaces - Diario 21","isPartOf":{"@id":"https:\/\/www.diario21.tv\/noticias\/#website"},"primaryImageOfPage":{"@id":"https:\/\/www.diario21.tv\/noticias\/alerta-en-albacete-detienen-a-hombre-por-envenenar-aves-rapaces\/#primaryimage"},"image":{"@id":"https:\/\/www.diario21.tv\/noticias\/alerta-en-albacete-detienen-a-hombre-por-envenenar-aves-rapaces\/#primaryimage"},"thumbnailUrl":"https:\/\/www.diario21.tv\/noticias\/wp-content\/uploads\/2025\/03\/\u00a1Alerta-en-Albacete-Detienen-a-hombre-por-envenenar-aves-rapaces.jpeg","datePublished":"2025-03-27T21:16:52+00:00","dateModified":"2025-03-27T21:16:54+00:00","author":{"@id":"https:\/\/www.diario21.tv\/noticias\/#\/schema\/person\/dfb778f73814d8f09f302618446a526b"},"breadcrumb":{"@id":"https:\/\/www.diario21.tv\/noticias\/alerta-en-albacete-detienen-a-hombre-por-envenenar-aves-rapaces\/#breadcrumb"},"inLanguage":"es-AR","potentialAction":[{"@type":"ReadAction","target":["https:\/\/www.diario21.tv\/noticias\/alerta-en-albacete-detienen-a-hombre-por-envenenar-aves-rapaces\/"]}]},{"@type":"ImageObject","inLanguage":"es-AR","@id":"https:\/\/www.diario21.tv\/noticias\/alerta-en-albacete-detienen-a-hombre-por-envenenar-aves-rapaces\/#primaryimage","url":"https:\/\/www.diario21.tv\/noticias\/wp-content\/uploads\/2025\/03\/\u00a1Alerta-en-Albacete-Detienen-a-hombre-por-envenenar-aves-rapaces.jpeg","contentUrl":"https:\/\/www.diario21.tv\/noticias\/wp-content\/uploads\/2025\/03\/\u00a1Alerta-en-Albacete-Detienen-a-hombre-por-envenenar-aves-rapaces.jpeg","width":1920,"height":1080,"caption":"Detenido un hombre en Albacete por envenenar rapaces"},{"@type":"BreadcrumbList","@id":"https:\/\/www.diario21.tv\/noticias\/alerta-en-albacete-detienen-a-hombre-por-envenenar-aves-rapaces\/#breadcrumb","itemListElement":[{"@type":"ListItem","position":1,"name":"Accueil","item":"https:\/\/www.diario21.tv\/noticias\/"},{"@type":"ListItem","position":2,"name":"\u00a1Alerta en Albacete! Detienen a hombre por envenenar aves rapaces"}]},{"@type":"WebSite","@id":"https:\/\/www.diario21.tv\/noticias\/#website","url":"https:\/\/www.diario21.tv\/noticias\/","name":"Diario 21","description":"","potentialAction":[{"@type":"SearchAction","target":{"@type":"EntryPoint","urlTemplate":"https:\/\/www.diario21.tv\/noticias\/?s={search_term_string}"},"query-input":{"@type":"PropertyValueSpecification","valueRequired":true,"valueName":"search_term_string"}}],"inLanguage":"es-AR"},{"@type":"Person","@id":"https:\/\/www.diario21.tv\/noticias\/#\/schema\/person\/dfb778f73814d8f09f302618446a526b","name":"Juan P\u00e9rez","image":{"@type":"ImageObject","inLanguage":"es-AR","@id":"https:\/\/www.diario21.tv\/noticias\/#\/schema\/person\/image\/","url":"https:\/\/secure.gravatar.com\/avatar\/c478a405bd10621167f4c3167cc770f5?s=96&d=mm&r=g","contentUrl":"https:\/\/secure.gravatar.com\/avatar\/c478a405bd10621167f4c3167cc770f5?s=96&d=mm&r=g","caption":"Juan P\u00e9rez"},"description":"Juan P\u00e9rez es el redactor en jefe de Diario 21. Con m\u00e1s de 10 a\u00f1os de experiencia en el periodismo, se especializa en pol\u00edtica nacional y an\u00e1lisis socioecon\u00f3mico. Su enfoque cr\u00edtico y riguroso aporta una perspectiva \u00fanica a cada art\u00edculo.","sameAs":["https:\/\/www.diario21.tv\/noticias\/"],"url":"https:\/\/www.diario21.tv\/noticias\/author\/juan-perez\/"}]}},"_links":{"self":[{"href":"https:\/\/www.diario21.tv\/noticias\/wp-json\/wp\/v2\/posts\/2601"}],"collection":[{"href":"https:\/\/www.diario21.tv\/noticias\/wp-json\/wp\/v2\/posts"}],"about":[{"href":"https:\/\/www.diario21.tv\/noticias\/wp-json\/wp\/v2\/types\/post"}],"author":[{"embeddable":true,"href":"https:\/\/www.diario21.tv\/noticias\/wp-json\/wp\/v2\/users\/20"}],"replies":[{"embeddable":true,"href":"https:\/\/www.diario21.tv\/noticias\/wp-json\/wp\/v2\/comments?post=2601"}],"version-history":[{"count":1,"href":"https:\/\/www.diario21.tv\/noticias\/wp-json\/wp\/v2\/posts\/2601\/revisions"}],"predecessor-version":[{"id":2603,"href":"https:\/\/www.diario21.tv\/noticias\/wp-json\/wp\/v2\/posts\/2601\/revisions\/2603"}],"wp:featuredmedia":[{"embeddable":true,"href":"https:\/\/www.diario21.tv\/noticias\/wp-json\/wp\/v2\/media\/2602"}],"wp:attachment":[{"href":"https:\/\/www.diario21.tv\/noticias\/wp-json\/wp\/v2\/media?parent=2601"}],"wp:term":[{"taxonomy":"category","embeddable":true,"href":"https:\/\/www.diario21.tv\/noticias\/wp-json\/wp\/v2\/categories?post=2601"},{"taxonomy":"post_tag","embeddable":true,"href":"https:\/\/www.diario21.tv\/noticias\/wp-json\/wp\/v2\/tags?post=2601"}],"curies":[{"name":"wp","href":"https:\/\/api.w.org\/{rel}","templated":true}]}}