{"id":2583,"date":"2025-03-25T20:39:21","date_gmt":"2025-03-25T20:39:21","guid":{"rendered":"https:\/\/www.diario21.tv\/noticias\/aplica-ya-a-la-beca-sin-saber-que-estudiar-o-si-alcanzaras-el-5\/"},"modified":"2025-03-25T20:39:22","modified_gmt":"2025-03-25T20:39:22","slug":"aplica-ya-a-la-beca-sin-saber-que-estudiar-o-si-alcanzaras-el-5","status":"publish","type":"post","link":"https:\/\/www.diario21.tv\/noticias\/aplica-ya-a-la-beca-sin-saber-que-estudiar-o-si-alcanzaras-el-5\/","title":{"rendered":"\u00a1Aplica ya a la beca sin saber qu\u00e9 estudiar o si alcanzar\u00e1s el 5!"},"content":{"rendered":"<h2>Ya Est\u00e1 Disponible la Solicitud para Becas, Incluso Si A\u00fan No Has Decidido Tu Carrera o Si Alcanzar\u00e1s la Nota M\u00ednima<\/h2>\n<p>En un nuevo giro en las pol\u00edticas educativas, se ha anunciado que los estudiantes ya pueden aplicar a las becas disponibles sin necesidad de haber escogido una carrera universitaria espec\u00edfica o de asegurar si cumplir\u00e1n con el promedio m\u00ednimo requerido de 5. Esta medida busca facilitar el acceso a la educaci\u00f3n superior y apoyar a los estudiantes en su proceso de decisi\u00f3n acad\u00e9mica.<\/p>\n<h3>\u00bfC\u00f3mo funciona el nuevo sistema de solicitud de becas?<\/h3>\n<p>El proceso de solicitud para las becas ha sido modificado para permitir que los estudiantes que a\u00fan est\u00e1n indecisos sobre su futuro acad\u00e9mico puedan asegurarse un posible apoyo financiero. Ahora, los estudiantes pueden iniciar su solicitud sin tener que indicar una carrera espec\u00edfica ni demostrar un promedio acad\u00e9mico previo. Esto representa un cambio significativo respecto a los requisitos tradicionales, donde ambos criterios eran obligatorios para considerar la candidatura de un estudiante.<\/p>\n<h3>Beneficios de la nueva pol\u00edtica de becas<\/h3>\n<p>Esta reforma en el sistema de becas tiene m\u00faltiples beneficios. Primero, alivia la presi\u00f3n sobre los estudiantes que, al final de sus estudios secundarios, se enfrentan a la dif\u00edcil decisi\u00f3n de qu\u00e9 carrera seguir. Adem\u00e1s, elimina la barrera del rendimiento acad\u00e9mico como condici\u00f3n previa, permitiendo que un espectro m\u00e1s amplio de estudiantes considere la posibilidad de continuar sus estudios superiores con ayuda financiera.<\/p>\n<h3>Reacciones frente a la nueva medida<\/h3>\n<p>La respuesta a esta nueva pol\u00edtica ha sido mayoritariamente positiva. Educadores y estudiantes han expresado su apoyo, argumentando que esta flexibilidad puede llevar a una mayor igualdad en el acceso a la educaci\u00f3n superior. Sin embargo, algunos cr\u00edticos temen que la ausencia de un promedio m\u00ednimo podr\u00eda disminuir la seriedad con la que los estudiantes toman sus estudios secundarios, aunque los defensores de la medida insisten en que la motivaci\u00f3n para excelencia acad\u00e9mica no deber\u00eda depender \u00fanicamente de la elegibilidad para becas.<\/p>\n<h3>Pasos a seguir para los interesados en aplicar<\/h3>\n<p>Para los estudiantes interesados en aplicar bajo el nuevo sistema, se recomienda visitar el sitio web oficial de la entidad que otorga las becas para obtener informaci\u00f3n detallada sobre el proceso de solicitud. Es importante destacar que, aunque no se requiera seleccionar una carrera o cumplir con un promedio espec\u00edfico al momento de la solicitud, algunos criterios y requisitos pueden ser necesarios para la renovaci\u00f3n o mantenimiento de la beca en el futuro.<\/p>\n<h3>Conclusi\u00f3n<\/h3>\n<p>La iniciativa de permitir que los estudiantes soliciten becas sin haber decidido una carrera o sin contar con un promedio acad\u00e9mico espec\u00edfico es un paso adelante hacia la democratizaci\u00f3n del acceso a la educaci\u00f3n superior. Esta pol\u00edtica no solo ayuda a reducir el estr\u00e9s de los estudiantes durante un per\u00edodo crucial de su educaci\u00f3n, sino que tambi\u00e9n abre puertas a aquellos que podr\u00edan no considerar la educaci\u00f3n superior debido a barreras acad\u00e9micas o de decisi\u00f3n. Con esta medida, se espera fomentar una mayor inclusi\u00f3n y diversidad en las universidades y otras instituciones de educaci\u00f3n superior.<\/p>\n\n\n<div class=\"kk-star-ratings kksr-auto kksr-align-left kksr-valign-bottom\"\n    data-payload='{&quot;align&quot;:&quot;left&quot;,&quot;id&quot;:&quot;2583&quot;,&quot;slug&quot;:&quot;default&quot;,&quot;valign&quot;:&quot;bottom&quot;,&quot;ignore&quot;:&quot;&quot;,&quot;reference&quot;:&quot;auto&quot;,&quot;class&quot;:&quot;&quot;,&quot;count&quot;:&quot;0&quot;,&quot;legendonly&quot;:&quot;&quot;,&quot;readonly&quot;:&quot;&quot;,&quot;score&quot;:&quot;0&quot;,&quot;starsonly&quot;:&quot;&quot;,&quot;best&quot;:&quot;5&quot;,&quot;gap&quot;:&quot;5&quot;,&quot;greet&quot;:&quot;Valora este post&quot;,&quot;legend&quot;:&quot;0\\\/5 - (0 votes)&quot;,&quot;size&quot;:&quot;22&quot;,&quot;title&quot;:&quot;\u00a1Aplica ya a la beca sin saber qu\u00e9 estudiar o si alcanzar\u00e1s el 5!&quot;,&quot;width&quot;:&quot;0&quot;,&quot;_legend&quot;:&quot;{score}\\\/{best} - ({count} {votes})&quot;,&quot;font_factor&quot;:&quot;1.25&quot;}'>\n            \n<div class=\"kksr-stars\">\n    \n<div class=\"kksr-stars-inactive\">\n            <div class=\"kksr-star\" data-star=\"1\" style=\"padding-right: 5px\">\n            \n\n<div class=\"kksr-icon\" style=\"width: 22px; height: 22px;\"><\/div>\n        <\/div>\n            <div class=\"kksr-star\" data-star=\"2\" style=\"padding-right: 5px\">\n            \n\n<div class=\"kksr-icon\" style=\"width: 22px; height: 22px;\"><\/div>\n        <\/div>\n            <div class=\"kksr-star\" data-star=\"3\" style=\"padding-right: 5px\">\n            \n\n<div class=\"kksr-icon\" style=\"width: 22px; height: 22px;\"><\/div>\n        <\/div>\n            <div class=\"kksr-star\" data-star=\"4\" style=\"padding-right: 5px\">\n            \n\n<div class=\"kksr-icon\" style=\"width: 22px; height: 22px;\"><\/div>\n        <\/div>\n            <div class=\"kksr-star\" data-star=\"5\" style=\"padding-right: 5px\">\n            \n\n<div class=\"kksr-icon\" style=\"width: 22px; height: 22px;\"><\/div>\n        <\/div>\n    <\/div>\n    \n<div class=\"kksr-stars-active\" style=\"width: 0px;\">\n            <div class=\"kksr-star\" style=\"padding-right: 5px\">\n            \n\n<div class=\"kksr-icon\" style=\"width: 22px; height: 22px;\"><\/div>\n        <\/div>\n            <div class=\"kksr-star\" style=\"padding-right: 5px\">\n            \n\n<div class=\"kksr-icon\" style=\"width: 22px; height: 22px;\"><\/div>\n        <\/div>\n            <div class=\"kksr-star\" style=\"padding-right: 5px\">\n            \n\n<div class=\"kksr-icon\" style=\"width: 22px; height: 22px;\"><\/div>\n        <\/div>\n            <div class=\"kksr-star\" style=\"padding-right: 5px\">\n            \n\n<div class=\"kksr-icon\" style=\"width: 22px; height: 22px;\"><\/div>\n        <\/div>\n            <div class=\"kksr-star\" style=\"padding-right: 5px\">\n            \n\n<div class=\"kksr-icon\" style=\"width: 22px; height: 22px;\"><\/div>\n        <\/div>\n    <\/div>\n<\/div>\n                \n\n<div class=\"kksr-legend\" style=\"font-size: 17.6px;\">\n            <span class=\"kksr-muted\">Valora este post<\/span>\n    <\/div>\n    <\/div>\n","protected":false},"excerpt":{"rendered":"<p>Ya Est\u00e1 Disponible la Solicitud para Becas, Incluso Si A\u00fan No Has Decidido Tu Carrera o Si Alcanzar\u00e1s la Nota M\u00ednima En un nuevo giro en &#8230; <a title=\"\u00a1Aplica ya a la beca sin saber qu\u00e9 estudiar o si alcanzar\u00e1s el 5!\" class=\"read-more\" href=\"https:\/\/www.diario21.tv\/noticias\/aplica-ya-a-la-beca-sin-saber-que-estudiar-o-si-alcanzaras-el-5\/\" aria-label=\"Leer m\u00e1s sobre \u00a1Aplica ya a la beca sin saber qu\u00e9 estudiar o si alcanzar\u00e1s el 5!\">Seguir leyendo &rarr;<\/a><\/p>\n","protected":false},"author":20,"featured_media":2584,"comment_status":"open","ping_status":"open","sticky":false,"template":"","format":"standard","meta":{"footnotes":""},"categories":[13],"tags":[],"class_list":["post-2583","post","type-post","status-publish","format-standard","has-post-thumbnail","hentry","category-portada"],"yoast_head":"<!-- This site is optimized with the Yoast SEO plugin v25.6 - https:\/\/yoast.com\/wordpress\/plugins\/seo\/ -->\n<title>\u00a1Aplica ya a la beca sin saber qu\u00e9 estudiar o si alcanzar\u00e1s el 5! - Diario 21<\/title>\n<meta name=\"robots\" content=\"index, follow, max-snippet:-1, max-image-preview:large, max-video-preview:-1\" \/>\n<link rel=\"canonical\" href=\"https:\/\/www.diario21.tv\/noticias\/aplica-ya-a-la-beca-sin-saber-que-estudiar-o-si-alcanzaras-el-5\/\" \/>\n<meta property=\"og:locale\" content=\"es_ES\" \/>\n<meta property=\"og:type\" content=\"article\" \/>\n<meta property=\"og:title\" content=\"\u00a1Aplica ya a la beca sin saber qu\u00e9 estudiar o si alcanzar\u00e1s el 5! - Diario 21\" \/>\n<meta property=\"og:description\" content=\"Ya Est\u00e1 Disponible la Solicitud para Becas, Incluso Si A\u00fan No Has Decidido Tu Carrera o Si Alcanzar\u00e1s la Nota M\u00ednima En un nuevo giro en ... Seguir leyendo &rarr;\" \/>\n<meta property=\"og:url\" content=\"https:\/\/www.diario21.tv\/noticias\/aplica-ya-a-la-beca-sin-saber-que-estudiar-o-si-alcanzaras-el-5\/\" \/>\n<meta property=\"og:site_name\" content=\"Diario 21\" \/>\n<meta property=\"article:published_time\" content=\"2025-03-25T20:39:21+00:00\" \/>\n<meta property=\"article:modified_time\" content=\"2025-03-25T20:39:22+00:00\" \/>\n<meta property=\"og:image\" content=\"https:\/\/www.diario21.tv\/noticias\/wp-content\/uploads\/2025\/03\/\u00a1Aplica-ya-a-la-beca-sin-saber-que-estudiar-o.JPG\" \/>\n\t<meta property=\"og:image:width\" content=\"1920\" \/>\n\t<meta property=\"og:image:height\" content=\"1080\" \/>\n\t<meta property=\"og:image:type\" content=\"image\/jpeg\" \/>\n<meta name=\"author\" content=\"Juan P\u00e9rez\" \/>\n<meta name=\"twitter:card\" content=\"summary_large_image\" \/>\n<meta name=\"twitter:label1\" content=\"Escrito por\" \/>\n\t<meta name=\"twitter:data1\" content=\"Juan P\u00e9rez\" \/>\n\t<meta name=\"twitter:label2\" content=\"Tiempo de lectura\" \/>\n\t<meta name=\"twitter:data2\" content=\"3 minutos\" \/>\n<script type=\"application\/ld+json\" class=\"yoast-schema-graph\">{\"@context\":\"https:\/\/schema.org\",\"@graph\":[{\"@type\":\"WebPage\",\"@id\":\"https:\/\/www.diario21.tv\/noticias\/aplica-ya-a-la-beca-sin-saber-que-estudiar-o-si-alcanzaras-el-5\/\",\"url\":\"https:\/\/www.diario21.tv\/noticias\/aplica-ya-a-la-beca-sin-saber-que-estudiar-o-si-alcanzaras-el-5\/\",\"name\":\"\u00a1Aplica ya a la beca sin saber qu\u00e9 estudiar o si alcanzar\u00e1s el 5! - Diario 21\",\"isPartOf\":{\"@id\":\"https:\/\/www.diario21.tv\/noticias\/#website\"},\"primaryImageOfPage\":{\"@id\":\"https:\/\/www.diario21.tv\/noticias\/aplica-ya-a-la-beca-sin-saber-que-estudiar-o-si-alcanzaras-el-5\/#primaryimage\"},\"image\":{\"@id\":\"https:\/\/www.diario21.tv\/noticias\/aplica-ya-a-la-beca-sin-saber-que-estudiar-o-si-alcanzaras-el-5\/#primaryimage\"},\"thumbnailUrl\":\"https:\/\/www.diario21.tv\/noticias\/wp-content\/uploads\/2025\/03\/\u00a1Aplica-ya-a-la-beca-sin-saber-que-estudiar-o.JPG\",\"datePublished\":\"2025-03-25T20:39:21+00:00\",\"dateModified\":\"2025-03-25T20:39:22+00:00\",\"author\":{\"@id\":\"https:\/\/www.diario21.tv\/noticias\/#\/schema\/person\/dfb778f73814d8f09f302618446a526b\"},\"breadcrumb\":{\"@id\":\"https:\/\/www.diario21.tv\/noticias\/aplica-ya-a-la-beca-sin-saber-que-estudiar-o-si-alcanzaras-el-5\/#breadcrumb\"},\"inLanguage\":\"es-AR\",\"potentialAction\":[{\"@type\":\"ReadAction\",\"target\":[\"https:\/\/www.diario21.tv\/noticias\/aplica-ya-a-la-beca-sin-saber-que-estudiar-o-si-alcanzaras-el-5\/\"]}]},{\"@type\":\"ImageObject\",\"inLanguage\":\"es-AR\",\"@id\":\"https:\/\/www.diario21.tv\/noticias\/aplica-ya-a-la-beca-sin-saber-que-estudiar-o-si-alcanzaras-el-5\/#primaryimage\",\"url\":\"https:\/\/www.diario21.tv\/noticias\/wp-content\/uploads\/2025\/03\/\u00a1Aplica-ya-a-la-beca-sin-saber-que-estudiar-o.JPG\",\"contentUrl\":\"https:\/\/www.diario21.tv\/noticias\/wp-content\/uploads\/2025\/03\/\u00a1Aplica-ya-a-la-beca-sin-saber-que-estudiar-o.JPG\",\"width\":1920,\"height\":1080,\"caption\":\"Ya puedes pedir la beca, aunque no sepas qu\u00e9 vas a estudiar ni si lograr\u00e1s el 5\"},{\"@type\":\"BreadcrumbList\",\"@id\":\"https:\/\/www.diario21.tv\/noticias\/aplica-ya-a-la-beca-sin-saber-que-estudiar-o-si-alcanzaras-el-5\/#breadcrumb\",\"itemListElement\":[{\"@type\":\"ListItem\",\"position\":1,\"name\":\"Accueil\",\"item\":\"https:\/\/www.diario21.tv\/noticias\/\"},{\"@type\":\"ListItem\",\"position\":2,\"name\":\"\u00a1Aplica ya a la beca sin saber qu\u00e9 estudiar o si alcanzar\u00e1s el 5!\"}]},{\"@type\":\"WebSite\",\"@id\":\"https:\/\/www.diario21.tv\/noticias\/#website\",\"url\":\"https:\/\/www.diario21.tv\/noticias\/\",\"name\":\"Diario 21\",\"description\":\"\",\"potentialAction\":[{\"@type\":\"SearchAction\",\"target\":{\"@type\":\"EntryPoint\",\"urlTemplate\":\"https:\/\/www.diario21.tv\/noticias\/?s={search_term_string}\"},\"query-input\":{\"@type\":\"PropertyValueSpecification\",\"valueRequired\":true,\"valueName\":\"search_term_string\"}}],\"inLanguage\":\"es-AR\"},{\"@type\":\"Person\",\"@id\":\"https:\/\/www.diario21.tv\/noticias\/#\/schema\/person\/dfb778f73814d8f09f302618446a526b\",\"name\":\"Juan P\u00e9rez\",\"image\":{\"@type\":\"ImageObject\",\"inLanguage\":\"es-AR\",\"@id\":\"https:\/\/www.diario21.tv\/noticias\/#\/schema\/person\/image\/\",\"url\":\"https:\/\/secure.gravatar.com\/avatar\/c478a405bd10621167f4c3167cc770f5?s=96&d=mm&r=g\",\"contentUrl\":\"https:\/\/secure.gravatar.com\/avatar\/c478a405bd10621167f4c3167cc770f5?s=96&d=mm&r=g\",\"caption\":\"Juan P\u00e9rez\"},\"description\":\"Juan P\u00e9rez es el redactor en jefe de Diario 21. Con m\u00e1s de 10 a\u00f1os de experiencia en el periodismo, se especializa en pol\u00edtica nacional y an\u00e1lisis socioecon\u00f3mico. Su enfoque cr\u00edtico y riguroso aporta una perspectiva \u00fanica a cada art\u00edculo.\",\"sameAs\":[\"https:\/\/www.diario21.tv\/noticias\/\"],\"url\":\"https:\/\/www.diario21.tv\/noticias\/author\/juan-perez\/\"}]}<\/script>\n<!-- \/ Yoast SEO plugin. -->","yoast_head_json":{"title":"\u00a1Aplica ya a la beca sin saber qu\u00e9 estudiar o si alcanzar\u00e1s el 5! - Diario 21","robots":{"index":"index","follow":"follow","max-snippet":"max-snippet:-1","max-image-preview":"max-image-preview:large","max-video-preview":"max-video-preview:-1"},"canonical":"https:\/\/www.diario21.tv\/noticias\/aplica-ya-a-la-beca-sin-saber-que-estudiar-o-si-alcanzaras-el-5\/","og_locale":"es_ES","og_type":"article","og_title":"\u00a1Aplica ya a la beca sin saber qu\u00e9 estudiar o si alcanzar\u00e1s el 5! - Diario 21","og_description":"Ya Est\u00e1 Disponible la Solicitud para Becas, Incluso Si A\u00fan No Has Decidido Tu Carrera o Si Alcanzar\u00e1s la Nota M\u00ednima En un nuevo giro en ... Seguir leyendo &rarr;","og_url":"https:\/\/www.diario21.tv\/noticias\/aplica-ya-a-la-beca-sin-saber-que-estudiar-o-si-alcanzaras-el-5\/","og_site_name":"Diario 21","article_published_time":"2025-03-25T20:39:21+00:00","article_modified_time":"2025-03-25T20:39:22+00:00","og_image":[{"width":1920,"height":1080,"url":"https:\/\/www.diario21.tv\/noticias\/wp-content\/uploads\/2025\/03\/\u00a1Aplica-ya-a-la-beca-sin-saber-que-estudiar-o.JPG","type":"image\/jpeg"}],"author":"Juan P\u00e9rez","twitter_card":"summary_large_image","twitter_misc":{"Escrito por":"Juan P\u00e9rez","Tiempo de lectura":"3 minutos"},"schema":{"@context":"https:\/\/schema.org","@graph":[{"@type":"WebPage","@id":"https:\/\/www.diario21.tv\/noticias\/aplica-ya-a-la-beca-sin-saber-que-estudiar-o-si-alcanzaras-el-5\/","url":"https:\/\/www.diario21.tv\/noticias\/aplica-ya-a-la-beca-sin-saber-que-estudiar-o-si-alcanzaras-el-5\/","name":"\u00a1Aplica ya a la beca sin saber qu\u00e9 estudiar o si alcanzar\u00e1s el 5! - Diario 21","isPartOf":{"@id":"https:\/\/www.diario21.tv\/noticias\/#website"},"primaryImageOfPage":{"@id":"https:\/\/www.diario21.tv\/noticias\/aplica-ya-a-la-beca-sin-saber-que-estudiar-o-si-alcanzaras-el-5\/#primaryimage"},"image":{"@id":"https:\/\/www.diario21.tv\/noticias\/aplica-ya-a-la-beca-sin-saber-que-estudiar-o-si-alcanzaras-el-5\/#primaryimage"},"thumbnailUrl":"https:\/\/www.diario21.tv\/noticias\/wp-content\/uploads\/2025\/03\/\u00a1Aplica-ya-a-la-beca-sin-saber-que-estudiar-o.JPG","datePublished":"2025-03-25T20:39:21+00:00","dateModified":"2025-03-25T20:39:22+00:00","author":{"@id":"https:\/\/www.diario21.tv\/noticias\/#\/schema\/person\/dfb778f73814d8f09f302618446a526b"},"breadcrumb":{"@id":"https:\/\/www.diario21.tv\/noticias\/aplica-ya-a-la-beca-sin-saber-que-estudiar-o-si-alcanzaras-el-5\/#breadcrumb"},"inLanguage":"es-AR","potentialAction":[{"@type":"ReadAction","target":["https:\/\/www.diario21.tv\/noticias\/aplica-ya-a-la-beca-sin-saber-que-estudiar-o-si-alcanzaras-el-5\/"]}]},{"@type":"ImageObject","inLanguage":"es-AR","@id":"https:\/\/www.diario21.tv\/noticias\/aplica-ya-a-la-beca-sin-saber-que-estudiar-o-si-alcanzaras-el-5\/#primaryimage","url":"https:\/\/www.diario21.tv\/noticias\/wp-content\/uploads\/2025\/03\/\u00a1Aplica-ya-a-la-beca-sin-saber-que-estudiar-o.JPG","contentUrl":"https:\/\/www.diario21.tv\/noticias\/wp-content\/uploads\/2025\/03\/\u00a1Aplica-ya-a-la-beca-sin-saber-que-estudiar-o.JPG","width":1920,"height":1080,"caption":"Ya puedes pedir la beca, aunque no sepas qu\u00e9 vas a estudiar ni si lograr\u00e1s el 5"},{"@type":"BreadcrumbList","@id":"https:\/\/www.diario21.tv\/noticias\/aplica-ya-a-la-beca-sin-saber-que-estudiar-o-si-alcanzaras-el-5\/#breadcrumb","itemListElement":[{"@type":"ListItem","position":1,"name":"Accueil","item":"https:\/\/www.diario21.tv\/noticias\/"},{"@type":"ListItem","position":2,"name":"\u00a1Aplica ya a la beca sin saber qu\u00e9 estudiar o si alcanzar\u00e1s el 5!"}]},{"@type":"WebSite","@id":"https:\/\/www.diario21.tv\/noticias\/#website","url":"https:\/\/www.diario21.tv\/noticias\/","name":"Diario 21","description":"","potentialAction":[{"@type":"SearchAction","target":{"@type":"EntryPoint","urlTemplate":"https:\/\/www.diario21.tv\/noticias\/?s={search_term_string}"},"query-input":{"@type":"PropertyValueSpecification","valueRequired":true,"valueName":"search_term_string"}}],"inLanguage":"es-AR"},{"@type":"Person","@id":"https:\/\/www.diario21.tv\/noticias\/#\/schema\/person\/dfb778f73814d8f09f302618446a526b","name":"Juan P\u00e9rez","image":{"@type":"ImageObject","inLanguage":"es-AR","@id":"https:\/\/www.diario21.tv\/noticias\/#\/schema\/person\/image\/","url":"https:\/\/secure.gravatar.com\/avatar\/c478a405bd10621167f4c3167cc770f5?s=96&d=mm&r=g","contentUrl":"https:\/\/secure.gravatar.com\/avatar\/c478a405bd10621167f4c3167cc770f5?s=96&d=mm&r=g","caption":"Juan P\u00e9rez"},"description":"Juan P\u00e9rez es el redactor en jefe de Diario 21. Con m\u00e1s de 10 a\u00f1os de experiencia en el periodismo, se especializa en pol\u00edtica nacional y an\u00e1lisis socioecon\u00f3mico. Su enfoque cr\u00edtico y riguroso aporta una perspectiva \u00fanica a cada art\u00edculo.","sameAs":["https:\/\/www.diario21.tv\/noticias\/"],"url":"https:\/\/www.diario21.tv\/noticias\/author\/juan-perez\/"}]}},"_links":{"self":[{"href":"https:\/\/www.diario21.tv\/noticias\/wp-json\/wp\/v2\/posts\/2583"}],"collection":[{"href":"https:\/\/www.diario21.tv\/noticias\/wp-json\/wp\/v2\/posts"}],"about":[{"href":"https:\/\/www.diario21.tv\/noticias\/wp-json\/wp\/v2\/types\/post"}],"author":[{"embeddable":true,"href":"https:\/\/www.diario21.tv\/noticias\/wp-json\/wp\/v2\/users\/20"}],"replies":[{"embeddable":true,"href":"https:\/\/www.diario21.tv\/noticias\/wp-json\/wp\/v2\/comments?post=2583"}],"version-history":[{"count":1,"href":"https:\/\/www.diario21.tv\/noticias\/wp-json\/wp\/v2\/posts\/2583\/revisions"}],"predecessor-version":[{"id":2585,"href":"https:\/\/www.diario21.tv\/noticias\/wp-json\/wp\/v2\/posts\/2583\/revisions\/2585"}],"wp:featuredmedia":[{"embeddable":true,"href":"https:\/\/www.diario21.tv\/noticias\/wp-json\/wp\/v2\/media\/2584"}],"wp:attachment":[{"href":"https:\/\/www.diario21.tv\/noticias\/wp-json\/wp\/v2\/media?parent=2583"}],"wp:term":[{"taxonomy":"category","embeddable":true,"href":"https:\/\/www.diario21.tv\/noticias\/wp-json\/wp\/v2\/categories?post=2583"},{"taxonomy":"post_tag","embeddable":true,"href":"https:\/\/www.diario21.tv\/noticias\/wp-json\/wp\/v2\/tags?post=2583"}],"curies":[{"name":"wp","href":"https:\/\/api.w.org\/{rel}","templated":true}]}}