{"id":2574,"date":"2025-03-25T02:34:42","date_gmt":"2025-03-25T02:34:42","guid":{"rendered":"https:\/\/www.diario21.tv\/noticias\/el-papa-debe-reaprender-a-hablar-detalles-impactantes\/"},"modified":"2025-03-25T02:34:43","modified_gmt":"2025-03-25T02:34:43","slug":"el-papa-debe-reaprender-a-hablar-detalles-impactantes","status":"publish","type":"post","link":"https:\/\/www.diario21.tv\/noticias\/el-papa-debe-reaprender-a-hablar-detalles-impactantes\/","title":{"rendered":"El Papa debe reaprender a hablar: \u00a1Detalles impactantes!"},"content":{"rendered":"<h3>El Papa Necesitar\u00e1 &quot;Reaprender Casi Desde Cero a Hablar&quot;<br \/><\/h3>\n<p>\nEl Papa Francisco enfrenta un desaf\u00edo considerable en su recuperaci\u00f3n despu\u00e9s de su hospitalizaci\u00f3n, seg\u00fan informes recientes. Se indica que el pont\u00edfice tendr\u00e1 que esforzarse considerablemente en recuperar su capacidad para hablar de manera efectiva, un proceso que se describe como volver a aprender casi desde cero.<\/p>\n<h3>Un Proceso de Recuperaci\u00f3n Complejo<br \/><\/h3>\n<p>\nTras ser dado de alta del hospital donde fue tratado por una infecci\u00f3n respiratoria seria, el Papa Francisco no solo tiene que superar la enfermedad, sino tambi\u00e9n trabajar arduamente en recuperar plenamente su habilidad para comunicarse verbalmente. Este proceso de recuperaci\u00f3n no solo implica fisioterapia general, sino tambi\u00e9n una intensa terapia del habla.<\/p>\n<p>Expertos en comunicaci\u00f3n y terapeutas del habla han comentado sobre la magnitud del desaf\u00edo que enfrenta el Papa, se\u00f1alando que las complicaciones durante su enfermedad podr\u00edan haber afectado temporalmente sus habilidades de comunicaci\u00f3n oral. La terapia del habla que se requiere es exhaustiva y est\u00e1 dise\u00f1ada para ayudar al Papa a recuperar su claridad y fluidez al hablar.<\/p>\n<h3>Implicaciones para Sus Futuras Apariciones P\u00fablicas<br \/><\/h3>\n<p>\nEste obst\u00e1culo en la salud del Papa Francisco tiene implicaciones significativas para sus futuras apariciones p\u00fablicas y sus responsabilidades como l\u00edder de la Iglesia Cat\u00f3lica. Es probable que sus discursos y homil\u00edas sean m\u00e1s limitados en extensi\u00f3n y frecuencia mientras contin\u00faa con su recuperaci\u00f3n. Adem\u00e1s, el Vaticano puede tener que ajustar algunos de los eventos programados para acomodar el estado de salud del Papa y su capacidad para participar de manera efectiva.<\/p>\n<h3>El Apoyo de la Comunidad Cat\u00f3lica<br \/><\/h3>\n<p>\nLa comunidad cat\u00f3lica mundial ha mostrado un apoyo inquebrantable hacia el Papa durante este tiempo dif\u00edcil. Muchos fieles contin\u00faan ofreciendo oraciones por su pronta recuperaci\u00f3n y retorno a las funciones plenas de su ministerio. Adem\u00e1s, este periodo ha resaltado la profunda conexi\u00f3n entre el Papa Francisco y los seguidores de la Iglesia, reforzando la fe y la devoci\u00f3n en la comunidad.<\/p>\n<h3>Conclusi\u00f3n<br \/><\/h3>\n<p>\nEl proceso que el Papa Francisco debe enfrentar para recuperar su habilidad de hablar es un recordatorio de su humanidad y de las dificultades que pueden enfrentar incluso las figuras m\u00e1s influyentes. La situaci\u00f3n ha generado una oleada de simpat\u00eda y apoyo global, uniendo a\u00fan m\u00e1s a los fieles en oraci\u00f3n y esperanza. A medida que sigue adelante con su recuperaci\u00f3n, el mundo observa y espera, deseando verlo regresar a su rol con la misma vigor y sabidur\u00eda que siempre lo ha caracterizado.<\/p>\n\n\n<div class=\"kk-star-ratings kksr-auto kksr-align-left kksr-valign-bottom\"\n    data-payload='{&quot;align&quot;:&quot;left&quot;,&quot;id&quot;:&quot;2574&quot;,&quot;slug&quot;:&quot;default&quot;,&quot;valign&quot;:&quot;bottom&quot;,&quot;ignore&quot;:&quot;&quot;,&quot;reference&quot;:&quot;auto&quot;,&quot;class&quot;:&quot;&quot;,&quot;count&quot;:&quot;0&quot;,&quot;legendonly&quot;:&quot;&quot;,&quot;readonly&quot;:&quot;&quot;,&quot;score&quot;:&quot;0&quot;,&quot;starsonly&quot;:&quot;&quot;,&quot;best&quot;:&quot;5&quot;,&quot;gap&quot;:&quot;5&quot;,&quot;greet&quot;:&quot;Valora este post&quot;,&quot;legend&quot;:&quot;0\\\/5 - (0 votes)&quot;,&quot;size&quot;:&quot;22&quot;,&quot;title&quot;:&quot;El Papa debe reaprender a hablar: \u00a1Detalles impactantes!&quot;,&quot;width&quot;:&quot;0&quot;,&quot;_legend&quot;:&quot;{score}\\\/{best} - ({count} {votes})&quot;,&quot;font_factor&quot;:&quot;1.25&quot;}'>\n            \n<div class=\"kksr-stars\">\n    \n<div class=\"kksr-stars-inactive\">\n            <div class=\"kksr-star\" data-star=\"1\" style=\"padding-right: 5px\">\n            \n\n<div class=\"kksr-icon\" style=\"width: 22px; height: 22px;\"><\/div>\n        <\/div>\n            <div class=\"kksr-star\" data-star=\"2\" style=\"padding-right: 5px\">\n            \n\n<div class=\"kksr-icon\" style=\"width: 22px; height: 22px;\"><\/div>\n        <\/div>\n            <div class=\"kksr-star\" data-star=\"3\" style=\"padding-right: 5px\">\n            \n\n<div class=\"kksr-icon\" style=\"width: 22px; height: 22px;\"><\/div>\n        <\/div>\n            <div class=\"kksr-star\" data-star=\"4\" style=\"padding-right: 5px\">\n            \n\n<div class=\"kksr-icon\" style=\"width: 22px; height: 22px;\"><\/div>\n        <\/div>\n            <div class=\"kksr-star\" data-star=\"5\" style=\"padding-right: 5px\">\n            \n\n<div class=\"kksr-icon\" style=\"width: 22px; height: 22px;\"><\/div>\n        <\/div>\n    <\/div>\n    \n<div class=\"kksr-stars-active\" style=\"width: 0px;\">\n            <div class=\"kksr-star\" style=\"padding-right: 5px\">\n            \n\n<div class=\"kksr-icon\" style=\"width: 22px; height: 22px;\"><\/div>\n        <\/div>\n            <div class=\"kksr-star\" style=\"padding-right: 5px\">\n            \n\n<div class=\"kksr-icon\" style=\"width: 22px; height: 22px;\"><\/div>\n        <\/div>\n            <div class=\"kksr-star\" style=\"padding-right: 5px\">\n            \n\n<div class=\"kksr-icon\" style=\"width: 22px; height: 22px;\"><\/div>\n        <\/div>\n            <div class=\"kksr-star\" style=\"padding-right: 5px\">\n            \n\n<div class=\"kksr-icon\" style=\"width: 22px; height: 22px;\"><\/div>\n        <\/div>\n            <div class=\"kksr-star\" style=\"padding-right: 5px\">\n            \n\n<div class=\"kksr-icon\" style=\"width: 22px; height: 22px;\"><\/div>\n        <\/div>\n    <\/div>\n<\/div>\n                \n\n<div class=\"kksr-legend\" style=\"font-size: 17.6px;\">\n            <span class=\"kksr-muted\">Valora este post<\/span>\n    <\/div>\n    <\/div>\n","protected":false},"excerpt":{"rendered":"<p>El Papa Necesitar\u00e1 &quot;Reaprender Casi Desde Cero a Hablar&quot; El Papa Francisco enfrenta un desaf\u00edo considerable en su recuperaci\u00f3n despu\u00e9s de su hospitalizaci\u00f3n, seg\u00fan informes recientes. &#8230; <a title=\"El Papa debe reaprender a hablar: \u00a1Detalles impactantes!\" class=\"read-more\" href=\"https:\/\/www.diario21.tv\/noticias\/el-papa-debe-reaprender-a-hablar-detalles-impactantes\/\" aria-label=\"Leer m\u00e1s sobre El Papa debe reaprender a hablar: \u00a1Detalles impactantes!\">Seguir leyendo &rarr;<\/a><\/p>\n","protected":false},"author":20,"featured_media":2575,"comment_status":"open","ping_status":"open","sticky":false,"template":"","format":"standard","meta":{"footnotes":""},"categories":[13],"tags":[],"class_list":["post-2574","post","type-post","status-publish","format-standard","has-post-thumbnail","hentry","category-portada"],"yoast_head":"<!-- This site is optimized with the Yoast SEO plugin v25.6 - https:\/\/yoast.com\/wordpress\/plugins\/seo\/ -->\n<title>El Papa debe reaprender a hablar: \u00a1Detalles impactantes! - Diario 21<\/title>\n<meta name=\"robots\" content=\"index, follow, max-snippet:-1, max-image-preview:large, max-video-preview:-1\" \/>\n<link rel=\"canonical\" href=\"https:\/\/www.diario21.tv\/noticias\/el-papa-debe-reaprender-a-hablar-detalles-impactantes\/\" \/>\n<meta property=\"og:locale\" content=\"es_ES\" \/>\n<meta property=\"og:type\" content=\"article\" \/>\n<meta property=\"og:title\" content=\"El Papa debe reaprender a hablar: \u00a1Detalles impactantes! - Diario 21\" \/>\n<meta property=\"og:description\" content=\"El Papa Necesitar\u00e1 &quot;Reaprender Casi Desde Cero a Hablar&quot; El Papa Francisco enfrenta un desaf\u00edo considerable en su recuperaci\u00f3n despu\u00e9s de su hospitalizaci\u00f3n, seg\u00fan informes recientes. ... Seguir leyendo &rarr;\" \/>\n<meta property=\"og:url\" content=\"https:\/\/www.diario21.tv\/noticias\/el-papa-debe-reaprender-a-hablar-detalles-impactantes\/\" \/>\n<meta property=\"og:site_name\" content=\"Diario 21\" \/>\n<meta property=\"article:published_time\" content=\"2025-03-25T02:34:42+00:00\" \/>\n<meta property=\"article:modified_time\" content=\"2025-03-25T02:34:43+00:00\" \/>\n<meta property=\"og:image\" content=\"https:\/\/www.diario21.tv\/noticias\/wp-content\/uploads\/2025\/03\/El-Papa-debe-reaprender-a-hablar-\u00a1Detalles-impactantes.jpg\" \/>\n\t<meta property=\"og:image:width\" content=\"1920\" \/>\n\t<meta property=\"og:image:height\" content=\"1080\" \/>\n\t<meta property=\"og:image:type\" content=\"image\/jpeg\" \/>\n<meta name=\"author\" content=\"Juan P\u00e9rez\" \/>\n<meta name=\"twitter:card\" content=\"summary_large_image\" \/>\n<meta name=\"twitter:label1\" content=\"Escrito por\" \/>\n\t<meta name=\"twitter:data1\" content=\"Juan P\u00e9rez\" \/>\n\t<meta name=\"twitter:label2\" content=\"Tiempo de lectura\" \/>\n\t<meta name=\"twitter:data2\" content=\"2 minutos\" \/>\n<script type=\"application\/ld+json\" class=\"yoast-schema-graph\">{\"@context\":\"https:\/\/schema.org\",\"@graph\":[{\"@type\":\"WebPage\",\"@id\":\"https:\/\/www.diario21.tv\/noticias\/el-papa-debe-reaprender-a-hablar-detalles-impactantes\/\",\"url\":\"https:\/\/www.diario21.tv\/noticias\/el-papa-debe-reaprender-a-hablar-detalles-impactantes\/\",\"name\":\"El Papa debe reaprender a hablar: \u00a1Detalles impactantes! - Diario 21\",\"isPartOf\":{\"@id\":\"https:\/\/www.diario21.tv\/noticias\/#website\"},\"primaryImageOfPage\":{\"@id\":\"https:\/\/www.diario21.tv\/noticias\/el-papa-debe-reaprender-a-hablar-detalles-impactantes\/#primaryimage\"},\"image\":{\"@id\":\"https:\/\/www.diario21.tv\/noticias\/el-papa-debe-reaprender-a-hablar-detalles-impactantes\/#primaryimage\"},\"thumbnailUrl\":\"https:\/\/www.diario21.tv\/noticias\/wp-content\/uploads\/2025\/03\/El-Papa-debe-reaprender-a-hablar-\u00a1Detalles-impactantes.jpg\",\"datePublished\":\"2025-03-25T02:34:42+00:00\",\"dateModified\":\"2025-03-25T02:34:43+00:00\",\"author\":{\"@id\":\"https:\/\/www.diario21.tv\/noticias\/#\/schema\/person\/dfb778f73814d8f09f302618446a526b\"},\"breadcrumb\":{\"@id\":\"https:\/\/www.diario21.tv\/noticias\/el-papa-debe-reaprender-a-hablar-detalles-impactantes\/#breadcrumb\"},\"inLanguage\":\"es-AR\",\"potentialAction\":[{\"@type\":\"ReadAction\",\"target\":[\"https:\/\/www.diario21.tv\/noticias\/el-papa-debe-reaprender-a-hablar-detalles-impactantes\/\"]}]},{\"@type\":\"ImageObject\",\"inLanguage\":\"es-AR\",\"@id\":\"https:\/\/www.diario21.tv\/noticias\/el-papa-debe-reaprender-a-hablar-detalles-impactantes\/#primaryimage\",\"url\":\"https:\/\/www.diario21.tv\/noticias\/wp-content\/uploads\/2025\/03\/El-Papa-debe-reaprender-a-hablar-\u00a1Detalles-impactantes.jpg\",\"contentUrl\":\"https:\/\/www.diario21.tv\/noticias\/wp-content\/uploads\/2025\/03\/El-Papa-debe-reaprender-a-hablar-\u00a1Detalles-impactantes.jpg\",\"width\":1920,\"height\":1080,\"caption\":\"El Papa tendr\u00e1 que \u00abcasi volver a aprender a hablar\u00bb\"},{\"@type\":\"BreadcrumbList\",\"@id\":\"https:\/\/www.diario21.tv\/noticias\/el-papa-debe-reaprender-a-hablar-detalles-impactantes\/#breadcrumb\",\"itemListElement\":[{\"@type\":\"ListItem\",\"position\":1,\"name\":\"Accueil\",\"item\":\"https:\/\/www.diario21.tv\/noticias\/\"},{\"@type\":\"ListItem\",\"position\":2,\"name\":\"El Papa debe reaprender a hablar: \u00a1Detalles impactantes!\"}]},{\"@type\":\"WebSite\",\"@id\":\"https:\/\/www.diario21.tv\/noticias\/#website\",\"url\":\"https:\/\/www.diario21.tv\/noticias\/\",\"name\":\"Diario 21\",\"description\":\"\",\"potentialAction\":[{\"@type\":\"SearchAction\",\"target\":{\"@type\":\"EntryPoint\",\"urlTemplate\":\"https:\/\/www.diario21.tv\/noticias\/?s={search_term_string}\"},\"query-input\":{\"@type\":\"PropertyValueSpecification\",\"valueRequired\":true,\"valueName\":\"search_term_string\"}}],\"inLanguage\":\"es-AR\"},{\"@type\":\"Person\",\"@id\":\"https:\/\/www.diario21.tv\/noticias\/#\/schema\/person\/dfb778f73814d8f09f302618446a526b\",\"name\":\"Juan P\u00e9rez\",\"image\":{\"@type\":\"ImageObject\",\"inLanguage\":\"es-AR\",\"@id\":\"https:\/\/www.diario21.tv\/noticias\/#\/schema\/person\/image\/\",\"url\":\"https:\/\/secure.gravatar.com\/avatar\/c478a405bd10621167f4c3167cc770f5?s=96&d=mm&r=g\",\"contentUrl\":\"https:\/\/secure.gravatar.com\/avatar\/c478a405bd10621167f4c3167cc770f5?s=96&d=mm&r=g\",\"caption\":\"Juan P\u00e9rez\"},\"description\":\"Juan P\u00e9rez es el redactor en jefe de Diario 21. Con m\u00e1s de 10 a\u00f1os de experiencia en el periodismo, se especializa en pol\u00edtica nacional y an\u00e1lisis socioecon\u00f3mico. Su enfoque cr\u00edtico y riguroso aporta una perspectiva \u00fanica a cada art\u00edculo.\",\"sameAs\":[\"https:\/\/www.diario21.tv\/noticias\/\"],\"url\":\"https:\/\/www.diario21.tv\/noticias\/author\/juan-perez\/\"}]}<\/script>\n<!-- \/ Yoast SEO plugin. -->","yoast_head_json":{"title":"El Papa debe reaprender a hablar: \u00a1Detalles impactantes! - Diario 21","robots":{"index":"index","follow":"follow","max-snippet":"max-snippet:-1","max-image-preview":"max-image-preview:large","max-video-preview":"max-video-preview:-1"},"canonical":"https:\/\/www.diario21.tv\/noticias\/el-papa-debe-reaprender-a-hablar-detalles-impactantes\/","og_locale":"es_ES","og_type":"article","og_title":"El Papa debe reaprender a hablar: \u00a1Detalles impactantes! - Diario 21","og_description":"El Papa Necesitar\u00e1 &quot;Reaprender Casi Desde Cero a Hablar&quot; El Papa Francisco enfrenta un desaf\u00edo considerable en su recuperaci\u00f3n despu\u00e9s de su hospitalizaci\u00f3n, seg\u00fan informes recientes. ... Seguir leyendo &rarr;","og_url":"https:\/\/www.diario21.tv\/noticias\/el-papa-debe-reaprender-a-hablar-detalles-impactantes\/","og_site_name":"Diario 21","article_published_time":"2025-03-25T02:34:42+00:00","article_modified_time":"2025-03-25T02:34:43+00:00","og_image":[{"width":1920,"height":1080,"url":"https:\/\/www.diario21.tv\/noticias\/wp-content\/uploads\/2025\/03\/El-Papa-debe-reaprender-a-hablar-\u00a1Detalles-impactantes.jpg","type":"image\/jpeg"}],"author":"Juan P\u00e9rez","twitter_card":"summary_large_image","twitter_misc":{"Escrito por":"Juan P\u00e9rez","Tiempo de lectura":"2 minutos"},"schema":{"@context":"https:\/\/schema.org","@graph":[{"@type":"WebPage","@id":"https:\/\/www.diario21.tv\/noticias\/el-papa-debe-reaprender-a-hablar-detalles-impactantes\/","url":"https:\/\/www.diario21.tv\/noticias\/el-papa-debe-reaprender-a-hablar-detalles-impactantes\/","name":"El Papa debe reaprender a hablar: \u00a1Detalles impactantes! - Diario 21","isPartOf":{"@id":"https:\/\/www.diario21.tv\/noticias\/#website"},"primaryImageOfPage":{"@id":"https:\/\/www.diario21.tv\/noticias\/el-papa-debe-reaprender-a-hablar-detalles-impactantes\/#primaryimage"},"image":{"@id":"https:\/\/www.diario21.tv\/noticias\/el-papa-debe-reaprender-a-hablar-detalles-impactantes\/#primaryimage"},"thumbnailUrl":"https:\/\/www.diario21.tv\/noticias\/wp-content\/uploads\/2025\/03\/El-Papa-debe-reaprender-a-hablar-\u00a1Detalles-impactantes.jpg","datePublished":"2025-03-25T02:34:42+00:00","dateModified":"2025-03-25T02:34:43+00:00","author":{"@id":"https:\/\/www.diario21.tv\/noticias\/#\/schema\/person\/dfb778f73814d8f09f302618446a526b"},"breadcrumb":{"@id":"https:\/\/www.diario21.tv\/noticias\/el-papa-debe-reaprender-a-hablar-detalles-impactantes\/#breadcrumb"},"inLanguage":"es-AR","potentialAction":[{"@type":"ReadAction","target":["https:\/\/www.diario21.tv\/noticias\/el-papa-debe-reaprender-a-hablar-detalles-impactantes\/"]}]},{"@type":"ImageObject","inLanguage":"es-AR","@id":"https:\/\/www.diario21.tv\/noticias\/el-papa-debe-reaprender-a-hablar-detalles-impactantes\/#primaryimage","url":"https:\/\/www.diario21.tv\/noticias\/wp-content\/uploads\/2025\/03\/El-Papa-debe-reaprender-a-hablar-\u00a1Detalles-impactantes.jpg","contentUrl":"https:\/\/www.diario21.tv\/noticias\/wp-content\/uploads\/2025\/03\/El-Papa-debe-reaprender-a-hablar-\u00a1Detalles-impactantes.jpg","width":1920,"height":1080,"caption":"El Papa tendr\u00e1 que \u00abcasi volver a aprender a hablar\u00bb"},{"@type":"BreadcrumbList","@id":"https:\/\/www.diario21.tv\/noticias\/el-papa-debe-reaprender-a-hablar-detalles-impactantes\/#breadcrumb","itemListElement":[{"@type":"ListItem","position":1,"name":"Accueil","item":"https:\/\/www.diario21.tv\/noticias\/"},{"@type":"ListItem","position":2,"name":"El Papa debe reaprender a hablar: \u00a1Detalles impactantes!"}]},{"@type":"WebSite","@id":"https:\/\/www.diario21.tv\/noticias\/#website","url":"https:\/\/www.diario21.tv\/noticias\/","name":"Diario 21","description":"","potentialAction":[{"@type":"SearchAction","target":{"@type":"EntryPoint","urlTemplate":"https:\/\/www.diario21.tv\/noticias\/?s={search_term_string}"},"query-input":{"@type":"PropertyValueSpecification","valueRequired":true,"valueName":"search_term_string"}}],"inLanguage":"es-AR"},{"@type":"Person","@id":"https:\/\/www.diario21.tv\/noticias\/#\/schema\/person\/dfb778f73814d8f09f302618446a526b","name":"Juan P\u00e9rez","image":{"@type":"ImageObject","inLanguage":"es-AR","@id":"https:\/\/www.diario21.tv\/noticias\/#\/schema\/person\/image\/","url":"https:\/\/secure.gravatar.com\/avatar\/c478a405bd10621167f4c3167cc770f5?s=96&d=mm&r=g","contentUrl":"https:\/\/secure.gravatar.com\/avatar\/c478a405bd10621167f4c3167cc770f5?s=96&d=mm&r=g","caption":"Juan P\u00e9rez"},"description":"Juan P\u00e9rez es el redactor en jefe de Diario 21. Con m\u00e1s de 10 a\u00f1os de experiencia en el periodismo, se especializa en pol\u00edtica nacional y an\u00e1lisis socioecon\u00f3mico. Su enfoque cr\u00edtico y riguroso aporta una perspectiva \u00fanica a cada art\u00edculo.","sameAs":["https:\/\/www.diario21.tv\/noticias\/"],"url":"https:\/\/www.diario21.tv\/noticias\/author\/juan-perez\/"}]}},"_links":{"self":[{"href":"https:\/\/www.diario21.tv\/noticias\/wp-json\/wp\/v2\/posts\/2574"}],"collection":[{"href":"https:\/\/www.diario21.tv\/noticias\/wp-json\/wp\/v2\/posts"}],"about":[{"href":"https:\/\/www.diario21.tv\/noticias\/wp-json\/wp\/v2\/types\/post"}],"author":[{"embeddable":true,"href":"https:\/\/www.diario21.tv\/noticias\/wp-json\/wp\/v2\/users\/20"}],"replies":[{"embeddable":true,"href":"https:\/\/www.diario21.tv\/noticias\/wp-json\/wp\/v2\/comments?post=2574"}],"version-history":[{"count":1,"href":"https:\/\/www.diario21.tv\/noticias\/wp-json\/wp\/v2\/posts\/2574\/revisions"}],"predecessor-version":[{"id":2576,"href":"https:\/\/www.diario21.tv\/noticias\/wp-json\/wp\/v2\/posts\/2574\/revisions\/2576"}],"wp:featuredmedia":[{"embeddable":true,"href":"https:\/\/www.diario21.tv\/noticias\/wp-json\/wp\/v2\/media\/2575"}],"wp:attachment":[{"href":"https:\/\/www.diario21.tv\/noticias\/wp-json\/wp\/v2\/media?parent=2574"}],"wp:term":[{"taxonomy":"category","embeddable":true,"href":"https:\/\/www.diario21.tv\/noticias\/wp-json\/wp\/v2\/categories?post=2574"},{"taxonomy":"post_tag","embeddable":true,"href":"https:\/\/www.diario21.tv\/noticias\/wp-json\/wp\/v2\/tags?post=2574"}],"curies":[{"name":"wp","href":"https:\/\/api.w.org\/{rel}","templated":true}]}}