{"id":2544,"date":"2025-03-22T13:39:50","date_gmt":"2025-03-22T13:39:50","guid":{"rendered":"https:\/\/www.diario21.tv\/noticias\/adios-atascos-descubre-como-los-semaforos-con-ia-revolucionaran-el-trafico-futuro\/"},"modified":"2025-03-22T13:39:51","modified_gmt":"2025-03-22T13:39:51","slug":"adios-atascos-descubre-como-los-semaforos-con-ia-revolucionaran-el-trafico-futuro","status":"publish","type":"post","link":"https:\/\/www.diario21.tv\/noticias\/adios-atascos-descubre-como-los-semaforos-con-ia-revolucionaran-el-trafico-futuro\/","title":{"rendered":"\u00a1Adi\u00f3s atascos! Descubre c\u00f3mo los sem\u00e1foros con IA revolucionar\u00e1n el tr\u00e1fico futuro"},"content":{"rendered":"<h2>La Evoluci\u00f3n del Tr\u00e1fico Urbano: Implementaci\u00f3n de Sem\u00e1foros Inteligentes<\/h2>\n<p>En las ciudades modernas, uno de los desaf\u00edos m\u00e1s persistentes es la gesti\u00f3n eficaz del tr\u00e1fico. Los atascos no solo son una p\u00e9rdida de tiempo para los conductores, sino que tambi\u00e9n contribuyen a la contaminaci\u00f3n del aire y al estr\u00e9s general de la vida urbana. Sin embargo, una nueva soluci\u00f3n est\u00e1 emergiendo en el horizonte: la adopci\u00f3n de sem\u00e1foros equipados con inteligencia artificial (IA) para optimizar el flujo vehicular y disminuir los embotellamientos.<\/p>\n<h3>\u00bfC\u00f3mo Funcionan los Sem\u00e1foros con IA?<\/h3>\n<p>Los sem\u00e1foros inteligentes utilizan c\u00e1maras y sensores para monitorear en tiempo real las condiciones del tr\u00e1fico. Esta tecnolog\u00eda permite que los sistemas de IA analicen la cantidad de veh\u00edculos, la velocidad del tr\u00e1fico y otros factores relevantes en las intersecciones. Utilizando estos datos, los algoritmos de IA ajustan los patrones de luz del sem\u00e1foro para mejorar la fluidez del tr\u00e1fico. Esto puede significar, por ejemplo, extender el tiempo de luz verde en una direcci\u00f3n donde hay m\u00e1s acumulaci\u00f3n de tr\u00e1fico, o alterar los patrones de luz durante eventos especiales o accidentes para facilitar una mejor circulaci\u00f3n vehicular.<\/p>\n<h3>Beneficios de los Sem\u00e1foros Inteligentes<\/h3>\n<p>La implementaci\u00f3n de sem\u00e1foros con IA puede llevar a m\u00faltiples beneficios. Primero, puede reducir significativamente el tiempo que los automovilistas y otros usuarios de la v\u00eda pasan en el tr\u00e1fico. Esto no solo mejora la calidad de vida, sino que tambi\u00e9n reduce el consumo de combustible y las emisiones de gases contaminantes. Adem\u00e1s, al disminuir los tiempos de espera, se puede contribuir a una mayor eficiencia en el transporte p\u00fablico, lo que podr\u00eda fomentar un mayor uso de estos servicios.<\/p>\n<p>Otro beneficio importante es la seguridad vial. Los sem\u00e1foros inteligentes pueden responder de manera m\u00e1s efectiva a situaciones de emergencia, como la necesidad de abrir paso a veh\u00edculos de emergencia o ajustar los tiempos de sem\u00e1foros en condiciones de tr\u00e1fico anormal. Esto puede llevar a una reducci\u00f3n en el n\u00famero de accidentes y congestiones causadas por estos eventos.<\/p>\n<h3>Desaf\u00edos y Consideraciones<\/h3>\n<p>A pesar de los beneficios potenciales, la implementaci\u00f3n de sem\u00e1foros con IA no est\u00e1 exenta de desaf\u00edos. Uno de los principales es la inversi\u00f3n inicial necesaria para instalar y mantener esta tecnolog\u00eda. Las ciudades deben considerar cuidadosamente los costos y los beneficios a largo plazo de actualizar sus sistemas de sem\u00e1foros.<\/p>\n<p>Adem\u00e1s, est\u00e1 la cuesti\u00f3n de la privacidad y la seguridad de los datos. Los sistemas que utilizan c\u00e1maras y sensores para monitorear el tr\u00e1fico deben asegurarse de que la informaci\u00f3n recopilada se maneje de manera segura y respetando la privacidad de los individuos.<\/p>\n<p>Finalmente, es crucial que estos sistemas de IA sean inclusivos y equitativos. Deben dise\u00f1arse de manera que todos los usuarios de la v\u00eda, incluidos peatones y ciclistas, se beneficien de mejoras en el flujo de tr\u00e1fico y la seguridad.<\/p>\n<h3>Conclusi\u00f3n<\/h3>\n<p>Los sem\u00e1foros con IA representan una prometedora soluci\u00f3n a los problemas de tr\u00e1fico en las ciudades. Aunque existen desaf\u00edos que deben abordarse, el potencial para mejorar la eficiencia del tr\u00e1fico, reducir la contaminaci\u00f3n y aumentar la seguridad en las carreteras es considerable. A medida que la tecnolog\u00eda contin\u00faa desarroll\u00e1ndose, es probable que veamos una adopci\u00f3n m\u00e1s amplia de sem\u00e1foros inteligentes en ciudades de todo el mundo, marcando un paso significativo hacia la modernizaci\u00f3n de la infraestructura urbana para un futuro m\u00e1s sostenible y habitable.<\/p>\n\n\n<div class=\"kk-star-ratings kksr-auto kksr-align-left kksr-valign-bottom\"\n    data-payload='{&quot;align&quot;:&quot;left&quot;,&quot;id&quot;:&quot;2544&quot;,&quot;slug&quot;:&quot;default&quot;,&quot;valign&quot;:&quot;bottom&quot;,&quot;ignore&quot;:&quot;&quot;,&quot;reference&quot;:&quot;auto&quot;,&quot;class&quot;:&quot;&quot;,&quot;count&quot;:&quot;0&quot;,&quot;legendonly&quot;:&quot;&quot;,&quot;readonly&quot;:&quot;&quot;,&quot;score&quot;:&quot;0&quot;,&quot;starsonly&quot;:&quot;&quot;,&quot;best&quot;:&quot;5&quot;,&quot;gap&quot;:&quot;5&quot;,&quot;greet&quot;:&quot;Valora este post&quot;,&quot;legend&quot;:&quot;0\\\/5 - (0 votes)&quot;,&quot;size&quot;:&quot;22&quot;,&quot;title&quot;:&quot;\u00a1Adi\u00f3s atascos! Descubre c\u00f3mo los sem\u00e1foros con IA revolucionar\u00e1n el tr\u00e1fico futuro&quot;,&quot;width&quot;:&quot;0&quot;,&quot;_legend&quot;:&quot;{score}\\\/{best} - ({count} {votes})&quot;,&quot;font_factor&quot;:&quot;1.25&quot;}'>\n            \n<div class=\"kksr-stars\">\n    \n<div class=\"kksr-stars-inactive\">\n            <div class=\"kksr-star\" data-star=\"1\" style=\"padding-right: 5px\">\n            \n\n<div class=\"kksr-icon\" style=\"width: 22px; height: 22px;\"><\/div>\n        <\/div>\n            <div class=\"kksr-star\" data-star=\"2\" style=\"padding-right: 5px\">\n            \n\n<div class=\"kksr-icon\" style=\"width: 22px; height: 22px;\"><\/div>\n        <\/div>\n            <div class=\"kksr-star\" data-star=\"3\" style=\"padding-right: 5px\">\n            \n\n<div class=\"kksr-icon\" style=\"width: 22px; height: 22px;\"><\/div>\n        <\/div>\n            <div class=\"kksr-star\" data-star=\"4\" style=\"padding-right: 5px\">\n            \n\n<div class=\"kksr-icon\" style=\"width: 22px; height: 22px;\"><\/div>\n        <\/div>\n            <div class=\"kksr-star\" data-star=\"5\" style=\"padding-right: 5px\">\n            \n\n<div class=\"kksr-icon\" style=\"width: 22px; height: 22px;\"><\/div>\n        <\/div>\n    <\/div>\n    \n<div class=\"kksr-stars-active\" style=\"width: 0px;\">\n            <div class=\"kksr-star\" style=\"padding-right: 5px\">\n            \n\n<div class=\"kksr-icon\" style=\"width: 22px; height: 22px;\"><\/div>\n        <\/div>\n            <div class=\"kksr-star\" style=\"padding-right: 5px\">\n            \n\n<div class=\"kksr-icon\" style=\"width: 22px; height: 22px;\"><\/div>\n        <\/div>\n            <div class=\"kksr-star\" style=\"padding-right: 5px\">\n            \n\n<div class=\"kksr-icon\" style=\"width: 22px; height: 22px;\"><\/div>\n        <\/div>\n            <div class=\"kksr-star\" style=\"padding-right: 5px\">\n            \n\n<div class=\"kksr-icon\" style=\"width: 22px; height: 22px;\"><\/div>\n        <\/div>\n            <div class=\"kksr-star\" style=\"padding-right: 5px\">\n            \n\n<div class=\"kksr-icon\" style=\"width: 22px; height: 22px;\"><\/div>\n        <\/div>\n    <\/div>\n<\/div>\n                \n\n<div class=\"kksr-legend\" style=\"font-size: 17.6px;\">\n            <span class=\"kksr-muted\">Valora este post<\/span>\n    <\/div>\n    <\/div>\n","protected":false},"excerpt":{"rendered":"<p>La Evoluci\u00f3n del Tr\u00e1fico Urbano: Implementaci\u00f3n de Sem\u00e1foros Inteligentes En las ciudades modernas, uno de los desaf\u00edos m\u00e1s persistentes es la gesti\u00f3n eficaz del tr\u00e1fico. Los &#8230; <a title=\"\u00a1Adi\u00f3s atascos! Descubre c\u00f3mo los sem\u00e1foros con IA revolucionar\u00e1n el tr\u00e1fico futuro\" class=\"read-more\" href=\"https:\/\/www.diario21.tv\/noticias\/adios-atascos-descubre-como-los-semaforos-con-ia-revolucionaran-el-trafico-futuro\/\" aria-label=\"Leer m\u00e1s sobre \u00a1Adi\u00f3s atascos! Descubre c\u00f3mo los sem\u00e1foros con IA revolucionar\u00e1n el tr\u00e1fico futuro\">Seguir leyendo &rarr;<\/a><\/p>\n","protected":false},"author":20,"featured_media":2545,"comment_status":"open","ping_status":"open","sticky":false,"template":"","format":"standard","meta":{"footnotes":""},"categories":[13],"tags":[],"class_list":["post-2544","post","type-post","status-publish","format-standard","has-post-thumbnail","hentry","category-portada"],"yoast_head":"<!-- This site is optimized with the Yoast SEO plugin v25.6 - https:\/\/yoast.com\/wordpress\/plugins\/seo\/ -->\n<title>\u00a1Adi\u00f3s atascos! Descubre c\u00f3mo los sem\u00e1foros con IA revolucionar\u00e1n el tr\u00e1fico futuro - Diario 21<\/title>\n<meta name=\"robots\" content=\"index, follow, max-snippet:-1, max-image-preview:large, max-video-preview:-1\" \/>\n<link rel=\"canonical\" href=\"https:\/\/www.diario21.tv\/noticias\/adios-atascos-descubre-como-los-semaforos-con-ia-revolucionaran-el-trafico-futuro\/\" \/>\n<meta property=\"og:locale\" content=\"es_ES\" \/>\n<meta property=\"og:type\" content=\"article\" \/>\n<meta property=\"og:title\" content=\"\u00a1Adi\u00f3s atascos! Descubre c\u00f3mo los sem\u00e1foros con IA revolucionar\u00e1n el tr\u00e1fico futuro - Diario 21\" \/>\n<meta property=\"og:description\" content=\"La Evoluci\u00f3n del Tr\u00e1fico Urbano: Implementaci\u00f3n de Sem\u00e1foros Inteligentes En las ciudades modernas, uno de los desaf\u00edos m\u00e1s persistentes es la gesti\u00f3n eficaz del tr\u00e1fico. Los ... Seguir leyendo &rarr;\" \/>\n<meta property=\"og:url\" content=\"https:\/\/www.diario21.tv\/noticias\/adios-atascos-descubre-como-los-semaforos-con-ia-revolucionaran-el-trafico-futuro\/\" \/>\n<meta property=\"og:site_name\" content=\"Diario 21\" \/>\n<meta property=\"article:published_time\" content=\"2025-03-22T13:39:50+00:00\" \/>\n<meta property=\"article:modified_time\" content=\"2025-03-22T13:39:51+00:00\" \/>\n<meta property=\"og:image\" content=\"https:\/\/www.diario21.tv\/noticias\/wp-content\/uploads\/2025\/03\/\u00a1Adios-atascos-Descubre-como-los-semaforos-con-IA-revolucionaran-el.jpg\" \/>\n\t<meta property=\"og:image:width\" content=\"1920\" \/>\n\t<meta property=\"og:image:height\" content=\"1080\" \/>\n\t<meta property=\"og:image:type\" content=\"image\/jpeg\" \/>\n<meta name=\"author\" content=\"Juan P\u00e9rez\" \/>\n<meta name=\"twitter:card\" content=\"summary_large_image\" \/>\n<meta name=\"twitter:label1\" content=\"Escrito por\" \/>\n\t<meta name=\"twitter:data1\" content=\"Juan P\u00e9rez\" \/>\n\t<meta name=\"twitter:label2\" content=\"Tiempo de lectura\" \/>\n\t<meta name=\"twitter:data2\" content=\"3 minutos\" \/>\n<script type=\"application\/ld+json\" class=\"yoast-schema-graph\">{\"@context\":\"https:\/\/schema.org\",\"@graph\":[{\"@type\":\"WebPage\",\"@id\":\"https:\/\/www.diario21.tv\/noticias\/adios-atascos-descubre-como-los-semaforos-con-ia-revolucionaran-el-trafico-futuro\/\",\"url\":\"https:\/\/www.diario21.tv\/noticias\/adios-atascos-descubre-como-los-semaforos-con-ia-revolucionaran-el-trafico-futuro\/\",\"name\":\"\u00a1Adi\u00f3s atascos! Descubre c\u00f3mo los sem\u00e1foros con IA revolucionar\u00e1n el tr\u00e1fico futuro - Diario 21\",\"isPartOf\":{\"@id\":\"https:\/\/www.diario21.tv\/noticias\/#website\"},\"primaryImageOfPage\":{\"@id\":\"https:\/\/www.diario21.tv\/noticias\/adios-atascos-descubre-como-los-semaforos-con-ia-revolucionaran-el-trafico-futuro\/#primaryimage\"},\"image\":{\"@id\":\"https:\/\/www.diario21.tv\/noticias\/adios-atascos-descubre-como-los-semaforos-con-ia-revolucionaran-el-trafico-futuro\/#primaryimage\"},\"thumbnailUrl\":\"https:\/\/www.diario21.tv\/noticias\/wp-content\/uploads\/2025\/03\/\u00a1Adios-atascos-Descubre-como-los-semaforos-con-IA-revolucionaran-el.jpg\",\"datePublished\":\"2025-03-22T13:39:50+00:00\",\"dateModified\":\"2025-03-22T13:39:51+00:00\",\"author\":{\"@id\":\"https:\/\/www.diario21.tv\/noticias\/#\/schema\/person\/dfb778f73814d8f09f302618446a526b\"},\"breadcrumb\":{\"@id\":\"https:\/\/www.diario21.tv\/noticias\/adios-atascos-descubre-como-los-semaforos-con-ia-revolucionaran-el-trafico-futuro\/#breadcrumb\"},\"inLanguage\":\"es-AR\",\"potentialAction\":[{\"@type\":\"ReadAction\",\"target\":[\"https:\/\/www.diario21.tv\/noticias\/adios-atascos-descubre-como-los-semaforos-con-ia-revolucionaran-el-trafico-futuro\/\"]}]},{\"@type\":\"ImageObject\",\"inLanguage\":\"es-AR\",\"@id\":\"https:\/\/www.diario21.tv\/noticias\/adios-atascos-descubre-como-los-semaforos-con-ia-revolucionaran-el-trafico-futuro\/#primaryimage\",\"url\":\"https:\/\/www.diario21.tv\/noticias\/wp-content\/uploads\/2025\/03\/\u00a1Adios-atascos-Descubre-como-los-semaforos-con-IA-revolucionaran-el.jpg\",\"contentUrl\":\"https:\/\/www.diario21.tv\/noticias\/wp-content\/uploads\/2025\/03\/\u00a1Adios-atascos-Descubre-como-los-semaforos-con-IA-revolucionaran-el.jpg\",\"width\":1920,\"height\":1080,\"caption\":\"El futuro del tr\u00e1fico: Sem\u00e1foros con IA para reducir atascos\"},{\"@type\":\"BreadcrumbList\",\"@id\":\"https:\/\/www.diario21.tv\/noticias\/adios-atascos-descubre-como-los-semaforos-con-ia-revolucionaran-el-trafico-futuro\/#breadcrumb\",\"itemListElement\":[{\"@type\":\"ListItem\",\"position\":1,\"name\":\"Accueil\",\"item\":\"https:\/\/www.diario21.tv\/noticias\/\"},{\"@type\":\"ListItem\",\"position\":2,\"name\":\"\u00a1Adi\u00f3s atascos! Descubre c\u00f3mo los sem\u00e1foros con IA revolucionar\u00e1n el tr\u00e1fico futuro\"}]},{\"@type\":\"WebSite\",\"@id\":\"https:\/\/www.diario21.tv\/noticias\/#website\",\"url\":\"https:\/\/www.diario21.tv\/noticias\/\",\"name\":\"Diario 21\",\"description\":\"\",\"potentialAction\":[{\"@type\":\"SearchAction\",\"target\":{\"@type\":\"EntryPoint\",\"urlTemplate\":\"https:\/\/www.diario21.tv\/noticias\/?s={search_term_string}\"},\"query-input\":{\"@type\":\"PropertyValueSpecification\",\"valueRequired\":true,\"valueName\":\"search_term_string\"}}],\"inLanguage\":\"es-AR\"},{\"@type\":\"Person\",\"@id\":\"https:\/\/www.diario21.tv\/noticias\/#\/schema\/person\/dfb778f73814d8f09f302618446a526b\",\"name\":\"Juan P\u00e9rez\",\"image\":{\"@type\":\"ImageObject\",\"inLanguage\":\"es-AR\",\"@id\":\"https:\/\/www.diario21.tv\/noticias\/#\/schema\/person\/image\/\",\"url\":\"https:\/\/secure.gravatar.com\/avatar\/c478a405bd10621167f4c3167cc770f5?s=96&d=mm&r=g\",\"contentUrl\":\"https:\/\/secure.gravatar.com\/avatar\/c478a405bd10621167f4c3167cc770f5?s=96&d=mm&r=g\",\"caption\":\"Juan P\u00e9rez\"},\"description\":\"Juan P\u00e9rez es el redactor en jefe de Diario 21. Con m\u00e1s de 10 a\u00f1os de experiencia en el periodismo, se especializa en pol\u00edtica nacional y an\u00e1lisis socioecon\u00f3mico. Su enfoque cr\u00edtico y riguroso aporta una perspectiva \u00fanica a cada art\u00edculo.\",\"sameAs\":[\"https:\/\/www.diario21.tv\/noticias\/\"],\"url\":\"https:\/\/www.diario21.tv\/noticias\/author\/juan-perez\/\"}]}<\/script>\n<!-- \/ Yoast SEO plugin. -->","yoast_head_json":{"title":"\u00a1Adi\u00f3s atascos! Descubre c\u00f3mo los sem\u00e1foros con IA revolucionar\u00e1n el tr\u00e1fico futuro - Diario 21","robots":{"index":"index","follow":"follow","max-snippet":"max-snippet:-1","max-image-preview":"max-image-preview:large","max-video-preview":"max-video-preview:-1"},"canonical":"https:\/\/www.diario21.tv\/noticias\/adios-atascos-descubre-como-los-semaforos-con-ia-revolucionaran-el-trafico-futuro\/","og_locale":"es_ES","og_type":"article","og_title":"\u00a1Adi\u00f3s atascos! Descubre c\u00f3mo los sem\u00e1foros con IA revolucionar\u00e1n el tr\u00e1fico futuro - Diario 21","og_description":"La Evoluci\u00f3n del Tr\u00e1fico Urbano: Implementaci\u00f3n de Sem\u00e1foros Inteligentes En las ciudades modernas, uno de los desaf\u00edos m\u00e1s persistentes es la gesti\u00f3n eficaz del tr\u00e1fico. Los ... Seguir leyendo &rarr;","og_url":"https:\/\/www.diario21.tv\/noticias\/adios-atascos-descubre-como-los-semaforos-con-ia-revolucionaran-el-trafico-futuro\/","og_site_name":"Diario 21","article_published_time":"2025-03-22T13:39:50+00:00","article_modified_time":"2025-03-22T13:39:51+00:00","og_image":[{"width":1920,"height":1080,"url":"https:\/\/www.diario21.tv\/noticias\/wp-content\/uploads\/2025\/03\/\u00a1Adios-atascos-Descubre-como-los-semaforos-con-IA-revolucionaran-el.jpg","type":"image\/jpeg"}],"author":"Juan P\u00e9rez","twitter_card":"summary_large_image","twitter_misc":{"Escrito por":"Juan P\u00e9rez","Tiempo de lectura":"3 minutos"},"schema":{"@context":"https:\/\/schema.org","@graph":[{"@type":"WebPage","@id":"https:\/\/www.diario21.tv\/noticias\/adios-atascos-descubre-como-los-semaforos-con-ia-revolucionaran-el-trafico-futuro\/","url":"https:\/\/www.diario21.tv\/noticias\/adios-atascos-descubre-como-los-semaforos-con-ia-revolucionaran-el-trafico-futuro\/","name":"\u00a1Adi\u00f3s atascos! Descubre c\u00f3mo los sem\u00e1foros con IA revolucionar\u00e1n el tr\u00e1fico futuro - Diario 21","isPartOf":{"@id":"https:\/\/www.diario21.tv\/noticias\/#website"},"primaryImageOfPage":{"@id":"https:\/\/www.diario21.tv\/noticias\/adios-atascos-descubre-como-los-semaforos-con-ia-revolucionaran-el-trafico-futuro\/#primaryimage"},"image":{"@id":"https:\/\/www.diario21.tv\/noticias\/adios-atascos-descubre-como-los-semaforos-con-ia-revolucionaran-el-trafico-futuro\/#primaryimage"},"thumbnailUrl":"https:\/\/www.diario21.tv\/noticias\/wp-content\/uploads\/2025\/03\/\u00a1Adios-atascos-Descubre-como-los-semaforos-con-IA-revolucionaran-el.jpg","datePublished":"2025-03-22T13:39:50+00:00","dateModified":"2025-03-22T13:39:51+00:00","author":{"@id":"https:\/\/www.diario21.tv\/noticias\/#\/schema\/person\/dfb778f73814d8f09f302618446a526b"},"breadcrumb":{"@id":"https:\/\/www.diario21.tv\/noticias\/adios-atascos-descubre-como-los-semaforos-con-ia-revolucionaran-el-trafico-futuro\/#breadcrumb"},"inLanguage":"es-AR","potentialAction":[{"@type":"ReadAction","target":["https:\/\/www.diario21.tv\/noticias\/adios-atascos-descubre-como-los-semaforos-con-ia-revolucionaran-el-trafico-futuro\/"]}]},{"@type":"ImageObject","inLanguage":"es-AR","@id":"https:\/\/www.diario21.tv\/noticias\/adios-atascos-descubre-como-los-semaforos-con-ia-revolucionaran-el-trafico-futuro\/#primaryimage","url":"https:\/\/www.diario21.tv\/noticias\/wp-content\/uploads\/2025\/03\/\u00a1Adios-atascos-Descubre-como-los-semaforos-con-IA-revolucionaran-el.jpg","contentUrl":"https:\/\/www.diario21.tv\/noticias\/wp-content\/uploads\/2025\/03\/\u00a1Adios-atascos-Descubre-como-los-semaforos-con-IA-revolucionaran-el.jpg","width":1920,"height":1080,"caption":"El futuro del tr\u00e1fico: Sem\u00e1foros con IA para reducir atascos"},{"@type":"BreadcrumbList","@id":"https:\/\/www.diario21.tv\/noticias\/adios-atascos-descubre-como-los-semaforos-con-ia-revolucionaran-el-trafico-futuro\/#breadcrumb","itemListElement":[{"@type":"ListItem","position":1,"name":"Accueil","item":"https:\/\/www.diario21.tv\/noticias\/"},{"@type":"ListItem","position":2,"name":"\u00a1Adi\u00f3s atascos! Descubre c\u00f3mo los sem\u00e1foros con IA revolucionar\u00e1n el tr\u00e1fico futuro"}]},{"@type":"WebSite","@id":"https:\/\/www.diario21.tv\/noticias\/#website","url":"https:\/\/www.diario21.tv\/noticias\/","name":"Diario 21","description":"","potentialAction":[{"@type":"SearchAction","target":{"@type":"EntryPoint","urlTemplate":"https:\/\/www.diario21.tv\/noticias\/?s={search_term_string}"},"query-input":{"@type":"PropertyValueSpecification","valueRequired":true,"valueName":"search_term_string"}}],"inLanguage":"es-AR"},{"@type":"Person","@id":"https:\/\/www.diario21.tv\/noticias\/#\/schema\/person\/dfb778f73814d8f09f302618446a526b","name":"Juan P\u00e9rez","image":{"@type":"ImageObject","inLanguage":"es-AR","@id":"https:\/\/www.diario21.tv\/noticias\/#\/schema\/person\/image\/","url":"https:\/\/secure.gravatar.com\/avatar\/c478a405bd10621167f4c3167cc770f5?s=96&d=mm&r=g","contentUrl":"https:\/\/secure.gravatar.com\/avatar\/c478a405bd10621167f4c3167cc770f5?s=96&d=mm&r=g","caption":"Juan P\u00e9rez"},"description":"Juan P\u00e9rez es el redactor en jefe de Diario 21. Con m\u00e1s de 10 a\u00f1os de experiencia en el periodismo, se especializa en pol\u00edtica nacional y an\u00e1lisis socioecon\u00f3mico. Su enfoque cr\u00edtico y riguroso aporta una perspectiva \u00fanica a cada art\u00edculo.","sameAs":["https:\/\/www.diario21.tv\/noticias\/"],"url":"https:\/\/www.diario21.tv\/noticias\/author\/juan-perez\/"}]}},"_links":{"self":[{"href":"https:\/\/www.diario21.tv\/noticias\/wp-json\/wp\/v2\/posts\/2544"}],"collection":[{"href":"https:\/\/www.diario21.tv\/noticias\/wp-json\/wp\/v2\/posts"}],"about":[{"href":"https:\/\/www.diario21.tv\/noticias\/wp-json\/wp\/v2\/types\/post"}],"author":[{"embeddable":true,"href":"https:\/\/www.diario21.tv\/noticias\/wp-json\/wp\/v2\/users\/20"}],"replies":[{"embeddable":true,"href":"https:\/\/www.diario21.tv\/noticias\/wp-json\/wp\/v2\/comments?post=2544"}],"version-history":[{"count":1,"href":"https:\/\/www.diario21.tv\/noticias\/wp-json\/wp\/v2\/posts\/2544\/revisions"}],"predecessor-version":[{"id":2546,"href":"https:\/\/www.diario21.tv\/noticias\/wp-json\/wp\/v2\/posts\/2544\/revisions\/2546"}],"wp:featuredmedia":[{"embeddable":true,"href":"https:\/\/www.diario21.tv\/noticias\/wp-json\/wp\/v2\/media\/2545"}],"wp:attachment":[{"href":"https:\/\/www.diario21.tv\/noticias\/wp-json\/wp\/v2\/media?parent=2544"}],"wp:term":[{"taxonomy":"category","embeddable":true,"href":"https:\/\/www.diario21.tv\/noticias\/wp-json\/wp\/v2\/categories?post=2544"},{"taxonomy":"post_tag","embeddable":true,"href":"https:\/\/www.diario21.tv\/noticias\/wp-json\/wp\/v2\/tags?post=2544"}],"curies":[{"name":"wp","href":"https:\/\/api.w.org\/{rel}","templated":true}]}}