{"id":2529,"date":"2025-03-21T00:15:55","date_gmt":"2025-03-21T00:15:55","guid":{"rendered":"https:\/\/www.diario21.tv\/noticias\/cambio-de-hora-inminente-ganaremos-o-perderemos-sueno\/"},"modified":"2025-03-21T00:15:56","modified_gmt":"2025-03-21T00:15:56","slug":"cambio-de-hora-inminente-ganaremos-o-perderemos-sueno","status":"publish","type":"post","link":"https:\/\/www.diario21.tv\/noticias\/cambio-de-hora-inminente-ganaremos-o-perderemos-sueno\/","title":{"rendered":"\u00a1Cambio de hora inminente! \u00bfGanaremos o perderemos sue\u00f1o?"},"content":{"rendered":"<h2>Cambio de Hora: \u00bfGanaremos o Perderemos Sue\u00f1o?<\/h2>\n<p>Cada a\u00f1o, en varias partes del mundo, se realiza un ajuste en los relojes conocido como cambio de horario. Este evento se divide en dos: el horario de verano y el horario de invierno. Dependiendo de la \u00e9poca del a\u00f1o, este cambio puede significar una hora m\u00e1s de sue\u00f1o o una hora menos. Pero, \u00bfqu\u00e9 implica realmente este ajuste y c\u00f3mo nos afecta?<\/p>\n<h3>\u00bfAdelantamos o atrasamos el reloj?<\/h3>\n<p>El procedimiento es simple pero puede generar confusi\u00f3n. En la transici\u00f3n al horario de verano, adelantamos el reloj una hora. Esto generalmente ocurre en los primeros meses del a\u00f1o, dependiendo del pa\u00eds. La idea es aprovechar m\u00e1s la luz del d\u00eda durante las tardes. Por otro lado, cuando cambiamos al horario de invierno, atrasamos el reloj una hora, buscando que las personas no tengan que iniciar sus actividades matutinas en completa oscuridad, lo cual es com\u00fan en los \u00faltimos meses del a\u00f1o.<\/p>\n<h3>Impacto en nuestro descanso<\/h3>\n<p>El cambio de hora puede tener un impacto significativo en nuestro ciclo de sue\u00f1o, aunque a menudo es temporal. Al adelantar el reloj, muchas personas experimentan una sensaci\u00f3n de haber perdido una hora de sue\u00f1o esa noche, lo que puede llevar a sentirse m\u00e1s cansado al d\u00eda siguiente. Sin embargo, cuando atrasamos el reloj, puede parecer que ganamos una hora extra para descansar, aunque ajustar nuestro ritmo circadiano a este nuevo horario puede tomar algunos d\u00edas.<\/p>\n<h3>Beneficios y controversias<\/h3>\n<p>Los defensores del cambio de horario sostienen que este ajuste ayuda a ahorrar energ\u00eda al reducir la necesidad de iluminaci\u00f3n y calefacci\u00f3n gracias al aprovechamiento de la luz natural. Tambi\u00e9n argumentan que puede fomentar actividades al aire libre en las tardes. Sin embargo, existen detractores que cuestionan la eficacia de estos beneficios, se\u00f1alando que los ahorros son m\u00ednimos y que el cambio puede provocar problemas de salud relacionados con la alteraci\u00f3n del sue\u00f1o y el ritmo biol\u00f3gico.<\/p>\n<h3>\u00bfQu\u00e9 podemos hacer para adaptarnos mejor?<\/h3>\n<p>Para minimizar el impacto del cambio de horario en nuestro sue\u00f1o y bienestar general, es recomendable ajustar progresivamente nuestro horario de sue\u00f1o unos d\u00edas antes del cambio. Esto puede implicar irse a la cama y levantarse 15 minutos antes cuando nos aproximamos al horario de verano, o ajustar los tiempos de sue\u00f1o de manera similar cuando se acerca el horario de invierno. Tambi\u00e9n es \u00fatil exponerse a la luz natural durante el d\u00eda tanto como sea posible para ayudar a recalibrar nuestro reloj interno.<\/p>\n<p>En conclusi\u00f3n, el cambio de horario es un fen\u00f3meno que contin\u00faa generando debate. Mientras algunos lo ven como una medida necesaria para optimizar el uso de la luz diurna y conservar energ\u00eda, otros lo consideran una perturbaci\u00f3n innecesaria que puede tener efectos adversos en la salud. Independientemente de la posici\u00f3n que se adopte, es importante estar preparados y saber c\u00f3mo manejar estos ajustes para minimizar cualquier inconveniente en nuestro d\u00eda a d\u00eda.<\/p>\n\n\n<div class=\"kk-star-ratings kksr-auto kksr-align-left kksr-valign-bottom\"\n    data-payload='{&quot;align&quot;:&quot;left&quot;,&quot;id&quot;:&quot;2529&quot;,&quot;slug&quot;:&quot;default&quot;,&quot;valign&quot;:&quot;bottom&quot;,&quot;ignore&quot;:&quot;&quot;,&quot;reference&quot;:&quot;auto&quot;,&quot;class&quot;:&quot;&quot;,&quot;count&quot;:&quot;0&quot;,&quot;legendonly&quot;:&quot;&quot;,&quot;readonly&quot;:&quot;&quot;,&quot;score&quot;:&quot;0&quot;,&quot;starsonly&quot;:&quot;&quot;,&quot;best&quot;:&quot;5&quot;,&quot;gap&quot;:&quot;5&quot;,&quot;greet&quot;:&quot;Valora este post&quot;,&quot;legend&quot;:&quot;0\\\/5 - (0 votes)&quot;,&quot;size&quot;:&quot;22&quot;,&quot;title&quot;:&quot;\u00a1Cambio de hora inminente! \u00bfGanaremos o perderemos sue\u00f1o?&quot;,&quot;width&quot;:&quot;0&quot;,&quot;_legend&quot;:&quot;{score}\\\/{best} - ({count} {votes})&quot;,&quot;font_factor&quot;:&quot;1.25&quot;}'>\n            \n<div class=\"kksr-stars\">\n    \n<div class=\"kksr-stars-inactive\">\n            <div class=\"kksr-star\" data-star=\"1\" style=\"padding-right: 5px\">\n            \n\n<div class=\"kksr-icon\" style=\"width: 22px; height: 22px;\"><\/div>\n        <\/div>\n            <div class=\"kksr-star\" data-star=\"2\" style=\"padding-right: 5px\">\n            \n\n<div class=\"kksr-icon\" style=\"width: 22px; height: 22px;\"><\/div>\n        <\/div>\n            <div class=\"kksr-star\" data-star=\"3\" style=\"padding-right: 5px\">\n            \n\n<div class=\"kksr-icon\" style=\"width: 22px; height: 22px;\"><\/div>\n        <\/div>\n            <div class=\"kksr-star\" data-star=\"4\" style=\"padding-right: 5px\">\n            \n\n<div class=\"kksr-icon\" style=\"width: 22px; height: 22px;\"><\/div>\n        <\/div>\n            <div class=\"kksr-star\" data-star=\"5\" style=\"padding-right: 5px\">\n            \n\n<div class=\"kksr-icon\" style=\"width: 22px; height: 22px;\"><\/div>\n        <\/div>\n    <\/div>\n    \n<div class=\"kksr-stars-active\" style=\"width: 0px;\">\n            <div class=\"kksr-star\" style=\"padding-right: 5px\">\n            \n\n<div class=\"kksr-icon\" style=\"width: 22px; height: 22px;\"><\/div>\n        <\/div>\n            <div class=\"kksr-star\" style=\"padding-right: 5px\">\n            \n\n<div class=\"kksr-icon\" style=\"width: 22px; height: 22px;\"><\/div>\n        <\/div>\n            <div class=\"kksr-star\" style=\"padding-right: 5px\">\n            \n\n<div class=\"kksr-icon\" style=\"width: 22px; height: 22px;\"><\/div>\n        <\/div>\n            <div class=\"kksr-star\" style=\"padding-right: 5px\">\n            \n\n<div class=\"kksr-icon\" style=\"width: 22px; height: 22px;\"><\/div>\n        <\/div>\n            <div class=\"kksr-star\" style=\"padding-right: 5px\">\n            \n\n<div class=\"kksr-icon\" style=\"width: 22px; height: 22px;\"><\/div>\n        <\/div>\n    <\/div>\n<\/div>\n                \n\n<div class=\"kksr-legend\" style=\"font-size: 17.6px;\">\n            <span class=\"kksr-muted\">Valora este post<\/span>\n    <\/div>\n    <\/div>\n","protected":false},"excerpt":{"rendered":"<p>Cambio de Hora: \u00bfGanaremos o Perderemos Sue\u00f1o? Cada a\u00f1o, en varias partes del mundo, se realiza un ajuste en los relojes conocido como cambio de horario. &#8230; <a title=\"\u00a1Cambio de hora inminente! \u00bfGanaremos o perderemos sue\u00f1o?\" class=\"read-more\" href=\"https:\/\/www.diario21.tv\/noticias\/cambio-de-hora-inminente-ganaremos-o-perderemos-sueno\/\" aria-label=\"Leer m\u00e1s sobre \u00a1Cambio de hora inminente! \u00bfGanaremos o perderemos sue\u00f1o?\">Seguir leyendo &rarr;<\/a><\/p>\n","protected":false},"author":20,"featured_media":2530,"comment_status":"open","ping_status":"open","sticky":false,"template":"","format":"standard","meta":{"footnotes":""},"categories":[13],"tags":[],"class_list":["post-2529","post","type-post","status-publish","format-standard","has-post-thumbnail","hentry","category-portada"],"yoast_head":"<!-- This site is optimized with the Yoast SEO plugin v25.6 - https:\/\/yoast.com\/wordpress\/plugins\/seo\/ -->\n<title>\u00a1Cambio de hora inminente! \u00bfGanaremos o perderemos sue\u00f1o? - Diario 21<\/title>\n<meta name=\"robots\" content=\"index, follow, max-snippet:-1, max-image-preview:large, max-video-preview:-1\" \/>\n<link rel=\"canonical\" href=\"https:\/\/www.diario21.tv\/noticias\/cambio-de-hora-inminente-ganaremos-o-perderemos-sueno\/\" \/>\n<meta property=\"og:locale\" content=\"es_ES\" \/>\n<meta property=\"og:type\" content=\"article\" \/>\n<meta property=\"og:title\" content=\"\u00a1Cambio de hora inminente! \u00bfGanaremos o perderemos sue\u00f1o? - Diario 21\" \/>\n<meta property=\"og:description\" content=\"Cambio de Hora: \u00bfGanaremos o Perderemos Sue\u00f1o? Cada a\u00f1o, en varias partes del mundo, se realiza un ajuste en los relojes conocido como cambio de horario. ... Seguir leyendo &rarr;\" \/>\n<meta property=\"og:url\" content=\"https:\/\/www.diario21.tv\/noticias\/cambio-de-hora-inminente-ganaremos-o-perderemos-sueno\/\" \/>\n<meta property=\"og:site_name\" content=\"Diario 21\" \/>\n<meta property=\"article:published_time\" content=\"2025-03-21T00:15:55+00:00\" \/>\n<meta property=\"article:modified_time\" content=\"2025-03-21T00:15:56+00:00\" \/>\n<meta property=\"og:image\" content=\"https:\/\/www.diario21.tv\/noticias\/wp-content\/uploads\/2025\/03\/\u00a1Cambio-de-hora-inminente-\u00bfGanaremos-o-perderemos-sueno.jpg\" \/>\n\t<meta property=\"og:image:width\" content=\"1920\" \/>\n\t<meta property=\"og:image:height\" content=\"1080\" \/>\n\t<meta property=\"og:image:type\" content=\"image\/jpeg\" \/>\n<meta name=\"author\" content=\"Juan P\u00e9rez\" \/>\n<meta name=\"twitter:card\" content=\"summary_large_image\" \/>\n<meta name=\"twitter:label1\" content=\"Escrito por\" \/>\n\t<meta name=\"twitter:data1\" content=\"Juan P\u00e9rez\" \/>\n\t<meta name=\"twitter:label2\" content=\"Tiempo de lectura\" \/>\n\t<meta name=\"twitter:data2\" content=\"3 minutos\" \/>\n<script type=\"application\/ld+json\" class=\"yoast-schema-graph\">{\"@context\":\"https:\/\/schema.org\",\"@graph\":[{\"@type\":\"WebPage\",\"@id\":\"https:\/\/www.diario21.tv\/noticias\/cambio-de-hora-inminente-ganaremos-o-perderemos-sueno\/\",\"url\":\"https:\/\/www.diario21.tv\/noticias\/cambio-de-hora-inminente-ganaremos-o-perderemos-sueno\/\",\"name\":\"\u00a1Cambio de hora inminente! \u00bfGanaremos o perderemos sue\u00f1o? - Diario 21\",\"isPartOf\":{\"@id\":\"https:\/\/www.diario21.tv\/noticias\/#website\"},\"primaryImageOfPage\":{\"@id\":\"https:\/\/www.diario21.tv\/noticias\/cambio-de-hora-inminente-ganaremos-o-perderemos-sueno\/#primaryimage\"},\"image\":{\"@id\":\"https:\/\/www.diario21.tv\/noticias\/cambio-de-hora-inminente-ganaremos-o-perderemos-sueno\/#primaryimage\"},\"thumbnailUrl\":\"https:\/\/www.diario21.tv\/noticias\/wp-content\/uploads\/2025\/03\/\u00a1Cambio-de-hora-inminente-\u00bfGanaremos-o-perderemos-sueno.jpg\",\"datePublished\":\"2025-03-21T00:15:55+00:00\",\"dateModified\":\"2025-03-21T00:15:56+00:00\",\"author\":{\"@id\":\"https:\/\/www.diario21.tv\/noticias\/#\/schema\/person\/dfb778f73814d8f09f302618446a526b\"},\"breadcrumb\":{\"@id\":\"https:\/\/www.diario21.tv\/noticias\/cambio-de-hora-inminente-ganaremos-o-perderemos-sueno\/#breadcrumb\"},\"inLanguage\":\"es-AR\",\"potentialAction\":[{\"@type\":\"ReadAction\",\"target\":[\"https:\/\/www.diario21.tv\/noticias\/cambio-de-hora-inminente-ganaremos-o-perderemos-sueno\/\"]}]},{\"@type\":\"ImageObject\",\"inLanguage\":\"es-AR\",\"@id\":\"https:\/\/www.diario21.tv\/noticias\/cambio-de-hora-inminente-ganaremos-o-perderemos-sueno\/#primaryimage\",\"url\":\"https:\/\/www.diario21.tv\/noticias\/wp-content\/uploads\/2025\/03\/\u00a1Cambio-de-hora-inminente-\u00bfGanaremos-o-perderemos-sueno.jpg\",\"contentUrl\":\"https:\/\/www.diario21.tv\/noticias\/wp-content\/uploads\/2025\/03\/\u00a1Cambio-de-hora-inminente-\u00bfGanaremos-o-perderemos-sueno.jpg\",\"width\":1920,\"height\":1080,\"caption\":\"Se acerca el cambio horario, \u00bfuna hora m\u00e1s o menos de sue\u00f1o?\"},{\"@type\":\"BreadcrumbList\",\"@id\":\"https:\/\/www.diario21.tv\/noticias\/cambio-de-hora-inminente-ganaremos-o-perderemos-sueno\/#breadcrumb\",\"itemListElement\":[{\"@type\":\"ListItem\",\"position\":1,\"name\":\"Accueil\",\"item\":\"https:\/\/www.diario21.tv\/noticias\/\"},{\"@type\":\"ListItem\",\"position\":2,\"name\":\"\u00a1Cambio de hora inminente! \u00bfGanaremos o perderemos sue\u00f1o?\"}]},{\"@type\":\"WebSite\",\"@id\":\"https:\/\/www.diario21.tv\/noticias\/#website\",\"url\":\"https:\/\/www.diario21.tv\/noticias\/\",\"name\":\"Diario 21\",\"description\":\"\",\"potentialAction\":[{\"@type\":\"SearchAction\",\"target\":{\"@type\":\"EntryPoint\",\"urlTemplate\":\"https:\/\/www.diario21.tv\/noticias\/?s={search_term_string}\"},\"query-input\":{\"@type\":\"PropertyValueSpecification\",\"valueRequired\":true,\"valueName\":\"search_term_string\"}}],\"inLanguage\":\"es-AR\"},{\"@type\":\"Person\",\"@id\":\"https:\/\/www.diario21.tv\/noticias\/#\/schema\/person\/dfb778f73814d8f09f302618446a526b\",\"name\":\"Juan P\u00e9rez\",\"image\":{\"@type\":\"ImageObject\",\"inLanguage\":\"es-AR\",\"@id\":\"https:\/\/www.diario21.tv\/noticias\/#\/schema\/person\/image\/\",\"url\":\"https:\/\/secure.gravatar.com\/avatar\/c478a405bd10621167f4c3167cc770f5?s=96&d=mm&r=g\",\"contentUrl\":\"https:\/\/secure.gravatar.com\/avatar\/c478a405bd10621167f4c3167cc770f5?s=96&d=mm&r=g\",\"caption\":\"Juan P\u00e9rez\"},\"description\":\"Juan P\u00e9rez es el redactor en jefe de Diario 21. Con m\u00e1s de 10 a\u00f1os de experiencia en el periodismo, se especializa en pol\u00edtica nacional y an\u00e1lisis socioecon\u00f3mico. Su enfoque cr\u00edtico y riguroso aporta una perspectiva \u00fanica a cada art\u00edculo.\",\"sameAs\":[\"https:\/\/www.diario21.tv\/noticias\/\"],\"url\":\"https:\/\/www.diario21.tv\/noticias\/author\/juan-perez\/\"}]}<\/script>\n<!-- \/ Yoast SEO plugin. -->","yoast_head_json":{"title":"\u00a1Cambio de hora inminente! \u00bfGanaremos o perderemos sue\u00f1o? - Diario 21","robots":{"index":"index","follow":"follow","max-snippet":"max-snippet:-1","max-image-preview":"max-image-preview:large","max-video-preview":"max-video-preview:-1"},"canonical":"https:\/\/www.diario21.tv\/noticias\/cambio-de-hora-inminente-ganaremos-o-perderemos-sueno\/","og_locale":"es_ES","og_type":"article","og_title":"\u00a1Cambio de hora inminente! \u00bfGanaremos o perderemos sue\u00f1o? - Diario 21","og_description":"Cambio de Hora: \u00bfGanaremos o Perderemos Sue\u00f1o? Cada a\u00f1o, en varias partes del mundo, se realiza un ajuste en los relojes conocido como cambio de horario. ... Seguir leyendo &rarr;","og_url":"https:\/\/www.diario21.tv\/noticias\/cambio-de-hora-inminente-ganaremos-o-perderemos-sueno\/","og_site_name":"Diario 21","article_published_time":"2025-03-21T00:15:55+00:00","article_modified_time":"2025-03-21T00:15:56+00:00","og_image":[{"width":1920,"height":1080,"url":"https:\/\/www.diario21.tv\/noticias\/wp-content\/uploads\/2025\/03\/\u00a1Cambio-de-hora-inminente-\u00bfGanaremos-o-perderemos-sueno.jpg","type":"image\/jpeg"}],"author":"Juan P\u00e9rez","twitter_card":"summary_large_image","twitter_misc":{"Escrito por":"Juan P\u00e9rez","Tiempo de lectura":"3 minutos"},"schema":{"@context":"https:\/\/schema.org","@graph":[{"@type":"WebPage","@id":"https:\/\/www.diario21.tv\/noticias\/cambio-de-hora-inminente-ganaremos-o-perderemos-sueno\/","url":"https:\/\/www.diario21.tv\/noticias\/cambio-de-hora-inminente-ganaremos-o-perderemos-sueno\/","name":"\u00a1Cambio de hora inminente! \u00bfGanaremos o perderemos sue\u00f1o? - Diario 21","isPartOf":{"@id":"https:\/\/www.diario21.tv\/noticias\/#website"},"primaryImageOfPage":{"@id":"https:\/\/www.diario21.tv\/noticias\/cambio-de-hora-inminente-ganaremos-o-perderemos-sueno\/#primaryimage"},"image":{"@id":"https:\/\/www.diario21.tv\/noticias\/cambio-de-hora-inminente-ganaremos-o-perderemos-sueno\/#primaryimage"},"thumbnailUrl":"https:\/\/www.diario21.tv\/noticias\/wp-content\/uploads\/2025\/03\/\u00a1Cambio-de-hora-inminente-\u00bfGanaremos-o-perderemos-sueno.jpg","datePublished":"2025-03-21T00:15:55+00:00","dateModified":"2025-03-21T00:15:56+00:00","author":{"@id":"https:\/\/www.diario21.tv\/noticias\/#\/schema\/person\/dfb778f73814d8f09f302618446a526b"},"breadcrumb":{"@id":"https:\/\/www.diario21.tv\/noticias\/cambio-de-hora-inminente-ganaremos-o-perderemos-sueno\/#breadcrumb"},"inLanguage":"es-AR","potentialAction":[{"@type":"ReadAction","target":["https:\/\/www.diario21.tv\/noticias\/cambio-de-hora-inminente-ganaremos-o-perderemos-sueno\/"]}]},{"@type":"ImageObject","inLanguage":"es-AR","@id":"https:\/\/www.diario21.tv\/noticias\/cambio-de-hora-inminente-ganaremos-o-perderemos-sueno\/#primaryimage","url":"https:\/\/www.diario21.tv\/noticias\/wp-content\/uploads\/2025\/03\/\u00a1Cambio-de-hora-inminente-\u00bfGanaremos-o-perderemos-sueno.jpg","contentUrl":"https:\/\/www.diario21.tv\/noticias\/wp-content\/uploads\/2025\/03\/\u00a1Cambio-de-hora-inminente-\u00bfGanaremos-o-perderemos-sueno.jpg","width":1920,"height":1080,"caption":"Se acerca el cambio horario, \u00bfuna hora m\u00e1s o menos de sue\u00f1o?"},{"@type":"BreadcrumbList","@id":"https:\/\/www.diario21.tv\/noticias\/cambio-de-hora-inminente-ganaremos-o-perderemos-sueno\/#breadcrumb","itemListElement":[{"@type":"ListItem","position":1,"name":"Accueil","item":"https:\/\/www.diario21.tv\/noticias\/"},{"@type":"ListItem","position":2,"name":"\u00a1Cambio de hora inminente! \u00bfGanaremos o perderemos sue\u00f1o?"}]},{"@type":"WebSite","@id":"https:\/\/www.diario21.tv\/noticias\/#website","url":"https:\/\/www.diario21.tv\/noticias\/","name":"Diario 21","description":"","potentialAction":[{"@type":"SearchAction","target":{"@type":"EntryPoint","urlTemplate":"https:\/\/www.diario21.tv\/noticias\/?s={search_term_string}"},"query-input":{"@type":"PropertyValueSpecification","valueRequired":true,"valueName":"search_term_string"}}],"inLanguage":"es-AR"},{"@type":"Person","@id":"https:\/\/www.diario21.tv\/noticias\/#\/schema\/person\/dfb778f73814d8f09f302618446a526b","name":"Juan P\u00e9rez","image":{"@type":"ImageObject","inLanguage":"es-AR","@id":"https:\/\/www.diario21.tv\/noticias\/#\/schema\/person\/image\/","url":"https:\/\/secure.gravatar.com\/avatar\/c478a405bd10621167f4c3167cc770f5?s=96&d=mm&r=g","contentUrl":"https:\/\/secure.gravatar.com\/avatar\/c478a405bd10621167f4c3167cc770f5?s=96&d=mm&r=g","caption":"Juan P\u00e9rez"},"description":"Juan P\u00e9rez es el redactor en jefe de Diario 21. Con m\u00e1s de 10 a\u00f1os de experiencia en el periodismo, se especializa en pol\u00edtica nacional y an\u00e1lisis socioecon\u00f3mico. Su enfoque cr\u00edtico y riguroso aporta una perspectiva \u00fanica a cada art\u00edculo.","sameAs":["https:\/\/www.diario21.tv\/noticias\/"],"url":"https:\/\/www.diario21.tv\/noticias\/author\/juan-perez\/"}]}},"_links":{"self":[{"href":"https:\/\/www.diario21.tv\/noticias\/wp-json\/wp\/v2\/posts\/2529"}],"collection":[{"href":"https:\/\/www.diario21.tv\/noticias\/wp-json\/wp\/v2\/posts"}],"about":[{"href":"https:\/\/www.diario21.tv\/noticias\/wp-json\/wp\/v2\/types\/post"}],"author":[{"embeddable":true,"href":"https:\/\/www.diario21.tv\/noticias\/wp-json\/wp\/v2\/users\/20"}],"replies":[{"embeddable":true,"href":"https:\/\/www.diario21.tv\/noticias\/wp-json\/wp\/v2\/comments?post=2529"}],"version-history":[{"count":1,"href":"https:\/\/www.diario21.tv\/noticias\/wp-json\/wp\/v2\/posts\/2529\/revisions"}],"predecessor-version":[{"id":2531,"href":"https:\/\/www.diario21.tv\/noticias\/wp-json\/wp\/v2\/posts\/2529\/revisions\/2531"}],"wp:featuredmedia":[{"embeddable":true,"href":"https:\/\/www.diario21.tv\/noticias\/wp-json\/wp\/v2\/media\/2530"}],"wp:attachment":[{"href":"https:\/\/www.diario21.tv\/noticias\/wp-json\/wp\/v2\/media?parent=2529"}],"wp:term":[{"taxonomy":"category","embeddable":true,"href":"https:\/\/www.diario21.tv\/noticias\/wp-json\/wp\/v2\/categories?post=2529"},{"taxonomy":"post_tag","embeddable":true,"href":"https:\/\/www.diario21.tv\/noticias\/wp-json\/wp\/v2\/tags?post=2529"}],"curies":[{"name":"wp","href":"https:\/\/api.w.org\/{rel}","templated":true}]}}