{"id":2514,"date":"2025-03-19T17:41:12","date_gmt":"2025-03-19T17:41:12","guid":{"rendered":"https:\/\/www.diario21.tv\/noticias\/detenido-en-soria-hombre-acusado-de-asesinar-a-su-propia-madre\/"},"modified":"2025-03-19T17:41:13","modified_gmt":"2025-03-19T17:41:13","slug":"detenido-en-soria-hombre-acusado-de-asesinar-a-su-propia-madre","status":"publish","type":"post","link":"https:\/\/www.diario21.tv\/noticias\/detenido-en-soria-hombre-acusado-de-asesinar-a-su-propia-madre\/","title":{"rendered":"Detenido en Soria: Hombre acusado de asesinar a su propia madre."},"content":{"rendered":"<h2>Arresto en Soria por la Supuesta Muerte de la Madre del Sospechoso<\/h2>\n<p>En un hecho que ha conmocionado a la comunidad de Soria, las autoridades han reportado la detenci\u00f3n de un individuo acusado de la posible muerte de su propia madre. El sospechoso, cuya identidad no ha sido divulgada para proteger la integridad del proceso legal, est\u00e1 siendo investigado bajo la grave sospecha de haber cometido el homicidio en su domicilio familiar.<\/p>\n<h3>Detalles del Incidente<\/h3>\n<p>Seg\u00fan fuentes policiales, la arrestaci\u00f3n se llev\u00f3 a cabo tras recibir una llamada de emergencia que alertaba sobre un altercado violento en la residencia del acusado. Al llegar al lugar, los oficiales se encontraron con una escena desgarradora: la madre del detenido yac\u00eda sin vida, con evidentes signos de violencia.<\/p>\n<p>El equipo de emergencia m\u00e9dica lleg\u00f3 r\u00e1pidamente al lugar, pero solo pudieron confirmar el deceso de la mujer, quien aparentemente hab\u00eda sido v\u00edctima de m\u00faltiples agresiones. La r\u00e1pida respuesta de las autoridades permiti\u00f3 la detenci\u00f3n del hijo en las inmediaciones de la vivienda, quien no opuso resistencia al arresto.<\/p>\n<h3>Investigaci\u00f3n en Curso<\/h3>\n<p>El sospechoso ha sido trasladado a una instalaci\u00f3n de detenci\u00f3n local, donde est\u00e1 siendo interrogado por los detectives encargados del caso. Se ha informado que la investigaci\u00f3n est\u00e1 en sus etapas iniciales y que se est\u00e1n llevando a cabo todas las diligencias necesarias para esclarecer los hechos, incluyendo la inspecci\u00f3n del lugar del crimen y la recopilaci\u00f3n de testimonios de posibles testigos.<\/p>\n<p>Las autoridades han hecho un llamado a la calma en la comunidad, asegurando que este parece ser un incidente aislado. Sin embargo, han pedido a cualquier persona con informaci\u00f3n adicional que se acerque para contribuir a la investigaci\u00f3n.<\/p>\n<h3>Reacciones de la Comunidad<\/h3>\n<p>La noticia ha generado una onda de consternaci\u00f3n entre los vecinos y conocidos de la familia, quienes describen a la v\u00edctima como una persona amable y dedicada a su familia. La comunidad ha expresado su apoyo y condolencias a trav\u00e9s de varias manifestaciones y mensajes en redes sociales, destacando la importancia de la solidaridad en momentos tan dif\u00edciles.<\/p>\n<p>Este tr\u00e1gico evento ha puesto de relieve la necesidad de prestar atenci\u00f3n a la salud mental y a las din\u00e1micas familiares conflictivas, se\u00f1alando la importancia de buscar ayuda profesional en situaciones de crisis dom\u00e9stica.<\/p>\n<p>Las autoridades contin\u00faan investigando y han asegurado que se tomar\u00e1n todas las medidas necesarias para hacer justicia y esclarecer las circunstancias que llevaron a este lamentable suceso. La comunidad, por su parte, sigue a la espera de resultados que puedan ofrecer algo de cierre a este doloroso cap\u00edtulo.<\/p>\n\n\n<div class=\"kk-star-ratings kksr-auto kksr-align-left kksr-valign-bottom\"\n    data-payload='{&quot;align&quot;:&quot;left&quot;,&quot;id&quot;:&quot;2514&quot;,&quot;slug&quot;:&quot;default&quot;,&quot;valign&quot;:&quot;bottom&quot;,&quot;ignore&quot;:&quot;&quot;,&quot;reference&quot;:&quot;auto&quot;,&quot;class&quot;:&quot;&quot;,&quot;count&quot;:&quot;0&quot;,&quot;legendonly&quot;:&quot;&quot;,&quot;readonly&quot;:&quot;&quot;,&quot;score&quot;:&quot;0&quot;,&quot;starsonly&quot;:&quot;&quot;,&quot;best&quot;:&quot;5&quot;,&quot;gap&quot;:&quot;5&quot;,&quot;greet&quot;:&quot;Valora este post&quot;,&quot;legend&quot;:&quot;0\\\/5 - (0 votes)&quot;,&quot;size&quot;:&quot;22&quot;,&quot;title&quot;:&quot;Detenido en Soria: Hombre acusado de asesinar a su propia madre.&quot;,&quot;width&quot;:&quot;0&quot;,&quot;_legend&quot;:&quot;{score}\\\/{best} - ({count} {votes})&quot;,&quot;font_factor&quot;:&quot;1.25&quot;}'>\n            \n<div class=\"kksr-stars\">\n    \n<div class=\"kksr-stars-inactive\">\n            <div class=\"kksr-star\" data-star=\"1\" style=\"padding-right: 5px\">\n            \n\n<div class=\"kksr-icon\" style=\"width: 22px; height: 22px;\"><\/div>\n        <\/div>\n            <div class=\"kksr-star\" data-star=\"2\" style=\"padding-right: 5px\">\n            \n\n<div class=\"kksr-icon\" style=\"width: 22px; height: 22px;\"><\/div>\n        <\/div>\n            <div class=\"kksr-star\" data-star=\"3\" style=\"padding-right: 5px\">\n            \n\n<div class=\"kksr-icon\" style=\"width: 22px; height: 22px;\"><\/div>\n        <\/div>\n            <div class=\"kksr-star\" data-star=\"4\" style=\"padding-right: 5px\">\n            \n\n<div class=\"kksr-icon\" style=\"width: 22px; height: 22px;\"><\/div>\n        <\/div>\n            <div class=\"kksr-star\" data-star=\"5\" style=\"padding-right: 5px\">\n            \n\n<div class=\"kksr-icon\" style=\"width: 22px; height: 22px;\"><\/div>\n        <\/div>\n    <\/div>\n    \n<div class=\"kksr-stars-active\" style=\"width: 0px;\">\n            <div class=\"kksr-star\" style=\"padding-right: 5px\">\n            \n\n<div class=\"kksr-icon\" style=\"width: 22px; height: 22px;\"><\/div>\n        <\/div>\n            <div class=\"kksr-star\" style=\"padding-right: 5px\">\n            \n\n<div class=\"kksr-icon\" style=\"width: 22px; height: 22px;\"><\/div>\n        <\/div>\n            <div class=\"kksr-star\" style=\"padding-right: 5px\">\n            \n\n<div class=\"kksr-icon\" style=\"width: 22px; height: 22px;\"><\/div>\n        <\/div>\n            <div class=\"kksr-star\" style=\"padding-right: 5px\">\n            \n\n<div class=\"kksr-icon\" style=\"width: 22px; height: 22px;\"><\/div>\n        <\/div>\n            <div class=\"kksr-star\" style=\"padding-right: 5px\">\n            \n\n<div class=\"kksr-icon\" style=\"width: 22px; height: 22px;\"><\/div>\n        <\/div>\n    <\/div>\n<\/div>\n                \n\n<div class=\"kksr-legend\" style=\"font-size: 17.6px;\">\n            <span class=\"kksr-muted\">Valora este post<\/span>\n    <\/div>\n    <\/div>\n","protected":false},"excerpt":{"rendered":"<p>Arresto en Soria por la Supuesta Muerte de la Madre del Sospechoso En un hecho que ha conmocionado a la comunidad de Soria, las autoridades han &#8230; <a title=\"Detenido en Soria: Hombre acusado de asesinar a su propia madre.\" class=\"read-more\" href=\"https:\/\/www.diario21.tv\/noticias\/detenido-en-soria-hombre-acusado-de-asesinar-a-su-propia-madre\/\" aria-label=\"Leer m\u00e1s sobre Detenido en Soria: Hombre acusado de asesinar a su propia madre.\">Seguir leyendo &rarr;<\/a><\/p>\n","protected":false},"author":20,"featured_media":2515,"comment_status":"open","ping_status":"open","sticky":false,"template":"","format":"standard","meta":{"footnotes":""},"categories":[13],"tags":[],"class_list":["post-2514","post","type-post","status-publish","format-standard","has-post-thumbnail","hentry","category-portada"],"yoast_head":"<!-- This site is optimized with the Yoast SEO plugin v25.6 - https:\/\/yoast.com\/wordpress\/plugins\/seo\/ -->\n<title>Detenido en Soria: Hombre acusado de asesinar a su propia madre. - Diario 21<\/title>\n<meta name=\"robots\" content=\"index, follow, max-snippet:-1, max-image-preview:large, max-video-preview:-1\" \/>\n<link rel=\"canonical\" href=\"https:\/\/www.diario21.tv\/noticias\/detenido-en-soria-hombre-acusado-de-asesinar-a-su-propia-madre\/\" \/>\n<meta property=\"og:locale\" content=\"es_ES\" \/>\n<meta property=\"og:type\" content=\"article\" \/>\n<meta property=\"og:title\" content=\"Detenido en Soria: Hombre acusado de asesinar a su propia madre. - Diario 21\" \/>\n<meta property=\"og:description\" content=\"Arresto en Soria por la Supuesta Muerte de la Madre del Sospechoso En un hecho que ha conmocionado a la comunidad de Soria, las autoridades han ... Seguir leyendo &rarr;\" \/>\n<meta property=\"og:url\" content=\"https:\/\/www.diario21.tv\/noticias\/detenido-en-soria-hombre-acusado-de-asesinar-a-su-propia-madre\/\" \/>\n<meta property=\"og:site_name\" content=\"Diario 21\" \/>\n<meta property=\"article:published_time\" content=\"2025-03-19T17:41:12+00:00\" \/>\n<meta property=\"article:modified_time\" content=\"2025-03-19T17:41:13+00:00\" \/>\n<meta property=\"og:image\" content=\"https:\/\/www.diario21.tv\/noticias\/wp-content\/uploads\/2025\/03\/Detenido-en-Soria-Hombre-acusado-de-asesinar-a-su-propia.jpg\" \/>\n\t<meta property=\"og:image:width\" content=\"1200\" \/>\n\t<meta property=\"og:image:height\" content=\"840\" \/>\n\t<meta property=\"og:image:type\" content=\"image\/jpeg\" \/>\n<meta name=\"author\" content=\"Juan P\u00e9rez\" \/>\n<meta name=\"twitter:card\" content=\"summary_large_image\" \/>\n<meta name=\"twitter:label1\" content=\"Escrito por\" \/>\n\t<meta name=\"twitter:data1\" content=\"Juan P\u00e9rez\" \/>\n\t<meta name=\"twitter:label2\" content=\"Tiempo de lectura\" \/>\n\t<meta name=\"twitter:data2\" content=\"2 minutos\" \/>\n<script type=\"application\/ld+json\" class=\"yoast-schema-graph\">{\"@context\":\"https:\/\/schema.org\",\"@graph\":[{\"@type\":\"WebPage\",\"@id\":\"https:\/\/www.diario21.tv\/noticias\/detenido-en-soria-hombre-acusado-de-asesinar-a-su-propia-madre\/\",\"url\":\"https:\/\/www.diario21.tv\/noticias\/detenido-en-soria-hombre-acusado-de-asesinar-a-su-propia-madre\/\",\"name\":\"Detenido en Soria: Hombre acusado de asesinar a su propia madre. - Diario 21\",\"isPartOf\":{\"@id\":\"https:\/\/www.diario21.tv\/noticias\/#website\"},\"primaryImageOfPage\":{\"@id\":\"https:\/\/www.diario21.tv\/noticias\/detenido-en-soria-hombre-acusado-de-asesinar-a-su-propia-madre\/#primaryimage\"},\"image\":{\"@id\":\"https:\/\/www.diario21.tv\/noticias\/detenido-en-soria-hombre-acusado-de-asesinar-a-su-propia-madre\/#primaryimage\"},\"thumbnailUrl\":\"https:\/\/www.diario21.tv\/noticias\/wp-content\/uploads\/2025\/03\/Detenido-en-Soria-Hombre-acusado-de-asesinar-a-su-propia.jpg\",\"datePublished\":\"2025-03-19T17:41:12+00:00\",\"dateModified\":\"2025-03-19T17:41:13+00:00\",\"author\":{\"@id\":\"https:\/\/www.diario21.tv\/noticias\/#\/schema\/person\/dfb778f73814d8f09f302618446a526b\"},\"breadcrumb\":{\"@id\":\"https:\/\/www.diario21.tv\/noticias\/detenido-en-soria-hombre-acusado-de-asesinar-a-su-propia-madre\/#breadcrumb\"},\"inLanguage\":\"es-AR\",\"potentialAction\":[{\"@type\":\"ReadAction\",\"target\":[\"https:\/\/www.diario21.tv\/noticias\/detenido-en-soria-hombre-acusado-de-asesinar-a-su-propia-madre\/\"]}]},{\"@type\":\"ImageObject\",\"inLanguage\":\"es-AR\",\"@id\":\"https:\/\/www.diario21.tv\/noticias\/detenido-en-soria-hombre-acusado-de-asesinar-a-su-propia-madre\/#primaryimage\",\"url\":\"https:\/\/www.diario21.tv\/noticias\/wp-content\/uploads\/2025\/03\/Detenido-en-Soria-Hombre-acusado-de-asesinar-a-su-propia.jpg\",\"contentUrl\":\"https:\/\/www.diario21.tv\/noticias\/wp-content\/uploads\/2025\/03\/Detenido-en-Soria-Hombre-acusado-de-asesinar-a-su-propia.jpg\",\"width\":1200,\"height\":840,\"caption\":\"Detenido en Soria por matar presuntamente a su madre\"},{\"@type\":\"BreadcrumbList\",\"@id\":\"https:\/\/www.diario21.tv\/noticias\/detenido-en-soria-hombre-acusado-de-asesinar-a-su-propia-madre\/#breadcrumb\",\"itemListElement\":[{\"@type\":\"ListItem\",\"position\":1,\"name\":\"Accueil\",\"item\":\"https:\/\/www.diario21.tv\/noticias\/\"},{\"@type\":\"ListItem\",\"position\":2,\"name\":\"Detenido en Soria: Hombre acusado de asesinar a su propia madre.\"}]},{\"@type\":\"WebSite\",\"@id\":\"https:\/\/www.diario21.tv\/noticias\/#website\",\"url\":\"https:\/\/www.diario21.tv\/noticias\/\",\"name\":\"Diario 21\",\"description\":\"\",\"potentialAction\":[{\"@type\":\"SearchAction\",\"target\":{\"@type\":\"EntryPoint\",\"urlTemplate\":\"https:\/\/www.diario21.tv\/noticias\/?s={search_term_string}\"},\"query-input\":{\"@type\":\"PropertyValueSpecification\",\"valueRequired\":true,\"valueName\":\"search_term_string\"}}],\"inLanguage\":\"es-AR\"},{\"@type\":\"Person\",\"@id\":\"https:\/\/www.diario21.tv\/noticias\/#\/schema\/person\/dfb778f73814d8f09f302618446a526b\",\"name\":\"Juan P\u00e9rez\",\"image\":{\"@type\":\"ImageObject\",\"inLanguage\":\"es-AR\",\"@id\":\"https:\/\/www.diario21.tv\/noticias\/#\/schema\/person\/image\/\",\"url\":\"https:\/\/secure.gravatar.com\/avatar\/c478a405bd10621167f4c3167cc770f5?s=96&d=mm&r=g\",\"contentUrl\":\"https:\/\/secure.gravatar.com\/avatar\/c478a405bd10621167f4c3167cc770f5?s=96&d=mm&r=g\",\"caption\":\"Juan P\u00e9rez\"},\"description\":\"Juan P\u00e9rez es el redactor en jefe de Diario 21. Con m\u00e1s de 10 a\u00f1os de experiencia en el periodismo, se especializa en pol\u00edtica nacional y an\u00e1lisis socioecon\u00f3mico. Su enfoque cr\u00edtico y riguroso aporta una perspectiva \u00fanica a cada art\u00edculo.\",\"sameAs\":[\"https:\/\/www.diario21.tv\/noticias\/\"],\"url\":\"https:\/\/www.diario21.tv\/noticias\/author\/juan-perez\/\"}]}<\/script>\n<!-- \/ Yoast SEO plugin. -->","yoast_head_json":{"title":"Detenido en Soria: Hombre acusado de asesinar a su propia madre. - Diario 21","robots":{"index":"index","follow":"follow","max-snippet":"max-snippet:-1","max-image-preview":"max-image-preview:large","max-video-preview":"max-video-preview:-1"},"canonical":"https:\/\/www.diario21.tv\/noticias\/detenido-en-soria-hombre-acusado-de-asesinar-a-su-propia-madre\/","og_locale":"es_ES","og_type":"article","og_title":"Detenido en Soria: Hombre acusado de asesinar a su propia madre. - Diario 21","og_description":"Arresto en Soria por la Supuesta Muerte de la Madre del Sospechoso En un hecho que ha conmocionado a la comunidad de Soria, las autoridades han ... Seguir leyendo &rarr;","og_url":"https:\/\/www.diario21.tv\/noticias\/detenido-en-soria-hombre-acusado-de-asesinar-a-su-propia-madre\/","og_site_name":"Diario 21","article_published_time":"2025-03-19T17:41:12+00:00","article_modified_time":"2025-03-19T17:41:13+00:00","og_image":[{"width":1200,"height":840,"url":"https:\/\/www.diario21.tv\/noticias\/wp-content\/uploads\/2025\/03\/Detenido-en-Soria-Hombre-acusado-de-asesinar-a-su-propia.jpg","type":"image\/jpeg"}],"author":"Juan P\u00e9rez","twitter_card":"summary_large_image","twitter_misc":{"Escrito por":"Juan P\u00e9rez","Tiempo de lectura":"2 minutos"},"schema":{"@context":"https:\/\/schema.org","@graph":[{"@type":"WebPage","@id":"https:\/\/www.diario21.tv\/noticias\/detenido-en-soria-hombre-acusado-de-asesinar-a-su-propia-madre\/","url":"https:\/\/www.diario21.tv\/noticias\/detenido-en-soria-hombre-acusado-de-asesinar-a-su-propia-madre\/","name":"Detenido en Soria: Hombre acusado de asesinar a su propia madre. - Diario 21","isPartOf":{"@id":"https:\/\/www.diario21.tv\/noticias\/#website"},"primaryImageOfPage":{"@id":"https:\/\/www.diario21.tv\/noticias\/detenido-en-soria-hombre-acusado-de-asesinar-a-su-propia-madre\/#primaryimage"},"image":{"@id":"https:\/\/www.diario21.tv\/noticias\/detenido-en-soria-hombre-acusado-de-asesinar-a-su-propia-madre\/#primaryimage"},"thumbnailUrl":"https:\/\/www.diario21.tv\/noticias\/wp-content\/uploads\/2025\/03\/Detenido-en-Soria-Hombre-acusado-de-asesinar-a-su-propia.jpg","datePublished":"2025-03-19T17:41:12+00:00","dateModified":"2025-03-19T17:41:13+00:00","author":{"@id":"https:\/\/www.diario21.tv\/noticias\/#\/schema\/person\/dfb778f73814d8f09f302618446a526b"},"breadcrumb":{"@id":"https:\/\/www.diario21.tv\/noticias\/detenido-en-soria-hombre-acusado-de-asesinar-a-su-propia-madre\/#breadcrumb"},"inLanguage":"es-AR","potentialAction":[{"@type":"ReadAction","target":["https:\/\/www.diario21.tv\/noticias\/detenido-en-soria-hombre-acusado-de-asesinar-a-su-propia-madre\/"]}]},{"@type":"ImageObject","inLanguage":"es-AR","@id":"https:\/\/www.diario21.tv\/noticias\/detenido-en-soria-hombre-acusado-de-asesinar-a-su-propia-madre\/#primaryimage","url":"https:\/\/www.diario21.tv\/noticias\/wp-content\/uploads\/2025\/03\/Detenido-en-Soria-Hombre-acusado-de-asesinar-a-su-propia.jpg","contentUrl":"https:\/\/www.diario21.tv\/noticias\/wp-content\/uploads\/2025\/03\/Detenido-en-Soria-Hombre-acusado-de-asesinar-a-su-propia.jpg","width":1200,"height":840,"caption":"Detenido en Soria por matar presuntamente a su madre"},{"@type":"BreadcrumbList","@id":"https:\/\/www.diario21.tv\/noticias\/detenido-en-soria-hombre-acusado-de-asesinar-a-su-propia-madre\/#breadcrumb","itemListElement":[{"@type":"ListItem","position":1,"name":"Accueil","item":"https:\/\/www.diario21.tv\/noticias\/"},{"@type":"ListItem","position":2,"name":"Detenido en Soria: Hombre acusado de asesinar a su propia madre."}]},{"@type":"WebSite","@id":"https:\/\/www.diario21.tv\/noticias\/#website","url":"https:\/\/www.diario21.tv\/noticias\/","name":"Diario 21","description":"","potentialAction":[{"@type":"SearchAction","target":{"@type":"EntryPoint","urlTemplate":"https:\/\/www.diario21.tv\/noticias\/?s={search_term_string}"},"query-input":{"@type":"PropertyValueSpecification","valueRequired":true,"valueName":"search_term_string"}}],"inLanguage":"es-AR"},{"@type":"Person","@id":"https:\/\/www.diario21.tv\/noticias\/#\/schema\/person\/dfb778f73814d8f09f302618446a526b","name":"Juan P\u00e9rez","image":{"@type":"ImageObject","inLanguage":"es-AR","@id":"https:\/\/www.diario21.tv\/noticias\/#\/schema\/person\/image\/","url":"https:\/\/secure.gravatar.com\/avatar\/c478a405bd10621167f4c3167cc770f5?s=96&d=mm&r=g","contentUrl":"https:\/\/secure.gravatar.com\/avatar\/c478a405bd10621167f4c3167cc770f5?s=96&d=mm&r=g","caption":"Juan P\u00e9rez"},"description":"Juan P\u00e9rez es el redactor en jefe de Diario 21. Con m\u00e1s de 10 a\u00f1os de experiencia en el periodismo, se especializa en pol\u00edtica nacional y an\u00e1lisis socioecon\u00f3mico. Su enfoque cr\u00edtico y riguroso aporta una perspectiva \u00fanica a cada art\u00edculo.","sameAs":["https:\/\/www.diario21.tv\/noticias\/"],"url":"https:\/\/www.diario21.tv\/noticias\/author\/juan-perez\/"}]}},"_links":{"self":[{"href":"https:\/\/www.diario21.tv\/noticias\/wp-json\/wp\/v2\/posts\/2514"}],"collection":[{"href":"https:\/\/www.diario21.tv\/noticias\/wp-json\/wp\/v2\/posts"}],"about":[{"href":"https:\/\/www.diario21.tv\/noticias\/wp-json\/wp\/v2\/types\/post"}],"author":[{"embeddable":true,"href":"https:\/\/www.diario21.tv\/noticias\/wp-json\/wp\/v2\/users\/20"}],"replies":[{"embeddable":true,"href":"https:\/\/www.diario21.tv\/noticias\/wp-json\/wp\/v2\/comments?post=2514"}],"version-history":[{"count":1,"href":"https:\/\/www.diario21.tv\/noticias\/wp-json\/wp\/v2\/posts\/2514\/revisions"}],"predecessor-version":[{"id":2516,"href":"https:\/\/www.diario21.tv\/noticias\/wp-json\/wp\/v2\/posts\/2514\/revisions\/2516"}],"wp:featuredmedia":[{"embeddable":true,"href":"https:\/\/www.diario21.tv\/noticias\/wp-json\/wp\/v2\/media\/2515"}],"wp:attachment":[{"href":"https:\/\/www.diario21.tv\/noticias\/wp-json\/wp\/v2\/media?parent=2514"}],"wp:term":[{"taxonomy":"category","embeddable":true,"href":"https:\/\/www.diario21.tv\/noticias\/wp-json\/wp\/v2\/categories?post=2514"},{"taxonomy":"post_tag","embeddable":true,"href":"https:\/\/www.diario21.tv\/noticias\/wp-json\/wp\/v2\/tags?post=2514"}],"curies":[{"name":"wp","href":"https:\/\/api.w.org\/{rel}","templated":true}]}}