{"id":2499,"date":"2025-03-18T11:25:46","date_gmt":"2025-03-18T11:25:46","guid":{"rendered":"https:\/\/www.diario21.tv\/noticias\/tragedia-en-cantabria-cuatro-jovenes-pierden-la-vida-en-brutal-accidente-automovilistico\/"},"modified":"2025-03-18T11:25:47","modified_gmt":"2025-03-18T11:25:47","slug":"tragedia-en-cantabria-cuatro-jovenes-pierden-la-vida-en-brutal-accidente-automovilistico","status":"publish","type":"post","link":"https:\/\/www.diario21.tv\/noticias\/tragedia-en-cantabria-cuatro-jovenes-pierden-la-vida-en-brutal-accidente-automovilistico\/","title":{"rendered":"Tragedia en Cantabria: Cuatro j\u00f3venes pierden la vida en brutal accidente automovil\u00edstico"},"content":{"rendered":"<h2>Tr\u00e1gico accidente en Cantabria: Cuatro j\u00f3venes pierden la vida<\/h2>\n<p>En un lamentable suceso que ocurri\u00f3 en un puerto de monta\u00f1a en Cantabria, cuatro j\u00f3venes han fallecido tras salirse su veh\u00edculo de la carretera y caer por un precipicio. Este tr\u00e1gico evento ha conmocionado a la comunidad local y ha puesto de relieve los peligros inherentes a las carreteras de alta monta\u00f1a.<\/p>\n<h3>Detalles del accidente<\/h3>\n<p>El incidente tuvo lugar en la tarde del s\u00e1bado, cuando un coche en el que viajaban cuatro personas j\u00f3venes se precipit\u00f3 por un barranco en uno de los puertos de monta\u00f1a de la regi\u00f3n. Seg\u00fan informes preliminares, el veh\u00edculo perdi\u00f3 el control, lo que provoc\u00f3 que se desviara de la ruta establecida y terminara cayendo varios metros hacia abajo, en un \u00e1rea de dif\u00edcil acceso para los equipos de rescate.<\/p>\n<p>Las autoridades fueron alertadas de inmediato y los servicios de emergencia se movilizaron al lugar para realizar las labores de rescate. Sin embargo, debido a la severidad del impacto y la complicada geograf\u00eda del terreno, las tareas de rescate se vieron obstaculizadas.<\/p>\n<h3>Identificaci\u00f3n de las v\u00edctimas<\/h3>\n<p>Las v\u00edctimas fueron identificadas como j\u00f3venes locales de entre 18 y 25 a\u00f1os. La comunidad donde resid\u00edan ha quedado profundamente afectada, ya que todos eran conocidos por su entusiasmo y vitalidad. Las autoridades est\u00e1n en proceso de notificar a los familiares, quienes recibir\u00e1n apoyo durante este dif\u00edcil momento.<\/p>\n<h3>Investigaci\u00f3n en curso<\/h3>\n<p>La polic\u00eda ha iniciado una investigaci\u00f3n para determinar las causas exactas del siniestro. Aunque los detalles espec\u00edficos a\u00fan est\u00e1n bajo investigaci\u00f3n, las primeras hip\u00f3tesis sugieren que factores como las condiciones de la carretera y posiblemente la velocidad podr\u00edan haber jugado un rol importante en el accidente. <\/p>\n<p>Adem\u00e1s, se est\u00e1 examinando el estado del veh\u00edculo para asegurarse de que no hubiera fallos mec\u00e1nicos que pudieran haber contribuido al tr\u00e1gico desenlace. Los resultados de estas investigaciones ser\u00e1n cruciales para entender mejor c\u00f3mo ocurri\u00f3 el accidente y para desarrollar estrategias que prevengan futuros incidentes similares.<\/p>\n<h3>Reacciones y medidas de seguridad<\/h3>\n<p>Este tr\u00e1gico accidente ha provocado una ola de reacciones entre las autoridades locales y la comunidad. Se est\u00e1n revisando las medidas de seguridad en las carreteras de la regi\u00f3n, especialmente en los puertos de monta\u00f1a, donde las condiciones pueden ser particularmente peligrosas. La comunidad y las autoridades esperan que este triste evento sirva de llamado a la conciencia sobre la importancia de la prudencia al conducir y el respeto a las normas de tr\u00e1fico.<\/p>\n<p>Este suceso ha dejado una marca imborrable en la memoria de los habitantes de Cantabria y ha recordado a todos la fragilidad de la vida y la necesidad de actuar con cautela y responsabilidad en las carreteras.<\/p>\n\n\n<div class=\"kk-star-ratings kksr-auto kksr-align-left kksr-valign-bottom\"\n    data-payload='{&quot;align&quot;:&quot;left&quot;,&quot;id&quot;:&quot;2499&quot;,&quot;slug&quot;:&quot;default&quot;,&quot;valign&quot;:&quot;bottom&quot;,&quot;ignore&quot;:&quot;&quot;,&quot;reference&quot;:&quot;auto&quot;,&quot;class&quot;:&quot;&quot;,&quot;count&quot;:&quot;0&quot;,&quot;legendonly&quot;:&quot;&quot;,&quot;readonly&quot;:&quot;&quot;,&quot;score&quot;:&quot;0&quot;,&quot;starsonly&quot;:&quot;&quot;,&quot;best&quot;:&quot;5&quot;,&quot;gap&quot;:&quot;5&quot;,&quot;greet&quot;:&quot;Valora este post&quot;,&quot;legend&quot;:&quot;0\\\/5 - (0 votes)&quot;,&quot;size&quot;:&quot;22&quot;,&quot;title&quot;:&quot;Tragedia en Cantabria: Cuatro j\u00f3venes pierden la vida en brutal accidente automovil\u00edstico&quot;,&quot;width&quot;:&quot;0&quot;,&quot;_legend&quot;:&quot;{score}\\\/{best} - ({count} {votes})&quot;,&quot;font_factor&quot;:&quot;1.25&quot;}'>\n            \n<div class=\"kksr-stars\">\n    \n<div class=\"kksr-stars-inactive\">\n            <div class=\"kksr-star\" data-star=\"1\" style=\"padding-right: 5px\">\n            \n\n<div class=\"kksr-icon\" style=\"width: 22px; height: 22px;\"><\/div>\n        <\/div>\n            <div class=\"kksr-star\" data-star=\"2\" style=\"padding-right: 5px\">\n            \n\n<div class=\"kksr-icon\" style=\"width: 22px; height: 22px;\"><\/div>\n        <\/div>\n            <div class=\"kksr-star\" data-star=\"3\" style=\"padding-right: 5px\">\n            \n\n<div class=\"kksr-icon\" style=\"width: 22px; height: 22px;\"><\/div>\n        <\/div>\n            <div class=\"kksr-star\" data-star=\"4\" style=\"padding-right: 5px\">\n            \n\n<div class=\"kksr-icon\" style=\"width: 22px; height: 22px;\"><\/div>\n        <\/div>\n            <div class=\"kksr-star\" data-star=\"5\" style=\"padding-right: 5px\">\n            \n\n<div class=\"kksr-icon\" style=\"width: 22px; height: 22px;\"><\/div>\n        <\/div>\n    <\/div>\n    \n<div class=\"kksr-stars-active\" style=\"width: 0px;\">\n            <div class=\"kksr-star\" style=\"padding-right: 5px\">\n            \n\n<div class=\"kksr-icon\" style=\"width: 22px; height: 22px;\"><\/div>\n        <\/div>\n            <div class=\"kksr-star\" style=\"padding-right: 5px\">\n            \n\n<div class=\"kksr-icon\" style=\"width: 22px; height: 22px;\"><\/div>\n        <\/div>\n            <div class=\"kksr-star\" style=\"padding-right: 5px\">\n            \n\n<div class=\"kksr-icon\" style=\"width: 22px; height: 22px;\"><\/div>\n        <\/div>\n            <div class=\"kksr-star\" style=\"padding-right: 5px\">\n            \n\n<div class=\"kksr-icon\" style=\"width: 22px; height: 22px;\"><\/div>\n        <\/div>\n            <div class=\"kksr-star\" style=\"padding-right: 5px\">\n            \n\n<div class=\"kksr-icon\" style=\"width: 22px; height: 22px;\"><\/div>\n        <\/div>\n    <\/div>\n<\/div>\n                \n\n<div class=\"kksr-legend\" style=\"font-size: 17.6px;\">\n            <span class=\"kksr-muted\">Valora este post<\/span>\n    <\/div>\n    <\/div>\n","protected":false},"excerpt":{"rendered":"<p>Tr\u00e1gico accidente en Cantabria: Cuatro j\u00f3venes pierden la vida En un lamentable suceso que ocurri\u00f3 en un puerto de monta\u00f1a en Cantabria, cuatro j\u00f3venes han fallecido &#8230; <a title=\"Tragedia en Cantabria: Cuatro j\u00f3venes pierden la vida en brutal accidente automovil\u00edstico\" class=\"read-more\" href=\"https:\/\/www.diario21.tv\/noticias\/tragedia-en-cantabria-cuatro-jovenes-pierden-la-vida-en-brutal-accidente-automovilistico\/\" aria-label=\"Leer m\u00e1s sobre Tragedia en Cantabria: Cuatro j\u00f3venes pierden la vida en brutal accidente automovil\u00edstico\">Seguir leyendo &rarr;<\/a><\/p>\n","protected":false},"author":20,"featured_media":2500,"comment_status":"open","ping_status":"open","sticky":false,"template":"","format":"standard","meta":{"footnotes":""},"categories":[13],"tags":[],"class_list":["post-2499","post","type-post","status-publish","format-standard","has-post-thumbnail","hentry","category-portada"],"yoast_head":"<!-- This site is optimized with the Yoast SEO plugin v25.6 - https:\/\/yoast.com\/wordpress\/plugins\/seo\/ -->\n<title>Tragedia en Cantabria: Cuatro j\u00f3venes pierden la vida en brutal accidente automovil\u00edstico - Diario 21<\/title>\n<meta name=\"robots\" content=\"index, follow, max-snippet:-1, max-image-preview:large, max-video-preview:-1\" \/>\n<link rel=\"canonical\" href=\"https:\/\/www.diario21.tv\/noticias\/tragedia-en-cantabria-cuatro-jovenes-pierden-la-vida-en-brutal-accidente-automovilistico\/\" \/>\n<meta property=\"og:locale\" content=\"es_ES\" \/>\n<meta property=\"og:type\" content=\"article\" \/>\n<meta property=\"og:title\" content=\"Tragedia en Cantabria: Cuatro j\u00f3venes pierden la vida en brutal accidente automovil\u00edstico - Diario 21\" \/>\n<meta property=\"og:description\" content=\"Tr\u00e1gico accidente en Cantabria: Cuatro j\u00f3venes pierden la vida En un lamentable suceso que ocurri\u00f3 en un puerto de monta\u00f1a en Cantabria, cuatro j\u00f3venes han fallecido ... Seguir leyendo &rarr;\" \/>\n<meta property=\"og:url\" content=\"https:\/\/www.diario21.tv\/noticias\/tragedia-en-cantabria-cuatro-jovenes-pierden-la-vida-en-brutal-accidente-automovilistico\/\" \/>\n<meta property=\"og:site_name\" content=\"Diario 21\" \/>\n<meta property=\"article:published_time\" content=\"2025-03-18T11:25:46+00:00\" \/>\n<meta property=\"article:modified_time\" content=\"2025-03-18T11:25:47+00:00\" \/>\n<meta property=\"og:image\" content=\"https:\/\/www.diario21.tv\/noticias\/wp-content\/uploads\/2025\/03\/Tragedia-en-Cantabria-Cuatro-jovenes-pierden-la-vida-en-brutal.jpg\" \/>\n\t<meta property=\"og:image:width\" content=\"1920\" \/>\n\t<meta property=\"og:image:height\" content=\"1080\" \/>\n\t<meta property=\"og:image:type\" content=\"image\/jpeg\" \/>\n<meta name=\"author\" content=\"Juan P\u00e9rez\" \/>\n<meta name=\"twitter:card\" content=\"summary_large_image\" \/>\n<meta name=\"twitter:label1\" content=\"Escrito por\" \/>\n\t<meta name=\"twitter:data1\" content=\"Juan P\u00e9rez\" \/>\n\t<meta name=\"twitter:label2\" content=\"Tiempo de lectura\" \/>\n\t<meta name=\"twitter:data2\" content=\"2 minutos\" \/>\n<script type=\"application\/ld+json\" class=\"yoast-schema-graph\">{\"@context\":\"https:\/\/schema.org\",\"@graph\":[{\"@type\":\"WebPage\",\"@id\":\"https:\/\/www.diario21.tv\/noticias\/tragedia-en-cantabria-cuatro-jovenes-pierden-la-vida-en-brutal-accidente-automovilistico\/\",\"url\":\"https:\/\/www.diario21.tv\/noticias\/tragedia-en-cantabria-cuatro-jovenes-pierden-la-vida-en-brutal-accidente-automovilistico\/\",\"name\":\"Tragedia en Cantabria: Cuatro j\u00f3venes pierden la vida en brutal accidente automovil\u00edstico - Diario 21\",\"isPartOf\":{\"@id\":\"https:\/\/www.diario21.tv\/noticias\/#website\"},\"primaryImageOfPage\":{\"@id\":\"https:\/\/www.diario21.tv\/noticias\/tragedia-en-cantabria-cuatro-jovenes-pierden-la-vida-en-brutal-accidente-automovilistico\/#primaryimage\"},\"image\":{\"@id\":\"https:\/\/www.diario21.tv\/noticias\/tragedia-en-cantabria-cuatro-jovenes-pierden-la-vida-en-brutal-accidente-automovilistico\/#primaryimage\"},\"thumbnailUrl\":\"https:\/\/www.diario21.tv\/noticias\/wp-content\/uploads\/2025\/03\/Tragedia-en-Cantabria-Cuatro-jovenes-pierden-la-vida-en-brutal.jpg\",\"datePublished\":\"2025-03-18T11:25:46+00:00\",\"dateModified\":\"2025-03-18T11:25:47+00:00\",\"author\":{\"@id\":\"https:\/\/www.diario21.tv\/noticias\/#\/schema\/person\/dfb778f73814d8f09f302618446a526b\"},\"breadcrumb\":{\"@id\":\"https:\/\/www.diario21.tv\/noticias\/tragedia-en-cantabria-cuatro-jovenes-pierden-la-vida-en-brutal-accidente-automovilistico\/#breadcrumb\"},\"inLanguage\":\"es-AR\",\"potentialAction\":[{\"@type\":\"ReadAction\",\"target\":[\"https:\/\/www.diario21.tv\/noticias\/tragedia-en-cantabria-cuatro-jovenes-pierden-la-vida-en-brutal-accidente-automovilistico\/\"]}]},{\"@type\":\"ImageObject\",\"inLanguage\":\"es-AR\",\"@id\":\"https:\/\/www.diario21.tv\/noticias\/tragedia-en-cantabria-cuatro-jovenes-pierden-la-vida-en-brutal-accidente-automovilistico\/#primaryimage\",\"url\":\"https:\/\/www.diario21.tv\/noticias\/wp-content\/uploads\/2025\/03\/Tragedia-en-Cantabria-Cuatro-jovenes-pierden-la-vida-en-brutal.jpg\",\"contentUrl\":\"https:\/\/www.diario21.tv\/noticias\/wp-content\/uploads\/2025\/03\/Tragedia-en-Cantabria-Cuatro-jovenes-pierden-la-vida-en-brutal.jpg\",\"width\":1920,\"height\":1080,\"caption\":\"Mueren cuatro j\u00f3venes al despe\u00f1arse su coche en un puerto de Cantabria\"},{\"@type\":\"BreadcrumbList\",\"@id\":\"https:\/\/www.diario21.tv\/noticias\/tragedia-en-cantabria-cuatro-jovenes-pierden-la-vida-en-brutal-accidente-automovilistico\/#breadcrumb\",\"itemListElement\":[{\"@type\":\"ListItem\",\"position\":1,\"name\":\"Accueil\",\"item\":\"https:\/\/www.diario21.tv\/noticias\/\"},{\"@type\":\"ListItem\",\"position\":2,\"name\":\"Tragedia en Cantabria: Cuatro j\u00f3venes pierden la vida en brutal accidente automovil\u00edstico\"}]},{\"@type\":\"WebSite\",\"@id\":\"https:\/\/www.diario21.tv\/noticias\/#website\",\"url\":\"https:\/\/www.diario21.tv\/noticias\/\",\"name\":\"Diario 21\",\"description\":\"\",\"potentialAction\":[{\"@type\":\"SearchAction\",\"target\":{\"@type\":\"EntryPoint\",\"urlTemplate\":\"https:\/\/www.diario21.tv\/noticias\/?s={search_term_string}\"},\"query-input\":{\"@type\":\"PropertyValueSpecification\",\"valueRequired\":true,\"valueName\":\"search_term_string\"}}],\"inLanguage\":\"es-AR\"},{\"@type\":\"Person\",\"@id\":\"https:\/\/www.diario21.tv\/noticias\/#\/schema\/person\/dfb778f73814d8f09f302618446a526b\",\"name\":\"Juan P\u00e9rez\",\"image\":{\"@type\":\"ImageObject\",\"inLanguage\":\"es-AR\",\"@id\":\"https:\/\/www.diario21.tv\/noticias\/#\/schema\/person\/image\/\",\"url\":\"https:\/\/secure.gravatar.com\/avatar\/c478a405bd10621167f4c3167cc770f5?s=96&d=mm&r=g\",\"contentUrl\":\"https:\/\/secure.gravatar.com\/avatar\/c478a405bd10621167f4c3167cc770f5?s=96&d=mm&r=g\",\"caption\":\"Juan P\u00e9rez\"},\"description\":\"Juan P\u00e9rez es el redactor en jefe de Diario 21. Con m\u00e1s de 10 a\u00f1os de experiencia en el periodismo, se especializa en pol\u00edtica nacional y an\u00e1lisis socioecon\u00f3mico. Su enfoque cr\u00edtico y riguroso aporta una perspectiva \u00fanica a cada art\u00edculo.\",\"sameAs\":[\"https:\/\/www.diario21.tv\/noticias\/\"],\"url\":\"https:\/\/www.diario21.tv\/noticias\/author\/juan-perez\/\"}]}<\/script>\n<!-- \/ Yoast SEO plugin. -->","yoast_head_json":{"title":"Tragedia en Cantabria: Cuatro j\u00f3venes pierden la vida en brutal accidente automovil\u00edstico - Diario 21","robots":{"index":"index","follow":"follow","max-snippet":"max-snippet:-1","max-image-preview":"max-image-preview:large","max-video-preview":"max-video-preview:-1"},"canonical":"https:\/\/www.diario21.tv\/noticias\/tragedia-en-cantabria-cuatro-jovenes-pierden-la-vida-en-brutal-accidente-automovilistico\/","og_locale":"es_ES","og_type":"article","og_title":"Tragedia en Cantabria: Cuatro j\u00f3venes pierden la vida en brutal accidente automovil\u00edstico - Diario 21","og_description":"Tr\u00e1gico accidente en Cantabria: Cuatro j\u00f3venes pierden la vida En un lamentable suceso que ocurri\u00f3 en un puerto de monta\u00f1a en Cantabria, cuatro j\u00f3venes han fallecido ... Seguir leyendo &rarr;","og_url":"https:\/\/www.diario21.tv\/noticias\/tragedia-en-cantabria-cuatro-jovenes-pierden-la-vida-en-brutal-accidente-automovilistico\/","og_site_name":"Diario 21","article_published_time":"2025-03-18T11:25:46+00:00","article_modified_time":"2025-03-18T11:25:47+00:00","og_image":[{"width":1920,"height":1080,"url":"https:\/\/www.diario21.tv\/noticias\/wp-content\/uploads\/2025\/03\/Tragedia-en-Cantabria-Cuatro-jovenes-pierden-la-vida-en-brutal.jpg","type":"image\/jpeg"}],"author":"Juan P\u00e9rez","twitter_card":"summary_large_image","twitter_misc":{"Escrito por":"Juan P\u00e9rez","Tiempo de lectura":"2 minutos"},"schema":{"@context":"https:\/\/schema.org","@graph":[{"@type":"WebPage","@id":"https:\/\/www.diario21.tv\/noticias\/tragedia-en-cantabria-cuatro-jovenes-pierden-la-vida-en-brutal-accidente-automovilistico\/","url":"https:\/\/www.diario21.tv\/noticias\/tragedia-en-cantabria-cuatro-jovenes-pierden-la-vida-en-brutal-accidente-automovilistico\/","name":"Tragedia en Cantabria: Cuatro j\u00f3venes pierden la vida en brutal accidente automovil\u00edstico - Diario 21","isPartOf":{"@id":"https:\/\/www.diario21.tv\/noticias\/#website"},"primaryImageOfPage":{"@id":"https:\/\/www.diario21.tv\/noticias\/tragedia-en-cantabria-cuatro-jovenes-pierden-la-vida-en-brutal-accidente-automovilistico\/#primaryimage"},"image":{"@id":"https:\/\/www.diario21.tv\/noticias\/tragedia-en-cantabria-cuatro-jovenes-pierden-la-vida-en-brutal-accidente-automovilistico\/#primaryimage"},"thumbnailUrl":"https:\/\/www.diario21.tv\/noticias\/wp-content\/uploads\/2025\/03\/Tragedia-en-Cantabria-Cuatro-jovenes-pierden-la-vida-en-brutal.jpg","datePublished":"2025-03-18T11:25:46+00:00","dateModified":"2025-03-18T11:25:47+00:00","author":{"@id":"https:\/\/www.diario21.tv\/noticias\/#\/schema\/person\/dfb778f73814d8f09f302618446a526b"},"breadcrumb":{"@id":"https:\/\/www.diario21.tv\/noticias\/tragedia-en-cantabria-cuatro-jovenes-pierden-la-vida-en-brutal-accidente-automovilistico\/#breadcrumb"},"inLanguage":"es-AR","potentialAction":[{"@type":"ReadAction","target":["https:\/\/www.diario21.tv\/noticias\/tragedia-en-cantabria-cuatro-jovenes-pierden-la-vida-en-brutal-accidente-automovilistico\/"]}]},{"@type":"ImageObject","inLanguage":"es-AR","@id":"https:\/\/www.diario21.tv\/noticias\/tragedia-en-cantabria-cuatro-jovenes-pierden-la-vida-en-brutal-accidente-automovilistico\/#primaryimage","url":"https:\/\/www.diario21.tv\/noticias\/wp-content\/uploads\/2025\/03\/Tragedia-en-Cantabria-Cuatro-jovenes-pierden-la-vida-en-brutal.jpg","contentUrl":"https:\/\/www.diario21.tv\/noticias\/wp-content\/uploads\/2025\/03\/Tragedia-en-Cantabria-Cuatro-jovenes-pierden-la-vida-en-brutal.jpg","width":1920,"height":1080,"caption":"Mueren cuatro j\u00f3venes al despe\u00f1arse su coche en un puerto de Cantabria"},{"@type":"BreadcrumbList","@id":"https:\/\/www.diario21.tv\/noticias\/tragedia-en-cantabria-cuatro-jovenes-pierden-la-vida-en-brutal-accidente-automovilistico\/#breadcrumb","itemListElement":[{"@type":"ListItem","position":1,"name":"Accueil","item":"https:\/\/www.diario21.tv\/noticias\/"},{"@type":"ListItem","position":2,"name":"Tragedia en Cantabria: Cuatro j\u00f3venes pierden la vida en brutal accidente automovil\u00edstico"}]},{"@type":"WebSite","@id":"https:\/\/www.diario21.tv\/noticias\/#website","url":"https:\/\/www.diario21.tv\/noticias\/","name":"Diario 21","description":"","potentialAction":[{"@type":"SearchAction","target":{"@type":"EntryPoint","urlTemplate":"https:\/\/www.diario21.tv\/noticias\/?s={search_term_string}"},"query-input":{"@type":"PropertyValueSpecification","valueRequired":true,"valueName":"search_term_string"}}],"inLanguage":"es-AR"},{"@type":"Person","@id":"https:\/\/www.diario21.tv\/noticias\/#\/schema\/person\/dfb778f73814d8f09f302618446a526b","name":"Juan P\u00e9rez","image":{"@type":"ImageObject","inLanguage":"es-AR","@id":"https:\/\/www.diario21.tv\/noticias\/#\/schema\/person\/image\/","url":"https:\/\/secure.gravatar.com\/avatar\/c478a405bd10621167f4c3167cc770f5?s=96&d=mm&r=g","contentUrl":"https:\/\/secure.gravatar.com\/avatar\/c478a405bd10621167f4c3167cc770f5?s=96&d=mm&r=g","caption":"Juan P\u00e9rez"},"description":"Juan P\u00e9rez es el redactor en jefe de Diario 21. Con m\u00e1s de 10 a\u00f1os de experiencia en el periodismo, se especializa en pol\u00edtica nacional y an\u00e1lisis socioecon\u00f3mico. Su enfoque cr\u00edtico y riguroso aporta una perspectiva \u00fanica a cada art\u00edculo.","sameAs":["https:\/\/www.diario21.tv\/noticias\/"],"url":"https:\/\/www.diario21.tv\/noticias\/author\/juan-perez\/"}]}},"_links":{"self":[{"href":"https:\/\/www.diario21.tv\/noticias\/wp-json\/wp\/v2\/posts\/2499"}],"collection":[{"href":"https:\/\/www.diario21.tv\/noticias\/wp-json\/wp\/v2\/posts"}],"about":[{"href":"https:\/\/www.diario21.tv\/noticias\/wp-json\/wp\/v2\/types\/post"}],"author":[{"embeddable":true,"href":"https:\/\/www.diario21.tv\/noticias\/wp-json\/wp\/v2\/users\/20"}],"replies":[{"embeddable":true,"href":"https:\/\/www.diario21.tv\/noticias\/wp-json\/wp\/v2\/comments?post=2499"}],"version-history":[{"count":1,"href":"https:\/\/www.diario21.tv\/noticias\/wp-json\/wp\/v2\/posts\/2499\/revisions"}],"predecessor-version":[{"id":2501,"href":"https:\/\/www.diario21.tv\/noticias\/wp-json\/wp\/v2\/posts\/2499\/revisions\/2501"}],"wp:featuredmedia":[{"embeddable":true,"href":"https:\/\/www.diario21.tv\/noticias\/wp-json\/wp\/v2\/media\/2500"}],"wp:attachment":[{"href":"https:\/\/www.diario21.tv\/noticias\/wp-json\/wp\/v2\/media?parent=2499"}],"wp:term":[{"taxonomy":"category","embeddable":true,"href":"https:\/\/www.diario21.tv\/noticias\/wp-json\/wp\/v2\/categories?post=2499"},{"taxonomy":"post_tag","embeddable":true,"href":"https:\/\/www.diario21.tv\/noticias\/wp-json\/wp\/v2\/tags?post=2499"}],"curies":[{"name":"wp","href":"https:\/\/api.w.org\/{rel}","templated":true}]}}