{"id":2496,"date":"2025-03-18T05:25:15","date_gmt":"2025-03-18T05:25:15","guid":{"rendered":"https:\/\/www.diario21.tv\/noticias\/impactante-el-periodismo-de-calidad-enfrenta-la-amenaza-de-las-noticias-falsas\/"},"modified":"2025-03-18T05:25:16","modified_gmt":"2025-03-18T05:25:16","slug":"impactante-el-periodismo-de-calidad-enfrenta-la-amenaza-de-las-noticias-falsas","status":"publish","type":"post","link":"https:\/\/www.diario21.tv\/noticias\/impactante-el-periodismo-de-calidad-enfrenta-la-amenaza-de-las-noticias-falsas\/","title":{"rendered":"\u00a1Impactante! El periodismo de calidad enfrenta la amenaza de las noticias falsas"},"content":{"rendered":"<h2>El Desaf\u00edo del Periodismo de Calidad Frente a la Desinformaci\u00f3n<\/h2>\n<p>En la era actual, donde la informaci\u00f3n se propaga r\u00e1pidamente a trav\u00e9s de internet, el periodismo de calidad enfrenta un desaf\u00edo significativo contra la proliferaci\u00f3n de noticias falsas. Este fen\u00f3meno no solo socava la credibilidad de los medios de comunicaci\u00f3n serios, sino que tambi\u00e9n afecta la manera en que el p\u00fablico percibe y consume las noticias.<\/p>\n<h3>El Auge de las Noticias Falsas<\/h3>\n<p>Las noticias falsas, o desinformaci\u00f3n deliberadamente fabricada para enga\u00f1ar o manipular la opini\u00f3n p\u00fablica, han ganado terreno en la sociedad actual. Estas noticias suelen ser m\u00e1s atractivas y sensacionalistas que las noticias ver\u00eddicas, lo que les permite captar r\u00e1pidamente la atenci\u00f3n del p\u00fablico y ser compartidas ampliamente en redes sociales. El problema fundamental radica en que muchas personas tienden a aceptar estas noticias sin cuestionar su veracidad, especialmente si confirman sus propias creencias o prejuicios.<\/p>\n<h3>El Rol del Periodismo de Calidad<\/h3>\n<p>En este contexto, el periodismo de calidad juega un papel crucial. Su objetivo principal es informar al p\u00fablico de manera precisa y bien fundamentada, asegurando que la veracidad de la informaci\u00f3n prevalezca sobre el sensacionalismo. Los periodistas profesionales dedican tiempo y recursos a investigar profundamente cada tema, contrastando fuentes y verificando hechos antes de publicar cualquier noticia.<\/p>\n<h3>Herramientas y Estrategias para Combatir la Desinformaci\u00f3n<\/h3>\n<p>Para enfrentar el desaf\u00edo que representan las noticias falsas, los medios de comunicaci\u00f3n serios han adoptado diversas estrategias y herramientas. Una de ellas es el uso de la tecnolog\u00eda de verificaci\u00f3n de datos, que permite desmentir informaciones falsas de manera r\u00e1pida y eficaz. Adem\u00e1s, muchas organizaciones period\u00edsticas han empezado a realizar campa\u00f1as de educaci\u00f3n medi\u00e1tica, ense\u00f1ando al p\u00fablico c\u00f3mo identificar noticias confiables y desconfiar de fuentes dudosas.<\/p>\n<h3>La Responsabilidad del P\u00fablico<\/h3>\n<p>No obstante, la lucha contra las noticias falsas no es solo tarea de los periodistas. El p\u00fablico tambi\u00e9n tiene una gran responsabilidad en este proceso. Es crucial que los consumidores de noticias se vuelvan m\u00e1s cr\u00edticos y anal\u00edticos respecto a la informaci\u00f3n que reciben. Verificar las fuentes, dudar de noticias que parecen demasiado extraordinarias para ser ciertas y usar m\u00faltiples fuentes para confirmar una noticia, son pasos importantes que cada persona puede tomar para no caer en la trampa de la desinformaci\u00f3n.<\/p>\n<h3>Conclusi\u00f3n<\/h3>\n<p>La batalla entre el periodismo de calidad y las noticias falsas es constante y evoluciona con el desarrollo de nuevas tecnolog\u00edas. Aunque los desaf\u00edos son significativos, la integridad y el compromiso de los medios de comunicaci\u00f3n serios con la verdad contin\u00faan siendo la principal defensa contra la marea de desinformaci\u00f3n. Con la colaboraci\u00f3n de un p\u00fablico informado y cr\u00edtico, es posible aspirar a un entorno medi\u00e1tico donde prevalezca la verdad y la transparencia.<\/p>\n\n\n<div class=\"kk-star-ratings kksr-auto kksr-align-left kksr-valign-bottom\"\n    data-payload='{&quot;align&quot;:&quot;left&quot;,&quot;id&quot;:&quot;2496&quot;,&quot;slug&quot;:&quot;default&quot;,&quot;valign&quot;:&quot;bottom&quot;,&quot;ignore&quot;:&quot;&quot;,&quot;reference&quot;:&quot;auto&quot;,&quot;class&quot;:&quot;&quot;,&quot;count&quot;:&quot;0&quot;,&quot;legendonly&quot;:&quot;&quot;,&quot;readonly&quot;:&quot;&quot;,&quot;score&quot;:&quot;0&quot;,&quot;starsonly&quot;:&quot;&quot;,&quot;best&quot;:&quot;5&quot;,&quot;gap&quot;:&quot;5&quot;,&quot;greet&quot;:&quot;Valora este post&quot;,&quot;legend&quot;:&quot;0\\\/5 - (0 votes)&quot;,&quot;size&quot;:&quot;22&quot;,&quot;title&quot;:&quot;\u00a1Impactante! El periodismo de calidad enfrenta la amenaza de las noticias falsas&quot;,&quot;width&quot;:&quot;0&quot;,&quot;_legend&quot;:&quot;{score}\\\/{best} - ({count} {votes})&quot;,&quot;font_factor&quot;:&quot;1.25&quot;}'>\n            \n<div class=\"kksr-stars\">\n    \n<div class=\"kksr-stars-inactive\">\n            <div class=\"kksr-star\" data-star=\"1\" style=\"padding-right: 5px\">\n            \n\n<div class=\"kksr-icon\" style=\"width: 22px; height: 22px;\"><\/div>\n        <\/div>\n            <div class=\"kksr-star\" data-star=\"2\" style=\"padding-right: 5px\">\n            \n\n<div class=\"kksr-icon\" style=\"width: 22px; height: 22px;\"><\/div>\n        <\/div>\n            <div class=\"kksr-star\" data-star=\"3\" style=\"padding-right: 5px\">\n            \n\n<div class=\"kksr-icon\" style=\"width: 22px; height: 22px;\"><\/div>\n        <\/div>\n            <div class=\"kksr-star\" data-star=\"4\" style=\"padding-right: 5px\">\n            \n\n<div class=\"kksr-icon\" style=\"width: 22px; height: 22px;\"><\/div>\n        <\/div>\n            <div class=\"kksr-star\" data-star=\"5\" style=\"padding-right: 5px\">\n            \n\n<div class=\"kksr-icon\" style=\"width: 22px; height: 22px;\"><\/div>\n        <\/div>\n    <\/div>\n    \n<div class=\"kksr-stars-active\" style=\"width: 0px;\">\n            <div class=\"kksr-star\" style=\"padding-right: 5px\">\n            \n\n<div class=\"kksr-icon\" style=\"width: 22px; height: 22px;\"><\/div>\n        <\/div>\n            <div class=\"kksr-star\" style=\"padding-right: 5px\">\n            \n\n<div class=\"kksr-icon\" style=\"width: 22px; height: 22px;\"><\/div>\n        <\/div>\n            <div class=\"kksr-star\" style=\"padding-right: 5px\">\n            \n\n<div class=\"kksr-icon\" style=\"width: 22px; height: 22px;\"><\/div>\n        <\/div>\n            <div class=\"kksr-star\" style=\"padding-right: 5px\">\n            \n\n<div class=\"kksr-icon\" style=\"width: 22px; height: 22px;\"><\/div>\n        <\/div>\n            <div class=\"kksr-star\" style=\"padding-right: 5px\">\n            \n\n<div class=\"kksr-icon\" style=\"width: 22px; height: 22px;\"><\/div>\n        <\/div>\n    <\/div>\n<\/div>\n                \n\n<div class=\"kksr-legend\" style=\"font-size: 17.6px;\">\n            <span class=\"kksr-muted\">Valora este post<\/span>\n    <\/div>\n    <\/div>\n","protected":false},"excerpt":{"rendered":"<p>El Desaf\u00edo del Periodismo de Calidad Frente a la Desinformaci\u00f3n En la era actual, donde la informaci\u00f3n se propaga r\u00e1pidamente a trav\u00e9s de internet, el periodismo &#8230; <a title=\"\u00a1Impactante! El periodismo de calidad enfrenta la amenaza de las noticias falsas\" class=\"read-more\" href=\"https:\/\/www.diario21.tv\/noticias\/impactante-el-periodismo-de-calidad-enfrenta-la-amenaza-de-las-noticias-falsas\/\" aria-label=\"Leer m\u00e1s sobre \u00a1Impactante! El periodismo de calidad enfrenta la amenaza de las noticias falsas\">Seguir leyendo &rarr;<\/a><\/p>\n","protected":false},"author":20,"featured_media":2497,"comment_status":"open","ping_status":"open","sticky":false,"template":"","format":"standard","meta":{"footnotes":""},"categories":[13],"tags":[],"class_list":["post-2496","post","type-post","status-publish","format-standard","has-post-thumbnail","hentry","category-portada"],"yoast_head":"<!-- This site is optimized with the Yoast SEO plugin v25.6 - https:\/\/yoast.com\/wordpress\/plugins\/seo\/ -->\n<title>\u00a1Impactante! El periodismo de calidad enfrenta la amenaza de las noticias falsas - Diario 21<\/title>\n<meta name=\"robots\" content=\"index, follow, max-snippet:-1, max-image-preview:large, max-video-preview:-1\" \/>\n<link rel=\"canonical\" href=\"https:\/\/www.diario21.tv\/noticias\/impactante-el-periodismo-de-calidad-enfrenta-la-amenaza-de-las-noticias-falsas\/\" \/>\n<meta property=\"og:locale\" content=\"es_ES\" \/>\n<meta property=\"og:type\" content=\"article\" \/>\n<meta property=\"og:title\" content=\"\u00a1Impactante! El periodismo de calidad enfrenta la amenaza de las noticias falsas - Diario 21\" \/>\n<meta property=\"og:description\" content=\"El Desaf\u00edo del Periodismo de Calidad Frente a la Desinformaci\u00f3n En la era actual, donde la informaci\u00f3n se propaga r\u00e1pidamente a trav\u00e9s de internet, el periodismo ... Seguir leyendo &rarr;\" \/>\n<meta property=\"og:url\" content=\"https:\/\/www.diario21.tv\/noticias\/impactante-el-periodismo-de-calidad-enfrenta-la-amenaza-de-las-noticias-falsas\/\" \/>\n<meta property=\"og:site_name\" content=\"Diario 21\" \/>\n<meta property=\"article:published_time\" content=\"2025-03-18T05:25:15+00:00\" \/>\n<meta property=\"article:modified_time\" content=\"2025-03-18T05:25:16+00:00\" \/>\n<meta property=\"og:image\" content=\"https:\/\/www.diario21.tv\/noticias\/wp-content\/uploads\/2025\/03\/\u00a1Impactante-El-periodismo-de-calidad-enfrenta-la-amenaza-de-las.jpg\" \/>\n\t<meta property=\"og:image:width\" content=\"1200\" \/>\n\t<meta property=\"og:image:height\" content=\"672\" \/>\n\t<meta property=\"og:image:type\" content=\"image\/jpeg\" \/>\n<meta name=\"author\" content=\"Juan P\u00e9rez\" \/>\n<meta name=\"twitter:card\" content=\"summary_large_image\" \/>\n<meta name=\"twitter:label1\" content=\"Escrito por\" \/>\n\t<meta name=\"twitter:data1\" content=\"Juan P\u00e9rez\" \/>\n\t<meta name=\"twitter:label2\" content=\"Tiempo de lectura\" \/>\n\t<meta name=\"twitter:data2\" content=\"2 minutos\" \/>\n<script type=\"application\/ld+json\" class=\"yoast-schema-graph\">{\"@context\":\"https:\/\/schema.org\",\"@graph\":[{\"@type\":\"WebPage\",\"@id\":\"https:\/\/www.diario21.tv\/noticias\/impactante-el-periodismo-de-calidad-enfrenta-la-amenaza-de-las-noticias-falsas\/\",\"url\":\"https:\/\/www.diario21.tv\/noticias\/impactante-el-periodismo-de-calidad-enfrenta-la-amenaza-de-las-noticias-falsas\/\",\"name\":\"\u00a1Impactante! El periodismo de calidad enfrenta la amenaza de las noticias falsas - Diario 21\",\"isPartOf\":{\"@id\":\"https:\/\/www.diario21.tv\/noticias\/#website\"},\"primaryImageOfPage\":{\"@id\":\"https:\/\/www.diario21.tv\/noticias\/impactante-el-periodismo-de-calidad-enfrenta-la-amenaza-de-las-noticias-falsas\/#primaryimage\"},\"image\":{\"@id\":\"https:\/\/www.diario21.tv\/noticias\/impactante-el-periodismo-de-calidad-enfrenta-la-amenaza-de-las-noticias-falsas\/#primaryimage\"},\"thumbnailUrl\":\"https:\/\/www.diario21.tv\/noticias\/wp-content\/uploads\/2025\/03\/\u00a1Impactante-El-periodismo-de-calidad-enfrenta-la-amenaza-de-las.jpg\",\"datePublished\":\"2025-03-18T05:25:15+00:00\",\"dateModified\":\"2025-03-18T05:25:16+00:00\",\"author\":{\"@id\":\"https:\/\/www.diario21.tv\/noticias\/#\/schema\/person\/dfb778f73814d8f09f302618446a526b\"},\"breadcrumb\":{\"@id\":\"https:\/\/www.diario21.tv\/noticias\/impactante-el-periodismo-de-calidad-enfrenta-la-amenaza-de-las-noticias-falsas\/#breadcrumb\"},\"inLanguage\":\"es-AR\",\"potentialAction\":[{\"@type\":\"ReadAction\",\"target\":[\"https:\/\/www.diario21.tv\/noticias\/impactante-el-periodismo-de-calidad-enfrenta-la-amenaza-de-las-noticias-falsas\/\"]}]},{\"@type\":\"ImageObject\",\"inLanguage\":\"es-AR\",\"@id\":\"https:\/\/www.diario21.tv\/noticias\/impactante-el-periodismo-de-calidad-enfrenta-la-amenaza-de-las-noticias-falsas\/#primaryimage\",\"url\":\"https:\/\/www.diario21.tv\/noticias\/wp-content\/uploads\/2025\/03\/\u00a1Impactante-El-periodismo-de-calidad-enfrenta-la-amenaza-de-las.jpg\",\"contentUrl\":\"https:\/\/www.diario21.tv\/noticias\/wp-content\/uploads\/2025\/03\/\u00a1Impactante-El-periodismo-de-calidad-enfrenta-la-amenaza-de-las.jpg\",\"width\":1200,\"height\":672,\"caption\":\"La lucha del periodismo de calidad por vencer a las noticias falsas\"},{\"@type\":\"BreadcrumbList\",\"@id\":\"https:\/\/www.diario21.tv\/noticias\/impactante-el-periodismo-de-calidad-enfrenta-la-amenaza-de-las-noticias-falsas\/#breadcrumb\",\"itemListElement\":[{\"@type\":\"ListItem\",\"position\":1,\"name\":\"Accueil\",\"item\":\"https:\/\/www.diario21.tv\/noticias\/\"},{\"@type\":\"ListItem\",\"position\":2,\"name\":\"\u00a1Impactante! El periodismo de calidad enfrenta la amenaza de las noticias falsas\"}]},{\"@type\":\"WebSite\",\"@id\":\"https:\/\/www.diario21.tv\/noticias\/#website\",\"url\":\"https:\/\/www.diario21.tv\/noticias\/\",\"name\":\"Diario 21\",\"description\":\"\",\"potentialAction\":[{\"@type\":\"SearchAction\",\"target\":{\"@type\":\"EntryPoint\",\"urlTemplate\":\"https:\/\/www.diario21.tv\/noticias\/?s={search_term_string}\"},\"query-input\":{\"@type\":\"PropertyValueSpecification\",\"valueRequired\":true,\"valueName\":\"search_term_string\"}}],\"inLanguage\":\"es-AR\"},{\"@type\":\"Person\",\"@id\":\"https:\/\/www.diario21.tv\/noticias\/#\/schema\/person\/dfb778f73814d8f09f302618446a526b\",\"name\":\"Juan P\u00e9rez\",\"image\":{\"@type\":\"ImageObject\",\"inLanguage\":\"es-AR\",\"@id\":\"https:\/\/www.diario21.tv\/noticias\/#\/schema\/person\/image\/\",\"url\":\"https:\/\/secure.gravatar.com\/avatar\/c478a405bd10621167f4c3167cc770f5?s=96&d=mm&r=g\",\"contentUrl\":\"https:\/\/secure.gravatar.com\/avatar\/c478a405bd10621167f4c3167cc770f5?s=96&d=mm&r=g\",\"caption\":\"Juan P\u00e9rez\"},\"description\":\"Juan P\u00e9rez es el redactor en jefe de Diario 21. Con m\u00e1s de 10 a\u00f1os de experiencia en el periodismo, se especializa en pol\u00edtica nacional y an\u00e1lisis socioecon\u00f3mico. Su enfoque cr\u00edtico y riguroso aporta una perspectiva \u00fanica a cada art\u00edculo.\",\"sameAs\":[\"https:\/\/www.diario21.tv\/noticias\/\"],\"url\":\"https:\/\/www.diario21.tv\/noticias\/author\/juan-perez\/\"}]}<\/script>\n<!-- \/ Yoast SEO plugin. -->","yoast_head_json":{"title":"\u00a1Impactante! El periodismo de calidad enfrenta la amenaza de las noticias falsas - Diario 21","robots":{"index":"index","follow":"follow","max-snippet":"max-snippet:-1","max-image-preview":"max-image-preview:large","max-video-preview":"max-video-preview:-1"},"canonical":"https:\/\/www.diario21.tv\/noticias\/impactante-el-periodismo-de-calidad-enfrenta-la-amenaza-de-las-noticias-falsas\/","og_locale":"es_ES","og_type":"article","og_title":"\u00a1Impactante! El periodismo de calidad enfrenta la amenaza de las noticias falsas - Diario 21","og_description":"El Desaf\u00edo del Periodismo de Calidad Frente a la Desinformaci\u00f3n En la era actual, donde la informaci\u00f3n se propaga r\u00e1pidamente a trav\u00e9s de internet, el periodismo ... Seguir leyendo &rarr;","og_url":"https:\/\/www.diario21.tv\/noticias\/impactante-el-periodismo-de-calidad-enfrenta-la-amenaza-de-las-noticias-falsas\/","og_site_name":"Diario 21","article_published_time":"2025-03-18T05:25:15+00:00","article_modified_time":"2025-03-18T05:25:16+00:00","og_image":[{"width":1200,"height":672,"url":"https:\/\/www.diario21.tv\/noticias\/wp-content\/uploads\/2025\/03\/\u00a1Impactante-El-periodismo-de-calidad-enfrenta-la-amenaza-de-las.jpg","type":"image\/jpeg"}],"author":"Juan P\u00e9rez","twitter_card":"summary_large_image","twitter_misc":{"Escrito por":"Juan P\u00e9rez","Tiempo de lectura":"2 minutos"},"schema":{"@context":"https:\/\/schema.org","@graph":[{"@type":"WebPage","@id":"https:\/\/www.diario21.tv\/noticias\/impactante-el-periodismo-de-calidad-enfrenta-la-amenaza-de-las-noticias-falsas\/","url":"https:\/\/www.diario21.tv\/noticias\/impactante-el-periodismo-de-calidad-enfrenta-la-amenaza-de-las-noticias-falsas\/","name":"\u00a1Impactante! El periodismo de calidad enfrenta la amenaza de las noticias falsas - Diario 21","isPartOf":{"@id":"https:\/\/www.diario21.tv\/noticias\/#website"},"primaryImageOfPage":{"@id":"https:\/\/www.diario21.tv\/noticias\/impactante-el-periodismo-de-calidad-enfrenta-la-amenaza-de-las-noticias-falsas\/#primaryimage"},"image":{"@id":"https:\/\/www.diario21.tv\/noticias\/impactante-el-periodismo-de-calidad-enfrenta-la-amenaza-de-las-noticias-falsas\/#primaryimage"},"thumbnailUrl":"https:\/\/www.diario21.tv\/noticias\/wp-content\/uploads\/2025\/03\/\u00a1Impactante-El-periodismo-de-calidad-enfrenta-la-amenaza-de-las.jpg","datePublished":"2025-03-18T05:25:15+00:00","dateModified":"2025-03-18T05:25:16+00:00","author":{"@id":"https:\/\/www.diario21.tv\/noticias\/#\/schema\/person\/dfb778f73814d8f09f302618446a526b"},"breadcrumb":{"@id":"https:\/\/www.diario21.tv\/noticias\/impactante-el-periodismo-de-calidad-enfrenta-la-amenaza-de-las-noticias-falsas\/#breadcrumb"},"inLanguage":"es-AR","potentialAction":[{"@type":"ReadAction","target":["https:\/\/www.diario21.tv\/noticias\/impactante-el-periodismo-de-calidad-enfrenta-la-amenaza-de-las-noticias-falsas\/"]}]},{"@type":"ImageObject","inLanguage":"es-AR","@id":"https:\/\/www.diario21.tv\/noticias\/impactante-el-periodismo-de-calidad-enfrenta-la-amenaza-de-las-noticias-falsas\/#primaryimage","url":"https:\/\/www.diario21.tv\/noticias\/wp-content\/uploads\/2025\/03\/\u00a1Impactante-El-periodismo-de-calidad-enfrenta-la-amenaza-de-las.jpg","contentUrl":"https:\/\/www.diario21.tv\/noticias\/wp-content\/uploads\/2025\/03\/\u00a1Impactante-El-periodismo-de-calidad-enfrenta-la-amenaza-de-las.jpg","width":1200,"height":672,"caption":"La lucha del periodismo de calidad por vencer a las noticias falsas"},{"@type":"BreadcrumbList","@id":"https:\/\/www.diario21.tv\/noticias\/impactante-el-periodismo-de-calidad-enfrenta-la-amenaza-de-las-noticias-falsas\/#breadcrumb","itemListElement":[{"@type":"ListItem","position":1,"name":"Accueil","item":"https:\/\/www.diario21.tv\/noticias\/"},{"@type":"ListItem","position":2,"name":"\u00a1Impactante! El periodismo de calidad enfrenta la amenaza de las noticias falsas"}]},{"@type":"WebSite","@id":"https:\/\/www.diario21.tv\/noticias\/#website","url":"https:\/\/www.diario21.tv\/noticias\/","name":"Diario 21","description":"","potentialAction":[{"@type":"SearchAction","target":{"@type":"EntryPoint","urlTemplate":"https:\/\/www.diario21.tv\/noticias\/?s={search_term_string}"},"query-input":{"@type":"PropertyValueSpecification","valueRequired":true,"valueName":"search_term_string"}}],"inLanguage":"es-AR"},{"@type":"Person","@id":"https:\/\/www.diario21.tv\/noticias\/#\/schema\/person\/dfb778f73814d8f09f302618446a526b","name":"Juan P\u00e9rez","image":{"@type":"ImageObject","inLanguage":"es-AR","@id":"https:\/\/www.diario21.tv\/noticias\/#\/schema\/person\/image\/","url":"https:\/\/secure.gravatar.com\/avatar\/c478a405bd10621167f4c3167cc770f5?s=96&d=mm&r=g","contentUrl":"https:\/\/secure.gravatar.com\/avatar\/c478a405bd10621167f4c3167cc770f5?s=96&d=mm&r=g","caption":"Juan P\u00e9rez"},"description":"Juan P\u00e9rez es el redactor en jefe de Diario 21. Con m\u00e1s de 10 a\u00f1os de experiencia en el periodismo, se especializa en pol\u00edtica nacional y an\u00e1lisis socioecon\u00f3mico. Su enfoque cr\u00edtico y riguroso aporta una perspectiva \u00fanica a cada art\u00edculo.","sameAs":["https:\/\/www.diario21.tv\/noticias\/"],"url":"https:\/\/www.diario21.tv\/noticias\/author\/juan-perez\/"}]}},"_links":{"self":[{"href":"https:\/\/www.diario21.tv\/noticias\/wp-json\/wp\/v2\/posts\/2496"}],"collection":[{"href":"https:\/\/www.diario21.tv\/noticias\/wp-json\/wp\/v2\/posts"}],"about":[{"href":"https:\/\/www.diario21.tv\/noticias\/wp-json\/wp\/v2\/types\/post"}],"author":[{"embeddable":true,"href":"https:\/\/www.diario21.tv\/noticias\/wp-json\/wp\/v2\/users\/20"}],"replies":[{"embeddable":true,"href":"https:\/\/www.diario21.tv\/noticias\/wp-json\/wp\/v2\/comments?post=2496"}],"version-history":[{"count":1,"href":"https:\/\/www.diario21.tv\/noticias\/wp-json\/wp\/v2\/posts\/2496\/revisions"}],"predecessor-version":[{"id":2498,"href":"https:\/\/www.diario21.tv\/noticias\/wp-json\/wp\/v2\/posts\/2496\/revisions\/2498"}],"wp:featuredmedia":[{"embeddable":true,"href":"https:\/\/www.diario21.tv\/noticias\/wp-json\/wp\/v2\/media\/2497"}],"wp:attachment":[{"href":"https:\/\/www.diario21.tv\/noticias\/wp-json\/wp\/v2\/media?parent=2496"}],"wp:term":[{"taxonomy":"category","embeddable":true,"href":"https:\/\/www.diario21.tv\/noticias\/wp-json\/wp\/v2\/categories?post=2496"},{"taxonomy":"post_tag","embeddable":true,"href":"https:\/\/www.diario21.tv\/noticias\/wp-json\/wp\/v2\/tags?post=2496"}],"curies":[{"name":"wp","href":"https:\/\/api.w.org\/{rel}","templated":true}]}}