{"id":2478,"date":"2025-03-16T10:57:01","date_gmt":"2025-03-16T10:57:01","guid":{"rendered":"https:\/\/www.diario21.tv\/noticias\/descubre-lo-que-mas-se-regala-en-el-dia-del-padre-en-espana-con-un-gasto-de-65-euros\/"},"modified":"2025-03-16T10:57:02","modified_gmt":"2025-03-16T10:57:02","slug":"descubre-lo-que-mas-se-regala-en-el-dia-del-padre-en-espana-con-un-gasto-de-65-euros","status":"publish","type":"post","link":"https:\/\/www.diario21.tv\/noticias\/descubre-lo-que-mas-se-regala-en-el-dia-del-padre-en-espana-con-un-gasto-de-65-euros\/","title":{"rendered":"\u00a1Descubre lo que m\u00e1s se regala en el D\u00eda del Padre en Espa\u00f1a con un gasto de 65 euros!"},"content":{"rendered":"<h2>D\u00eda del Padre en Espa\u00f1a: Previsi\u00f3n de gasto promedio y regalos populares<\/h2>\n<p>El D\u00eda del Padre es una ocasi\u00f3n especial en la que muchas familias en Espa\u00f1a aprovechan para demostrar su aprecio y cari\u00f1o hacia los padres. Seg\u00fan las \u00faltimas estimaciones, se espera que el gasto medio por persona para esta celebraci\u00f3n sea de aproximadamente 65 euros. Este dato nos indica c\u00f3mo las personas planean honrar a sus padres a trav\u00e9s de diversos regalos y detalles.<\/p>\n<h3>\u00bfQu\u00e9 regalos son los favoritos para el D\u00eda del Padre?<\/h3>\n<p>Cuando se trata de seleccionar un regalo para el D\u00eda del Padre, hay ciertos \u00edtems que se destacan como los m\u00e1s populares. Tradicionalmente, los art\u00edculos de moda como camisas, corbatas y relojes ocupan un lugar preferente en la lista de opciones. Sin embargo, con el cambio en las tendencias y la evoluci\u00f3n de las preferencias de los consumidores, otros productos como gadgets tecnol\u00f3gicos, herramientas para hobbies y experiencias \u00fanicas, como cenas en restaurantes o entradas para eventos deportivos, tambi\u00e9n han ganado popularidad.<\/p>\n<p>Adem\u00e1s, muchos optan por regalos personalizados que pueden incluir desde libros con dedicatorias especiales hasta art\u00edculos personalizados con mensajes o im\u00e1genes que capturan momentos especiales. Estos regalos a medida no solo proporcionan un toque personal, sino que tambi\u00e9n permiten que los regalos sean memorables y significativos.<\/p>\n<h3>Impacto en el comercio y tendencias de consumo<\/h3>\n<p>El D\u00eda del Padre tiene un impacto considerable en el comercio local, ya que impulsa las ventas en varios sectores. Desde tiendas de ropa hasta electr\u00f3nica y librer\u00edas, muchos negocios experimentan un aumento en su actividad durante este per\u00edodo. Adem\u00e1s, la facilidad de acceso a las compras en l\u00ednea ha permitido que m\u00e1s personas opten por buscar y comprar regalos a trav\u00e9s de internet, lo que refleja una tendencia creciente hacia la conveniencia y la variedad en las opciones de compra.<\/p>\n<p>Este aumento en el gasto y la diversificaci\u00f3n en los tipos de regalos tambi\u00e9n refleja cambios en las din\u00e1micas familiares y en la expresi\u00f3n de aprecio hacia los padres. La mezcla de tradici\u00f3n y modernidad en las elecciones de regalos para el D\u00eda del Padre destaca c\u00f3mo este d\u00eda especial contin\u00faa evolucionando junto con la sociedad.<\/p>\n<p>En resumen, el D\u00eda del Padre en Espa\u00f1a no solo es un momento para celebrar la relaci\u00f3n entre padres e hijos, sino tambi\u00e9n una importante fecha para la econom\u00eda local que refleja las tendencias actuales de consumo y las preferencias individuales en la selecci\u00f3n de regalos. Con un gasto promedio de 65 euros, est\u00e1 claro que muchos desean hacer de este d\u00eda una ocasi\u00f3n memorable para sus padres.<\/p>\n\n\n<div class=\"kk-star-ratings kksr-auto kksr-align-left kksr-valign-bottom\"\n    data-payload='{&quot;align&quot;:&quot;left&quot;,&quot;id&quot;:&quot;2478&quot;,&quot;slug&quot;:&quot;default&quot;,&quot;valign&quot;:&quot;bottom&quot;,&quot;ignore&quot;:&quot;&quot;,&quot;reference&quot;:&quot;auto&quot;,&quot;class&quot;:&quot;&quot;,&quot;count&quot;:&quot;0&quot;,&quot;legendonly&quot;:&quot;&quot;,&quot;readonly&quot;:&quot;&quot;,&quot;score&quot;:&quot;0&quot;,&quot;starsonly&quot;:&quot;&quot;,&quot;best&quot;:&quot;5&quot;,&quot;gap&quot;:&quot;5&quot;,&quot;greet&quot;:&quot;Valora este post&quot;,&quot;legend&quot;:&quot;0\\\/5 - (0 votes)&quot;,&quot;size&quot;:&quot;22&quot;,&quot;title&quot;:&quot;\u00a1Descubre lo que m\u00e1s se regala en el D\u00eda del Padre en Espa\u00f1a con un gasto de 65 euros!&quot;,&quot;width&quot;:&quot;0&quot;,&quot;_legend&quot;:&quot;{score}\\\/{best} - ({count} {votes})&quot;,&quot;font_factor&quot;:&quot;1.25&quot;}'>\n            \n<div class=\"kksr-stars\">\n    \n<div class=\"kksr-stars-inactive\">\n            <div class=\"kksr-star\" data-star=\"1\" style=\"padding-right: 5px\">\n            \n\n<div class=\"kksr-icon\" style=\"width: 22px; height: 22px;\"><\/div>\n        <\/div>\n            <div class=\"kksr-star\" data-star=\"2\" style=\"padding-right: 5px\">\n            \n\n<div class=\"kksr-icon\" style=\"width: 22px; height: 22px;\"><\/div>\n        <\/div>\n            <div class=\"kksr-star\" data-star=\"3\" style=\"padding-right: 5px\">\n            \n\n<div class=\"kksr-icon\" style=\"width: 22px; height: 22px;\"><\/div>\n        <\/div>\n            <div class=\"kksr-star\" data-star=\"4\" style=\"padding-right: 5px\">\n            \n\n<div class=\"kksr-icon\" style=\"width: 22px; height: 22px;\"><\/div>\n        <\/div>\n            <div class=\"kksr-star\" data-star=\"5\" style=\"padding-right: 5px\">\n            \n\n<div class=\"kksr-icon\" style=\"width: 22px; height: 22px;\"><\/div>\n        <\/div>\n    <\/div>\n    \n<div class=\"kksr-stars-active\" style=\"width: 0px;\">\n            <div class=\"kksr-star\" style=\"padding-right: 5px\">\n            \n\n<div class=\"kksr-icon\" style=\"width: 22px; height: 22px;\"><\/div>\n        <\/div>\n            <div class=\"kksr-star\" style=\"padding-right: 5px\">\n            \n\n<div class=\"kksr-icon\" style=\"width: 22px; height: 22px;\"><\/div>\n        <\/div>\n            <div class=\"kksr-star\" style=\"padding-right: 5px\">\n            \n\n<div class=\"kksr-icon\" style=\"width: 22px; height: 22px;\"><\/div>\n        <\/div>\n            <div class=\"kksr-star\" style=\"padding-right: 5px\">\n            \n\n<div class=\"kksr-icon\" style=\"width: 22px; height: 22px;\"><\/div>\n        <\/div>\n            <div class=\"kksr-star\" style=\"padding-right: 5px\">\n            \n\n<div class=\"kksr-icon\" style=\"width: 22px; height: 22px;\"><\/div>\n        <\/div>\n    <\/div>\n<\/div>\n                \n\n<div class=\"kksr-legend\" style=\"font-size: 17.6px;\">\n            <span class=\"kksr-muted\">Valora este post<\/span>\n    <\/div>\n    <\/div>\n","protected":false},"excerpt":{"rendered":"<p>D\u00eda del Padre en Espa\u00f1a: Previsi\u00f3n de gasto promedio y regalos populares El D\u00eda del Padre es una ocasi\u00f3n especial en la que muchas familias en &#8230; <a title=\"\u00a1Descubre lo que m\u00e1s se regala en el D\u00eda del Padre en Espa\u00f1a con un gasto de 65 euros!\" class=\"read-more\" href=\"https:\/\/www.diario21.tv\/noticias\/descubre-lo-que-mas-se-regala-en-el-dia-del-padre-en-espana-con-un-gasto-de-65-euros\/\" aria-label=\"Leer m\u00e1s sobre \u00a1Descubre lo que m\u00e1s se regala en el D\u00eda del Padre en Espa\u00f1a con un gasto de 65 euros!\">Seguir leyendo &rarr;<\/a><\/p>\n","protected":false},"author":20,"featured_media":2479,"comment_status":"open","ping_status":"open","sticky":false,"template":"","format":"standard","meta":{"footnotes":""},"categories":[13],"tags":[],"class_list":["post-2478","post","type-post","status-publish","format-standard","has-post-thumbnail","hentry","category-portada"],"yoast_head":"<!-- This site is optimized with the Yoast SEO plugin v25.6 - https:\/\/yoast.com\/wordpress\/plugins\/seo\/ -->\n<title>\u00a1Descubre lo que m\u00e1s se regala en el D\u00eda del Padre en Espa\u00f1a con un gasto de 65 euros! - Diario 21<\/title>\n<meta name=\"robots\" content=\"index, follow, max-snippet:-1, max-image-preview:large, max-video-preview:-1\" \/>\n<link rel=\"canonical\" href=\"https:\/\/www.diario21.tv\/noticias\/descubre-lo-que-mas-se-regala-en-el-dia-del-padre-en-espana-con-un-gasto-de-65-euros\/\" \/>\n<meta property=\"og:locale\" content=\"es_ES\" \/>\n<meta property=\"og:type\" content=\"article\" \/>\n<meta property=\"og:title\" content=\"\u00a1Descubre lo que m\u00e1s se regala en el D\u00eda del Padre en Espa\u00f1a con un gasto de 65 euros! - Diario 21\" \/>\n<meta property=\"og:description\" content=\"D\u00eda del Padre en Espa\u00f1a: Previsi\u00f3n de gasto promedio y regalos populares El D\u00eda del Padre es una ocasi\u00f3n especial en la que muchas familias en ... Seguir leyendo &rarr;\" \/>\n<meta property=\"og:url\" content=\"https:\/\/www.diario21.tv\/noticias\/descubre-lo-que-mas-se-regala-en-el-dia-del-padre-en-espana-con-un-gasto-de-65-euros\/\" \/>\n<meta property=\"og:site_name\" content=\"Diario 21\" \/>\n<meta property=\"article:published_time\" content=\"2025-03-16T10:57:01+00:00\" \/>\n<meta property=\"article:modified_time\" content=\"2025-03-16T10:57:02+00:00\" \/>\n<meta property=\"og:image\" content=\"https:\/\/www.diario21.tv\/noticias\/wp-content\/uploads\/2025\/03\/\u00a1Descubre-lo-que-mas-se-regala-en-el-Dia-del.jpg\" \/>\n\t<meta property=\"og:image:width\" content=\"1920\" \/>\n\t<meta property=\"og:image:height\" content=\"1080\" \/>\n\t<meta property=\"og:image:type\" content=\"image\/jpeg\" \/>\n<meta name=\"author\" content=\"Juan P\u00e9rez\" \/>\n<meta name=\"twitter:card\" content=\"summary_large_image\" \/>\n<meta name=\"twitter:label1\" content=\"Escrito por\" \/>\n\t<meta name=\"twitter:data1\" content=\"Juan P\u00e9rez\" \/>\n\t<meta name=\"twitter:label2\" content=\"Tiempo de lectura\" \/>\n\t<meta name=\"twitter:data2\" content=\"2 minutos\" \/>\n<script type=\"application\/ld+json\" class=\"yoast-schema-graph\">{\"@context\":\"https:\/\/schema.org\",\"@graph\":[{\"@type\":\"WebPage\",\"@id\":\"https:\/\/www.diario21.tv\/noticias\/descubre-lo-que-mas-se-regala-en-el-dia-del-padre-en-espana-con-un-gasto-de-65-euros\/\",\"url\":\"https:\/\/www.diario21.tv\/noticias\/descubre-lo-que-mas-se-regala-en-el-dia-del-padre-en-espana-con-un-gasto-de-65-euros\/\",\"name\":\"\u00a1Descubre lo que m\u00e1s se regala en el D\u00eda del Padre en Espa\u00f1a con un gasto de 65 euros! - Diario 21\",\"isPartOf\":{\"@id\":\"https:\/\/www.diario21.tv\/noticias\/#website\"},\"primaryImageOfPage\":{\"@id\":\"https:\/\/www.diario21.tv\/noticias\/descubre-lo-que-mas-se-regala-en-el-dia-del-padre-en-espana-con-un-gasto-de-65-euros\/#primaryimage\"},\"image\":{\"@id\":\"https:\/\/www.diario21.tv\/noticias\/descubre-lo-que-mas-se-regala-en-el-dia-del-padre-en-espana-con-un-gasto-de-65-euros\/#primaryimage\"},\"thumbnailUrl\":\"https:\/\/www.diario21.tv\/noticias\/wp-content\/uploads\/2025\/03\/\u00a1Descubre-lo-que-mas-se-regala-en-el-Dia-del.jpg\",\"datePublished\":\"2025-03-16T10:57:01+00:00\",\"dateModified\":\"2025-03-16T10:57:02+00:00\",\"author\":{\"@id\":\"https:\/\/www.diario21.tv\/noticias\/#\/schema\/person\/dfb778f73814d8f09f302618446a526b\"},\"breadcrumb\":{\"@id\":\"https:\/\/www.diario21.tv\/noticias\/descubre-lo-que-mas-se-regala-en-el-dia-del-padre-en-espana-con-un-gasto-de-65-euros\/#breadcrumb\"},\"inLanguage\":\"es-AR\",\"potentialAction\":[{\"@type\":\"ReadAction\",\"target\":[\"https:\/\/www.diario21.tv\/noticias\/descubre-lo-que-mas-se-regala-en-el-dia-del-padre-en-espana-con-un-gasto-de-65-euros\/\"]}]},{\"@type\":\"ImageObject\",\"inLanguage\":\"es-AR\",\"@id\":\"https:\/\/www.diario21.tv\/noticias\/descubre-lo-que-mas-se-regala-en-el-dia-del-padre-en-espana-con-un-gasto-de-65-euros\/#primaryimage\",\"url\":\"https:\/\/www.diario21.tv\/noticias\/wp-content\/uploads\/2025\/03\/\u00a1Descubre-lo-que-mas-se-regala-en-el-Dia-del.jpg\",\"contentUrl\":\"https:\/\/www.diario21.tv\/noticias\/wp-content\/uploads\/2025\/03\/\u00a1Descubre-lo-que-mas-se-regala-en-el-Dia-del.jpg\",\"width\":1920,\"height\":1080,\"caption\":\"D\u00eda del Padre en Espa\u00f1a: el gasto medio ser\u00e1 de 65 euros, \u00bfqu\u00e9 se regalar\u00e1 m\u00e1s?\"},{\"@type\":\"BreadcrumbList\",\"@id\":\"https:\/\/www.diario21.tv\/noticias\/descubre-lo-que-mas-se-regala-en-el-dia-del-padre-en-espana-con-un-gasto-de-65-euros\/#breadcrumb\",\"itemListElement\":[{\"@type\":\"ListItem\",\"position\":1,\"name\":\"Accueil\",\"item\":\"https:\/\/www.diario21.tv\/noticias\/\"},{\"@type\":\"ListItem\",\"position\":2,\"name\":\"\u00a1Descubre lo que m\u00e1s se regala en el D\u00eda del Padre en Espa\u00f1a con un gasto de 65 euros!\"}]},{\"@type\":\"WebSite\",\"@id\":\"https:\/\/www.diario21.tv\/noticias\/#website\",\"url\":\"https:\/\/www.diario21.tv\/noticias\/\",\"name\":\"Diario 21\",\"description\":\"\",\"potentialAction\":[{\"@type\":\"SearchAction\",\"target\":{\"@type\":\"EntryPoint\",\"urlTemplate\":\"https:\/\/www.diario21.tv\/noticias\/?s={search_term_string}\"},\"query-input\":{\"@type\":\"PropertyValueSpecification\",\"valueRequired\":true,\"valueName\":\"search_term_string\"}}],\"inLanguage\":\"es-AR\"},{\"@type\":\"Person\",\"@id\":\"https:\/\/www.diario21.tv\/noticias\/#\/schema\/person\/dfb778f73814d8f09f302618446a526b\",\"name\":\"Juan P\u00e9rez\",\"image\":{\"@type\":\"ImageObject\",\"inLanguage\":\"es-AR\",\"@id\":\"https:\/\/www.diario21.tv\/noticias\/#\/schema\/person\/image\/\",\"url\":\"https:\/\/secure.gravatar.com\/avatar\/c478a405bd10621167f4c3167cc770f5?s=96&d=mm&r=g\",\"contentUrl\":\"https:\/\/secure.gravatar.com\/avatar\/c478a405bd10621167f4c3167cc770f5?s=96&d=mm&r=g\",\"caption\":\"Juan P\u00e9rez\"},\"description\":\"Juan P\u00e9rez es el redactor en jefe de Diario 21. Con m\u00e1s de 10 a\u00f1os de experiencia en el periodismo, se especializa en pol\u00edtica nacional y an\u00e1lisis socioecon\u00f3mico. Su enfoque cr\u00edtico y riguroso aporta una perspectiva \u00fanica a cada art\u00edculo.\",\"sameAs\":[\"https:\/\/www.diario21.tv\/noticias\/\"],\"url\":\"https:\/\/www.diario21.tv\/noticias\/author\/juan-perez\/\"}]}<\/script>\n<!-- \/ Yoast SEO plugin. -->","yoast_head_json":{"title":"\u00a1Descubre lo que m\u00e1s se regala en el D\u00eda del Padre en Espa\u00f1a con un gasto de 65 euros! - Diario 21","robots":{"index":"index","follow":"follow","max-snippet":"max-snippet:-1","max-image-preview":"max-image-preview:large","max-video-preview":"max-video-preview:-1"},"canonical":"https:\/\/www.diario21.tv\/noticias\/descubre-lo-que-mas-se-regala-en-el-dia-del-padre-en-espana-con-un-gasto-de-65-euros\/","og_locale":"es_ES","og_type":"article","og_title":"\u00a1Descubre lo que m\u00e1s se regala en el D\u00eda del Padre en Espa\u00f1a con un gasto de 65 euros! - Diario 21","og_description":"D\u00eda del Padre en Espa\u00f1a: Previsi\u00f3n de gasto promedio y regalos populares El D\u00eda del Padre es una ocasi\u00f3n especial en la que muchas familias en ... Seguir leyendo &rarr;","og_url":"https:\/\/www.diario21.tv\/noticias\/descubre-lo-que-mas-se-regala-en-el-dia-del-padre-en-espana-con-un-gasto-de-65-euros\/","og_site_name":"Diario 21","article_published_time":"2025-03-16T10:57:01+00:00","article_modified_time":"2025-03-16T10:57:02+00:00","og_image":[{"width":1920,"height":1080,"url":"https:\/\/www.diario21.tv\/noticias\/wp-content\/uploads\/2025\/03\/\u00a1Descubre-lo-que-mas-se-regala-en-el-Dia-del.jpg","type":"image\/jpeg"}],"author":"Juan P\u00e9rez","twitter_card":"summary_large_image","twitter_misc":{"Escrito por":"Juan P\u00e9rez","Tiempo de lectura":"2 minutos"},"schema":{"@context":"https:\/\/schema.org","@graph":[{"@type":"WebPage","@id":"https:\/\/www.diario21.tv\/noticias\/descubre-lo-que-mas-se-regala-en-el-dia-del-padre-en-espana-con-un-gasto-de-65-euros\/","url":"https:\/\/www.diario21.tv\/noticias\/descubre-lo-que-mas-se-regala-en-el-dia-del-padre-en-espana-con-un-gasto-de-65-euros\/","name":"\u00a1Descubre lo que m\u00e1s se regala en el D\u00eda del Padre en Espa\u00f1a con un gasto de 65 euros! - Diario 21","isPartOf":{"@id":"https:\/\/www.diario21.tv\/noticias\/#website"},"primaryImageOfPage":{"@id":"https:\/\/www.diario21.tv\/noticias\/descubre-lo-que-mas-se-regala-en-el-dia-del-padre-en-espana-con-un-gasto-de-65-euros\/#primaryimage"},"image":{"@id":"https:\/\/www.diario21.tv\/noticias\/descubre-lo-que-mas-se-regala-en-el-dia-del-padre-en-espana-con-un-gasto-de-65-euros\/#primaryimage"},"thumbnailUrl":"https:\/\/www.diario21.tv\/noticias\/wp-content\/uploads\/2025\/03\/\u00a1Descubre-lo-que-mas-se-regala-en-el-Dia-del.jpg","datePublished":"2025-03-16T10:57:01+00:00","dateModified":"2025-03-16T10:57:02+00:00","author":{"@id":"https:\/\/www.diario21.tv\/noticias\/#\/schema\/person\/dfb778f73814d8f09f302618446a526b"},"breadcrumb":{"@id":"https:\/\/www.diario21.tv\/noticias\/descubre-lo-que-mas-se-regala-en-el-dia-del-padre-en-espana-con-un-gasto-de-65-euros\/#breadcrumb"},"inLanguage":"es-AR","potentialAction":[{"@type":"ReadAction","target":["https:\/\/www.diario21.tv\/noticias\/descubre-lo-que-mas-se-regala-en-el-dia-del-padre-en-espana-con-un-gasto-de-65-euros\/"]}]},{"@type":"ImageObject","inLanguage":"es-AR","@id":"https:\/\/www.diario21.tv\/noticias\/descubre-lo-que-mas-se-regala-en-el-dia-del-padre-en-espana-con-un-gasto-de-65-euros\/#primaryimage","url":"https:\/\/www.diario21.tv\/noticias\/wp-content\/uploads\/2025\/03\/\u00a1Descubre-lo-que-mas-se-regala-en-el-Dia-del.jpg","contentUrl":"https:\/\/www.diario21.tv\/noticias\/wp-content\/uploads\/2025\/03\/\u00a1Descubre-lo-que-mas-se-regala-en-el-Dia-del.jpg","width":1920,"height":1080,"caption":"D\u00eda del Padre en Espa\u00f1a: el gasto medio ser\u00e1 de 65 euros, \u00bfqu\u00e9 se regalar\u00e1 m\u00e1s?"},{"@type":"BreadcrumbList","@id":"https:\/\/www.diario21.tv\/noticias\/descubre-lo-que-mas-se-regala-en-el-dia-del-padre-en-espana-con-un-gasto-de-65-euros\/#breadcrumb","itemListElement":[{"@type":"ListItem","position":1,"name":"Accueil","item":"https:\/\/www.diario21.tv\/noticias\/"},{"@type":"ListItem","position":2,"name":"\u00a1Descubre lo que m\u00e1s se regala en el D\u00eda del Padre en Espa\u00f1a con un gasto de 65 euros!"}]},{"@type":"WebSite","@id":"https:\/\/www.diario21.tv\/noticias\/#website","url":"https:\/\/www.diario21.tv\/noticias\/","name":"Diario 21","description":"","potentialAction":[{"@type":"SearchAction","target":{"@type":"EntryPoint","urlTemplate":"https:\/\/www.diario21.tv\/noticias\/?s={search_term_string}"},"query-input":{"@type":"PropertyValueSpecification","valueRequired":true,"valueName":"search_term_string"}}],"inLanguage":"es-AR"},{"@type":"Person","@id":"https:\/\/www.diario21.tv\/noticias\/#\/schema\/person\/dfb778f73814d8f09f302618446a526b","name":"Juan P\u00e9rez","image":{"@type":"ImageObject","inLanguage":"es-AR","@id":"https:\/\/www.diario21.tv\/noticias\/#\/schema\/person\/image\/","url":"https:\/\/secure.gravatar.com\/avatar\/c478a405bd10621167f4c3167cc770f5?s=96&d=mm&r=g","contentUrl":"https:\/\/secure.gravatar.com\/avatar\/c478a405bd10621167f4c3167cc770f5?s=96&d=mm&r=g","caption":"Juan P\u00e9rez"},"description":"Juan P\u00e9rez es el redactor en jefe de Diario 21. Con m\u00e1s de 10 a\u00f1os de experiencia en el periodismo, se especializa en pol\u00edtica nacional y an\u00e1lisis socioecon\u00f3mico. Su enfoque cr\u00edtico y riguroso aporta una perspectiva \u00fanica a cada art\u00edculo.","sameAs":["https:\/\/www.diario21.tv\/noticias\/"],"url":"https:\/\/www.diario21.tv\/noticias\/author\/juan-perez\/"}]}},"_links":{"self":[{"href":"https:\/\/www.diario21.tv\/noticias\/wp-json\/wp\/v2\/posts\/2478"}],"collection":[{"href":"https:\/\/www.diario21.tv\/noticias\/wp-json\/wp\/v2\/posts"}],"about":[{"href":"https:\/\/www.diario21.tv\/noticias\/wp-json\/wp\/v2\/types\/post"}],"author":[{"embeddable":true,"href":"https:\/\/www.diario21.tv\/noticias\/wp-json\/wp\/v2\/users\/20"}],"replies":[{"embeddable":true,"href":"https:\/\/www.diario21.tv\/noticias\/wp-json\/wp\/v2\/comments?post=2478"}],"version-history":[{"count":1,"href":"https:\/\/www.diario21.tv\/noticias\/wp-json\/wp\/v2\/posts\/2478\/revisions"}],"predecessor-version":[{"id":2480,"href":"https:\/\/www.diario21.tv\/noticias\/wp-json\/wp\/v2\/posts\/2478\/revisions\/2480"}],"wp:featuredmedia":[{"embeddable":true,"href":"https:\/\/www.diario21.tv\/noticias\/wp-json\/wp\/v2\/media\/2479"}],"wp:attachment":[{"href":"https:\/\/www.diario21.tv\/noticias\/wp-json\/wp\/v2\/media?parent=2478"}],"wp:term":[{"taxonomy":"category","embeddable":true,"href":"https:\/\/www.diario21.tv\/noticias\/wp-json\/wp\/v2\/categories?post=2478"},{"taxonomy":"post_tag","embeddable":true,"href":"https:\/\/www.diario21.tv\/noticias\/wp-json\/wp\/v2\/tags?post=2478"}],"curies":[{"name":"wp","href":"https:\/\/api.w.org\/{rel}","templated":true}]}}