{"id":2472,"date":"2025-03-15T22:48:52","date_gmt":"2025-03-15T22:48:52","guid":{"rendered":"https:\/\/www.diario21.tv\/noticias\/starmer-y-el-choque-naval-la-situacion-bajo-control-descubre-mas-detalles\/"},"modified":"2025-03-15T22:48:54","modified_gmt":"2025-03-15T22:48:54","slug":"starmer-y-el-choque-naval-la-situacion-bajo-control-descubre-mas-detalles","status":"publish","type":"post","link":"https:\/\/www.diario21.tv\/noticias\/starmer-y-el-choque-naval-la-situacion-bajo-control-descubre-mas-detalles\/","title":{"rendered":"Starmer y el choque naval: &#8220;La situaci\u00f3n bajo control&#8221; \u00a1Descubre m\u00e1s detalles!"},"content":{"rendered":"<h2>Declaraciones de Starmer ante el incidente mar\u00edtimo: &#8220;La situaci\u00f3n est\u00e1 bajo control moderado&#8221;<\/h2>\n<p>El l\u00edder del Partido Laborista, Keir Starmer, se pronunci\u00f3 recientemente sobre el reciente incidente naval, describiendo el estado de las cosas como &#8220;razonablemente contenido&#8221;. Este comentario surgi\u00f3 tras el choque entre dos barcos que ha captado la atenci\u00f3n de la opini\u00f3n p\u00fablica y medios de comunicaci\u00f3n.<\/p>\n<h3>An\u00e1lisis del Incidente<\/h3>\n<p>El incidente, que involucr\u00f3 a dos embarcaciones de considerable tama\u00f1o, no pas\u00f3 a mayores gracias a la r\u00e1pida intervenci\u00f3n de los equipos de rescate y seguridad mar\u00edtima. Seg\u00fan las primeras investigaciones, las medidas de seguridad existentes jugaron un papel crucial en la prevenci\u00f3n de una tragedia mayor. Starmer aprovech\u00f3 la ocasi\u00f3n para destacar la eficiencia de los protocolos de seguridad actuales, aunque se\u00f1al\u00f3 que se realizar\u00e1 una revisi\u00f3n exhaustiva de los mismos.<\/p>\n<h3>Respuesta de Starmer<\/h3>\n<p>Durante su intervenci\u00f3n, Starmer expres\u00f3 su alivio por el hecho de que no se reportaran v\u00edctimas fatales ni heridos graves como resultado del choque. &#8220;Es un alivio saber que la situaci\u00f3n est\u00e1 razonablemente contenida y que los da\u00f1os no fueron tan devastadores como podr\u00edan haber sido&#8221;, coment\u00f3. Adem\u00e1s, hizo hincapi\u00e9 en la importancia de mantener y mejorar las medidas de seguridad para prevenir incidentes similares en el futuro.<\/p>\n<p>Starmer tambi\u00e9n aprovech\u00f3 la oportunidad para agradecer a los equipos de rescate y a todos los involucrados en la gesti\u00f3n del incidente. &#8220;Su r\u00e1pida y eficaz respuesta ha sido fundamental para controlar la situaci\u00f3n&#8221;, afirm\u00f3.<\/p>\n<h3>Implicaciones futuras y medidas preventivas<\/h3>\n<p>El l\u00edder laborista no dej\u00f3 pasar la oportunidad de mencionar que este incidente sirve como un recordatorio cr\u00edtico de la necesidad de constantes mejoras en las pol\u00edticas de seguridad mar\u00edtima. Seg\u00fan Starmer, es esencial que se realicen investigaciones profundas para entender completamente las causas del choque y para desarrollar estrategias que mitiguen los riesgos en el futuro.<\/p>\n<p>&#8220;Debemos aprender de cada incidente y trabajar incansablemente para fortalecer nuestras defensas contra futuros problemas&#8221;, concluy\u00f3 Starmer, subrayando la importancia de la prevenci\u00f3n y la preparaci\u00f3n.<\/p>\n<p>En resumen, aunque el choque de los barcos represent\u00f3 un momento de tensi\u00f3n, la reacci\u00f3n de las autoridades y la respuesta coordinada ayudaron a evitar un desenlace mucho m\u00e1s grave. Con el liderazgo de figuras como Keir Starmer, se espera que la seguridad mar\u00edtima contin\u00fae siendo una prioridad en la agenda pol\u00edtica y en las operaciones pr\u00e1cticas a nivel nacional e internacional.<\/p>\n\n\n<div class=\"kk-star-ratings kksr-auto kksr-align-left kksr-valign-bottom\"\n    data-payload='{&quot;align&quot;:&quot;left&quot;,&quot;id&quot;:&quot;2472&quot;,&quot;slug&quot;:&quot;default&quot;,&quot;valign&quot;:&quot;bottom&quot;,&quot;ignore&quot;:&quot;&quot;,&quot;reference&quot;:&quot;auto&quot;,&quot;class&quot;:&quot;&quot;,&quot;count&quot;:&quot;0&quot;,&quot;legendonly&quot;:&quot;&quot;,&quot;readonly&quot;:&quot;&quot;,&quot;score&quot;:&quot;0&quot;,&quot;starsonly&quot;:&quot;&quot;,&quot;best&quot;:&quot;5&quot;,&quot;gap&quot;:&quot;5&quot;,&quot;greet&quot;:&quot;Valora este post&quot;,&quot;legend&quot;:&quot;0\\\/5 - (0 votes)&quot;,&quot;size&quot;:&quot;22&quot;,&quot;title&quot;:&quot;Starmer y el choque naval: \\u0026quot;La situaci\u00f3n bajo control\\u0026quot; \u00a1Descubre m\u00e1s detalles!&quot;,&quot;width&quot;:&quot;0&quot;,&quot;_legend&quot;:&quot;{score}\\\/{best} - ({count} {votes})&quot;,&quot;font_factor&quot;:&quot;1.25&quot;}'>\n            \n<div class=\"kksr-stars\">\n    \n<div class=\"kksr-stars-inactive\">\n            <div class=\"kksr-star\" data-star=\"1\" style=\"padding-right: 5px\">\n            \n\n<div class=\"kksr-icon\" style=\"width: 22px; height: 22px;\"><\/div>\n        <\/div>\n            <div class=\"kksr-star\" data-star=\"2\" style=\"padding-right: 5px\">\n            \n\n<div class=\"kksr-icon\" style=\"width: 22px; height: 22px;\"><\/div>\n        <\/div>\n            <div class=\"kksr-star\" data-star=\"3\" style=\"padding-right: 5px\">\n            \n\n<div class=\"kksr-icon\" style=\"width: 22px; height: 22px;\"><\/div>\n        <\/div>\n            <div class=\"kksr-star\" data-star=\"4\" style=\"padding-right: 5px\">\n            \n\n<div class=\"kksr-icon\" style=\"width: 22px; height: 22px;\"><\/div>\n        <\/div>\n            <div class=\"kksr-star\" data-star=\"5\" style=\"padding-right: 5px\">\n            \n\n<div class=\"kksr-icon\" style=\"width: 22px; height: 22px;\"><\/div>\n        <\/div>\n    <\/div>\n    \n<div class=\"kksr-stars-active\" style=\"width: 0px;\">\n            <div class=\"kksr-star\" style=\"padding-right: 5px\">\n            \n\n<div class=\"kksr-icon\" style=\"width: 22px; height: 22px;\"><\/div>\n        <\/div>\n            <div class=\"kksr-star\" style=\"padding-right: 5px\">\n            \n\n<div class=\"kksr-icon\" style=\"width: 22px; height: 22px;\"><\/div>\n        <\/div>\n            <div class=\"kksr-star\" style=\"padding-right: 5px\">\n            \n\n<div class=\"kksr-icon\" style=\"width: 22px; height: 22px;\"><\/div>\n        <\/div>\n            <div class=\"kksr-star\" style=\"padding-right: 5px\">\n            \n\n<div class=\"kksr-icon\" style=\"width: 22px; height: 22px;\"><\/div>\n        <\/div>\n            <div class=\"kksr-star\" style=\"padding-right: 5px\">\n            \n\n<div class=\"kksr-icon\" style=\"width: 22px; height: 22px;\"><\/div>\n        <\/div>\n    <\/div>\n<\/div>\n                \n\n<div class=\"kksr-legend\" style=\"font-size: 17.6px;\">\n            <span class=\"kksr-muted\">Valora este post<\/span>\n    <\/div>\n    <\/div>\n","protected":false},"excerpt":{"rendered":"<p>Declaraciones de Starmer ante el incidente mar\u00edtimo: &#8220;La situaci\u00f3n est\u00e1 bajo control moderado&#8221; El l\u00edder del Partido Laborista, Keir Starmer, se pronunci\u00f3 recientemente sobre el reciente &#8230; <a title=\"Starmer y el choque naval: &#8220;La situaci\u00f3n bajo control&#8221; \u00a1Descubre m\u00e1s detalles!\" class=\"read-more\" href=\"https:\/\/www.diario21.tv\/noticias\/starmer-y-el-choque-naval-la-situacion-bajo-control-descubre-mas-detalles\/\" aria-label=\"Leer m\u00e1s sobre Starmer y el choque naval: &#8220;La situaci\u00f3n bajo control&#8221; \u00a1Descubre m\u00e1s detalles!\">Seguir leyendo &rarr;<\/a><\/p>\n","protected":false},"author":20,"featured_media":2473,"comment_status":"open","ping_status":"open","sticky":false,"template":"","format":"standard","meta":{"footnotes":""},"categories":[13],"tags":[],"class_list":["post-2472","post","type-post","status-publish","format-standard","has-post-thumbnail","hentry","category-portada"],"yoast_head":"<!-- This site is optimized with the Yoast SEO plugin v25.6 - https:\/\/yoast.com\/wordpress\/plugins\/seo\/ -->\n<title>Starmer y el choque naval: &quot;La situaci\u00f3n bajo control&quot; \u00a1Descubre m\u00e1s detalles! - Diario 21<\/title>\n<meta name=\"robots\" content=\"index, follow, max-snippet:-1, max-image-preview:large, max-video-preview:-1\" \/>\n<link rel=\"canonical\" href=\"https:\/\/www.diario21.tv\/noticias\/starmer-y-el-choque-naval-la-situacion-bajo-control-descubre-mas-detalles\/\" \/>\n<meta property=\"og:locale\" content=\"es_ES\" \/>\n<meta property=\"og:type\" content=\"article\" \/>\n<meta property=\"og:title\" content=\"Starmer y el choque naval: &quot;La situaci\u00f3n bajo control&quot; \u00a1Descubre m\u00e1s detalles! - Diario 21\" \/>\n<meta property=\"og:description\" content=\"Declaraciones de Starmer ante el incidente mar\u00edtimo: &#8220;La situaci\u00f3n est\u00e1 bajo control moderado&#8221; El l\u00edder del Partido Laborista, Keir Starmer, se pronunci\u00f3 recientemente sobre el reciente ... Seguir leyendo &rarr;\" \/>\n<meta property=\"og:url\" content=\"https:\/\/www.diario21.tv\/noticias\/starmer-y-el-choque-naval-la-situacion-bajo-control-descubre-mas-detalles\/\" \/>\n<meta property=\"og:site_name\" content=\"Diario 21\" \/>\n<meta property=\"article:published_time\" content=\"2025-03-15T22:48:52+00:00\" \/>\n<meta property=\"article:modified_time\" content=\"2025-03-15T22:48:54+00:00\" \/>\n<meta property=\"og:image\" content=\"https:\/\/www.diario21.tv\/noticias\/wp-content\/uploads\/2025\/03\/Starmer-y-el-choque-naval-La-situacion-bajo-control-\u00a1Descubre.jpg\" \/>\n\t<meta property=\"og:image:width\" content=\"1920\" \/>\n\t<meta property=\"og:image:height\" content=\"1280\" \/>\n\t<meta property=\"og:image:type\" content=\"image\/jpeg\" \/>\n<meta name=\"author\" content=\"Juan P\u00e9rez\" \/>\n<meta name=\"twitter:card\" content=\"summary_large_image\" \/>\n<meta name=\"twitter:label1\" content=\"Escrito por\" \/>\n\t<meta name=\"twitter:data1\" content=\"Juan P\u00e9rez\" \/>\n\t<meta name=\"twitter:label2\" content=\"Tiempo de lectura\" \/>\n\t<meta name=\"twitter:data2\" content=\"2 minutos\" \/>\n<script type=\"application\/ld+json\" class=\"yoast-schema-graph\">{\"@context\":\"https:\/\/schema.org\",\"@graph\":[{\"@type\":\"WebPage\",\"@id\":\"https:\/\/www.diario21.tv\/noticias\/starmer-y-el-choque-naval-la-situacion-bajo-control-descubre-mas-detalles\/\",\"url\":\"https:\/\/www.diario21.tv\/noticias\/starmer-y-el-choque-naval-la-situacion-bajo-control-descubre-mas-detalles\/\",\"name\":\"Starmer y el choque naval: \\\"La situaci\u00f3n bajo control\\\" \u00a1Descubre m\u00e1s detalles! - Diario 21\",\"isPartOf\":{\"@id\":\"https:\/\/www.diario21.tv\/noticias\/#website\"},\"primaryImageOfPage\":{\"@id\":\"https:\/\/www.diario21.tv\/noticias\/starmer-y-el-choque-naval-la-situacion-bajo-control-descubre-mas-detalles\/#primaryimage\"},\"image\":{\"@id\":\"https:\/\/www.diario21.tv\/noticias\/starmer-y-el-choque-naval-la-situacion-bajo-control-descubre-mas-detalles\/#primaryimage\"},\"thumbnailUrl\":\"https:\/\/www.diario21.tv\/noticias\/wp-content\/uploads\/2025\/03\/Starmer-y-el-choque-naval-La-situacion-bajo-control-\u00a1Descubre.jpg\",\"datePublished\":\"2025-03-15T22:48:52+00:00\",\"dateModified\":\"2025-03-15T22:48:54+00:00\",\"author\":{\"@id\":\"https:\/\/www.diario21.tv\/noticias\/#\/schema\/person\/dfb778f73814d8f09f302618446a526b\"},\"breadcrumb\":{\"@id\":\"https:\/\/www.diario21.tv\/noticias\/starmer-y-el-choque-naval-la-situacion-bajo-control-descubre-mas-detalles\/#breadcrumb\"},\"inLanguage\":\"es-AR\",\"potentialAction\":[{\"@type\":\"ReadAction\",\"target\":[\"https:\/\/www.diario21.tv\/noticias\/starmer-y-el-choque-naval-la-situacion-bajo-control-descubre-mas-detalles\/\"]}]},{\"@type\":\"ImageObject\",\"inLanguage\":\"es-AR\",\"@id\":\"https:\/\/www.diario21.tv\/noticias\/starmer-y-el-choque-naval-la-situacion-bajo-control-descubre-mas-detalles\/#primaryimage\",\"url\":\"https:\/\/www.diario21.tv\/noticias\/wp-content\/uploads\/2025\/03\/Starmer-y-el-choque-naval-La-situacion-bajo-control-\u00a1Descubre.jpg\",\"contentUrl\":\"https:\/\/www.diario21.tv\/noticias\/wp-content\/uploads\/2025\/03\/Starmer-y-el-choque-naval-La-situacion-bajo-control-\u00a1Descubre.jpg\",\"width\":1920,\"height\":1280,\"caption\":\"Starmer, sobre el choque de los barcos: \u00abLa situaci\u00f3n est\u00e1 razonablemente contenida\u00bb\"},{\"@type\":\"BreadcrumbList\",\"@id\":\"https:\/\/www.diario21.tv\/noticias\/starmer-y-el-choque-naval-la-situacion-bajo-control-descubre-mas-detalles\/#breadcrumb\",\"itemListElement\":[{\"@type\":\"ListItem\",\"position\":1,\"name\":\"Accueil\",\"item\":\"https:\/\/www.diario21.tv\/noticias\/\"},{\"@type\":\"ListItem\",\"position\":2,\"name\":\"Starmer y el choque naval: &#8220;La situaci\u00f3n bajo control&#8221; \u00a1Descubre m\u00e1s detalles!\"}]},{\"@type\":\"WebSite\",\"@id\":\"https:\/\/www.diario21.tv\/noticias\/#website\",\"url\":\"https:\/\/www.diario21.tv\/noticias\/\",\"name\":\"Diario 21\",\"description\":\"\",\"potentialAction\":[{\"@type\":\"SearchAction\",\"target\":{\"@type\":\"EntryPoint\",\"urlTemplate\":\"https:\/\/www.diario21.tv\/noticias\/?s={search_term_string}\"},\"query-input\":{\"@type\":\"PropertyValueSpecification\",\"valueRequired\":true,\"valueName\":\"search_term_string\"}}],\"inLanguage\":\"es-AR\"},{\"@type\":\"Person\",\"@id\":\"https:\/\/www.diario21.tv\/noticias\/#\/schema\/person\/dfb778f73814d8f09f302618446a526b\",\"name\":\"Juan P\u00e9rez\",\"image\":{\"@type\":\"ImageObject\",\"inLanguage\":\"es-AR\",\"@id\":\"https:\/\/www.diario21.tv\/noticias\/#\/schema\/person\/image\/\",\"url\":\"https:\/\/secure.gravatar.com\/avatar\/c478a405bd10621167f4c3167cc770f5?s=96&d=mm&r=g\",\"contentUrl\":\"https:\/\/secure.gravatar.com\/avatar\/c478a405bd10621167f4c3167cc770f5?s=96&d=mm&r=g\",\"caption\":\"Juan P\u00e9rez\"},\"description\":\"Juan P\u00e9rez es el redactor en jefe de Diario 21. Con m\u00e1s de 10 a\u00f1os de experiencia en el periodismo, se especializa en pol\u00edtica nacional y an\u00e1lisis socioecon\u00f3mico. Su enfoque cr\u00edtico y riguroso aporta una perspectiva \u00fanica a cada art\u00edculo.\",\"sameAs\":[\"https:\/\/www.diario21.tv\/noticias\/\"],\"url\":\"https:\/\/www.diario21.tv\/noticias\/author\/juan-perez\/\"}]}<\/script>\n<!-- \/ Yoast SEO plugin. -->","yoast_head_json":{"title":"Starmer y el choque naval: \"La situaci\u00f3n bajo control\" \u00a1Descubre m\u00e1s detalles! - Diario 21","robots":{"index":"index","follow":"follow","max-snippet":"max-snippet:-1","max-image-preview":"max-image-preview:large","max-video-preview":"max-video-preview:-1"},"canonical":"https:\/\/www.diario21.tv\/noticias\/starmer-y-el-choque-naval-la-situacion-bajo-control-descubre-mas-detalles\/","og_locale":"es_ES","og_type":"article","og_title":"Starmer y el choque naval: \"La situaci\u00f3n bajo control\" \u00a1Descubre m\u00e1s detalles! - Diario 21","og_description":"Declaraciones de Starmer ante el incidente mar\u00edtimo: &#8220;La situaci\u00f3n est\u00e1 bajo control moderado&#8221; El l\u00edder del Partido Laborista, Keir Starmer, se pronunci\u00f3 recientemente sobre el reciente ... Seguir leyendo &rarr;","og_url":"https:\/\/www.diario21.tv\/noticias\/starmer-y-el-choque-naval-la-situacion-bajo-control-descubre-mas-detalles\/","og_site_name":"Diario 21","article_published_time":"2025-03-15T22:48:52+00:00","article_modified_time":"2025-03-15T22:48:54+00:00","og_image":[{"width":1920,"height":1280,"url":"https:\/\/www.diario21.tv\/noticias\/wp-content\/uploads\/2025\/03\/Starmer-y-el-choque-naval-La-situacion-bajo-control-\u00a1Descubre.jpg","type":"image\/jpeg"}],"author":"Juan P\u00e9rez","twitter_card":"summary_large_image","twitter_misc":{"Escrito por":"Juan P\u00e9rez","Tiempo de lectura":"2 minutos"},"schema":{"@context":"https:\/\/schema.org","@graph":[{"@type":"WebPage","@id":"https:\/\/www.diario21.tv\/noticias\/starmer-y-el-choque-naval-la-situacion-bajo-control-descubre-mas-detalles\/","url":"https:\/\/www.diario21.tv\/noticias\/starmer-y-el-choque-naval-la-situacion-bajo-control-descubre-mas-detalles\/","name":"Starmer y el choque naval: \"La situaci\u00f3n bajo control\" \u00a1Descubre m\u00e1s detalles! - Diario 21","isPartOf":{"@id":"https:\/\/www.diario21.tv\/noticias\/#website"},"primaryImageOfPage":{"@id":"https:\/\/www.diario21.tv\/noticias\/starmer-y-el-choque-naval-la-situacion-bajo-control-descubre-mas-detalles\/#primaryimage"},"image":{"@id":"https:\/\/www.diario21.tv\/noticias\/starmer-y-el-choque-naval-la-situacion-bajo-control-descubre-mas-detalles\/#primaryimage"},"thumbnailUrl":"https:\/\/www.diario21.tv\/noticias\/wp-content\/uploads\/2025\/03\/Starmer-y-el-choque-naval-La-situacion-bajo-control-\u00a1Descubre.jpg","datePublished":"2025-03-15T22:48:52+00:00","dateModified":"2025-03-15T22:48:54+00:00","author":{"@id":"https:\/\/www.diario21.tv\/noticias\/#\/schema\/person\/dfb778f73814d8f09f302618446a526b"},"breadcrumb":{"@id":"https:\/\/www.diario21.tv\/noticias\/starmer-y-el-choque-naval-la-situacion-bajo-control-descubre-mas-detalles\/#breadcrumb"},"inLanguage":"es-AR","potentialAction":[{"@type":"ReadAction","target":["https:\/\/www.diario21.tv\/noticias\/starmer-y-el-choque-naval-la-situacion-bajo-control-descubre-mas-detalles\/"]}]},{"@type":"ImageObject","inLanguage":"es-AR","@id":"https:\/\/www.diario21.tv\/noticias\/starmer-y-el-choque-naval-la-situacion-bajo-control-descubre-mas-detalles\/#primaryimage","url":"https:\/\/www.diario21.tv\/noticias\/wp-content\/uploads\/2025\/03\/Starmer-y-el-choque-naval-La-situacion-bajo-control-\u00a1Descubre.jpg","contentUrl":"https:\/\/www.diario21.tv\/noticias\/wp-content\/uploads\/2025\/03\/Starmer-y-el-choque-naval-La-situacion-bajo-control-\u00a1Descubre.jpg","width":1920,"height":1280,"caption":"Starmer, sobre el choque de los barcos: \u00abLa situaci\u00f3n est\u00e1 razonablemente contenida\u00bb"},{"@type":"BreadcrumbList","@id":"https:\/\/www.diario21.tv\/noticias\/starmer-y-el-choque-naval-la-situacion-bajo-control-descubre-mas-detalles\/#breadcrumb","itemListElement":[{"@type":"ListItem","position":1,"name":"Accueil","item":"https:\/\/www.diario21.tv\/noticias\/"},{"@type":"ListItem","position":2,"name":"Starmer y el choque naval: &#8220;La situaci\u00f3n bajo control&#8221; \u00a1Descubre m\u00e1s detalles!"}]},{"@type":"WebSite","@id":"https:\/\/www.diario21.tv\/noticias\/#website","url":"https:\/\/www.diario21.tv\/noticias\/","name":"Diario 21","description":"","potentialAction":[{"@type":"SearchAction","target":{"@type":"EntryPoint","urlTemplate":"https:\/\/www.diario21.tv\/noticias\/?s={search_term_string}"},"query-input":{"@type":"PropertyValueSpecification","valueRequired":true,"valueName":"search_term_string"}}],"inLanguage":"es-AR"},{"@type":"Person","@id":"https:\/\/www.diario21.tv\/noticias\/#\/schema\/person\/dfb778f73814d8f09f302618446a526b","name":"Juan P\u00e9rez","image":{"@type":"ImageObject","inLanguage":"es-AR","@id":"https:\/\/www.diario21.tv\/noticias\/#\/schema\/person\/image\/","url":"https:\/\/secure.gravatar.com\/avatar\/c478a405bd10621167f4c3167cc770f5?s=96&d=mm&r=g","contentUrl":"https:\/\/secure.gravatar.com\/avatar\/c478a405bd10621167f4c3167cc770f5?s=96&d=mm&r=g","caption":"Juan P\u00e9rez"},"description":"Juan P\u00e9rez es el redactor en jefe de Diario 21. Con m\u00e1s de 10 a\u00f1os de experiencia en el periodismo, se especializa en pol\u00edtica nacional y an\u00e1lisis socioecon\u00f3mico. Su enfoque cr\u00edtico y riguroso aporta una perspectiva \u00fanica a cada art\u00edculo.","sameAs":["https:\/\/www.diario21.tv\/noticias\/"],"url":"https:\/\/www.diario21.tv\/noticias\/author\/juan-perez\/"}]}},"_links":{"self":[{"href":"https:\/\/www.diario21.tv\/noticias\/wp-json\/wp\/v2\/posts\/2472"}],"collection":[{"href":"https:\/\/www.diario21.tv\/noticias\/wp-json\/wp\/v2\/posts"}],"about":[{"href":"https:\/\/www.diario21.tv\/noticias\/wp-json\/wp\/v2\/types\/post"}],"author":[{"embeddable":true,"href":"https:\/\/www.diario21.tv\/noticias\/wp-json\/wp\/v2\/users\/20"}],"replies":[{"embeddable":true,"href":"https:\/\/www.diario21.tv\/noticias\/wp-json\/wp\/v2\/comments?post=2472"}],"version-history":[{"count":1,"href":"https:\/\/www.diario21.tv\/noticias\/wp-json\/wp\/v2\/posts\/2472\/revisions"}],"predecessor-version":[{"id":2474,"href":"https:\/\/www.diario21.tv\/noticias\/wp-json\/wp\/v2\/posts\/2472\/revisions\/2474"}],"wp:featuredmedia":[{"embeddable":true,"href":"https:\/\/www.diario21.tv\/noticias\/wp-json\/wp\/v2\/media\/2473"}],"wp:attachment":[{"href":"https:\/\/www.diario21.tv\/noticias\/wp-json\/wp\/v2\/media?parent=2472"}],"wp:term":[{"taxonomy":"category","embeddable":true,"href":"https:\/\/www.diario21.tv\/noticias\/wp-json\/wp\/v2\/categories?post=2472"},{"taxonomy":"post_tag","embeddable":true,"href":"https:\/\/www.diario21.tv\/noticias\/wp-json\/wp\/v2\/tags?post=2472"}],"curies":[{"name":"wp","href":"https:\/\/api.w.org\/{rel}","templated":true}]}}