{"id":2466,"date":"2025-03-15T10:43:25","date_gmt":"2025-03-15T10:43:25","guid":{"rendered":"https:\/\/www.diario21.tv\/noticias\/mejor-que-en-2020-descubre-el-espejismo-climatico-global\/"},"modified":"2025-03-15T10:43:26","modified_gmt":"2025-03-15T10:43:26","slug":"mejor-que-en-2020-descubre-el-espejismo-climatico-global","status":"publish","type":"post","link":"https:\/\/www.diario21.tv\/noticias\/mejor-que-en-2020-descubre-el-espejismo-climatico-global\/","title":{"rendered":"\u00bfMejor que en 2020? Descubre el espejismo clim\u00e1tico global"},"content":{"rendered":"<h2>La Ilusi\u00f3n del Clima: \u00bfHa Mejorado el Mundo Desde 2020?<\/h2>\n<p>El cambio clim\u00e1tico contin\u00faa siendo una de las amenazas m\u00e1s significativas para nuestro planeta, pero la pregunta persistente es si hemos hecho alg\u00fan progreso real desde el a\u00f1o 2020. La respuesta a esta interrogante es compleja y multifac\u00e9tica, abarcando desde pol\u00edticas internacionales hasta acciones locales.<\/p>\n<h3>Avances en Pol\u00edticas Clim\u00e1ticas<\/h3>\n<p>Desde 2020, varios pa\u00edses han adoptado medidas m\u00e1s estrictas para combatir el cambio clim\u00e1tico. Compromisos renovados para reducir las emisiones de gases de efecto invernadero y la inversi\u00f3n en tecnolog\u00edas sostenibles son ejemplos claros de progreso. Sin embargo, la ejecuci\u00f3n de estas pol\u00edticas ha sido desigual en diferentes partes del mundo.<\/p>\n<h3>Innovaciones Tecnol\u00f3gicas y Energ\u00eda Renovable<\/h3>\n<p>En el frente tecnol\u00f3gico, ha habido avances significativos en la eficiencia de las energ\u00edas renovables. La solar y la e\u00f3lica, en particular, han visto reducciones de costos y mejoras en la eficiencia, lo que las hace m\u00e1s accesibles y preferibles sobre los combustibles f\u00f3siles. Adem\u00e1s, la innovaci\u00f3n en tecnolog\u00edas de captura de carbono promete un futuro en el que se pueda mitigar la cantidad de CO2 en nuestra atm\u00f3sfera.<\/p>\n<h3>Conciencia y Activismo Ambiental<\/h3>\n<p>La conciencia sobre el cambio clim\u00e1tico ha crecido exponencialmente, en parte gracias a activistas ambientales y movimientos globales que exigen acci\u00f3n urgente. El aumento en la educaci\u00f3n ambiental ha contribuido a un cambio en el comportamiento individual y en la presi\u00f3n p\u00fablica sobre las corporaciones y gobiernos para que adopten pr\u00e1cticas m\u00e1s sostenibles.<\/p>\n<h3>Desaf\u00edos Persistentes<\/h3>\n<p>A pesar de estos avances, a\u00fan enfrentamos desaf\u00edos significativos. La dependencia global de los combustibles f\u00f3siles sigue siendo alta, y las pol\u00edticas clim\u00e1ticas a menudo se ven obstaculizadas por intereses econ\u00f3micos y pol\u00edticos. Adem\u00e1s, eventos clim\u00e1ticos extremos, como huracanes, incendios forestales y olas de calor, se han vuelto m\u00e1s frecuentes y severos, subrayando la urgencia de la acci\u00f3n clim\u00e1tica.<\/p>\n<h3>El Papel de la Comunidad Internacional<\/h3>\n<p>La colaboraci\u00f3n internacional es crucial para abordar el cambio clim\u00e1tico de manera efectiva. Acuerdos como el Acuerdo de Par\u00eds han sido pasos importantes, pero su \u00e9xito depende de la implementaci\u00f3n y el cumplimiento de cada pa\u00eds. La cooperaci\u00f3n internacional debe fortalecerse para asegurar un enfoque unificado frente a esta crisis global.<\/p>\n<h2>Conclusi\u00f3n: Un Camino Hacia Adelante<\/h2>\n<p>Mientras que el mundo ha visto algunos avances desde 2020 en la lucha contra el cambio clim\u00e1tico, el camino hacia adelante a\u00fan est\u00e1 lleno de obst\u00e1culos. La clave para un futuro sostenible radica en la acci\u00f3n concertada y sostenida, tanto a nivel local como global. La tecnolog\u00eda, la pol\u00edtica y la conciencia p\u00fablica deben alinearse para crear un mundo m\u00e1s verde y habitable. Solo a trav\u00e9s de esfuerzos persistentes y cooperaci\u00f3n podemos esperar superar los desaf\u00edos del cambio clim\u00e1tico.<\/p>\n\n\n<div class=\"kk-star-ratings kksr-auto kksr-align-left kksr-valign-bottom\"\n    data-payload='{&quot;align&quot;:&quot;left&quot;,&quot;id&quot;:&quot;2466&quot;,&quot;slug&quot;:&quot;default&quot;,&quot;valign&quot;:&quot;bottom&quot;,&quot;ignore&quot;:&quot;&quot;,&quot;reference&quot;:&quot;auto&quot;,&quot;class&quot;:&quot;&quot;,&quot;count&quot;:&quot;0&quot;,&quot;legendonly&quot;:&quot;&quot;,&quot;readonly&quot;:&quot;&quot;,&quot;score&quot;:&quot;0&quot;,&quot;starsonly&quot;:&quot;&quot;,&quot;best&quot;:&quot;5&quot;,&quot;gap&quot;:&quot;5&quot;,&quot;greet&quot;:&quot;Valora este post&quot;,&quot;legend&quot;:&quot;0\\\/5 - (0 votes)&quot;,&quot;size&quot;:&quot;22&quot;,&quot;title&quot;:&quot;\u00bfMejor que en 2020? Descubre el espejismo clim\u00e1tico global&quot;,&quot;width&quot;:&quot;0&quot;,&quot;_legend&quot;:&quot;{score}\\\/{best} - ({count} {votes})&quot;,&quot;font_factor&quot;:&quot;1.25&quot;}'>\n            \n<div class=\"kksr-stars\">\n    \n<div class=\"kksr-stars-inactive\">\n            <div class=\"kksr-star\" data-star=\"1\" style=\"padding-right: 5px\">\n            \n\n<div class=\"kksr-icon\" style=\"width: 22px; height: 22px;\"><\/div>\n        <\/div>\n            <div class=\"kksr-star\" data-star=\"2\" style=\"padding-right: 5px\">\n            \n\n<div class=\"kksr-icon\" style=\"width: 22px; height: 22px;\"><\/div>\n        <\/div>\n            <div class=\"kksr-star\" data-star=\"3\" style=\"padding-right: 5px\">\n            \n\n<div class=\"kksr-icon\" style=\"width: 22px; height: 22px;\"><\/div>\n        <\/div>\n            <div class=\"kksr-star\" data-star=\"4\" style=\"padding-right: 5px\">\n            \n\n<div class=\"kksr-icon\" style=\"width: 22px; height: 22px;\"><\/div>\n        <\/div>\n            <div class=\"kksr-star\" data-star=\"5\" style=\"padding-right: 5px\">\n            \n\n<div class=\"kksr-icon\" style=\"width: 22px; height: 22px;\"><\/div>\n        <\/div>\n    <\/div>\n    \n<div class=\"kksr-stars-active\" style=\"width: 0px;\">\n            <div class=\"kksr-star\" style=\"padding-right: 5px\">\n            \n\n<div class=\"kksr-icon\" style=\"width: 22px; height: 22px;\"><\/div>\n        <\/div>\n            <div class=\"kksr-star\" style=\"padding-right: 5px\">\n            \n\n<div class=\"kksr-icon\" style=\"width: 22px; height: 22px;\"><\/div>\n        <\/div>\n            <div class=\"kksr-star\" style=\"padding-right: 5px\">\n            \n\n<div class=\"kksr-icon\" style=\"width: 22px; height: 22px;\"><\/div>\n        <\/div>\n            <div class=\"kksr-star\" style=\"padding-right: 5px\">\n            \n\n<div class=\"kksr-icon\" style=\"width: 22px; height: 22px;\"><\/div>\n        <\/div>\n            <div class=\"kksr-star\" style=\"padding-right: 5px\">\n            \n\n<div class=\"kksr-icon\" style=\"width: 22px; height: 22px;\"><\/div>\n        <\/div>\n    <\/div>\n<\/div>\n                \n\n<div class=\"kksr-legend\" style=\"font-size: 17.6px;\">\n            <span class=\"kksr-muted\">Valora este post<\/span>\n    <\/div>\n    <\/div>\n","protected":false},"excerpt":{"rendered":"<p>La Ilusi\u00f3n del Clima: \u00bfHa Mejorado el Mundo Desde 2020? El cambio clim\u00e1tico contin\u00faa siendo una de las amenazas m\u00e1s significativas para nuestro planeta, pero la &#8230; <a title=\"\u00bfMejor que en 2020? Descubre el espejismo clim\u00e1tico global\" class=\"read-more\" href=\"https:\/\/www.diario21.tv\/noticias\/mejor-que-en-2020-descubre-el-espejismo-climatico-global\/\" aria-label=\"Leer m\u00e1s sobre \u00bfMejor que en 2020? Descubre el espejismo clim\u00e1tico global\">Seguir leyendo &rarr;<\/a><\/p>\n","protected":false},"author":20,"featured_media":2467,"comment_status":"open","ping_status":"open","sticky":false,"template":"","format":"standard","meta":{"footnotes":""},"categories":[13],"tags":[],"class_list":["post-2466","post","type-post","status-publish","format-standard","has-post-thumbnail","hentry","category-portada"],"yoast_head":"<!-- This site is optimized with the Yoast SEO plugin v25.6 - https:\/\/yoast.com\/wordpress\/plugins\/seo\/ -->\n<title>\u00bfMejor que en 2020? Descubre el espejismo clim\u00e1tico global - Diario 21<\/title>\n<meta name=\"robots\" content=\"index, follow, max-snippet:-1, max-image-preview:large, max-video-preview:-1\" \/>\n<link rel=\"canonical\" href=\"https:\/\/www.diario21.tv\/noticias\/mejor-que-en-2020-descubre-el-espejismo-climatico-global\/\" \/>\n<meta property=\"og:locale\" content=\"es_ES\" \/>\n<meta property=\"og:type\" content=\"article\" \/>\n<meta property=\"og:title\" content=\"\u00bfMejor que en 2020? Descubre el espejismo clim\u00e1tico global - Diario 21\" \/>\n<meta property=\"og:description\" content=\"La Ilusi\u00f3n del Clima: \u00bfHa Mejorado el Mundo Desde 2020? El cambio clim\u00e1tico contin\u00faa siendo una de las amenazas m\u00e1s significativas para nuestro planeta, pero la ... Seguir leyendo &rarr;\" \/>\n<meta property=\"og:url\" content=\"https:\/\/www.diario21.tv\/noticias\/mejor-que-en-2020-descubre-el-espejismo-climatico-global\/\" \/>\n<meta property=\"og:site_name\" content=\"Diario 21\" \/>\n<meta property=\"article:published_time\" content=\"2025-03-15T10:43:25+00:00\" \/>\n<meta property=\"article:modified_time\" content=\"2025-03-15T10:43:26+00:00\" \/>\n<meta property=\"og:image\" content=\"https:\/\/www.diario21.tv\/noticias\/wp-content\/uploads\/2025\/03\/\u00bfMejor-que-en-2020-Descubre-el-espejismo-climatico-global.jpg\" \/>\n\t<meta property=\"og:image:width\" content=\"1200\" \/>\n\t<meta property=\"og:image:height\" content=\"672\" \/>\n\t<meta property=\"og:image:type\" content=\"image\/jpeg\" \/>\n<meta name=\"author\" content=\"Juan P\u00e9rez\" \/>\n<meta name=\"twitter:card\" content=\"summary_large_image\" \/>\n<meta name=\"twitter:label1\" content=\"Escrito por\" \/>\n\t<meta name=\"twitter:data1\" content=\"Juan P\u00e9rez\" \/>\n\t<meta name=\"twitter:label2\" content=\"Tiempo de lectura\" \/>\n\t<meta name=\"twitter:data2\" content=\"3 minutos\" \/>\n<script type=\"application\/ld+json\" class=\"yoast-schema-graph\">{\"@context\":\"https:\/\/schema.org\",\"@graph\":[{\"@type\":\"WebPage\",\"@id\":\"https:\/\/www.diario21.tv\/noticias\/mejor-que-en-2020-descubre-el-espejismo-climatico-global\/\",\"url\":\"https:\/\/www.diario21.tv\/noticias\/mejor-que-en-2020-descubre-el-espejismo-climatico-global\/\",\"name\":\"\u00bfMejor que en 2020? Descubre el espejismo clim\u00e1tico global - Diario 21\",\"isPartOf\":{\"@id\":\"https:\/\/www.diario21.tv\/noticias\/#website\"},\"primaryImageOfPage\":{\"@id\":\"https:\/\/www.diario21.tv\/noticias\/mejor-que-en-2020-descubre-el-espejismo-climatico-global\/#primaryimage\"},\"image\":{\"@id\":\"https:\/\/www.diario21.tv\/noticias\/mejor-que-en-2020-descubre-el-espejismo-climatico-global\/#primaryimage\"},\"thumbnailUrl\":\"https:\/\/www.diario21.tv\/noticias\/wp-content\/uploads\/2025\/03\/\u00bfMejor-que-en-2020-Descubre-el-espejismo-climatico-global.jpg\",\"datePublished\":\"2025-03-15T10:43:25+00:00\",\"dateModified\":\"2025-03-15T10:43:26+00:00\",\"author\":{\"@id\":\"https:\/\/www.diario21.tv\/noticias\/#\/schema\/person\/dfb778f73814d8f09f302618446a526b\"},\"breadcrumb\":{\"@id\":\"https:\/\/www.diario21.tv\/noticias\/mejor-que-en-2020-descubre-el-espejismo-climatico-global\/#breadcrumb\"},\"inLanguage\":\"es-AR\",\"potentialAction\":[{\"@type\":\"ReadAction\",\"target\":[\"https:\/\/www.diario21.tv\/noticias\/mejor-que-en-2020-descubre-el-espejismo-climatico-global\/\"]}]},{\"@type\":\"ImageObject\",\"inLanguage\":\"es-AR\",\"@id\":\"https:\/\/www.diario21.tv\/noticias\/mejor-que-en-2020-descubre-el-espejismo-climatico-global\/#primaryimage\",\"url\":\"https:\/\/www.diario21.tv\/noticias\/wp-content\/uploads\/2025\/03\/\u00bfMejor-que-en-2020-Descubre-el-espejismo-climatico-global.jpg\",\"contentUrl\":\"https:\/\/www.diario21.tv\/noticias\/wp-content\/uploads\/2025\/03\/\u00bfMejor-que-en-2020-Descubre-el-espejismo-climatico-global.jpg\",\"width\":1200,\"height\":672,\"caption\":\"El espejismo clim\u00e1tico: \u00bfel mundo es ahora mejor que en 2020?\"},{\"@type\":\"BreadcrumbList\",\"@id\":\"https:\/\/www.diario21.tv\/noticias\/mejor-que-en-2020-descubre-el-espejismo-climatico-global\/#breadcrumb\",\"itemListElement\":[{\"@type\":\"ListItem\",\"position\":1,\"name\":\"Accueil\",\"item\":\"https:\/\/www.diario21.tv\/noticias\/\"},{\"@type\":\"ListItem\",\"position\":2,\"name\":\"\u00bfMejor que en 2020? Descubre el espejismo clim\u00e1tico global\"}]},{\"@type\":\"WebSite\",\"@id\":\"https:\/\/www.diario21.tv\/noticias\/#website\",\"url\":\"https:\/\/www.diario21.tv\/noticias\/\",\"name\":\"Diario 21\",\"description\":\"\",\"potentialAction\":[{\"@type\":\"SearchAction\",\"target\":{\"@type\":\"EntryPoint\",\"urlTemplate\":\"https:\/\/www.diario21.tv\/noticias\/?s={search_term_string}\"},\"query-input\":{\"@type\":\"PropertyValueSpecification\",\"valueRequired\":true,\"valueName\":\"search_term_string\"}}],\"inLanguage\":\"es-AR\"},{\"@type\":\"Person\",\"@id\":\"https:\/\/www.diario21.tv\/noticias\/#\/schema\/person\/dfb778f73814d8f09f302618446a526b\",\"name\":\"Juan P\u00e9rez\",\"image\":{\"@type\":\"ImageObject\",\"inLanguage\":\"es-AR\",\"@id\":\"https:\/\/www.diario21.tv\/noticias\/#\/schema\/person\/image\/\",\"url\":\"https:\/\/secure.gravatar.com\/avatar\/c478a405bd10621167f4c3167cc770f5?s=96&d=mm&r=g\",\"contentUrl\":\"https:\/\/secure.gravatar.com\/avatar\/c478a405bd10621167f4c3167cc770f5?s=96&d=mm&r=g\",\"caption\":\"Juan P\u00e9rez\"},\"description\":\"Juan P\u00e9rez es el redactor en jefe de Diario 21. Con m\u00e1s de 10 a\u00f1os de experiencia en el periodismo, se especializa en pol\u00edtica nacional y an\u00e1lisis socioecon\u00f3mico. Su enfoque cr\u00edtico y riguroso aporta una perspectiva \u00fanica a cada art\u00edculo.\",\"sameAs\":[\"https:\/\/www.diario21.tv\/noticias\/\"],\"url\":\"https:\/\/www.diario21.tv\/noticias\/author\/juan-perez\/\"}]}<\/script>\n<!-- \/ Yoast SEO plugin. -->","yoast_head_json":{"title":"\u00bfMejor que en 2020? Descubre el espejismo clim\u00e1tico global - Diario 21","robots":{"index":"index","follow":"follow","max-snippet":"max-snippet:-1","max-image-preview":"max-image-preview:large","max-video-preview":"max-video-preview:-1"},"canonical":"https:\/\/www.diario21.tv\/noticias\/mejor-que-en-2020-descubre-el-espejismo-climatico-global\/","og_locale":"es_ES","og_type":"article","og_title":"\u00bfMejor que en 2020? Descubre el espejismo clim\u00e1tico global - Diario 21","og_description":"La Ilusi\u00f3n del Clima: \u00bfHa Mejorado el Mundo Desde 2020? El cambio clim\u00e1tico contin\u00faa siendo una de las amenazas m\u00e1s significativas para nuestro planeta, pero la ... Seguir leyendo &rarr;","og_url":"https:\/\/www.diario21.tv\/noticias\/mejor-que-en-2020-descubre-el-espejismo-climatico-global\/","og_site_name":"Diario 21","article_published_time":"2025-03-15T10:43:25+00:00","article_modified_time":"2025-03-15T10:43:26+00:00","og_image":[{"width":1200,"height":672,"url":"https:\/\/www.diario21.tv\/noticias\/wp-content\/uploads\/2025\/03\/\u00bfMejor-que-en-2020-Descubre-el-espejismo-climatico-global.jpg","type":"image\/jpeg"}],"author":"Juan P\u00e9rez","twitter_card":"summary_large_image","twitter_misc":{"Escrito por":"Juan P\u00e9rez","Tiempo de lectura":"3 minutos"},"schema":{"@context":"https:\/\/schema.org","@graph":[{"@type":"WebPage","@id":"https:\/\/www.diario21.tv\/noticias\/mejor-que-en-2020-descubre-el-espejismo-climatico-global\/","url":"https:\/\/www.diario21.tv\/noticias\/mejor-que-en-2020-descubre-el-espejismo-climatico-global\/","name":"\u00bfMejor que en 2020? Descubre el espejismo clim\u00e1tico global - Diario 21","isPartOf":{"@id":"https:\/\/www.diario21.tv\/noticias\/#website"},"primaryImageOfPage":{"@id":"https:\/\/www.diario21.tv\/noticias\/mejor-que-en-2020-descubre-el-espejismo-climatico-global\/#primaryimage"},"image":{"@id":"https:\/\/www.diario21.tv\/noticias\/mejor-que-en-2020-descubre-el-espejismo-climatico-global\/#primaryimage"},"thumbnailUrl":"https:\/\/www.diario21.tv\/noticias\/wp-content\/uploads\/2025\/03\/\u00bfMejor-que-en-2020-Descubre-el-espejismo-climatico-global.jpg","datePublished":"2025-03-15T10:43:25+00:00","dateModified":"2025-03-15T10:43:26+00:00","author":{"@id":"https:\/\/www.diario21.tv\/noticias\/#\/schema\/person\/dfb778f73814d8f09f302618446a526b"},"breadcrumb":{"@id":"https:\/\/www.diario21.tv\/noticias\/mejor-que-en-2020-descubre-el-espejismo-climatico-global\/#breadcrumb"},"inLanguage":"es-AR","potentialAction":[{"@type":"ReadAction","target":["https:\/\/www.diario21.tv\/noticias\/mejor-que-en-2020-descubre-el-espejismo-climatico-global\/"]}]},{"@type":"ImageObject","inLanguage":"es-AR","@id":"https:\/\/www.diario21.tv\/noticias\/mejor-que-en-2020-descubre-el-espejismo-climatico-global\/#primaryimage","url":"https:\/\/www.diario21.tv\/noticias\/wp-content\/uploads\/2025\/03\/\u00bfMejor-que-en-2020-Descubre-el-espejismo-climatico-global.jpg","contentUrl":"https:\/\/www.diario21.tv\/noticias\/wp-content\/uploads\/2025\/03\/\u00bfMejor-que-en-2020-Descubre-el-espejismo-climatico-global.jpg","width":1200,"height":672,"caption":"El espejismo clim\u00e1tico: \u00bfel mundo es ahora mejor que en 2020?"},{"@type":"BreadcrumbList","@id":"https:\/\/www.diario21.tv\/noticias\/mejor-que-en-2020-descubre-el-espejismo-climatico-global\/#breadcrumb","itemListElement":[{"@type":"ListItem","position":1,"name":"Accueil","item":"https:\/\/www.diario21.tv\/noticias\/"},{"@type":"ListItem","position":2,"name":"\u00bfMejor que en 2020? Descubre el espejismo clim\u00e1tico global"}]},{"@type":"WebSite","@id":"https:\/\/www.diario21.tv\/noticias\/#website","url":"https:\/\/www.diario21.tv\/noticias\/","name":"Diario 21","description":"","potentialAction":[{"@type":"SearchAction","target":{"@type":"EntryPoint","urlTemplate":"https:\/\/www.diario21.tv\/noticias\/?s={search_term_string}"},"query-input":{"@type":"PropertyValueSpecification","valueRequired":true,"valueName":"search_term_string"}}],"inLanguage":"es-AR"},{"@type":"Person","@id":"https:\/\/www.diario21.tv\/noticias\/#\/schema\/person\/dfb778f73814d8f09f302618446a526b","name":"Juan P\u00e9rez","image":{"@type":"ImageObject","inLanguage":"es-AR","@id":"https:\/\/www.diario21.tv\/noticias\/#\/schema\/person\/image\/","url":"https:\/\/secure.gravatar.com\/avatar\/c478a405bd10621167f4c3167cc770f5?s=96&d=mm&r=g","contentUrl":"https:\/\/secure.gravatar.com\/avatar\/c478a405bd10621167f4c3167cc770f5?s=96&d=mm&r=g","caption":"Juan P\u00e9rez"},"description":"Juan P\u00e9rez es el redactor en jefe de Diario 21. Con m\u00e1s de 10 a\u00f1os de experiencia en el periodismo, se especializa en pol\u00edtica nacional y an\u00e1lisis socioecon\u00f3mico. Su enfoque cr\u00edtico y riguroso aporta una perspectiva \u00fanica a cada art\u00edculo.","sameAs":["https:\/\/www.diario21.tv\/noticias\/"],"url":"https:\/\/www.diario21.tv\/noticias\/author\/juan-perez\/"}]}},"_links":{"self":[{"href":"https:\/\/www.diario21.tv\/noticias\/wp-json\/wp\/v2\/posts\/2466"}],"collection":[{"href":"https:\/\/www.diario21.tv\/noticias\/wp-json\/wp\/v2\/posts"}],"about":[{"href":"https:\/\/www.diario21.tv\/noticias\/wp-json\/wp\/v2\/types\/post"}],"author":[{"embeddable":true,"href":"https:\/\/www.diario21.tv\/noticias\/wp-json\/wp\/v2\/users\/20"}],"replies":[{"embeddable":true,"href":"https:\/\/www.diario21.tv\/noticias\/wp-json\/wp\/v2\/comments?post=2466"}],"version-history":[{"count":1,"href":"https:\/\/www.diario21.tv\/noticias\/wp-json\/wp\/v2\/posts\/2466\/revisions"}],"predecessor-version":[{"id":2468,"href":"https:\/\/www.diario21.tv\/noticias\/wp-json\/wp\/v2\/posts\/2466\/revisions\/2468"}],"wp:featuredmedia":[{"embeddable":true,"href":"https:\/\/www.diario21.tv\/noticias\/wp-json\/wp\/v2\/media\/2467"}],"wp:attachment":[{"href":"https:\/\/www.diario21.tv\/noticias\/wp-json\/wp\/v2\/media?parent=2466"}],"wp:term":[{"taxonomy":"category","embeddable":true,"href":"https:\/\/www.diario21.tv\/noticias\/wp-json\/wp\/v2\/categories?post=2466"},{"taxonomy":"post_tag","embeddable":true,"href":"https:\/\/www.diario21.tv\/noticias\/wp-json\/wp\/v2\/tags?post=2466"}],"curies":[{"name":"wp","href":"https:\/\/api.w.org\/{rel}","templated":true}]}}