{"id":2460,"date":"2025-03-14T22:37:45","date_gmt":"2025-03-14T22:37:45","guid":{"rendered":"https:\/\/www.diario21.tv\/noticias\/capturado-segundo-fugitivo-de-picassent-arrestado-en-operativo-contra-banda-de-atracadores\/"},"modified":"2025-03-14T22:37:46","modified_gmt":"2025-03-14T22:37:46","slug":"capturado-segundo-fugitivo-de-picassent-arrestado-en-operativo-contra-banda-de-atracadores","status":"publish","type":"post","link":"https:\/\/www.diario21.tv\/noticias\/capturado-segundo-fugitivo-de-picassent-arrestado-en-operativo-contra-banda-de-atracadores\/","title":{"rendered":"\u00a1Capturado! Segundo fugitivo de Picassent arrestado en operativo contra banda de atracadores"},"content":{"rendered":"<h2>La Captura del Fugitivo de Picassent por la Guardia Civil<\/h2>\n<p>En un reciente operativo, la Guardia Civil ha logrado detener al segundo de los presos que se hab\u00eda fugado de la prisi\u00f3n de Picassent. Este individuo era buscado como parte de una investigaci\u00f3n m\u00e1s amplia que apuntaba a desarticular una organizaci\u00f3n criminal dedicada al robo.<\/p>\n<h3>Detalles de la Operaci\u00f3n<\/h3>\n<p>El arresto se produjo tras una meticulosa operaci\u00f3n que ten\u00eda como objetivo principal a una banda de atracadores que hab\u00eda estado operando en la regi\u00f3n. El fugitivo, cuya identidad no ha sido revelada, hab\u00eda escapado de la c\u00e1rcel de Picassent hace algunas semanas, lo cual hab\u00eda desencadenado una intensa b\u00fasqueda por parte de las autoridades.<\/p>\n<p>La Guardia Civil, en colaboraci\u00f3n con otros cuerpos de seguridad, implement\u00f3 un operativo que culmin\u00f3 con la localizaci\u00f3n y arresto del fugado en un escondite donde al parecer se reun\u00eda con otros miembros de la banda. Durante la operaci\u00f3n, se logr\u00f3 detener a varios integrantes del grupo delictivo, y se incautaron diversos elementos que se presume son pruebas de las actividades il\u00edcitas.<\/p>\n<h3>Impacto de la Detenci\u00f3n<\/h3>\n<p>La captura de este individuo no s\u00f3lo representa un triunfo en t\u00e9rminos de la seguridad p\u00fablica, sino que tambi\u00e9n es un paso crucial en la lucha contra el crimen organizado en la regi\u00f3n. La desarticulaci\u00f3n de esta banda de atracadores podr\u00eda significar una disminuci\u00f3n notable en los actos delictivos, especialmente los robos y asaltos que han afectado a la comunidad.<\/p>\n<p>Esta operaci\u00f3n demuestra la eficacia y la coordinaci\u00f3n entre las diferentes fuerzas de seguridad del Estado, reafirmando el compromiso de la Guardia Civil con la protecci\u00f3n de los ciudadanos y el mantenimiento del orden p\u00fablico.<\/p>\n<p>Con el reingreso a prisi\u00f3n de este fugitivo, las autoridades esperan obtener informaci\u00f3n valiosa que podr\u00eda llevar a futuras detenciones y, posiblemente, evitar m\u00e1s delitos. Adem\u00e1s, se env\u00eda un mensaje claro a aquellos que intenten escapar de la justicia, demostrando que la ley tiene un largo alcance.<\/p>\n<h3>Contin\u00faa la Investigaci\u00f3n<\/h3>\n<p>Aunque esta operaci\u00f3n ha sido un \u00e9xito, la investigaci\u00f3n contin\u00faa. Las autoridades est\u00e1n ahora centradas en seguir desmantelando cualquier remanente de la red criminal y en asegurarse de que todos los involucrados sean llevados ante la justicia.<\/p>\n<p>Este caso sigue en desarrollo, y se espera que en las pr\u00f3ximas semanas se pueda dar m\u00e1s informaci\u00f3n sobre el progreso de esta importante lucha contra el crimen organizado. La comunidad espera que estos esfuerzos resulten en una mayor tranquilidad y seguridad para todos los ciudadanos.<\/p>\n\n\n<div class=\"kk-star-ratings kksr-auto kksr-align-left kksr-valign-bottom\"\n    data-payload='{&quot;align&quot;:&quot;left&quot;,&quot;id&quot;:&quot;2460&quot;,&quot;slug&quot;:&quot;default&quot;,&quot;valign&quot;:&quot;bottom&quot;,&quot;ignore&quot;:&quot;&quot;,&quot;reference&quot;:&quot;auto&quot;,&quot;class&quot;:&quot;&quot;,&quot;count&quot;:&quot;0&quot;,&quot;legendonly&quot;:&quot;&quot;,&quot;readonly&quot;:&quot;&quot;,&quot;score&quot;:&quot;0&quot;,&quot;starsonly&quot;:&quot;&quot;,&quot;best&quot;:&quot;5&quot;,&quot;gap&quot;:&quot;5&quot;,&quot;greet&quot;:&quot;Valora este post&quot;,&quot;legend&quot;:&quot;0\\\/5 - (0 votes)&quot;,&quot;size&quot;:&quot;22&quot;,&quot;title&quot;:&quot;\u00a1Capturado! Segundo fugitivo de Picassent arrestado en operativo contra banda de atracadores&quot;,&quot;width&quot;:&quot;0&quot;,&quot;_legend&quot;:&quot;{score}\\\/{best} - ({count} {votes})&quot;,&quot;font_factor&quot;:&quot;1.25&quot;}'>\n            \n<div class=\"kksr-stars\">\n    \n<div class=\"kksr-stars-inactive\">\n            <div class=\"kksr-star\" data-star=\"1\" style=\"padding-right: 5px\">\n            \n\n<div class=\"kksr-icon\" style=\"width: 22px; height: 22px;\"><\/div>\n        <\/div>\n            <div class=\"kksr-star\" data-star=\"2\" style=\"padding-right: 5px\">\n            \n\n<div class=\"kksr-icon\" style=\"width: 22px; height: 22px;\"><\/div>\n        <\/div>\n            <div class=\"kksr-star\" data-star=\"3\" style=\"padding-right: 5px\">\n            \n\n<div class=\"kksr-icon\" style=\"width: 22px; height: 22px;\"><\/div>\n        <\/div>\n            <div class=\"kksr-star\" data-star=\"4\" style=\"padding-right: 5px\">\n            \n\n<div class=\"kksr-icon\" style=\"width: 22px; height: 22px;\"><\/div>\n        <\/div>\n            <div class=\"kksr-star\" data-star=\"5\" style=\"padding-right: 5px\">\n            \n\n<div class=\"kksr-icon\" style=\"width: 22px; height: 22px;\"><\/div>\n        <\/div>\n    <\/div>\n    \n<div class=\"kksr-stars-active\" style=\"width: 0px;\">\n            <div class=\"kksr-star\" style=\"padding-right: 5px\">\n            \n\n<div class=\"kksr-icon\" style=\"width: 22px; height: 22px;\"><\/div>\n        <\/div>\n            <div class=\"kksr-star\" style=\"padding-right: 5px\">\n            \n\n<div class=\"kksr-icon\" style=\"width: 22px; height: 22px;\"><\/div>\n        <\/div>\n            <div class=\"kksr-star\" style=\"padding-right: 5px\">\n            \n\n<div class=\"kksr-icon\" style=\"width: 22px; height: 22px;\"><\/div>\n        <\/div>\n            <div class=\"kksr-star\" style=\"padding-right: 5px\">\n            \n\n<div class=\"kksr-icon\" style=\"width: 22px; height: 22px;\"><\/div>\n        <\/div>\n            <div class=\"kksr-star\" style=\"padding-right: 5px\">\n            \n\n<div class=\"kksr-icon\" style=\"width: 22px; height: 22px;\"><\/div>\n        <\/div>\n    <\/div>\n<\/div>\n                \n\n<div class=\"kksr-legend\" style=\"font-size: 17.6px;\">\n            <span class=\"kksr-muted\">Valora este post<\/span>\n    <\/div>\n    <\/div>\n","protected":false},"excerpt":{"rendered":"<p>La Captura del Fugitivo de Picassent por la Guardia Civil En un reciente operativo, la Guardia Civil ha logrado detener al segundo de los presos que &#8230; <a title=\"\u00a1Capturado! Segundo fugitivo de Picassent arrestado en operativo contra banda de atracadores\" class=\"read-more\" href=\"https:\/\/www.diario21.tv\/noticias\/capturado-segundo-fugitivo-de-picassent-arrestado-en-operativo-contra-banda-de-atracadores\/\" aria-label=\"Leer m\u00e1s sobre \u00a1Capturado! Segundo fugitivo de Picassent arrestado en operativo contra banda de atracadores\">Seguir leyendo &rarr;<\/a><\/p>\n","protected":false},"author":20,"featured_media":2461,"comment_status":"open","ping_status":"open","sticky":false,"template":"","format":"standard","meta":{"footnotes":""},"categories":[13],"tags":[],"class_list":["post-2460","post","type-post","status-publish","format-standard","has-post-thumbnail","hentry","category-portada"],"yoast_head":"<!-- This site is optimized with the Yoast SEO plugin v25.6 - https:\/\/yoast.com\/wordpress\/plugins\/seo\/ -->\n<title>\u00a1Capturado! Segundo fugitivo de Picassent arrestado en operativo contra banda de atracadores - Diario 21<\/title>\n<meta name=\"robots\" content=\"index, follow, max-snippet:-1, max-image-preview:large, max-video-preview:-1\" \/>\n<link rel=\"canonical\" href=\"https:\/\/www.diario21.tv\/noticias\/capturado-segundo-fugitivo-de-picassent-arrestado-en-operativo-contra-banda-de-atracadores\/\" \/>\n<meta property=\"og:locale\" content=\"es_ES\" \/>\n<meta property=\"og:type\" content=\"article\" \/>\n<meta property=\"og:title\" content=\"\u00a1Capturado! Segundo fugitivo de Picassent arrestado en operativo contra banda de atracadores - Diario 21\" \/>\n<meta property=\"og:description\" content=\"La Captura del Fugitivo de Picassent por la Guardia Civil En un reciente operativo, la Guardia Civil ha logrado detener al segundo de los presos que ... Seguir leyendo &rarr;\" \/>\n<meta property=\"og:url\" content=\"https:\/\/www.diario21.tv\/noticias\/capturado-segundo-fugitivo-de-picassent-arrestado-en-operativo-contra-banda-de-atracadores\/\" \/>\n<meta property=\"og:site_name\" content=\"Diario 21\" \/>\n<meta property=\"article:published_time\" content=\"2025-03-14T22:37:45+00:00\" \/>\n<meta property=\"article:modified_time\" content=\"2025-03-14T22:37:46+00:00\" \/>\n<meta property=\"og:image\" content=\"https:\/\/www.diario21.tv\/noticias\/wp-content\/uploads\/2025\/03\/\u00a1Capturado-Segundo-fugitivo-de-Picassent-arrestado-en-operativo-contra-banda.jpg\" \/>\n\t<meta property=\"og:image:width\" content=\"1920\" \/>\n\t<meta property=\"og:image:height\" content=\"1144\" \/>\n\t<meta property=\"og:image:type\" content=\"image\/jpeg\" \/>\n<meta name=\"author\" content=\"Juan P\u00e9rez\" \/>\n<meta name=\"twitter:card\" content=\"summary_large_image\" \/>\n<meta name=\"twitter:label1\" content=\"Escrito por\" \/>\n\t<meta name=\"twitter:data1\" content=\"Juan P\u00e9rez\" \/>\n\t<meta name=\"twitter:label2\" content=\"Tiempo de lectura\" \/>\n\t<meta name=\"twitter:data2\" content=\"2 minutos\" \/>\n<script type=\"application\/ld+json\" class=\"yoast-schema-graph\">{\"@context\":\"https:\/\/schema.org\",\"@graph\":[{\"@type\":\"WebPage\",\"@id\":\"https:\/\/www.diario21.tv\/noticias\/capturado-segundo-fugitivo-de-picassent-arrestado-en-operativo-contra-banda-de-atracadores\/\",\"url\":\"https:\/\/www.diario21.tv\/noticias\/capturado-segundo-fugitivo-de-picassent-arrestado-en-operativo-contra-banda-de-atracadores\/\",\"name\":\"\u00a1Capturado! Segundo fugitivo de Picassent arrestado en operativo contra banda de atracadores - Diario 21\",\"isPartOf\":{\"@id\":\"https:\/\/www.diario21.tv\/noticias\/#website\"},\"primaryImageOfPage\":{\"@id\":\"https:\/\/www.diario21.tv\/noticias\/capturado-segundo-fugitivo-de-picassent-arrestado-en-operativo-contra-banda-de-atracadores\/#primaryimage\"},\"image\":{\"@id\":\"https:\/\/www.diario21.tv\/noticias\/capturado-segundo-fugitivo-de-picassent-arrestado-en-operativo-contra-banda-de-atracadores\/#primaryimage\"},\"thumbnailUrl\":\"https:\/\/www.diario21.tv\/noticias\/wp-content\/uploads\/2025\/03\/\u00a1Capturado-Segundo-fugitivo-de-Picassent-arrestado-en-operativo-contra-banda.jpg\",\"datePublished\":\"2025-03-14T22:37:45+00:00\",\"dateModified\":\"2025-03-14T22:37:46+00:00\",\"author\":{\"@id\":\"https:\/\/www.diario21.tv\/noticias\/#\/schema\/person\/dfb778f73814d8f09f302618446a526b\"},\"breadcrumb\":{\"@id\":\"https:\/\/www.diario21.tv\/noticias\/capturado-segundo-fugitivo-de-picassent-arrestado-en-operativo-contra-banda-de-atracadores\/#breadcrumb\"},\"inLanguage\":\"es-AR\",\"potentialAction\":[{\"@type\":\"ReadAction\",\"target\":[\"https:\/\/www.diario21.tv\/noticias\/capturado-segundo-fugitivo-de-picassent-arrestado-en-operativo-contra-banda-de-atracadores\/\"]}]},{\"@type\":\"ImageObject\",\"inLanguage\":\"es-AR\",\"@id\":\"https:\/\/www.diario21.tv\/noticias\/capturado-segundo-fugitivo-de-picassent-arrestado-en-operativo-contra-banda-de-atracadores\/#primaryimage\",\"url\":\"https:\/\/www.diario21.tv\/noticias\/wp-content\/uploads\/2025\/03\/\u00a1Capturado-Segundo-fugitivo-de-Picassent-arrestado-en-operativo-contra-banda.jpg\",\"contentUrl\":\"https:\/\/www.diario21.tv\/noticias\/wp-content\/uploads\/2025\/03\/\u00a1Capturado-Segundo-fugitivo-de-Picassent-arrestado-en-operativo-contra-banda.jpg\",\"width\":1920,\"height\":1144,\"caption\":\"La Guardia Civil detiene al segundo preso fugado de Picassent durante una operaci\u00f3n contra una banda de atracadores\"},{\"@type\":\"BreadcrumbList\",\"@id\":\"https:\/\/www.diario21.tv\/noticias\/capturado-segundo-fugitivo-de-picassent-arrestado-en-operativo-contra-banda-de-atracadores\/#breadcrumb\",\"itemListElement\":[{\"@type\":\"ListItem\",\"position\":1,\"name\":\"Accueil\",\"item\":\"https:\/\/www.diario21.tv\/noticias\/\"},{\"@type\":\"ListItem\",\"position\":2,\"name\":\"\u00a1Capturado! Segundo fugitivo de Picassent arrestado en operativo contra banda de atracadores\"}]},{\"@type\":\"WebSite\",\"@id\":\"https:\/\/www.diario21.tv\/noticias\/#website\",\"url\":\"https:\/\/www.diario21.tv\/noticias\/\",\"name\":\"Diario 21\",\"description\":\"\",\"potentialAction\":[{\"@type\":\"SearchAction\",\"target\":{\"@type\":\"EntryPoint\",\"urlTemplate\":\"https:\/\/www.diario21.tv\/noticias\/?s={search_term_string}\"},\"query-input\":{\"@type\":\"PropertyValueSpecification\",\"valueRequired\":true,\"valueName\":\"search_term_string\"}}],\"inLanguage\":\"es-AR\"},{\"@type\":\"Person\",\"@id\":\"https:\/\/www.diario21.tv\/noticias\/#\/schema\/person\/dfb778f73814d8f09f302618446a526b\",\"name\":\"Juan P\u00e9rez\",\"image\":{\"@type\":\"ImageObject\",\"inLanguage\":\"es-AR\",\"@id\":\"https:\/\/www.diario21.tv\/noticias\/#\/schema\/person\/image\/\",\"url\":\"https:\/\/secure.gravatar.com\/avatar\/c478a405bd10621167f4c3167cc770f5?s=96&d=mm&r=g\",\"contentUrl\":\"https:\/\/secure.gravatar.com\/avatar\/c478a405bd10621167f4c3167cc770f5?s=96&d=mm&r=g\",\"caption\":\"Juan P\u00e9rez\"},\"description\":\"Juan P\u00e9rez es el redactor en jefe de Diario 21. Con m\u00e1s de 10 a\u00f1os de experiencia en el periodismo, se especializa en pol\u00edtica nacional y an\u00e1lisis socioecon\u00f3mico. Su enfoque cr\u00edtico y riguroso aporta una perspectiva \u00fanica a cada art\u00edculo.\",\"sameAs\":[\"https:\/\/www.diario21.tv\/noticias\/\"],\"url\":\"https:\/\/www.diario21.tv\/noticias\/author\/juan-perez\/\"}]}<\/script>\n<!-- \/ Yoast SEO plugin. -->","yoast_head_json":{"title":"\u00a1Capturado! Segundo fugitivo de Picassent arrestado en operativo contra banda de atracadores - Diario 21","robots":{"index":"index","follow":"follow","max-snippet":"max-snippet:-1","max-image-preview":"max-image-preview:large","max-video-preview":"max-video-preview:-1"},"canonical":"https:\/\/www.diario21.tv\/noticias\/capturado-segundo-fugitivo-de-picassent-arrestado-en-operativo-contra-banda-de-atracadores\/","og_locale":"es_ES","og_type":"article","og_title":"\u00a1Capturado! Segundo fugitivo de Picassent arrestado en operativo contra banda de atracadores - Diario 21","og_description":"La Captura del Fugitivo de Picassent por la Guardia Civil En un reciente operativo, la Guardia Civil ha logrado detener al segundo de los presos que ... Seguir leyendo &rarr;","og_url":"https:\/\/www.diario21.tv\/noticias\/capturado-segundo-fugitivo-de-picassent-arrestado-en-operativo-contra-banda-de-atracadores\/","og_site_name":"Diario 21","article_published_time":"2025-03-14T22:37:45+00:00","article_modified_time":"2025-03-14T22:37:46+00:00","og_image":[{"width":1920,"height":1144,"url":"https:\/\/www.diario21.tv\/noticias\/wp-content\/uploads\/2025\/03\/\u00a1Capturado-Segundo-fugitivo-de-Picassent-arrestado-en-operativo-contra-banda.jpg","type":"image\/jpeg"}],"author":"Juan P\u00e9rez","twitter_card":"summary_large_image","twitter_misc":{"Escrito por":"Juan P\u00e9rez","Tiempo de lectura":"2 minutos"},"schema":{"@context":"https:\/\/schema.org","@graph":[{"@type":"WebPage","@id":"https:\/\/www.diario21.tv\/noticias\/capturado-segundo-fugitivo-de-picassent-arrestado-en-operativo-contra-banda-de-atracadores\/","url":"https:\/\/www.diario21.tv\/noticias\/capturado-segundo-fugitivo-de-picassent-arrestado-en-operativo-contra-banda-de-atracadores\/","name":"\u00a1Capturado! Segundo fugitivo de Picassent arrestado en operativo contra banda de atracadores - Diario 21","isPartOf":{"@id":"https:\/\/www.diario21.tv\/noticias\/#website"},"primaryImageOfPage":{"@id":"https:\/\/www.diario21.tv\/noticias\/capturado-segundo-fugitivo-de-picassent-arrestado-en-operativo-contra-banda-de-atracadores\/#primaryimage"},"image":{"@id":"https:\/\/www.diario21.tv\/noticias\/capturado-segundo-fugitivo-de-picassent-arrestado-en-operativo-contra-banda-de-atracadores\/#primaryimage"},"thumbnailUrl":"https:\/\/www.diario21.tv\/noticias\/wp-content\/uploads\/2025\/03\/\u00a1Capturado-Segundo-fugitivo-de-Picassent-arrestado-en-operativo-contra-banda.jpg","datePublished":"2025-03-14T22:37:45+00:00","dateModified":"2025-03-14T22:37:46+00:00","author":{"@id":"https:\/\/www.diario21.tv\/noticias\/#\/schema\/person\/dfb778f73814d8f09f302618446a526b"},"breadcrumb":{"@id":"https:\/\/www.diario21.tv\/noticias\/capturado-segundo-fugitivo-de-picassent-arrestado-en-operativo-contra-banda-de-atracadores\/#breadcrumb"},"inLanguage":"es-AR","potentialAction":[{"@type":"ReadAction","target":["https:\/\/www.diario21.tv\/noticias\/capturado-segundo-fugitivo-de-picassent-arrestado-en-operativo-contra-banda-de-atracadores\/"]}]},{"@type":"ImageObject","inLanguage":"es-AR","@id":"https:\/\/www.diario21.tv\/noticias\/capturado-segundo-fugitivo-de-picassent-arrestado-en-operativo-contra-banda-de-atracadores\/#primaryimage","url":"https:\/\/www.diario21.tv\/noticias\/wp-content\/uploads\/2025\/03\/\u00a1Capturado-Segundo-fugitivo-de-Picassent-arrestado-en-operativo-contra-banda.jpg","contentUrl":"https:\/\/www.diario21.tv\/noticias\/wp-content\/uploads\/2025\/03\/\u00a1Capturado-Segundo-fugitivo-de-Picassent-arrestado-en-operativo-contra-banda.jpg","width":1920,"height":1144,"caption":"La Guardia Civil detiene al segundo preso fugado de Picassent durante una operaci\u00f3n contra una banda de atracadores"},{"@type":"BreadcrumbList","@id":"https:\/\/www.diario21.tv\/noticias\/capturado-segundo-fugitivo-de-picassent-arrestado-en-operativo-contra-banda-de-atracadores\/#breadcrumb","itemListElement":[{"@type":"ListItem","position":1,"name":"Accueil","item":"https:\/\/www.diario21.tv\/noticias\/"},{"@type":"ListItem","position":2,"name":"\u00a1Capturado! Segundo fugitivo de Picassent arrestado en operativo contra banda de atracadores"}]},{"@type":"WebSite","@id":"https:\/\/www.diario21.tv\/noticias\/#website","url":"https:\/\/www.diario21.tv\/noticias\/","name":"Diario 21","description":"","potentialAction":[{"@type":"SearchAction","target":{"@type":"EntryPoint","urlTemplate":"https:\/\/www.diario21.tv\/noticias\/?s={search_term_string}"},"query-input":{"@type":"PropertyValueSpecification","valueRequired":true,"valueName":"search_term_string"}}],"inLanguage":"es-AR"},{"@type":"Person","@id":"https:\/\/www.diario21.tv\/noticias\/#\/schema\/person\/dfb778f73814d8f09f302618446a526b","name":"Juan P\u00e9rez","image":{"@type":"ImageObject","inLanguage":"es-AR","@id":"https:\/\/www.diario21.tv\/noticias\/#\/schema\/person\/image\/","url":"https:\/\/secure.gravatar.com\/avatar\/c478a405bd10621167f4c3167cc770f5?s=96&d=mm&r=g","contentUrl":"https:\/\/secure.gravatar.com\/avatar\/c478a405bd10621167f4c3167cc770f5?s=96&d=mm&r=g","caption":"Juan P\u00e9rez"},"description":"Juan P\u00e9rez es el redactor en jefe de Diario 21. Con m\u00e1s de 10 a\u00f1os de experiencia en el periodismo, se especializa en pol\u00edtica nacional y an\u00e1lisis socioecon\u00f3mico. Su enfoque cr\u00edtico y riguroso aporta una perspectiva \u00fanica a cada art\u00edculo.","sameAs":["https:\/\/www.diario21.tv\/noticias\/"],"url":"https:\/\/www.diario21.tv\/noticias\/author\/juan-perez\/"}]}},"_links":{"self":[{"href":"https:\/\/www.diario21.tv\/noticias\/wp-json\/wp\/v2\/posts\/2460"}],"collection":[{"href":"https:\/\/www.diario21.tv\/noticias\/wp-json\/wp\/v2\/posts"}],"about":[{"href":"https:\/\/www.diario21.tv\/noticias\/wp-json\/wp\/v2\/types\/post"}],"author":[{"embeddable":true,"href":"https:\/\/www.diario21.tv\/noticias\/wp-json\/wp\/v2\/users\/20"}],"replies":[{"embeddable":true,"href":"https:\/\/www.diario21.tv\/noticias\/wp-json\/wp\/v2\/comments?post=2460"}],"version-history":[{"count":1,"href":"https:\/\/www.diario21.tv\/noticias\/wp-json\/wp\/v2\/posts\/2460\/revisions"}],"predecessor-version":[{"id":2462,"href":"https:\/\/www.diario21.tv\/noticias\/wp-json\/wp\/v2\/posts\/2460\/revisions\/2462"}],"wp:featuredmedia":[{"embeddable":true,"href":"https:\/\/www.diario21.tv\/noticias\/wp-json\/wp\/v2\/media\/2461"}],"wp:attachment":[{"href":"https:\/\/www.diario21.tv\/noticias\/wp-json\/wp\/v2\/media?parent=2460"}],"wp:term":[{"taxonomy":"category","embeddable":true,"href":"https:\/\/www.diario21.tv\/noticias\/wp-json\/wp\/v2\/categories?post=2460"},{"taxonomy":"post_tag","embeddable":true,"href":"https:\/\/www.diario21.tv\/noticias\/wp-json\/wp\/v2\/tags?post=2460"}],"curies":[{"name":"wp","href":"https:\/\/api.w.org\/{rel}","templated":true}]}}