{"id":246,"date":"2024-08-31T16:00:28","date_gmt":"2024-08-31T16:00:28","guid":{"rendered":"https:\/\/www.diario21.tv\/noticias\/increible-espana-donara-el-20-de-sus-preciadas-reservas-de-vacunas-contra-la-mpox-a-africa\/"},"modified":"2024-08-31T16:00:33","modified_gmt":"2024-08-31T16:00:33","slug":"increible-espana-donara-el-20-de-sus-preciadas-reservas-de-vacunas-contra-la-mpox-a-africa","status":"publish","type":"post","link":"https:\/\/www.diario21.tv\/noticias\/increible-espana-donara-el-20-de-sus-preciadas-reservas-de-vacunas-contra-la-mpox-a-africa\/","title":{"rendered":"\u00a1Incre\u00edble! Espa\u00f1a donar\u00e1 el 20% de sus preciadas reservas de vacunas contra la mpox a \u00c1frica"},"content":{"rendered":"<h2> Espa\u00f1a contribuir\u00e1 con el 20% de sus reservas de vacunas para la viruela a \u00c1frica <\/h2>\n<p>Espa\u00f1a ha decidido donar el 20% de sus existencias de vacunas contra la viruela a \u00c1frica. Este generoso gesto es un esfuerzo por aliviar la crisis sanitaria en este continente, donde la viruela sigue siendo un grave problema de salud p\u00fablica.<\/p>\n<h3> Un gesto solidario de Espa\u00f1a <\/h3>\n<p>La decisi\u00f3n de Espa\u00f1a de donar una quinta parte de sus reservas de vacunas contra la viruela es una clara muestra de solidaridad global. El pa\u00eds est\u00e1 comprometido con la lucha internacional contra las enfermedades infecciosas y reconoce la necesidad urgente de apoyar a las regiones m\u00e1s vulnerables del mundo.<\/p>\n<h3> \u00c1frica y la lucha contra la viruela <\/h3>\n<p>A pesar de los esfuerzos globales, la viruela sigue siendo una amenaza significativa para la salud en muchas partes de \u00c1frica. Esta donaci\u00f3n de vacunas de Espa\u00f1a es un paso importante para ayudar a aliviar esta situaci\u00f3n. Con este apoyo, las naciones africanas pueden intensificar sus campa\u00f1as de inmunizaci\u00f3n y proteger a m\u00e1s personas contra esta enfermedad devastadora.<\/p>\n<h3> Hacia un mundo m\u00e1s saludable <\/h3>\n<p>Con esta donaci\u00f3n, Espa\u00f1a est\u00e1 demostrando su compromiso con la creaci\u00f3n de un mundo m\u00e1s saludable. Al compartir sus recursos de vacunas, el pa\u00eds est\u00e1 contribuyendo activamente a la lucha global contra la viruela y ayudando a proteger a las personas m\u00e1s vulnerables de la enfermedad. Esta donaci\u00f3n es un paso importante hacia el objetivo de erradicar la viruela en todo el mundo.<\/p>\n\n\n<div class=\"kk-star-ratings kksr-auto kksr-align-left kksr-valign-bottom\"\n    data-payload='{&quot;align&quot;:&quot;left&quot;,&quot;id&quot;:&quot;246&quot;,&quot;slug&quot;:&quot;default&quot;,&quot;valign&quot;:&quot;bottom&quot;,&quot;ignore&quot;:&quot;&quot;,&quot;reference&quot;:&quot;auto&quot;,&quot;class&quot;:&quot;&quot;,&quot;count&quot;:&quot;0&quot;,&quot;legendonly&quot;:&quot;&quot;,&quot;readonly&quot;:&quot;&quot;,&quot;score&quot;:&quot;0&quot;,&quot;starsonly&quot;:&quot;&quot;,&quot;best&quot;:&quot;5&quot;,&quot;gap&quot;:&quot;5&quot;,&quot;greet&quot;:&quot;Valora este post&quot;,&quot;legend&quot;:&quot;0\\\/5 - (0 votes)&quot;,&quot;size&quot;:&quot;22&quot;,&quot;title&quot;:&quot;\u00a1Incre\u00edble! Espa\u00f1a donar\u00e1 el 20% de sus preciadas reservas de vacunas contra la mpox a \u00c1frica&quot;,&quot;width&quot;:&quot;0&quot;,&quot;_legend&quot;:&quot;{score}\\\/{best} - ({count} {votes})&quot;,&quot;font_factor&quot;:&quot;1.25&quot;}'>\n            \n<div class=\"kksr-stars\">\n    \n<div class=\"kksr-stars-inactive\">\n            <div class=\"kksr-star\" data-star=\"1\" style=\"padding-right: 5px\">\n            \n\n<div class=\"kksr-icon\" style=\"width: 22px; height: 22px;\"><\/div>\n        <\/div>\n            <div class=\"kksr-star\" data-star=\"2\" style=\"padding-right: 5px\">\n            \n\n<div class=\"kksr-icon\" style=\"width: 22px; height: 22px;\"><\/div>\n        <\/div>\n            <div class=\"kksr-star\" data-star=\"3\" style=\"padding-right: 5px\">\n            \n\n<div class=\"kksr-icon\" style=\"width: 22px; height: 22px;\"><\/div>\n        <\/div>\n            <div class=\"kksr-star\" data-star=\"4\" style=\"padding-right: 5px\">\n            \n\n<div class=\"kksr-icon\" style=\"width: 22px; height: 22px;\"><\/div>\n        <\/div>\n            <div class=\"kksr-star\" data-star=\"5\" style=\"padding-right: 5px\">\n            \n\n<div class=\"kksr-icon\" style=\"width: 22px; height: 22px;\"><\/div>\n        <\/div>\n    <\/div>\n    \n<div class=\"kksr-stars-active\" style=\"width: 0px;\">\n            <div class=\"kksr-star\" style=\"padding-right: 5px\">\n            \n\n<div class=\"kksr-icon\" style=\"width: 22px; height: 22px;\"><\/div>\n        <\/div>\n            <div class=\"kksr-star\" style=\"padding-right: 5px\">\n            \n\n<div class=\"kksr-icon\" style=\"width: 22px; height: 22px;\"><\/div>\n        <\/div>\n            <div class=\"kksr-star\" style=\"padding-right: 5px\">\n            \n\n<div class=\"kksr-icon\" style=\"width: 22px; height: 22px;\"><\/div>\n        <\/div>\n            <div class=\"kksr-star\" style=\"padding-right: 5px\">\n            \n\n<div class=\"kksr-icon\" style=\"width: 22px; height: 22px;\"><\/div>\n        <\/div>\n            <div class=\"kksr-star\" style=\"padding-right: 5px\">\n            \n\n<div class=\"kksr-icon\" style=\"width: 22px; height: 22px;\"><\/div>\n        <\/div>\n    <\/div>\n<\/div>\n                \n\n<div class=\"kksr-legend\" style=\"font-size: 17.6px;\">\n            <span class=\"kksr-muted\">Valora este post<\/span>\n    <\/div>\n    <\/div>\n","protected":false},"excerpt":{"rendered":"<p>Espa\u00f1a contribuir\u00e1 con el 20% de sus reservas de vacunas para la viruela a \u00c1frica Espa\u00f1a ha decidido donar el 20% de sus existencias de vacunas &#8230; <a title=\"\u00a1Incre\u00edble! Espa\u00f1a donar\u00e1 el 20% de sus preciadas reservas de vacunas contra la mpox a \u00c1frica\" class=\"read-more\" href=\"https:\/\/www.diario21.tv\/noticias\/increible-espana-donara-el-20-de-sus-preciadas-reservas-de-vacunas-contra-la-mpox-a-africa\/\" aria-label=\"Leer m\u00e1s sobre \u00a1Incre\u00edble! Espa\u00f1a donar\u00e1 el 20% de sus preciadas reservas de vacunas contra la mpox a \u00c1frica\">Seguir leyendo &rarr;<\/a><\/p>\n","protected":false},"author":16,"featured_media":247,"comment_status":"open","ping_status":"open","sticky":false,"template":"","format":"standard","meta":{"footnotes":""},"categories":[12],"tags":[],"class_list":["post-246","post","type-post","status-publish","format-standard","has-post-thumbnail","hentry","category-tendencia"],"yoast_head":"<!-- This site is optimized with the Yoast SEO plugin v25.6 - https:\/\/yoast.com\/wordpress\/plugins\/seo\/ -->\n<title>\u00a1Incre\u00edble! Espa\u00f1a donar\u00e1 el 20% de sus preciadas reservas de vacunas contra la mpox a \u00c1frica - Diario 21<\/title>\n<meta name=\"robots\" content=\"index, follow, max-snippet:-1, max-image-preview:large, max-video-preview:-1\" \/>\n<link rel=\"canonical\" href=\"https:\/\/www.diario21.tv\/noticias\/increible-espana-donara-el-20-de-sus-preciadas-reservas-de-vacunas-contra-la-mpox-a-africa\/\" \/>\n<meta property=\"og:locale\" content=\"es_ES\" \/>\n<meta property=\"og:type\" content=\"article\" \/>\n<meta property=\"og:title\" content=\"\u00a1Incre\u00edble! Espa\u00f1a donar\u00e1 el 20% de sus preciadas reservas de vacunas contra la mpox a \u00c1frica - Diario 21\" \/>\n<meta property=\"og:description\" content=\"Espa\u00f1a contribuir\u00e1 con el 20% de sus reservas de vacunas para la viruela a \u00c1frica Espa\u00f1a ha decidido donar el 20% de sus existencias de vacunas ... Seguir leyendo &rarr;\" \/>\n<meta property=\"og:url\" content=\"https:\/\/www.diario21.tv\/noticias\/increible-espana-donara-el-20-de-sus-preciadas-reservas-de-vacunas-contra-la-mpox-a-africa\/\" \/>\n<meta property=\"og:site_name\" content=\"Diario 21\" \/>\n<meta property=\"article:published_time\" content=\"2024-08-31T16:00:28+00:00\" \/>\n<meta property=\"article:modified_time\" content=\"2024-08-31T16:00:33+00:00\" \/>\n<meta property=\"og:image\" content=\"https:\/\/www.diario21.tv\/noticias\/wp-content\/uploads\/2024\/08\/\u00a1Increible-Espana-donara-el-20-de-sus-preciadas-reservas-de.jpg\" \/>\n\t<meta property=\"og:image:width\" content=\"1920\" \/>\n\t<meta property=\"og:image:height\" content=\"1080\" \/>\n\t<meta property=\"og:image:type\" content=\"image\/jpeg\" \/>\n<meta name=\"author\" content=\"Diario 21\" \/>\n<meta name=\"twitter:card\" content=\"summary_large_image\" \/>\n<meta name=\"twitter:label1\" content=\"Escrito por\" \/>\n\t<meta name=\"twitter:data1\" content=\"Diario 21\" \/>\n\t<meta name=\"twitter:label2\" content=\"Tiempo de lectura\" \/>\n\t<meta name=\"twitter:data2\" content=\"1 minuto\" \/>\n<script type=\"application\/ld+json\" class=\"yoast-schema-graph\">{\"@context\":\"https:\/\/schema.org\",\"@graph\":[{\"@type\":\"WebPage\",\"@id\":\"https:\/\/www.diario21.tv\/noticias\/increible-espana-donara-el-20-de-sus-preciadas-reservas-de-vacunas-contra-la-mpox-a-africa\/\",\"url\":\"https:\/\/www.diario21.tv\/noticias\/increible-espana-donara-el-20-de-sus-preciadas-reservas-de-vacunas-contra-la-mpox-a-africa\/\",\"name\":\"\u00a1Incre\u00edble! Espa\u00f1a donar\u00e1 el 20% de sus preciadas reservas de vacunas contra la mpox a \u00c1frica - Diario 21\",\"isPartOf\":{\"@id\":\"https:\/\/www.diario21.tv\/noticias\/#website\"},\"primaryImageOfPage\":{\"@id\":\"https:\/\/www.diario21.tv\/noticias\/increible-espana-donara-el-20-de-sus-preciadas-reservas-de-vacunas-contra-la-mpox-a-africa\/#primaryimage\"},\"image\":{\"@id\":\"https:\/\/www.diario21.tv\/noticias\/increible-espana-donara-el-20-de-sus-preciadas-reservas-de-vacunas-contra-la-mpox-a-africa\/#primaryimage\"},\"thumbnailUrl\":\"https:\/\/www.diario21.tv\/noticias\/wp-content\/uploads\/2024\/08\/\u00a1Increible-Espana-donara-el-20-de-sus-preciadas-reservas-de.jpg\",\"datePublished\":\"2024-08-31T16:00:28+00:00\",\"dateModified\":\"2024-08-31T16:00:33+00:00\",\"author\":{\"@id\":\"https:\/\/www.diario21.tv\/noticias\/#\/schema\/person\/7de9d6205bd3da5b7f01f5cffb18d715\"},\"breadcrumb\":{\"@id\":\"https:\/\/www.diario21.tv\/noticias\/increible-espana-donara-el-20-de-sus-preciadas-reservas-de-vacunas-contra-la-mpox-a-africa\/#breadcrumb\"},\"inLanguage\":\"es-AR\",\"potentialAction\":[{\"@type\":\"ReadAction\",\"target\":[\"https:\/\/www.diario21.tv\/noticias\/increible-espana-donara-el-20-de-sus-preciadas-reservas-de-vacunas-contra-la-mpox-a-africa\/\"]}]},{\"@type\":\"ImageObject\",\"inLanguage\":\"es-AR\",\"@id\":\"https:\/\/www.diario21.tv\/noticias\/increible-espana-donara-el-20-de-sus-preciadas-reservas-de-vacunas-contra-la-mpox-a-africa\/#primaryimage\",\"url\":\"https:\/\/www.diario21.tv\/noticias\/wp-content\/uploads\/2024\/08\/\u00a1Increible-Espana-donara-el-20-de-sus-preciadas-reservas-de.jpg\",\"contentUrl\":\"https:\/\/www.diario21.tv\/noticias\/wp-content\/uploads\/2024\/08\/\u00a1Increible-Espana-donara-el-20-de-sus-preciadas-reservas-de.jpg\",\"width\":1920,\"height\":1080,\"caption\":\"Espa\u00f1a donar\u00e1 a \u00c1frica el 20% de sus reservas de vacunas contra la mpox\"},{\"@type\":\"BreadcrumbList\",\"@id\":\"https:\/\/www.diario21.tv\/noticias\/increible-espana-donara-el-20-de-sus-preciadas-reservas-de-vacunas-contra-la-mpox-a-africa\/#breadcrumb\",\"itemListElement\":[{\"@type\":\"ListItem\",\"position\":1,\"name\":\"Accueil\",\"item\":\"https:\/\/www.diario21.tv\/noticias\/\"},{\"@type\":\"ListItem\",\"position\":2,\"name\":\"\u00a1Incre\u00edble! Espa\u00f1a donar\u00e1 el 20% de sus preciadas reservas de vacunas contra la mpox a \u00c1frica\"}]},{\"@type\":\"WebSite\",\"@id\":\"https:\/\/www.diario21.tv\/noticias\/#website\",\"url\":\"https:\/\/www.diario21.tv\/noticias\/\",\"name\":\"Diario 21\",\"description\":\"\",\"potentialAction\":[{\"@type\":\"SearchAction\",\"target\":{\"@type\":\"EntryPoint\",\"urlTemplate\":\"https:\/\/www.diario21.tv\/noticias\/?s={search_term_string}\"},\"query-input\":{\"@type\":\"PropertyValueSpecification\",\"valueRequired\":true,\"valueName\":\"search_term_string\"}}],\"inLanguage\":\"es-AR\"},{\"@type\":\"Person\",\"@id\":\"https:\/\/www.diario21.tv\/noticias\/#\/schema\/person\/7de9d6205bd3da5b7f01f5cffb18d715\",\"name\":\"Diario 21\",\"image\":{\"@type\":\"ImageObject\",\"inLanguage\":\"es-AR\",\"@id\":\"https:\/\/www.diario21.tv\/noticias\/#\/schema\/person\/image\/\",\"url\":\"https:\/\/secure.gravatar.com\/avatar\/d1d5e764b940c8e5990284cabcd5dea9?s=96&d=mm&r=g\",\"contentUrl\":\"https:\/\/secure.gravatar.com\/avatar\/d1d5e764b940c8e5990284cabcd5dea9?s=96&d=mm&r=g\",\"caption\":\"Diario 21\"},\"url\":\"https:\/\/www.diario21.tv\/noticias\/author\/diario-21\/\"}]}<\/script>\n<!-- \/ Yoast SEO plugin. -->","yoast_head_json":{"title":"\u00a1Incre\u00edble! Espa\u00f1a donar\u00e1 el 20% de sus preciadas reservas de vacunas contra la mpox a \u00c1frica - Diario 21","robots":{"index":"index","follow":"follow","max-snippet":"max-snippet:-1","max-image-preview":"max-image-preview:large","max-video-preview":"max-video-preview:-1"},"canonical":"https:\/\/www.diario21.tv\/noticias\/increible-espana-donara-el-20-de-sus-preciadas-reservas-de-vacunas-contra-la-mpox-a-africa\/","og_locale":"es_ES","og_type":"article","og_title":"\u00a1Incre\u00edble! Espa\u00f1a donar\u00e1 el 20% de sus preciadas reservas de vacunas contra la mpox a \u00c1frica - Diario 21","og_description":"Espa\u00f1a contribuir\u00e1 con el 20% de sus reservas de vacunas para la viruela a \u00c1frica Espa\u00f1a ha decidido donar el 20% de sus existencias de vacunas ... Seguir leyendo &rarr;","og_url":"https:\/\/www.diario21.tv\/noticias\/increible-espana-donara-el-20-de-sus-preciadas-reservas-de-vacunas-contra-la-mpox-a-africa\/","og_site_name":"Diario 21","article_published_time":"2024-08-31T16:00:28+00:00","article_modified_time":"2024-08-31T16:00:33+00:00","og_image":[{"width":1920,"height":1080,"url":"https:\/\/www.diario21.tv\/noticias\/wp-content\/uploads\/2024\/08\/\u00a1Increible-Espana-donara-el-20-de-sus-preciadas-reservas-de.jpg","type":"image\/jpeg"}],"author":"Diario 21","twitter_card":"summary_large_image","twitter_misc":{"Escrito por":"Diario 21","Tiempo de lectura":"1 minuto"},"schema":{"@context":"https:\/\/schema.org","@graph":[{"@type":"WebPage","@id":"https:\/\/www.diario21.tv\/noticias\/increible-espana-donara-el-20-de-sus-preciadas-reservas-de-vacunas-contra-la-mpox-a-africa\/","url":"https:\/\/www.diario21.tv\/noticias\/increible-espana-donara-el-20-de-sus-preciadas-reservas-de-vacunas-contra-la-mpox-a-africa\/","name":"\u00a1Incre\u00edble! Espa\u00f1a donar\u00e1 el 20% de sus preciadas reservas de vacunas contra la mpox a \u00c1frica - Diario 21","isPartOf":{"@id":"https:\/\/www.diario21.tv\/noticias\/#website"},"primaryImageOfPage":{"@id":"https:\/\/www.diario21.tv\/noticias\/increible-espana-donara-el-20-de-sus-preciadas-reservas-de-vacunas-contra-la-mpox-a-africa\/#primaryimage"},"image":{"@id":"https:\/\/www.diario21.tv\/noticias\/increible-espana-donara-el-20-de-sus-preciadas-reservas-de-vacunas-contra-la-mpox-a-africa\/#primaryimage"},"thumbnailUrl":"https:\/\/www.diario21.tv\/noticias\/wp-content\/uploads\/2024\/08\/\u00a1Increible-Espana-donara-el-20-de-sus-preciadas-reservas-de.jpg","datePublished":"2024-08-31T16:00:28+00:00","dateModified":"2024-08-31T16:00:33+00:00","author":{"@id":"https:\/\/www.diario21.tv\/noticias\/#\/schema\/person\/7de9d6205bd3da5b7f01f5cffb18d715"},"breadcrumb":{"@id":"https:\/\/www.diario21.tv\/noticias\/increible-espana-donara-el-20-de-sus-preciadas-reservas-de-vacunas-contra-la-mpox-a-africa\/#breadcrumb"},"inLanguage":"es-AR","potentialAction":[{"@type":"ReadAction","target":["https:\/\/www.diario21.tv\/noticias\/increible-espana-donara-el-20-de-sus-preciadas-reservas-de-vacunas-contra-la-mpox-a-africa\/"]}]},{"@type":"ImageObject","inLanguage":"es-AR","@id":"https:\/\/www.diario21.tv\/noticias\/increible-espana-donara-el-20-de-sus-preciadas-reservas-de-vacunas-contra-la-mpox-a-africa\/#primaryimage","url":"https:\/\/www.diario21.tv\/noticias\/wp-content\/uploads\/2024\/08\/\u00a1Increible-Espana-donara-el-20-de-sus-preciadas-reservas-de.jpg","contentUrl":"https:\/\/www.diario21.tv\/noticias\/wp-content\/uploads\/2024\/08\/\u00a1Increible-Espana-donara-el-20-de-sus-preciadas-reservas-de.jpg","width":1920,"height":1080,"caption":"Espa\u00f1a donar\u00e1 a \u00c1frica el 20% de sus reservas de vacunas contra la mpox"},{"@type":"BreadcrumbList","@id":"https:\/\/www.diario21.tv\/noticias\/increible-espana-donara-el-20-de-sus-preciadas-reservas-de-vacunas-contra-la-mpox-a-africa\/#breadcrumb","itemListElement":[{"@type":"ListItem","position":1,"name":"Accueil","item":"https:\/\/www.diario21.tv\/noticias\/"},{"@type":"ListItem","position":2,"name":"\u00a1Incre\u00edble! Espa\u00f1a donar\u00e1 el 20% de sus preciadas reservas de vacunas contra la mpox a \u00c1frica"}]},{"@type":"WebSite","@id":"https:\/\/www.diario21.tv\/noticias\/#website","url":"https:\/\/www.diario21.tv\/noticias\/","name":"Diario 21","description":"","potentialAction":[{"@type":"SearchAction","target":{"@type":"EntryPoint","urlTemplate":"https:\/\/www.diario21.tv\/noticias\/?s={search_term_string}"},"query-input":{"@type":"PropertyValueSpecification","valueRequired":true,"valueName":"search_term_string"}}],"inLanguage":"es-AR"},{"@type":"Person","@id":"https:\/\/www.diario21.tv\/noticias\/#\/schema\/person\/7de9d6205bd3da5b7f01f5cffb18d715","name":"Diario 21","image":{"@type":"ImageObject","inLanguage":"es-AR","@id":"https:\/\/www.diario21.tv\/noticias\/#\/schema\/person\/image\/","url":"https:\/\/secure.gravatar.com\/avatar\/d1d5e764b940c8e5990284cabcd5dea9?s=96&d=mm&r=g","contentUrl":"https:\/\/secure.gravatar.com\/avatar\/d1d5e764b940c8e5990284cabcd5dea9?s=96&d=mm&r=g","caption":"Diario 21"},"url":"https:\/\/www.diario21.tv\/noticias\/author\/diario-21\/"}]}},"_links":{"self":[{"href":"https:\/\/www.diario21.tv\/noticias\/wp-json\/wp\/v2\/posts\/246"}],"collection":[{"href":"https:\/\/www.diario21.tv\/noticias\/wp-json\/wp\/v2\/posts"}],"about":[{"href":"https:\/\/www.diario21.tv\/noticias\/wp-json\/wp\/v2\/types\/post"}],"author":[{"embeddable":true,"href":"https:\/\/www.diario21.tv\/noticias\/wp-json\/wp\/v2\/users\/16"}],"replies":[{"embeddable":true,"href":"https:\/\/www.diario21.tv\/noticias\/wp-json\/wp\/v2\/comments?post=246"}],"version-history":[{"count":1,"href":"https:\/\/www.diario21.tv\/noticias\/wp-json\/wp\/v2\/posts\/246\/revisions"}],"predecessor-version":[{"id":248,"href":"https:\/\/www.diario21.tv\/noticias\/wp-json\/wp\/v2\/posts\/246\/revisions\/248"}],"wp:featuredmedia":[{"embeddable":true,"href":"https:\/\/www.diario21.tv\/noticias\/wp-json\/wp\/v2\/media\/247"}],"wp:attachment":[{"href":"https:\/\/www.diario21.tv\/noticias\/wp-json\/wp\/v2\/media?parent=246"}],"wp:term":[{"taxonomy":"category","embeddable":true,"href":"https:\/\/www.diario21.tv\/noticias\/wp-json\/wp\/v2\/categories?post=246"},{"taxonomy":"post_tag","embeddable":true,"href":"https:\/\/www.diario21.tv\/noticias\/wp-json\/wp\/v2\/tags?post=246"}],"curies":[{"name":"wp","href":"https:\/\/api.w.org\/{rel}","templated":true}]}}