{"id":2457,"date":"2025-03-14T16:35:10","date_gmt":"2025-03-14T16:35:10","guid":{"rendered":"https:\/\/www.diario21.tv\/noticias\/tragico-hallazgo-en-tarragona-encuentran-sin-vida-a-la-adolescente-de-14-anos-desaparecida\/"},"modified":"2025-03-14T16:35:11","modified_gmt":"2025-03-14T16:35:11","slug":"tragico-hallazgo-en-tarragona-encuentran-sin-vida-a-la-adolescente-de-14-anos-desaparecida","status":"publish","type":"post","link":"https:\/\/www.diario21.tv\/noticias\/tragico-hallazgo-en-tarragona-encuentran-sin-vida-a-la-adolescente-de-14-anos-desaparecida\/","title":{"rendered":"\u00a1Tr\u00e1gico hallazgo en Tarragona! Encuentran sin vida a la adolescente de 14 a\u00f1os desaparecida."},"content":{"rendered":"<h2>Localizan sin vida a adolescente de 14 a\u00f1os desaparecida en Tarragona<\/h2>\n<p>El cuerpo de una adolescente de 14 a\u00f1os, que hab\u00eda sido reportada como desaparecida desde el lunes en la provincia de Tarragona, fue encontrado sin vida. La noticia ha conmocionado a la comunidad local y ha desencadenado una serie de investigaciones por parte de las autoridades para esclarecer las circunstancias de su muerte.<\/p>\n<h3>Desaparici\u00f3n y B\u00fasqueda<\/h3>\n<p>La joven, cuya identidad no ha sido divulgada por respeto a la privacidad de la familia, fue vista por \u00faltima vez el lunes pasado. Tras no tener noticias de su paradero, la familia denunci\u00f3 su desaparici\u00f3n, lo que activ\u00f3 un protocolo de b\u00fasqueda en el que participaron distintas fuerzas de seguridad, incluyendo la Polic\u00eda Local y los Mossos d&#8217;Esquadra.<\/p>\n<p>Durante varios d\u00edas, la b\u00fasqueda estuvo centrada en \u00e1reas cercanas al \u00faltimo lugar donde se le vio. Se utilizaron diversos recursos, incluyendo unidades caninas y helic\u00f3pteros, en un esfuerzo por localizar a la menor lo antes posible.<\/p>\n<h3>Hallazgo y Reacciones<\/h3>\n<p>El cuerpo de la adolescente fue encontrado en una zona apartada de la localidad donde resid\u00eda. Aunque a\u00fan no se han dado a conocer detalles espec\u00edficos sobre las causas de su muerte, las autoridades han iniciado una investigaci\u00f3n para determinar los hechos que llevaron a este tr\u00e1gico desenlace.<\/p>\n<p>La noticia de la muerte de la joven ha generado una profunda tristeza en la comunidad, donde vecinos y conocidos han expresado su conmoci\u00f3n y pesar. Las redes sociales se han llenado de mensajes de condolencias hacia la familia de la v\u00edctima, reflejando el impacto de la tragedia en el \u00e1mbito local.<\/p>\n<h3>Investigaci\u00f3n en Curso<\/h3>\n<p>Los Mossos d&#8217;Esquadra est\u00e1n a cargo de la investigaci\u00f3n sobre la muerte de la menor. Por el momento, han pedido colaboraci\u00f3n ciudadana por si alguien pudiera aportar informaci\u00f3n adicional que esclarezca los acontecimientos que condujeron a la muerte de la adolescente.<\/p>\n<p>En estos momentos, se est\u00e1 llevando a cabo una autopsia para determinar la causa exacta del fallecimiento, y los resultados ser\u00e1n cruciales para dirigir el curso de la investigaci\u00f3n. Las autoridades han hecho un llamado a respetar la privacidad y el dolor de la familia, mientras contin\u00faan con las indagaciones necesarias para resolver este caso.<\/p>\n<h3>Apoyo a la Familia<\/h3>\n<p>La comunidad donde viv\u00eda la joven ha mostrado su apoyo a la familia en estos momentos dif\u00edciles. Instituciones locales y asociaciones han ofrecido su ayuda y soporte, subrayando la importancia de la solidaridad comunitaria ante sucesos tan devastadores.<\/p>\n<p>Este tr\u00e1gico evento ha reiterado la necesidad de reforzar las medidas de seguridad y vigilancia en la localidad, para proteger especialmente a los m\u00e1s j\u00f3venes. Autoridades y residentes est\u00e1n llamados a colaborar estrechamente para prevenir que situaciones similares se repitan en el futuro.<\/p>\n\n\n<div class=\"kk-star-ratings kksr-auto kksr-align-left kksr-valign-bottom\"\n    data-payload='{&quot;align&quot;:&quot;left&quot;,&quot;id&quot;:&quot;2457&quot;,&quot;slug&quot;:&quot;default&quot;,&quot;valign&quot;:&quot;bottom&quot;,&quot;ignore&quot;:&quot;&quot;,&quot;reference&quot;:&quot;auto&quot;,&quot;class&quot;:&quot;&quot;,&quot;count&quot;:&quot;0&quot;,&quot;legendonly&quot;:&quot;&quot;,&quot;readonly&quot;:&quot;&quot;,&quot;score&quot;:&quot;0&quot;,&quot;starsonly&quot;:&quot;&quot;,&quot;best&quot;:&quot;5&quot;,&quot;gap&quot;:&quot;5&quot;,&quot;greet&quot;:&quot;Valora este post&quot;,&quot;legend&quot;:&quot;0\\\/5 - (0 votes)&quot;,&quot;size&quot;:&quot;22&quot;,&quot;title&quot;:&quot;\u00a1Tr\u00e1gico hallazgo en Tarragona! Encuentran sin vida a la adolescente de 14 a\u00f1os desaparecida.&quot;,&quot;width&quot;:&quot;0&quot;,&quot;_legend&quot;:&quot;{score}\\\/{best} - ({count} {votes})&quot;,&quot;font_factor&quot;:&quot;1.25&quot;}'>\n            \n<div class=\"kksr-stars\">\n    \n<div class=\"kksr-stars-inactive\">\n            <div class=\"kksr-star\" data-star=\"1\" style=\"padding-right: 5px\">\n            \n\n<div class=\"kksr-icon\" style=\"width: 22px; height: 22px;\"><\/div>\n        <\/div>\n            <div class=\"kksr-star\" data-star=\"2\" style=\"padding-right: 5px\">\n            \n\n<div class=\"kksr-icon\" style=\"width: 22px; height: 22px;\"><\/div>\n        <\/div>\n            <div class=\"kksr-star\" data-star=\"3\" style=\"padding-right: 5px\">\n            \n\n<div class=\"kksr-icon\" style=\"width: 22px; height: 22px;\"><\/div>\n        <\/div>\n            <div class=\"kksr-star\" data-star=\"4\" style=\"padding-right: 5px\">\n            \n\n<div class=\"kksr-icon\" style=\"width: 22px; height: 22px;\"><\/div>\n        <\/div>\n            <div class=\"kksr-star\" data-star=\"5\" style=\"padding-right: 5px\">\n            \n\n<div class=\"kksr-icon\" style=\"width: 22px; height: 22px;\"><\/div>\n        <\/div>\n    <\/div>\n    \n<div class=\"kksr-stars-active\" style=\"width: 0px;\">\n            <div class=\"kksr-star\" style=\"padding-right: 5px\">\n            \n\n<div class=\"kksr-icon\" style=\"width: 22px; height: 22px;\"><\/div>\n        <\/div>\n            <div class=\"kksr-star\" style=\"padding-right: 5px\">\n            \n\n<div class=\"kksr-icon\" style=\"width: 22px; height: 22px;\"><\/div>\n        <\/div>\n            <div class=\"kksr-star\" style=\"padding-right: 5px\">\n            \n\n<div class=\"kksr-icon\" style=\"width: 22px; height: 22px;\"><\/div>\n        <\/div>\n            <div class=\"kksr-star\" style=\"padding-right: 5px\">\n            \n\n<div class=\"kksr-icon\" style=\"width: 22px; height: 22px;\"><\/div>\n        <\/div>\n            <div class=\"kksr-star\" style=\"padding-right: 5px\">\n            \n\n<div class=\"kksr-icon\" style=\"width: 22px; height: 22px;\"><\/div>\n        <\/div>\n    <\/div>\n<\/div>\n                \n\n<div class=\"kksr-legend\" style=\"font-size: 17.6px;\">\n            <span class=\"kksr-muted\">Valora este post<\/span>\n    <\/div>\n    <\/div>\n","protected":false},"excerpt":{"rendered":"<p>Localizan sin vida a adolescente de 14 a\u00f1os desaparecida en Tarragona El cuerpo de una adolescente de 14 a\u00f1os, que hab\u00eda sido reportada como desaparecida desde &#8230; <a title=\"\u00a1Tr\u00e1gico hallazgo en Tarragona! Encuentran sin vida a la adolescente de 14 a\u00f1os desaparecida.\" class=\"read-more\" href=\"https:\/\/www.diario21.tv\/noticias\/tragico-hallazgo-en-tarragona-encuentran-sin-vida-a-la-adolescente-de-14-anos-desaparecida\/\" aria-label=\"Leer m\u00e1s sobre \u00a1Tr\u00e1gico hallazgo en Tarragona! Encuentran sin vida a la adolescente de 14 a\u00f1os desaparecida.\">Seguir leyendo &rarr;<\/a><\/p>\n","protected":false},"author":20,"featured_media":2458,"comment_status":"open","ping_status":"open","sticky":false,"template":"","format":"standard","meta":{"footnotes":""},"categories":[13],"tags":[],"class_list":["post-2457","post","type-post","status-publish","format-standard","has-post-thumbnail","hentry","category-portada"],"yoast_head":"<!-- This site is optimized with the Yoast SEO plugin v25.6 - https:\/\/yoast.com\/wordpress\/plugins\/seo\/ -->\n<title>\u00a1Tr\u00e1gico hallazgo en Tarragona! Encuentran sin vida a la adolescente de 14 a\u00f1os desaparecida. - Diario 21<\/title>\n<meta name=\"robots\" content=\"index, follow, max-snippet:-1, max-image-preview:large, max-video-preview:-1\" \/>\n<link rel=\"canonical\" href=\"https:\/\/www.diario21.tv\/noticias\/tragico-hallazgo-en-tarragona-encuentran-sin-vida-a-la-adolescente-de-14-anos-desaparecida\/\" \/>\n<meta property=\"og:locale\" content=\"es_ES\" \/>\n<meta property=\"og:type\" content=\"article\" \/>\n<meta property=\"og:title\" content=\"\u00a1Tr\u00e1gico hallazgo en Tarragona! Encuentran sin vida a la adolescente de 14 a\u00f1os desaparecida. - Diario 21\" \/>\n<meta property=\"og:description\" content=\"Localizan sin vida a adolescente de 14 a\u00f1os desaparecida en Tarragona El cuerpo de una adolescente de 14 a\u00f1os, que hab\u00eda sido reportada como desaparecida desde ... Seguir leyendo &rarr;\" \/>\n<meta property=\"og:url\" content=\"https:\/\/www.diario21.tv\/noticias\/tragico-hallazgo-en-tarragona-encuentran-sin-vida-a-la-adolescente-de-14-anos-desaparecida\/\" \/>\n<meta property=\"og:site_name\" content=\"Diario 21\" \/>\n<meta property=\"article:published_time\" content=\"2025-03-14T16:35:10+00:00\" \/>\n<meta property=\"article:modified_time\" content=\"2025-03-14T16:35:11+00:00\" \/>\n<meta property=\"og:image\" content=\"https:\/\/www.diario21.tv\/noticias\/wp-content\/uploads\/2025\/03\/\u00a1Tragico-hallazgo-en-Tarragona-Encuentran-sin-vida-a-la-adolescente.jpg\" \/>\n\t<meta property=\"og:image:width\" content=\"1916\" \/>\n\t<meta property=\"og:image:height\" content=\"1080\" \/>\n\t<meta property=\"og:image:type\" content=\"image\/jpeg\" \/>\n<meta name=\"author\" content=\"Juan P\u00e9rez\" \/>\n<meta name=\"twitter:card\" content=\"summary_large_image\" \/>\n<meta name=\"twitter:label1\" content=\"Escrito por\" \/>\n\t<meta name=\"twitter:data1\" content=\"Juan P\u00e9rez\" \/>\n\t<meta name=\"twitter:label2\" content=\"Tiempo de lectura\" \/>\n\t<meta name=\"twitter:data2\" content=\"2 minutos\" \/>\n<script type=\"application\/ld+json\" class=\"yoast-schema-graph\">{\"@context\":\"https:\/\/schema.org\",\"@graph\":[{\"@type\":\"WebPage\",\"@id\":\"https:\/\/www.diario21.tv\/noticias\/tragico-hallazgo-en-tarragona-encuentran-sin-vida-a-la-adolescente-de-14-anos-desaparecida\/\",\"url\":\"https:\/\/www.diario21.tv\/noticias\/tragico-hallazgo-en-tarragona-encuentran-sin-vida-a-la-adolescente-de-14-anos-desaparecida\/\",\"name\":\"\u00a1Tr\u00e1gico hallazgo en Tarragona! Encuentran sin vida a la adolescente de 14 a\u00f1os desaparecida. - Diario 21\",\"isPartOf\":{\"@id\":\"https:\/\/www.diario21.tv\/noticias\/#website\"},\"primaryImageOfPage\":{\"@id\":\"https:\/\/www.diario21.tv\/noticias\/tragico-hallazgo-en-tarragona-encuentran-sin-vida-a-la-adolescente-de-14-anos-desaparecida\/#primaryimage\"},\"image\":{\"@id\":\"https:\/\/www.diario21.tv\/noticias\/tragico-hallazgo-en-tarragona-encuentran-sin-vida-a-la-adolescente-de-14-anos-desaparecida\/#primaryimage\"},\"thumbnailUrl\":\"https:\/\/www.diario21.tv\/noticias\/wp-content\/uploads\/2025\/03\/\u00a1Tragico-hallazgo-en-Tarragona-Encuentran-sin-vida-a-la-adolescente.jpg\",\"datePublished\":\"2025-03-14T16:35:10+00:00\",\"dateModified\":\"2025-03-14T16:35:11+00:00\",\"author\":{\"@id\":\"https:\/\/www.diario21.tv\/noticias\/#\/schema\/person\/dfb778f73814d8f09f302618446a526b\"},\"breadcrumb\":{\"@id\":\"https:\/\/www.diario21.tv\/noticias\/tragico-hallazgo-en-tarragona-encuentran-sin-vida-a-la-adolescente-de-14-anos-desaparecida\/#breadcrumb\"},\"inLanguage\":\"es-AR\",\"potentialAction\":[{\"@type\":\"ReadAction\",\"target\":[\"https:\/\/www.diario21.tv\/noticias\/tragico-hallazgo-en-tarragona-encuentran-sin-vida-a-la-adolescente-de-14-anos-desaparecida\/\"]}]},{\"@type\":\"ImageObject\",\"inLanguage\":\"es-AR\",\"@id\":\"https:\/\/www.diario21.tv\/noticias\/tragico-hallazgo-en-tarragona-encuentran-sin-vida-a-la-adolescente-de-14-anos-desaparecida\/#primaryimage\",\"url\":\"https:\/\/www.diario21.tv\/noticias\/wp-content\/uploads\/2025\/03\/\u00a1Tragico-hallazgo-en-Tarragona-Encuentran-sin-vida-a-la-adolescente.jpg\",\"contentUrl\":\"https:\/\/www.diario21.tv\/noticias\/wp-content\/uploads\/2025\/03\/\u00a1Tragico-hallazgo-en-Tarragona-Encuentran-sin-vida-a-la-adolescente.jpg\",\"width\":1916,\"height\":1080,\"caption\":\"Hallada muerta la menor de 14 a\u00f1os desaparecida desde el lunes en Tarragona\"},{\"@type\":\"BreadcrumbList\",\"@id\":\"https:\/\/www.diario21.tv\/noticias\/tragico-hallazgo-en-tarragona-encuentran-sin-vida-a-la-adolescente-de-14-anos-desaparecida\/#breadcrumb\",\"itemListElement\":[{\"@type\":\"ListItem\",\"position\":1,\"name\":\"Accueil\",\"item\":\"https:\/\/www.diario21.tv\/noticias\/\"},{\"@type\":\"ListItem\",\"position\":2,\"name\":\"\u00a1Tr\u00e1gico hallazgo en Tarragona! Encuentran sin vida a la adolescente de 14 a\u00f1os desaparecida.\"}]},{\"@type\":\"WebSite\",\"@id\":\"https:\/\/www.diario21.tv\/noticias\/#website\",\"url\":\"https:\/\/www.diario21.tv\/noticias\/\",\"name\":\"Diario 21\",\"description\":\"\",\"potentialAction\":[{\"@type\":\"SearchAction\",\"target\":{\"@type\":\"EntryPoint\",\"urlTemplate\":\"https:\/\/www.diario21.tv\/noticias\/?s={search_term_string}\"},\"query-input\":{\"@type\":\"PropertyValueSpecification\",\"valueRequired\":true,\"valueName\":\"search_term_string\"}}],\"inLanguage\":\"es-AR\"},{\"@type\":\"Person\",\"@id\":\"https:\/\/www.diario21.tv\/noticias\/#\/schema\/person\/dfb778f73814d8f09f302618446a526b\",\"name\":\"Juan P\u00e9rez\",\"image\":{\"@type\":\"ImageObject\",\"inLanguage\":\"es-AR\",\"@id\":\"https:\/\/www.diario21.tv\/noticias\/#\/schema\/person\/image\/\",\"url\":\"https:\/\/secure.gravatar.com\/avatar\/c478a405bd10621167f4c3167cc770f5?s=96&d=mm&r=g\",\"contentUrl\":\"https:\/\/secure.gravatar.com\/avatar\/c478a405bd10621167f4c3167cc770f5?s=96&d=mm&r=g\",\"caption\":\"Juan P\u00e9rez\"},\"description\":\"Juan P\u00e9rez es el redactor en jefe de Diario 21. Con m\u00e1s de 10 a\u00f1os de experiencia en el periodismo, se especializa en pol\u00edtica nacional y an\u00e1lisis socioecon\u00f3mico. Su enfoque cr\u00edtico y riguroso aporta una perspectiva \u00fanica a cada art\u00edculo.\",\"sameAs\":[\"https:\/\/www.diario21.tv\/noticias\/\"],\"url\":\"https:\/\/www.diario21.tv\/noticias\/author\/juan-perez\/\"}]}<\/script>\n<!-- \/ Yoast SEO plugin. -->","yoast_head_json":{"title":"\u00a1Tr\u00e1gico hallazgo en Tarragona! Encuentran sin vida a la adolescente de 14 a\u00f1os desaparecida. - Diario 21","robots":{"index":"index","follow":"follow","max-snippet":"max-snippet:-1","max-image-preview":"max-image-preview:large","max-video-preview":"max-video-preview:-1"},"canonical":"https:\/\/www.diario21.tv\/noticias\/tragico-hallazgo-en-tarragona-encuentran-sin-vida-a-la-adolescente-de-14-anos-desaparecida\/","og_locale":"es_ES","og_type":"article","og_title":"\u00a1Tr\u00e1gico hallazgo en Tarragona! Encuentran sin vida a la adolescente de 14 a\u00f1os desaparecida. - Diario 21","og_description":"Localizan sin vida a adolescente de 14 a\u00f1os desaparecida en Tarragona El cuerpo de una adolescente de 14 a\u00f1os, que hab\u00eda sido reportada como desaparecida desde ... Seguir leyendo &rarr;","og_url":"https:\/\/www.diario21.tv\/noticias\/tragico-hallazgo-en-tarragona-encuentran-sin-vida-a-la-adolescente-de-14-anos-desaparecida\/","og_site_name":"Diario 21","article_published_time":"2025-03-14T16:35:10+00:00","article_modified_time":"2025-03-14T16:35:11+00:00","og_image":[{"width":1916,"height":1080,"url":"https:\/\/www.diario21.tv\/noticias\/wp-content\/uploads\/2025\/03\/\u00a1Tragico-hallazgo-en-Tarragona-Encuentran-sin-vida-a-la-adolescente.jpg","type":"image\/jpeg"}],"author":"Juan P\u00e9rez","twitter_card":"summary_large_image","twitter_misc":{"Escrito por":"Juan P\u00e9rez","Tiempo de lectura":"2 minutos"},"schema":{"@context":"https:\/\/schema.org","@graph":[{"@type":"WebPage","@id":"https:\/\/www.diario21.tv\/noticias\/tragico-hallazgo-en-tarragona-encuentran-sin-vida-a-la-adolescente-de-14-anos-desaparecida\/","url":"https:\/\/www.diario21.tv\/noticias\/tragico-hallazgo-en-tarragona-encuentran-sin-vida-a-la-adolescente-de-14-anos-desaparecida\/","name":"\u00a1Tr\u00e1gico hallazgo en Tarragona! Encuentran sin vida a la adolescente de 14 a\u00f1os desaparecida. - Diario 21","isPartOf":{"@id":"https:\/\/www.diario21.tv\/noticias\/#website"},"primaryImageOfPage":{"@id":"https:\/\/www.diario21.tv\/noticias\/tragico-hallazgo-en-tarragona-encuentran-sin-vida-a-la-adolescente-de-14-anos-desaparecida\/#primaryimage"},"image":{"@id":"https:\/\/www.diario21.tv\/noticias\/tragico-hallazgo-en-tarragona-encuentran-sin-vida-a-la-adolescente-de-14-anos-desaparecida\/#primaryimage"},"thumbnailUrl":"https:\/\/www.diario21.tv\/noticias\/wp-content\/uploads\/2025\/03\/\u00a1Tragico-hallazgo-en-Tarragona-Encuentran-sin-vida-a-la-adolescente.jpg","datePublished":"2025-03-14T16:35:10+00:00","dateModified":"2025-03-14T16:35:11+00:00","author":{"@id":"https:\/\/www.diario21.tv\/noticias\/#\/schema\/person\/dfb778f73814d8f09f302618446a526b"},"breadcrumb":{"@id":"https:\/\/www.diario21.tv\/noticias\/tragico-hallazgo-en-tarragona-encuentran-sin-vida-a-la-adolescente-de-14-anos-desaparecida\/#breadcrumb"},"inLanguage":"es-AR","potentialAction":[{"@type":"ReadAction","target":["https:\/\/www.diario21.tv\/noticias\/tragico-hallazgo-en-tarragona-encuentran-sin-vida-a-la-adolescente-de-14-anos-desaparecida\/"]}]},{"@type":"ImageObject","inLanguage":"es-AR","@id":"https:\/\/www.diario21.tv\/noticias\/tragico-hallazgo-en-tarragona-encuentran-sin-vida-a-la-adolescente-de-14-anos-desaparecida\/#primaryimage","url":"https:\/\/www.diario21.tv\/noticias\/wp-content\/uploads\/2025\/03\/\u00a1Tragico-hallazgo-en-Tarragona-Encuentran-sin-vida-a-la-adolescente.jpg","contentUrl":"https:\/\/www.diario21.tv\/noticias\/wp-content\/uploads\/2025\/03\/\u00a1Tragico-hallazgo-en-Tarragona-Encuentran-sin-vida-a-la-adolescente.jpg","width":1916,"height":1080,"caption":"Hallada muerta la menor de 14 a\u00f1os desaparecida desde el lunes en Tarragona"},{"@type":"BreadcrumbList","@id":"https:\/\/www.diario21.tv\/noticias\/tragico-hallazgo-en-tarragona-encuentran-sin-vida-a-la-adolescente-de-14-anos-desaparecida\/#breadcrumb","itemListElement":[{"@type":"ListItem","position":1,"name":"Accueil","item":"https:\/\/www.diario21.tv\/noticias\/"},{"@type":"ListItem","position":2,"name":"\u00a1Tr\u00e1gico hallazgo en Tarragona! Encuentran sin vida a la adolescente de 14 a\u00f1os desaparecida."}]},{"@type":"WebSite","@id":"https:\/\/www.diario21.tv\/noticias\/#website","url":"https:\/\/www.diario21.tv\/noticias\/","name":"Diario 21","description":"","potentialAction":[{"@type":"SearchAction","target":{"@type":"EntryPoint","urlTemplate":"https:\/\/www.diario21.tv\/noticias\/?s={search_term_string}"},"query-input":{"@type":"PropertyValueSpecification","valueRequired":true,"valueName":"search_term_string"}}],"inLanguage":"es-AR"},{"@type":"Person","@id":"https:\/\/www.diario21.tv\/noticias\/#\/schema\/person\/dfb778f73814d8f09f302618446a526b","name":"Juan P\u00e9rez","image":{"@type":"ImageObject","inLanguage":"es-AR","@id":"https:\/\/www.diario21.tv\/noticias\/#\/schema\/person\/image\/","url":"https:\/\/secure.gravatar.com\/avatar\/c478a405bd10621167f4c3167cc770f5?s=96&d=mm&r=g","contentUrl":"https:\/\/secure.gravatar.com\/avatar\/c478a405bd10621167f4c3167cc770f5?s=96&d=mm&r=g","caption":"Juan P\u00e9rez"},"description":"Juan P\u00e9rez es el redactor en jefe de Diario 21. Con m\u00e1s de 10 a\u00f1os de experiencia en el periodismo, se especializa en pol\u00edtica nacional y an\u00e1lisis socioecon\u00f3mico. Su enfoque cr\u00edtico y riguroso aporta una perspectiva \u00fanica a cada art\u00edculo.","sameAs":["https:\/\/www.diario21.tv\/noticias\/"],"url":"https:\/\/www.diario21.tv\/noticias\/author\/juan-perez\/"}]}},"_links":{"self":[{"href":"https:\/\/www.diario21.tv\/noticias\/wp-json\/wp\/v2\/posts\/2457"}],"collection":[{"href":"https:\/\/www.diario21.tv\/noticias\/wp-json\/wp\/v2\/posts"}],"about":[{"href":"https:\/\/www.diario21.tv\/noticias\/wp-json\/wp\/v2\/types\/post"}],"author":[{"embeddable":true,"href":"https:\/\/www.diario21.tv\/noticias\/wp-json\/wp\/v2\/users\/20"}],"replies":[{"embeddable":true,"href":"https:\/\/www.diario21.tv\/noticias\/wp-json\/wp\/v2\/comments?post=2457"}],"version-history":[{"count":1,"href":"https:\/\/www.diario21.tv\/noticias\/wp-json\/wp\/v2\/posts\/2457\/revisions"}],"predecessor-version":[{"id":2459,"href":"https:\/\/www.diario21.tv\/noticias\/wp-json\/wp\/v2\/posts\/2457\/revisions\/2459"}],"wp:featuredmedia":[{"embeddable":true,"href":"https:\/\/www.diario21.tv\/noticias\/wp-json\/wp\/v2\/media\/2458"}],"wp:attachment":[{"href":"https:\/\/www.diario21.tv\/noticias\/wp-json\/wp\/v2\/media?parent=2457"}],"wp:term":[{"taxonomy":"category","embeddable":true,"href":"https:\/\/www.diario21.tv\/noticias\/wp-json\/wp\/v2\/categories?post=2457"},{"taxonomy":"post_tag","embeddable":true,"href":"https:\/\/www.diario21.tv\/noticias\/wp-json\/wp\/v2\/tags?post=2457"}],"curies":[{"name":"wp","href":"https:\/\/api.w.org\/{rel}","templated":true}]}}